{"id":152420,"date":"2021-10-28T10:09:56","date_gmt":"2021-10-28T08:09:56","guid":{"rendered":"https:\/\/tuzlainfo.ba\/?p=152420"},"modified":"2021-10-28T10:09:56","modified_gmt":"2021-10-28T08:09:56","slug":"vukanovic-nesic-suruje-sa-dodikom-on-ne-moze-biti-u-opoziciji","status":"publish","type":"post","link":"https:\/\/tuzlainfo.ba\/index.php\/bosna-i-hercegovina\/item\/152420-vukanovic-nesic-suruje-sa-dodikom-on-ne-moze-biti-u-opoziciji\/","title":{"rendered":"Vukanovi\u0107: Ne\u0161i\u0107 \u0161uruje sa Dodikom, on ne mo\u017ee biti u opoziciji"},"content":{"rendered":"<p>Poslanik u Narodnoj skup\u0161tini RS-a Neboj\u0161a Vukanovi\u0107 poru\u010dio je da Nenad Ne\u0161i\u0107 mora biti smijenjen s mjesta predsjednika DNS-a jer mu se ne mo\u017ee vjerovati niti on mo\u017ee biti partner opozicije, jer \u0161uruje s Miloradom Dodikom (SNSD).<\/p>\n<p>Moje sumnje da Nenad Ne\u0161i\u0107 ima konekcije s Miloradom Dodikom i da samo \u010deka pogodan trenutak i poziv da se vrati u vlast, da mu se ne mo\u017ee vjerovati niti on mo\u017ee biti partner u opoziciji, su se pokazale kao ta\u010dne i osnovane. Poslanici DNS-a danas (ju\u010der) su na Posebnoj sjednici Narodne skup\u0161tine Republike Srpske, na nagovor svog predsjednika, glasali skupa sa SNSD-om i time jasno pokazali da nisu opozicija&#8221;, rekao je Vukanovi\u0107.<\/p>\n<p>&nbsp;<\/p>\n<p>Vukanovi\u0107 ka\u017ee da je Milorad Dodik (SNSD) ju\u010der imao telefonski razgovor s Nenadom Ne\u0161i\u0107em i dogovorio da poslanici ove stranke nevoljno glasaju sa SNSD-om i pru\u017ee slamku spasa u te\u0161kom trenutku.<\/p>\n<p>&nbsp;<\/p>\n<p>&#8220;Ovim je nastavljena dobra saradnja Ne\u0161i\u0107a i Dodika, koja nikada nije ni bila prekidana, a na koju dugo uporno upozoravam. Dobro je da narod i javnost vide \u0161ta se doga\u0111a i sre\u0107a pa se ve\u0107 sada pokazalo da sam u pravu, nego u nekom trenutku kada bi Ne\u0161i\u0107 mogao napraviti mnogo ve\u0107u \u0161tetu, zabijaju\u0107i no\u017e u le\u0111a u odsudnom trenutku&#8221;, dodao je.<\/p>\n<p>Vukanovi\u0107 je poslao i poruku partnerima u PDP-u koji ga, kako navodi, nisu poslu\u0161ali i na vrijeme izbacili &#8220;trojanskog konja Slavka Vu\u010durevi\u0107a&#8221; iz stranke, prenosi Klix.<\/p>\n<p>&#8220;Jer onda ne bi ovih dana trpjeli politi\u010dku \u0161tetu, i ne bi ga Luka i Dodik citirali da ih diskredituju. Zato smatram da je mnogo bolje da u DNS-u smognu snage i na vrijeme promijene predsjednika, smijene Ne\u0161i\u0107a i postave nekog korektnog i po\u0161tenog da bude predsjednik DNS-a, u protivnom \u0107e stranka do\u017eivjeti debakl. Nedavni skup opozicije u Banjoj Luci je pokazao da narod nema ni\u0161ta protiv Radoslava Jovi\u010di\u0107a, kojeg je narod podr\u017eao aplauzom, i drugih korektnih i normalnih funkcionera i poslanika DNS-a, ali ima protiv Ne\u0161i\u0107a i sli\u010dnih, a puls naroda treba slu\u0161ati jer je glas naroda glas Boga.&#8221;<\/p>\n<p>&nbsp;<\/p>\n<p>Vukanovi\u0107 je za kraj rekao da nema problem ni sa jednim funkcionerom DNS-a i da \u0107e u kampanji podr\u017eati Predojevi\u0107a ako bude kandidat za gradona\u010delnika Prijedora.<\/p>\n<p>&nbsp;<\/p>\n<p>&#8220;Ali je problem u jednom \u010dovjeku. Ili Ne\u0161i\u0107 ili ja, ali nas obojica ne mo\u017eemo biti skupa u opoziciji jer smo dva razli\u010dita svijeta, dijelimo potpuno suprotne i druga\u010dije vrijednosti. Nije va\u017ean broj, za pobjedu su potrebni \u010dasni i po\u0161teni ljudi kojima narod vjeruje, a Ne\u0161i\u0107 i sli\u010dni, koji bi da trguju i kalkuli\u0161u s re\u017eimom i Dodikom, samo nas kompromituju i zbunjuju narod, jer je svima jasno da je njegov li\u010dni cilj da osvoji nekoliko poslani\u010dkih mandata i bude dio vlasti, ma ko sutra da pobijedi&#8221;, zaklju\u010dio je.<\/p>\n<p>&nbsp;<\/p>\n","protected":false},"excerpt":{"rendered":"<p>Poslanik u Narodnoj skup\u0161tini RS-a Neboj\u0161a Vukanovi\u0107 poru\u010dio je da Nenad Ne\u0161i\u0107 mora biti smijenjen s mjesta predsjednika DNS-a jer mu se ne mo\u017ee vjerovati niti on mo\u017ee biti partner opozicije, jer \u0161uruje s Miloradom Dodikom (SNSD). Moje sumnje da Nenad Ne\u0161i\u0107 ima konekcije s Miloradom Dodikom i da samo \u010deka pogodan trenutak i poziv [&hellip;]<\/p>\n","protected":false},"author":4,"featured_media":138169,"comment_status":"open","ping_status":"closed","sticky":false,"template":"","format":"standard","meta":{"footnotes":""},"categories":[291],"tags":[1341,1504,2476],"class_list":["post-152420","post","type-post","status-publish","format-standard","has-post-thumbnail","hentry","category-bosna-i-hercegovina","tag-nebojsa-vukanovic","tag-nenad-nesic","tag-opozicija-rs"],"yoast_head":"<!-- This site is optimized with the Yoast SEO plugin v28.3 - https:\/\/yoast.com\/product\/yoast-seo-wordpress\/ -->\n<title>Vukanovi\u0107: Ne\u0161i\u0107 \u0161uruje sa Dodikom, on ne mo\u017ee biti u opoziciji<\/title>\n<meta name=\"robots\" content=\"index, follow, max-snippet:-1, max-image-preview:large, max-video-preview:-1\" \/>\n<link rel=\"canonical\" href=\"https:\/\/tuzlainfo.ba\/index.php\/bosna-i-hercegovina\/item\/152420-vukanovic-nesic-suruje-sa-dodikom-on-ne-moze-biti-u-opoziciji\/\" \/>\n<meta property=\"og:locale\" content=\"bs_BA\" \/>\n<meta property=\"og:type\" content=\"article\" \/>\n<meta property=\"og:title\" content=\"Vukanovi\u0107: Ne\u0161i\u0107 \u0161uruje sa Dodikom, on ne mo\u017ee biti u opoziciji\" \/>\n<meta property=\"og:description\" content=\"Poslanik u Narodnoj skup\u0161tini RS-a Neboj\u0161a Vukanovi\u0107 poru\u010dio je da Nenad Ne\u0161i\u0107 mora biti smijenjen s mjesta predsjednika DNS-a jer mu se ne mo\u017ee vjerovati niti on mo\u017ee biti partner opozicije, jer \u0161uruje s Miloradom Dodikom (SNSD). Moje sumnje da Nenad Ne\u0161i\u0107 ima konekcije s Miloradom Dodikom i da samo \u010deka pogodan trenutak i poziv [&hellip;]\" \/>\n<meta property=\"og:url\" content=\"https:\/\/tuzlainfo.ba\/index.php\/bosna-i-hercegovina\/item\/152420-vukanovic-nesic-suruje-sa-dodikom-on-ne-moze-biti-u-opoziciji\/\" \/>\n<meta property=\"og:site_name\" content=\"TuzlaInfo.ba\" \/>\n<meta property=\"article:publisher\" content=\"https:\/\/www.facebook.com\/tuzlainfo.ba\/\" \/>\n<meta property=\"article:published_time\" content=\"2021-10-28T08:09:56+00:00\" \/>\n<meta property=\"og:image\" content=\"https:\/\/tuzlainfo.ba\/wp-content\/uploads\/2021\/05\/2405_vukanovic.jpg\" \/>\n\t<meta property=\"og:image:width\" content=\"678\" \/>\n\t<meta property=\"og:image:height\" content=\"381\" \/>\n\t<meta property=\"og:image:type\" content=\"image\/jpeg\" \/>\n<meta name=\"author\" content=\"Tuzla Info\" \/>\n<meta name=\"twitter:card\" content=\"summary_large_image\" \/>\n<meta name=\"twitter:label1\" content=\"Written by\" \/>\n\t<meta name=\"twitter:data1\" content=\"Tuzla Info\" \/>\n\t<meta name=\"twitter:label2\" content=\"Est. reading time\" \/>\n\t<meta name=\"twitter:data2\" content=\"3 minute\" \/>\n<script type=\"application\/ld+json\" class=\"yoast-schema-graph\">{\"@context\":\"https:\\\/\\\/schema.org\",\"@graph\":[{\"@type\":\"Article\",\"@id\":\"https:\\\/\\\/tuzlainfo.ba\\\/index.php\\\/bosna-i-hercegovina\\\/item\\\/152420-vukanovic-nesic-suruje-sa-dodikom-on-ne-moze-biti-u-opoziciji\\\/#article\",\"isPartOf\":{\"@id\":\"https:\\\/\\\/tuzlainfo.ba\\\/index.php\\\/bosna-i-hercegovina\\\/item\\\/152420-vukanovic-nesic-suruje-sa-dodikom-on-ne-moze-biti-u-opoziciji\\\/\"},\"author\":{\"name\":\"Tuzla Info\",\"@id\":\"https:\\\/\\\/tuzlainfo.ba\\\/#\\\/schema\\\/person\\\/46cad4c57790cbc50781edd14870825a\"},\"headline\":\"Vukanovi\u0107: Ne\u0161i\u0107 \u0161uruje sa Dodikom, on ne mo\u017ee biti u opoziciji\",\"datePublished\":\"2021-10-28T08:09:56+00:00\",\"mainEntityOfPage\":{\"@id\":\"https:\\\/\\\/tuzlainfo.ba\\\/index.php\\\/bosna-i-hercegovina\\\/item\\\/152420-vukanovic-nesic-suruje-sa-dodikom-on-ne-moze-biti-u-opoziciji\\\/\"},\"wordCount\":520,\"commentCount\":0,\"publisher\":{\"@id\":\"https:\\\/\\\/tuzlainfo.ba\\\/#organization\"},\"image\":{\"@id\":\"https:\\\/\\\/tuzlainfo.ba\\\/index.php\\\/bosna-i-hercegovina\\\/item\\\/152420-vukanovic-nesic-suruje-sa-dodikom-on-ne-moze-biti-u-opoziciji\\\/#primaryimage\"},\"thumbnailUrl\":\"https:\\\/\\\/tuzlainfo.ba\\\/wp-content\\\/uploads\\\/2021\\\/05\\\/2405_vukanovic.jpg\",\"keywords\":[\"neboj\u0161a Vukanovi\u0107\",\"nenad ne\u0161i\u0107\",\"opozicija rs\"],\"articleSection\":[\"Bosna i Hercegovina\"],\"inLanguage\":\"bs-BA\",\"copyrightYear\":\"2021\",\"copyrightHolder\":{\"@id\":\"https:\\\/\\\/tuzlainfo.ba\\\/#organization\"}},{\"@type\":\"WebPage\",\"@id\":\"https:\\\/\\\/tuzlainfo.ba\\\/index.php\\\/bosna-i-hercegovina\\\/item\\\/152420-vukanovic-nesic-suruje-sa-dodikom-on-ne-moze-biti-u-opoziciji\\\/\",\"url\":\"https:\\\/\\\/tuzlainfo.ba\\\/index.php\\\/bosna-i-hercegovina\\\/item\\\/152420-vukanovic-nesic-suruje-sa-dodikom-on-ne-moze-biti-u-opoziciji\\\/\",\"name\":\"Vukanovi\u0107: Ne\u0161i\u0107 \u0161uruje sa Dodikom, on ne mo\u017ee biti u opoziciji\",\"isPartOf\":{\"@id\":\"https:\\\/\\\/tuzlainfo.ba\\\/#website\"},\"primaryImageOfPage\":{\"@id\":\"https:\\\/\\\/tuzlainfo.ba\\\/index.php\\\/bosna-i-hercegovina\\\/item\\\/152420-vukanovic-nesic-suruje-sa-dodikom-on-ne-moze-biti-u-opoziciji\\\/#primaryimage\"},\"image\":{\"@id\":\"https:\\\/\\\/tuzlainfo.ba\\\/index.php\\\/bosna-i-hercegovina\\\/item\\\/152420-vukanovic-nesic-suruje-sa-dodikom-on-ne-moze-biti-u-opoziciji\\\/#primaryimage\"},\"thumbnailUrl\":\"https:\\\/\\\/tuzlainfo.ba\\\/wp-content\\\/uploads\\\/2021\\\/05\\\/2405_vukanovic.jpg\",\"datePublished\":\"2021-10-28T08:09:56+00:00\",\"breadcrumb\":{\"@id\":\"https:\\\/\\\/tuzlainfo.ba\\\/index.php\\\/bosna-i-hercegovina\\\/item\\\/152420-vukanovic-nesic-suruje-sa-dodikom-on-ne-moze-biti-u-opoziciji\\\/#breadcrumb\"},\"inLanguage\":\"bs-BA\",\"potentialAction\":[{\"@type\":\"ReadAction\",\"target\":[\"https:\\\/\\\/tuzlainfo.ba\\\/index.php\\\/bosna-i-hercegovina\\\/item\\\/152420-vukanovic-nesic-suruje-sa-dodikom-on-ne-moze-biti-u-opoziciji\\\/\"]}]},{\"@type\":\"ImageObject\",\"inLanguage\":\"bs-BA\",\"@id\":\"https:\\\/\\\/tuzlainfo.ba\\\/index.php\\\/bosna-i-hercegovina\\\/item\\\/152420-vukanovic-nesic-suruje-sa-dodikom-on-ne-moze-biti-u-opoziciji\\\/#primaryimage\",\"url\":\"https:\\\/\\\/tuzlainfo.ba\\\/wp-content\\\/uploads\\\/2021\\\/05\\\/2405_vukanovic.jpg\",\"contentUrl\":\"https:\\\/\\\/tuzlainfo.ba\\\/wp-content\\\/uploads\\\/2021\\\/05\\\/2405_vukanovic.jpg\",\"width\":678,\"height\":381},{\"@type\":\"BreadcrumbList\",\"@id\":\"https:\\\/\\\/tuzlainfo.ba\\\/index.php\\\/bosna-i-hercegovina\\\/item\\\/152420-vukanovic-nesic-suruje-sa-dodikom-on-ne-moze-biti-u-opoziciji\\\/#breadcrumb\",\"itemListElement\":[{\"@type\":\"ListItem\",\"position\":1,\"name\":\"Home\",\"item\":\"https:\\\/\\\/tuzlainfo.ba\\\/\"},{\"@type\":\"ListItem\",\"position\":2,\"name\":\"Vukanovi\u0107: Ne\u0161i\u0107 \u0161uruje sa Dodikom, on ne mo\u017ee biti u opoziciji\"}]},{\"@type\":\"WebSite\",\"@id\":\"https:\\\/\\\/tuzlainfo.ba\\\/#website\",\"url\":\"https:\\\/\\\/tuzlainfo.ba\\\/\",\"name\":\"TuzlaInfo.ba\",\"description\":\"Tuzla info, gradski informator - Tuzla na dlanu\",\"publisher\":{\"@id\":\"https:\\\/\\\/tuzlainfo.ba\\\/#organization\"},\"potentialAction\":[{\"@type\":\"SearchAction\",\"target\":{\"@type\":\"EntryPoint\",\"urlTemplate\":\"https:\\\/\\\/tuzlainfo.ba\\\/?s={search_term_string}\"},\"query-input\":{\"@type\":\"PropertyValueSpecification\",\"valueRequired\":true,\"valueName\":\"search_term_string\"}}],\"inLanguage\":\"bs-BA\"},{\"@type\":\"Organization\",\"@id\":\"https:\\\/\\\/tuzlainfo.ba\\\/#organization\",\"name\":\"TuzlaInfo.ba\",\"url\":\"https:\\\/\\\/tuzlainfo.ba\\\/\",\"logo\":{\"@type\":\"ImageObject\",\"inLanguage\":\"bs-BA\",\"@id\":\"https:\\\/\\\/tuzlainfo.ba\\\/#\\\/schema\\\/logo\\\/image\\\/\",\"url\":\"https:\\\/\\\/tuzlainfo.ba\\\/wp-content\\\/uploads\\\/2021\\\/03\\\/logo-ver-3-1.png\",\"contentUrl\":\"https:\\\/\\\/tuzlainfo.ba\\\/wp-content\\\/uploads\\\/2021\\\/03\\\/logo-ver-3-1.png\",\"width\":350,\"height\":95,\"caption\":\"TuzlaInfo.ba\"},\"image\":{\"@id\":\"https:\\\/\\\/tuzlainfo.ba\\\/#\\\/schema\\\/logo\\\/image\\\/\"},\"sameAs\":[\"https:\\\/\\\/www.facebook.com\\\/tuzlainfo.ba\\\/\"]},{\"@type\":\"Person\",\"@id\":\"https:\\\/\\\/tuzlainfo.ba\\\/#\\\/schema\\\/person\\\/46cad4c57790cbc50781edd14870825a\",\"name\":\"Tuzla Info\",\"image\":{\"@type\":\"ImageObject\",\"inLanguage\":\"bs-BA\",\"@id\":\"https:\\\/\\\/secure.gravatar.com\\\/avatar\\\/e980921b00fa2e552723a2386544734ce6885d2b2304ccca3f45186f9ca4031d?s=96&d=mm&r=g\",\"url\":\"https:\\\/\\\/secure.gravatar.com\\\/avatar\\\/e980921b00fa2e552723a2386544734ce6885d2b2304ccca3f45186f9ca4031d?s=96&d=mm&r=g\",\"contentUrl\":\"https:\\\/\\\/secure.gravatar.com\\\/avatar\\\/e980921b00fa2e552723a2386544734ce6885d2b2304ccca3f45186f9ca4031d?s=96&d=mm&r=g\",\"caption\":\"Tuzla Info\"}}]}<\/script>\n<!-- \/ Yoast SEO plugin. -->","yoast_head_json":{"title":"Vukanovi\u0107: Ne\u0161i\u0107 \u0161uruje sa Dodikom, on ne mo\u017ee biti u opoziciji","robots":{"index":"index","follow":"follow","max-snippet":"max-snippet:-1","max-image-preview":"max-image-preview:large","max-video-preview":"max-video-preview:-1"},"canonical":"https:\/\/tuzlainfo.ba\/index.php\/bosna-i-hercegovina\/item\/152420-vukanovic-nesic-suruje-sa-dodikom-on-ne-moze-biti-u-opoziciji\/","og_locale":"bs_BA","og_type":"article","og_title":"Vukanovi\u0107: Ne\u0161i\u0107 \u0161uruje sa Dodikom, on ne mo\u017ee biti u opoziciji","og_description":"Poslanik u Narodnoj skup\u0161tini RS-a Neboj\u0161a Vukanovi\u0107 poru\u010dio je da Nenad Ne\u0161i\u0107 mora biti smijenjen s mjesta predsjednika DNS-a jer mu se ne mo\u017ee vjerovati niti on mo\u017ee biti partner opozicije, jer \u0161uruje s Miloradom Dodikom (SNSD). Moje sumnje da Nenad Ne\u0161i\u0107 ima konekcije s Miloradom Dodikom i da samo \u010deka pogodan trenutak i poziv [&hellip;]","og_url":"https:\/\/tuzlainfo.ba\/index.php\/bosna-i-hercegovina\/item\/152420-vukanovic-nesic-suruje-sa-dodikom-on-ne-moze-biti-u-opoziciji\/","og_site_name":"TuzlaInfo.ba","article_publisher":"https:\/\/www.facebook.com\/tuzlainfo.ba\/","article_published_time":"2021-10-28T08:09:56+00:00","og_image":[{"width":678,"height":381,"url":"https:\/\/tuzlainfo.ba\/wp-content\/uploads\/2021\/05\/2405_vukanovic.jpg","type":"image\/jpeg"}],"author":"Tuzla Info","twitter_card":"summary_large_image","twitter_misc":{"Written by":"Tuzla Info","Est. reading time":"3 minute"},"schema":{"@context":"https:\/\/schema.org","@graph":[{"@type":"Article","@id":"https:\/\/tuzlainfo.ba\/index.php\/bosna-i-hercegovina\/item\/152420-vukanovic-nesic-suruje-sa-dodikom-on-ne-moze-biti-u-opoziciji\/#article","isPartOf":{"@id":"https:\/\/tuzlainfo.ba\/index.php\/bosna-i-hercegovina\/item\/152420-vukanovic-nesic-suruje-sa-dodikom-on-ne-moze-biti-u-opoziciji\/"},"author":{"name":"Tuzla Info","@id":"https:\/\/tuzlainfo.ba\/#\/schema\/person\/46cad4c57790cbc50781edd14870825a"},"headline":"Vukanovi\u0107: Ne\u0161i\u0107 \u0161uruje sa Dodikom, on ne mo\u017ee biti u opoziciji","datePublished":"2021-10-28T08:09:56+00:00","mainEntityOfPage":{"@id":"https:\/\/tuzlainfo.ba\/index.php\/bosna-i-hercegovina\/item\/152420-vukanovic-nesic-suruje-sa-dodikom-on-ne-moze-biti-u-opoziciji\/"},"wordCount":520,"commentCount":0,"publisher":{"@id":"https:\/\/tuzlainfo.ba\/#organization"},"image":{"@id":"https:\/\/tuzlainfo.ba\/index.php\/bosna-i-hercegovina\/item\/152420-vukanovic-nesic-suruje-sa-dodikom-on-ne-moze-biti-u-opoziciji\/#primaryimage"},"thumbnailUrl":"https:\/\/tuzlainfo.ba\/wp-content\/uploads\/2021\/05\/2405_vukanovic.jpg","keywords":["neboj\u0161a Vukanovi\u0107","nenad ne\u0161i\u0107","opozicija rs"],"articleSection":["Bosna i Hercegovina"],"inLanguage":"bs-BA","copyrightYear":"2021","copyrightHolder":{"@id":"https:\/\/tuzlainfo.ba\/#organization"}},{"@type":"WebPage","@id":"https:\/\/tuzlainfo.ba\/index.php\/bosna-i-hercegovina\/item\/152420-vukanovic-nesic-suruje-sa-dodikom-on-ne-moze-biti-u-opoziciji\/","url":"https:\/\/tuzlainfo.ba\/index.php\/bosna-i-hercegovina\/item\/152420-vukanovic-nesic-suruje-sa-dodikom-on-ne-moze-biti-u-opoziciji\/","name":"Vukanovi\u0107: Ne\u0161i\u0107 \u0161uruje sa Dodikom, on ne mo\u017ee biti u opoziciji","isPartOf":{"@id":"https:\/\/tuzlainfo.ba\/#website"},"primaryImageOfPage":{"@id":"https:\/\/tuzlainfo.ba\/index.php\/bosna-i-hercegovina\/item\/152420-vukanovic-nesic-suruje-sa-dodikom-on-ne-moze-biti-u-opoziciji\/#primaryimage"},"image":{"@id":"https:\/\/tuzlainfo.ba\/index.php\/bosna-i-hercegovina\/item\/152420-vukanovic-nesic-suruje-sa-dodikom-on-ne-moze-biti-u-opoziciji\/#primaryimage"},"thumbnailUrl":"https:\/\/tuzlainfo.ba\/wp-content\/uploads\/2021\/05\/2405_vukanovic.jpg","datePublished":"2021-10-28T08:09:56+00:00","breadcrumb":{"@id":"https:\/\/tuzlainfo.ba\/index.php\/bosna-i-hercegovina\/item\/152420-vukanovic-nesic-suruje-sa-dodikom-on-ne-moze-biti-u-opoziciji\/#breadcrumb"},"inLanguage":"bs-BA","potentialAction":[{"@type":"ReadAction","target":["https:\/\/tuzlainfo.ba\/index.php\/bosna-i-hercegovina\/item\/152420-vukanovic-nesic-suruje-sa-dodikom-on-ne-moze-biti-u-opoziciji\/"]}]},{"@type":"ImageObject","inLanguage":"bs-BA","@id":"https:\/\/tuzlainfo.ba\/index.php\/bosna-i-hercegovina\/item\/152420-vukanovic-nesic-suruje-sa-dodikom-on-ne-moze-biti-u-opoziciji\/#primaryimage","url":"https:\/\/tuzlainfo.ba\/wp-content\/uploads\/2021\/05\/2405_vukanovic.jpg","contentUrl":"https:\/\/tuzlainfo.ba\/wp-content\/uploads\/2021\/05\/2405_vukanovic.jpg","width":678,"height":381},{"@type":"BreadcrumbList","@id":"https:\/\/tuzlainfo.ba\/index.php\/bosna-i-hercegovina\/item\/152420-vukanovic-nesic-suruje-sa-dodikom-on-ne-moze-biti-u-opoziciji\/#breadcrumb","itemListElement":[{"@type":"ListItem","position":1,"name":"Home","item":"https:\/\/tuzlainfo.ba\/"},{"@type":"ListItem","position":2,"name":"Vukanovi\u0107: Ne\u0161i\u0107 \u0161uruje sa Dodikom, on ne mo\u017ee biti u opoziciji"}]},{"@type":"WebSite","@id":"https:\/\/tuzlainfo.ba\/#website","url":"https:\/\/tuzlainfo.ba\/","name":"TuzlaInfo.ba","description":"Tuzla info, gradski informator - Tuzla na dlanu","publisher":{"@id":"https:\/\/tuzlainfo.ba\/#organization"},"potentialAction":[{"@type":"SearchAction","target":{"@type":"EntryPoint","urlTemplate":"https:\/\/tuzlainfo.ba\/?s={search_term_string}"},"query-input":{"@type":"PropertyValueSpecification","valueRequired":true,"valueName":"search_term_string"}}],"inLanguage":"bs-BA"},{"@type":"Organization","@id":"https:\/\/tuzlainfo.ba\/#organization","name":"TuzlaInfo.ba","url":"https:\/\/tuzlainfo.ba\/","logo":{"@type":"ImageObject","inLanguage":"bs-BA","@id":"https:\/\/tuzlainfo.ba\/#\/schema\/logo\/image\/","url":"https:\/\/tuzlainfo.ba\/wp-content\/uploads\/2021\/03\/logo-ver-3-1.png","contentUrl":"https:\/\/tuzlainfo.ba\/wp-content\/uploads\/2021\/03\/logo-ver-3-1.png","width":350,"height":95,"caption":"TuzlaInfo.ba"},"image":{"@id":"https:\/\/tuzlainfo.ba\/#\/schema\/logo\/image\/"},"sameAs":["https:\/\/www.facebook.com\/tuzlainfo.ba\/"]},{"@type":"Person","@id":"https:\/\/tuzlainfo.ba\/#\/schema\/person\/46cad4c57790cbc50781edd14870825a","name":"Tuzla Info","image":{"@type":"ImageObject","inLanguage":"bs-BA","@id":"https:\/\/secure.gravatar.com\/avatar\/e980921b00fa2e552723a2386544734ce6885d2b2304ccca3f45186f9ca4031d?s=96&d=mm&r=g","url":"https:\/\/secure.gravatar.com\/avatar\/e980921b00fa2e552723a2386544734ce6885d2b2304ccca3f45186f9ca4031d?s=96&d=mm&r=g","contentUrl":"https:\/\/secure.gravatar.com\/avatar\/e980921b00fa2e552723a2386544734ce6885d2b2304ccca3f45186f9ca4031d?s=96&d=mm&r=g","caption":"Tuzla Info"}}]}},"_links":{"self":[{"href":"https:\/\/tuzlainfo.ba\/index.php\/wp-json\/wp\/v2\/posts\/152420","targetHints":{"allow":["GET"]}}],"collection":[{"href":"https:\/\/tuzlainfo.ba\/index.php\/wp-json\/wp\/v2\/posts"}],"about":[{"href":"https:\/\/tuzlainfo.ba\/index.php\/wp-json\/wp\/v2\/types\/post"}],"author":[{"embeddable":true,"href":"https:\/\/tuzlainfo.ba\/index.php\/wp-json\/wp\/v2\/users\/4"}],"replies":[{"embeddable":true,"href":"https:\/\/tuzlainfo.ba\/index.php\/wp-json\/wp\/v2\/comments?post=152420"}],"version-history":[{"count":0,"href":"https:\/\/tuzlainfo.ba\/index.php\/wp-json\/wp\/v2\/posts\/152420\/revisions"}],"wp:featuredmedia":[{"embeddable":true,"href":"https:\/\/tuzlainfo.ba\/index.php\/wp-json\/wp\/v2\/media\/138169"}],"wp:attachment":[{"href":"https:\/\/tuzlainfo.ba\/index.php\/wp-json\/wp\/v2\/media?parent=152420"}],"wp:term":[{"taxonomy":"category","embeddable":true,"href":"https:\/\/tuzlainfo.ba\/index.php\/wp-json\/wp\/v2\/categories?post=152420"},{"taxonomy":"post_tag","embeddable":true,"href":"https:\/\/tuzlainfo.ba\/index.php\/wp-json\/wp\/v2\/tags?post=152420"}],"curies":[{"name":"wp","href":"https:\/\/api.w.org\/{rel}","templated":true}]}}