{"id":152333,"date":"2021-10-27T15:52:15","date_gmt":"2021-10-27T13:52:15","guid":{"rendered":"https:\/\/tuzlainfo.ba\/?p=152333"},"modified":"2021-10-27T15:52:15","modified_gmt":"2021-10-27T13:52:15","slug":"davor-dragicevic-se-vratio-u-bih-nikad-necu-odustati-s-murizom-idem-do-kraja","status":"publish","type":"post","link":"https:\/\/tuzlainfo.ba\/index.php\/bosna-i-hercegovina\/item\/152333-davor-dragicevic-se-vratio-u-bih-nikad-necu-odustati-s-murizom-idem-do-kraja\/","title":{"rendered":"Davor Dragi\u010devi\u0107 se vratio u BiH: Nikad ne\u0107u odustati, s Murizom idem do kraja"},"content":{"rendered":"<p>Davor Dragi\u010devi\u0107, otac ubijenog mladi\u0107a Davida Dragi\u010devi\u0107a, \u010dija smrt godinama nije razrije\u0161ena, vratio se danas u BiH nakon \u0161to mu Austrija nije produ\u017eila politi\u010dki azil.<\/p>\n<p>Dragi\u010devi\u0107 je avionom iz Be\u010da stigao u Sarajevo, a na aerodromu su ga do\u010dekali brojni novinari i prijatelji.<\/p>\n<p>&#8220;Hvala vam, i u ime mog sina Davida. Malo su me i emocije savladale. Hvala gra\u0111anima BiH, dijaspori koja me tri godine hranila i \u010duvala u Austriji, advokatima Ifetu, Murizu, grupi Pravda za Davida. Vratio sam se po pravdu za Davida, po pravdu za D\u017eenana i sve&#8221;, kazao je.<\/p>\n<p>Dragi\u010devi\u0107 je izjavio da je ju\u010der vidio izjavu ministra policije RS-a Dragan Luka\u010da.<\/p>\n<p>&#8220;On je sudjelovao u otmici, ubistvu i zata\u0161kavanju i sada izjavljuje da bi samo glup \u010dovjek mogao poslati dijete u rat. Luka\u010du, samo zlo\u010dinac kao ti i ostali mo\u017ee u centru Banje Luke da mi uzme du\u0161u \u0161est dana, maltretira, siluje i na kraju, budite svjesni, da je David s namjerom ubijen&#8221;, dodao je.<\/p>\n<p>Naglasio je da se vratio ja\u010di nego ikada, i psihi\u010dki i fizi\u010dki.<\/p>\n<p>&#8220;Sagledao sam bolje dosta stvari. Ja nikada ne\u0107u odustati, i Muriz me uvjerio da ni on ne\u0107e odustati zbog svog D\u017eenana. Sve sam pratio, a sve ovo \u0161to rade svima nama grani\u010di s modernim fa\u0161izmom. I ne\u0107e nam Zapad, ne\u0107e nam pomo\u0107i ni Evropska unija. Moramo sami na\u0107i snagu. Ako mo\u017ee vrhunski pravnik Ifet, koji ima sve u \u017eivotu, da rizikuje \u0161est godina u slu\u010daju Memi\u0107 i \u010detiri u mom, red je da i ostali iza\u0111u iz svoje zone komformiteta i poka\u017eu to. Sa svojim bratom Murizom bit \u0107u do kraja. Bit \u0107u s njim i njegovom porodicom do kraja. I ja i svi koji me podr\u017eavaju. Mi vrlo dobro znamo ko nam je ubio djecu&#8221;, dodao je.<\/p>\n<p>Ka\u017ee da \u0107e u subotu vjerovatno oti\u0107i u Banju Luku i da \u0107e biti oprezan, ali da se ne\u0107e ni skrivati, ni bje\u017eati, prenosi Klix.<\/p>\n<p>&#8220;Ja idem kao slobodan \u010dovjek koji je do\u0161ao po pravdu za svoje dijete&#8221;, rekao je.<\/p>\n","protected":false},"excerpt":{"rendered":"<p>Davor Dragi\u010devi\u0107, otac ubijenog mladi\u0107a Davida Dragi\u010devi\u0107a, \u010dija smrt godinama nije razrije\u0161ena, vratio se danas&hellip;<\/p>\n","protected":false},"author":4,"featured_media":152334,"comment_status":"open","ping_status":"closed","sticky":false,"template":"","format":"standard","meta":{"_acf_changed":false,"footnotes":""},"categories":[291],"tags":[3131],"acf":[],"yoast_head":"<!-- This site is optimized with the Yoast SEO plugin v23.5 - https:\/\/yoast.com\/wordpress\/plugins\/seo\/ -->\n<title>Davor Dragi\u010devi\u0107 se vratio u BiH: Nikad ne\u0107u odustati, s Murizom idem do kraja - TuzlaInfo.ba<\/title>\n<meta name=\"robots\" content=\"index, follow, max-snippet:-1, max-image-preview:large, max-video-preview:-1\" \/>\n<link rel=\"canonical\" href=\"https:\/\/tuzlainfo.ba\/index.php\/bosna-i-hercegovina\/item\/152333-davor-dragicevic-se-vratio-u-bih-nikad-necu-odustati-s-murizom-idem-do-kraja\/\" \/>\n<meta property=\"og:locale\" content=\"bs_BA\" \/>\n<meta property=\"og:type\" content=\"article\" \/>\n<meta property=\"og:title\" content=\"Davor Dragi\u010devi\u0107 se vratio u BiH: Nikad ne\u0107u odustati, s Murizom idem do kraja - TuzlaInfo.ba\" \/>\n<meta property=\"og:description\" content=\"Davor Dragi\u010devi\u0107, otac ubijenog mladi\u0107a Davida Dragi\u010devi\u0107a, \u010dija smrt godinama nije razrije\u0161ena, vratio se danas&hellip;\" \/>\n<meta property=\"og:url\" content=\"https:\/\/tuzlainfo.ba\/index.php\/bosna-i-hercegovina\/item\/152333-davor-dragicevic-se-vratio-u-bih-nikad-necu-odustati-s-murizom-idem-do-kraja\/\" \/>\n<meta property=\"og:site_name\" content=\"TuzlaInfo.ba\" \/>\n<meta property=\"article:publisher\" content=\"https:\/\/www.facebook.com\/tuzlainfo.ba\/\" \/>\n<meta property=\"article:published_time\" content=\"2021-10-27T13:52:15+00:00\" \/>\n<meta property=\"og:image\" content=\"https:\/\/tuzlainfo.ba\/wp-content\/uploads\/2021\/10\/inbound1243709970259298916.jpg\" \/>\n\t<meta property=\"og:image:width\" content=\"1080\" \/>\n\t<meta property=\"og:image:height\" content=\"704\" \/>\n\t<meta property=\"og:image:type\" content=\"image\/jpeg\" \/>\n<meta name=\"author\" content=\"Tuzla Info\" \/>\n<meta name=\"twitter:card\" content=\"summary_large_image\" \/>\n<meta name=\"twitter:label1\" content=\"Written by\" \/>\n\t<meta name=\"twitter:data1\" content=\"Tuzla Info\" \/>\n\t<meta name=\"twitter:label2\" content=\"Est. reading time\" \/>\n\t<meta name=\"twitter:data2\" content=\"2 minute\" \/>\n<script type=\"application\/ld+json\" class=\"yoast-schema-graph\">{\"@context\":\"https:\/\/schema.org\",\"@graph\":[{\"@type\":\"Article\",\"@id\":\"https:\/\/tuzlainfo.ba\/index.php\/bosna-i-hercegovina\/item\/152333-davor-dragicevic-se-vratio-u-bih-nikad-necu-odustati-s-murizom-idem-do-kraja\/#article\",\"isPartOf\":{\"@id\":\"https:\/\/tuzlainfo.ba\/index.php\/bosna-i-hercegovina\/item\/152333-davor-dragicevic-se-vratio-u-bih-nikad-necu-odustati-s-murizom-idem-do-kraja\/\"},\"author\":{\"name\":\"Tuzla Info\",\"@id\":\"https:\/\/tuzlainfo.ba\/#\/schema\/person\/46cad4c57790cbc50781edd14870825a\"},\"headline\":\"Davor Dragi\u010devi\u0107 se vratio u BiH: Nikad ne\u0107u odustati, s Murizom idem do kraja\",\"datePublished\":\"2021-10-27T13:52:15+00:00\",\"dateModified\":\"2021-10-27T13:52:15+00:00\",\"mainEntityOfPage\":{\"@id\":\"https:\/\/tuzlainfo.ba\/index.php\/bosna-i-hercegovina\/item\/152333-davor-dragicevic-se-vratio-u-bih-nikad-necu-odustati-s-murizom-idem-do-kraja\/\"},\"wordCount\":387,\"commentCount\":0,\"publisher\":{\"@id\":\"https:\/\/tuzlainfo.ba\/#organization\"},\"image\":{\"@id\":\"https:\/\/tuzlainfo.ba\/index.php\/bosna-i-hercegovina\/item\/152333-davor-dragicevic-se-vratio-u-bih-nikad-necu-odustati-s-murizom-idem-do-kraja\/#primaryimage\"},\"thumbnailUrl\":\"https:\/\/tuzlainfo.ba\/wp-content\/uploads\/2021\/10\/inbound1243709970259298916.jpg\",\"keywords\":[\"Davor dragi\u010devi\u0107\"],\"articleSection\":[\"Bosna i Hercegovina\"],\"inLanguage\":\"bs-BA\"},{\"@type\":\"WebPage\",\"@id\":\"https:\/\/tuzlainfo.ba\/index.php\/bosna-i-hercegovina\/item\/152333-davor-dragicevic-se-vratio-u-bih-nikad-necu-odustati-s-murizom-idem-do-kraja\/\",\"url\":\"https:\/\/tuzlainfo.ba\/index.php\/bosna-i-hercegovina\/item\/152333-davor-dragicevic-se-vratio-u-bih-nikad-necu-odustati-s-murizom-idem-do-kraja\/\",\"name\":\"Davor Dragi\u010devi\u0107 se vratio u BiH: Nikad ne\u0107u odustati, s Murizom idem do kraja - TuzlaInfo.ba\",\"isPartOf\":{\"@id\":\"https:\/\/tuzlainfo.ba\/#website\"},\"primaryImageOfPage\":{\"@id\":\"https:\/\/tuzlainfo.ba\/index.php\/bosna-i-hercegovina\/item\/152333-davor-dragicevic-se-vratio-u-bih-nikad-necu-odustati-s-murizom-idem-do-kraja\/#primaryimage\"},\"image\":{\"@id\":\"https:\/\/tuzlainfo.ba\/index.php\/bosna-i-hercegovina\/item\/152333-davor-dragicevic-se-vratio-u-bih-nikad-necu-odustati-s-murizom-idem-do-kraja\/#primaryimage\"},\"thumbnailUrl\":\"https:\/\/tuzlainfo.ba\/wp-content\/uploads\/2021\/10\/inbound1243709970259298916.jpg\",\"datePublished\":\"2021-10-27T13:52:15+00:00\",\"dateModified\":\"2021-10-27T13:52:15+00:00\",\"breadcrumb\":{\"@id\":\"https:\/\/tuzlainfo.ba\/index.php\/bosna-i-hercegovina\/item\/152333-davor-dragicevic-se-vratio-u-bih-nikad-necu-odustati-s-murizom-idem-do-kraja\/#breadcrumb\"},\"inLanguage\":\"bs-BA\",\"potentialAction\":[{\"@type\":\"ReadAction\",\"target\":[\"https:\/\/tuzlainfo.ba\/index.php\/bosna-i-hercegovina\/item\/152333-davor-dragicevic-se-vratio-u-bih-nikad-necu-odustati-s-murizom-idem-do-kraja\/\"]}]},{\"@type\":\"ImageObject\",\"inLanguage\":\"bs-BA\",\"@id\":\"https:\/\/tuzlainfo.ba\/index.php\/bosna-i-hercegovina\/item\/152333-davor-dragicevic-se-vratio-u-bih-nikad-necu-odustati-s-murizom-idem-do-kraja\/#primaryimage\",\"url\":\"https:\/\/tuzlainfo.ba\/wp-content\/uploads\/2021\/10\/inbound1243709970259298916.jpg\",\"contentUrl\":\"https:\/\/tuzlainfo.ba\/wp-content\/uploads\/2021\/10\/inbound1243709970259298916.jpg\",\"width\":1080,\"height\":704},{\"@type\":\"BreadcrumbList\",\"@id\":\"https:\/\/tuzlainfo.ba\/index.php\/bosna-i-hercegovina\/item\/152333-davor-dragicevic-se-vratio-u-bih-nikad-necu-odustati-s-murizom-idem-do-kraja\/#breadcrumb\",\"itemListElement\":[{\"@type\":\"ListItem\",\"position\":1,\"name\":\"Home\",\"item\":\"https:\/\/tuzlainfo.ba\/\"},{\"@type\":\"ListItem\",\"position\":2,\"name\":\"Davor Dragi\u010devi\u0107 se vratio u BiH: Nikad ne\u0107u odustati, s Murizom idem do kraja\"}]},{\"@type\":\"WebSite\",\"@id\":\"https:\/\/tuzlainfo.ba\/#website\",\"url\":\"https:\/\/tuzlainfo.ba\/\",\"name\":\"TuzlaInfo.ba\",\"description\":\"Tuzla info, gradski informator - Tuzla na dlanu\",\"publisher\":{\"@id\":\"https:\/\/tuzlainfo.ba\/#organization\"},\"potentialAction\":[{\"@type\":\"SearchAction\",\"target\":{\"@type\":\"EntryPoint\",\"urlTemplate\":\"https:\/\/tuzlainfo.ba\/?s={search_term_string}\"},\"query-input\":{\"@type\":\"PropertyValueSpecification\",\"valueRequired\":true,\"valueName\":\"search_term_string\"}}],\"inLanguage\":\"bs-BA\"},{\"@type\":\"Organization\",\"@id\":\"https:\/\/tuzlainfo.ba\/#organization\",\"name\":\"TuzlaInfo.ba\",\"url\":\"https:\/\/tuzlainfo.ba\/\",\"logo\":{\"@type\":\"ImageObject\",\"inLanguage\":\"bs-BA\",\"@id\":\"https:\/\/tuzlainfo.ba\/#\/schema\/logo\/image\/\",\"url\":\"https:\/\/tuzlainfo.ba\/wp-content\/uploads\/2021\/03\/logo-ver-3-1.png\",\"contentUrl\":\"https:\/\/tuzlainfo.ba\/wp-content\/uploads\/2021\/03\/logo-ver-3-1.png\",\"width\":350,\"height\":95,\"caption\":\"TuzlaInfo.ba\"},\"image\":{\"@id\":\"https:\/\/tuzlainfo.ba\/#\/schema\/logo\/image\/\"},\"sameAs\":[\"https:\/\/www.facebook.com\/tuzlainfo.ba\/\"]},{\"@type\":\"Person\",\"@id\":\"https:\/\/tuzlainfo.ba\/#\/schema\/person\/46cad4c57790cbc50781edd14870825a\",\"name\":\"Tuzla Info\",\"image\":{\"@type\":\"ImageObject\",\"inLanguage\":\"bs-BA\",\"@id\":\"https:\/\/tuzlainfo.ba\/#\/schema\/person\/image\/\",\"url\":\"https:\/\/tuzlainfo.ba\/wp-content\/litespeed\/avatar\/b6c453a6c38e3654f2e4416c643fc25c.jpg?ver=1777656712\",\"contentUrl\":\"https:\/\/tuzlainfo.ba\/wp-content\/litespeed\/avatar\/b6c453a6c38e3654f2e4416c643fc25c.jpg?ver=1777656712\",\"caption\":\"Tuzla Info\"}}]}<\/script>\n<!-- \/ Yoast SEO plugin. -->","yoast_head_json":{"title":"Davor Dragi\u010devi\u0107 se vratio u BiH: Nikad ne\u0107u odustati, s Murizom idem do kraja - TuzlaInfo.ba","robots":{"index":"index","follow":"follow","max-snippet":"max-snippet:-1","max-image-preview":"max-image-preview:large","max-video-preview":"max-video-preview:-1"},"canonical":"https:\/\/tuzlainfo.ba\/index.php\/bosna-i-hercegovina\/item\/152333-davor-dragicevic-se-vratio-u-bih-nikad-necu-odustati-s-murizom-idem-do-kraja\/","og_locale":"bs_BA","og_type":"article","og_title":"Davor Dragi\u010devi\u0107 se vratio u BiH: Nikad ne\u0107u odustati, s Murizom idem do kraja - TuzlaInfo.ba","og_description":"Davor Dragi\u010devi\u0107, otac ubijenog mladi\u0107a Davida Dragi\u010devi\u0107a, \u010dija smrt godinama nije razrije\u0161ena, vratio se danas&hellip;","og_url":"https:\/\/tuzlainfo.ba\/index.php\/bosna-i-hercegovina\/item\/152333-davor-dragicevic-se-vratio-u-bih-nikad-necu-odustati-s-murizom-idem-do-kraja\/","og_site_name":"TuzlaInfo.ba","article_publisher":"https:\/\/www.facebook.com\/tuzlainfo.ba\/","article_published_time":"2021-10-27T13:52:15+00:00","og_image":[{"width":1080,"height":704,"url":"https:\/\/tuzlainfo.ba\/wp-content\/uploads\/2021\/10\/inbound1243709970259298916.jpg","type":"image\/jpeg"}],"author":"Tuzla Info","twitter_card":"summary_large_image","twitter_misc":{"Written by":"Tuzla Info","Est. reading time":"2 minute"},"schema":{"@context":"https:\/\/schema.org","@graph":[{"@type":"Article","@id":"https:\/\/tuzlainfo.ba\/index.php\/bosna-i-hercegovina\/item\/152333-davor-dragicevic-se-vratio-u-bih-nikad-necu-odustati-s-murizom-idem-do-kraja\/#article","isPartOf":{"@id":"https:\/\/tuzlainfo.ba\/index.php\/bosna-i-hercegovina\/item\/152333-davor-dragicevic-se-vratio-u-bih-nikad-necu-odustati-s-murizom-idem-do-kraja\/"},"author":{"name":"Tuzla Info","@id":"https:\/\/tuzlainfo.ba\/#\/schema\/person\/46cad4c57790cbc50781edd14870825a"},"headline":"Davor Dragi\u010devi\u0107 se vratio u BiH: Nikad ne\u0107u odustati, s Murizom idem do kraja","datePublished":"2021-10-27T13:52:15+00:00","dateModified":"2021-10-27T13:52:15+00:00","mainEntityOfPage":{"@id":"https:\/\/tuzlainfo.ba\/index.php\/bosna-i-hercegovina\/item\/152333-davor-dragicevic-se-vratio-u-bih-nikad-necu-odustati-s-murizom-idem-do-kraja\/"},"wordCount":387,"commentCount":0,"publisher":{"@id":"https:\/\/tuzlainfo.ba\/#organization"},"image":{"@id":"https:\/\/tuzlainfo.ba\/index.php\/bosna-i-hercegovina\/item\/152333-davor-dragicevic-se-vratio-u-bih-nikad-necu-odustati-s-murizom-idem-do-kraja\/#primaryimage"},"thumbnailUrl":"https:\/\/tuzlainfo.ba\/wp-content\/uploads\/2021\/10\/inbound1243709970259298916.jpg","keywords":["Davor dragi\u010devi\u0107"],"articleSection":["Bosna i Hercegovina"],"inLanguage":"bs-BA"},{"@type":"WebPage","@id":"https:\/\/tuzlainfo.ba\/index.php\/bosna-i-hercegovina\/item\/152333-davor-dragicevic-se-vratio-u-bih-nikad-necu-odustati-s-murizom-idem-do-kraja\/","url":"https:\/\/tuzlainfo.ba\/index.php\/bosna-i-hercegovina\/item\/152333-davor-dragicevic-se-vratio-u-bih-nikad-necu-odustati-s-murizom-idem-do-kraja\/","name":"Davor Dragi\u010devi\u0107 se vratio u BiH: Nikad ne\u0107u odustati, s Murizom idem do kraja - TuzlaInfo.ba","isPartOf":{"@id":"https:\/\/tuzlainfo.ba\/#website"},"primaryImageOfPage":{"@id":"https:\/\/tuzlainfo.ba\/index.php\/bosna-i-hercegovina\/item\/152333-davor-dragicevic-se-vratio-u-bih-nikad-necu-odustati-s-murizom-idem-do-kraja\/#primaryimage"},"image":{"@id":"https:\/\/tuzlainfo.ba\/index.php\/bosna-i-hercegovina\/item\/152333-davor-dragicevic-se-vratio-u-bih-nikad-necu-odustati-s-murizom-idem-do-kraja\/#primaryimage"},"thumbnailUrl":"https:\/\/tuzlainfo.ba\/wp-content\/uploads\/2021\/10\/inbound1243709970259298916.jpg","datePublished":"2021-10-27T13:52:15+00:00","dateModified":"2021-10-27T13:52:15+00:00","breadcrumb":{"@id":"https:\/\/tuzlainfo.ba\/index.php\/bosna-i-hercegovina\/item\/152333-davor-dragicevic-se-vratio-u-bih-nikad-necu-odustati-s-murizom-idem-do-kraja\/#breadcrumb"},"inLanguage":"bs-BA","potentialAction":[{"@type":"ReadAction","target":["https:\/\/tuzlainfo.ba\/index.php\/bosna-i-hercegovina\/item\/152333-davor-dragicevic-se-vratio-u-bih-nikad-necu-odustati-s-murizom-idem-do-kraja\/"]}]},{"@type":"ImageObject","inLanguage":"bs-BA","@id":"https:\/\/tuzlainfo.ba\/index.php\/bosna-i-hercegovina\/item\/152333-davor-dragicevic-se-vratio-u-bih-nikad-necu-odustati-s-murizom-idem-do-kraja\/#primaryimage","url":"https:\/\/tuzlainfo.ba\/wp-content\/uploads\/2021\/10\/inbound1243709970259298916.jpg","contentUrl":"https:\/\/tuzlainfo.ba\/wp-content\/uploads\/2021\/10\/inbound1243709970259298916.jpg","width":1080,"height":704},{"@type":"BreadcrumbList","@id":"https:\/\/tuzlainfo.ba\/index.php\/bosna-i-hercegovina\/item\/152333-davor-dragicevic-se-vratio-u-bih-nikad-necu-odustati-s-murizom-idem-do-kraja\/#breadcrumb","itemListElement":[{"@type":"ListItem","position":1,"name":"Home","item":"https:\/\/tuzlainfo.ba\/"},{"@type":"ListItem","position":2,"name":"Davor Dragi\u010devi\u0107 se vratio u BiH: Nikad ne\u0107u odustati, s Murizom idem do kraja"}]},{"@type":"WebSite","@id":"https:\/\/tuzlainfo.ba\/#website","url":"https:\/\/tuzlainfo.ba\/","name":"TuzlaInfo.ba","description":"Tuzla info, gradski informator - Tuzla na dlanu","publisher":{"@id":"https:\/\/tuzlainfo.ba\/#organization"},"potentialAction":[{"@type":"SearchAction","target":{"@type":"EntryPoint","urlTemplate":"https:\/\/tuzlainfo.ba\/?s={search_term_string}"},"query-input":{"@type":"PropertyValueSpecification","valueRequired":true,"valueName":"search_term_string"}}],"inLanguage":"bs-BA"},{"@type":"Organization","@id":"https:\/\/tuzlainfo.ba\/#organization","name":"TuzlaInfo.ba","url":"https:\/\/tuzlainfo.ba\/","logo":{"@type":"ImageObject","inLanguage":"bs-BA","@id":"https:\/\/tuzlainfo.ba\/#\/schema\/logo\/image\/","url":"https:\/\/tuzlainfo.ba\/wp-content\/uploads\/2021\/03\/logo-ver-3-1.png","contentUrl":"https:\/\/tuzlainfo.ba\/wp-content\/uploads\/2021\/03\/logo-ver-3-1.png","width":350,"height":95,"caption":"TuzlaInfo.ba"},"image":{"@id":"https:\/\/tuzlainfo.ba\/#\/schema\/logo\/image\/"},"sameAs":["https:\/\/www.facebook.com\/tuzlainfo.ba\/"]},{"@type":"Person","@id":"https:\/\/tuzlainfo.ba\/#\/schema\/person\/46cad4c57790cbc50781edd14870825a","name":"Tuzla Info","image":{"@type":"ImageObject","inLanguage":"bs-BA","@id":"https:\/\/tuzlainfo.ba\/#\/schema\/person\/image\/","url":"https:\/\/tuzlainfo.ba\/wp-content\/litespeed\/avatar\/b6c453a6c38e3654f2e4416c643fc25c.jpg?ver=1777656712","contentUrl":"https:\/\/tuzlainfo.ba\/wp-content\/litespeed\/avatar\/b6c453a6c38e3654f2e4416c643fc25c.jpg?ver=1777656712","caption":"Tuzla Info"}}]}},"_links":{"self":[{"href":"https:\/\/tuzlainfo.ba\/index.php\/wp-json\/wp\/v2\/posts\/152333"}],"collection":[{"href":"https:\/\/tuzlainfo.ba\/index.php\/wp-json\/wp\/v2\/posts"}],"about":[{"href":"https:\/\/tuzlainfo.ba\/index.php\/wp-json\/wp\/v2\/types\/post"}],"author":[{"embeddable":true,"href":"https:\/\/tuzlainfo.ba\/index.php\/wp-json\/wp\/v2\/users\/4"}],"replies":[{"embeddable":true,"href":"https:\/\/tuzlainfo.ba\/index.php\/wp-json\/wp\/v2\/comments?post=152333"}],"version-history":[{"count":0,"href":"https:\/\/tuzlainfo.ba\/index.php\/wp-json\/wp\/v2\/posts\/152333\/revisions"}],"wp:featuredmedia":[{"embeddable":true,"href":"https:\/\/tuzlainfo.ba\/index.php\/wp-json\/wp\/v2\/media\/152334"}],"wp:attachment":[{"href":"https:\/\/tuzlainfo.ba\/index.php\/wp-json\/wp\/v2\/media?parent=152333"}],"wp:term":[{"taxonomy":"category","embeddable":true,"href":"https:\/\/tuzlainfo.ba\/index.php\/wp-json\/wp\/v2\/categories?post=152333"},{"taxonomy":"post_tag","embeddable":true,"href":"https:\/\/tuzlainfo.ba\/index.php\/wp-json\/wp\/v2\/tags?post=152333"}],"curies":[{"name":"wp","href":"https:\/\/api.w.org\/{rel}","templated":true}]}}