{"id":151836,"date":"2021-10-23T11:15:12","date_gmt":"2021-10-23T09:15:12","guid":{"rendered":"https:\/\/tuzlainfo.ba\/?p=151836"},"modified":"2021-10-23T14:09:43","modified_gmt":"2021-10-23T12:09:43","slug":"sa-novom-naredbom-ugostitelji-u-tuzli-poceli-zahtijevati-covid-propusnice","status":"publish","type":"post","link":"https:\/\/tuzlainfo.ba\/index.php\/novosti\/item\/151836-sa-novom-naredbom-ugostitelji-u-tuzli-poceli-zahtijevati-covid-propusnice\/","title":{"rendered":"Sa novom Naredbom: Ugostitelji u Tuzli po\u010deli zahtijevati &#8220;covid propusnice&#8221;"},"content":{"rendered":"<p>Vlada Tuzlanskog kantona ju\u010der je osvojila Naredbu Kriznog \u0161taba Ministarstva zdravstva Tuzlanskog kantona kojom je dopu\u0161teno okupljanje ne vi\u0161e od 30 ljudi u zatvorenom prostoru i ne vi\u0161e od 60 ljudi na otvorenom prostoru.<\/p>\n<p>Naredbom je dozvoljeno okupljanje i od 50 ljudi u zatvorenom prostoru i ne vi\u0161e od 100 ljudi na otvorenom prostoru, a takvo okupljanje je dopu\u0161teno uz uslov da prisutni imaju negativan antigenski ili PCR test, ne stariji od 48 sati ili potvrdu o prebolovanom COVID-19, ne stariju od 6 mjeseci ili potvrdu o zavr\u0161enoj vakcinaciji.<\/p>\n<p>Novom mjerom su pogo\u0111eni\u00a0 i ugostitelji u Tuzlanskom kantonu, koji su primorani prilago\u0111avati se novonastalim uslovima, te su neki od njih jo\u0161 ju\u010der saop\u0161tili da \u0107e primati samo goste koji ispunjavaju jedan od spomenutih uslova.<\/p>\n<p>-Potvrde negativnog testa ili prele\u017eanog covida su obavezene za svoje posjetioce \u2013 napisali su iz Pivnice Taverna na svojoj Facebook stranici.<\/p>\n<p><iframe style=\"border: none; overflow: hidden;\" src=\"https:\/\/www.facebook.com\/plugins\/post.php?href=https%3A%2F%2Fwww.facebook.com%2FPivnicaTaverna%2Fposts%2F6977691785589778&amp;show_text=true&amp;width=500\" width=\"500\" height=\"608\" frameborder=\"0\" scrolling=\"no\" allowfullscreen=\"allowfullscreen\"><\/iframe><br \/>\nA sli\u010dna obavje\u0161tenja je istakla jo\u0161 nekolicina drugih ugostitelja iz Tuzlanskog kantona.<\/p>\n<p>Da li \u0107e praksa \u201ecovid propusnica\u201c za ulazak u ugostiteljske i druge objekte u Tuzlanskom kantonu gdje se okuplja ve\u0107i broj ljud, a koja je na ovaj na\u010din uvedena na \u201emala vrata\u201c, i za\u017eivjeti u praksi, pokazat \u0107e vrijeme pred nama.<\/p>\n<p>Podsje\u0107amo, Tuzlanski kanton posljednjih sedmica bilje\u017ei veliki broj covid-19 pozitivinih, od kojih je sa ju\u010dera\u0161njih danom \u010dak 130 bilo hospitalizirano.\/Tuzlainfo.ba\/<\/p>\n<blockquote class=\"wp-embedded-content\" data-secret=\"VoLLvGa2Ni\"><p><a href=\"https:\/\/tuzlainfo.ba\/index.php\/novosti\/item\/151750-zbog-pogorsane-epidemioloske-situacije-od-danas-na-snazi-nove-naredbe-u-tk\/\">Zbog pogor\u0161ane epidemiolo\u0161ke situacije: Od danas na snazi nove naredbe u TK<\/a><\/p><\/blockquote>\n<p><iframe class=\"wp-embedded-content\" sandbox=\"allow-scripts\" security=\"restricted\" style=\"position: absolute; clip: rect(1px, 1px, 1px, 1px);\" title=\"&#8220;Zbog pogor\u0161ane epidemiolo\u0161ke situacije: Od danas na snazi nove naredbe u TK&#8221; &#8212; TuzlaInfo.ba\" src=\"https:\/\/tuzlainfo.ba\/index.php\/novosti\/item\/151750-zbog-pogorsane-epidemioloske-situacije-od-danas-na-snazi-nove-naredbe-u-tk\/embed\/#?secret=VoLLvGa2Ni\" data-secret=\"VoLLvGa2Ni\" width=\"600\" height=\"338\" frameborder=\"0\" marginwidth=\"0\" marginheight=\"0\" scrolling=\"no\"><\/iframe><\/p>\n","protected":false},"excerpt":{"rendered":"<p>Vlada Tuzlanskog kantona ju\u010der je osvojila Naredbu Kriznog \u0161taba Ministarstva zdravstva Tuzlanskog kantona kojom je&hellip;<\/p>\n","protected":false},"author":2,"featured_media":79442,"comment_status":"open","ping_status":"closed","sticky":false,"template":"","format":"standard","meta":{"_acf_changed":false,"footnotes":""},"categories":[304,12,306],"tags":[667,413],"acf":[],"yoast_head":"<!-- This site is optimized with the Yoast SEO plugin v23.5 - https:\/\/yoast.com\/wordpress\/plugins\/seo\/ -->\n<title>Sa novom Naredbom: Ugostitelji u Tuzli po\u010deli zahtijevati &quot;covid propusnice&quot; - TuzlaInfo.ba<\/title>\n<meta name=\"robots\" content=\"index, follow, max-snippet:-1, max-image-preview:large, max-video-preview:-1\" \/>\n<link rel=\"canonical\" href=\"https:\/\/tuzlainfo.ba\/index.php\/novosti\/item\/151836-sa-novom-naredbom-ugostitelji-u-tuzli-poceli-zahtijevati-covid-propusnice\/\" \/>\n<meta property=\"og:locale\" content=\"bs_BA\" \/>\n<meta property=\"og:type\" content=\"article\" \/>\n<meta property=\"og:title\" content=\"Sa novom Naredbom: Ugostitelji u Tuzli po\u010deli zahtijevati &quot;covid propusnice&quot; - TuzlaInfo.ba\" \/>\n<meta property=\"og:description\" content=\"Vlada Tuzlanskog kantona ju\u010der je osvojila Naredbu Kriznog \u0161taba Ministarstva zdravstva Tuzlanskog kantona kojom je&hellip;\" \/>\n<meta property=\"og:url\" content=\"https:\/\/tuzlainfo.ba\/index.php\/novosti\/item\/151836-sa-novom-naredbom-ugostitelji-u-tuzli-poceli-zahtijevati-covid-propusnice\/\" \/>\n<meta property=\"og:site_name\" content=\"TuzlaInfo.ba\" \/>\n<meta property=\"article:publisher\" content=\"https:\/\/www.facebook.com\/tuzlainfo.ba\/\" \/>\n<meta property=\"article:published_time\" content=\"2021-10-23T09:15:12+00:00\" \/>\n<meta property=\"article:modified_time\" content=\"2021-10-23T12:09:43+00:00\" \/>\n<meta property=\"og:image\" content=\"https:\/\/tuzlainfo.ba\/wp-content\/uploads\/2020\/05\/sadrzaj_2020_20200501_1705_restoran.jpg\" \/>\n\t<meta property=\"og:image:width\" content=\"770\" \/>\n\t<meta property=\"og:image:height\" content=\"433\" \/>\n\t<meta property=\"og:image:type\" content=\"image\/jpeg\" \/>\n<meta name=\"author\" content=\"nedim\" \/>\n<meta name=\"twitter:card\" content=\"summary_large_image\" \/>\n<meta name=\"twitter:label1\" content=\"Written by\" \/>\n\t<meta name=\"twitter:data1\" content=\"nedim\" \/>\n\t<meta name=\"twitter:label2\" content=\"Est. reading time\" \/>\n\t<meta name=\"twitter:data2\" content=\"1 minuta\" \/>\n<script type=\"application\/ld+json\" class=\"yoast-schema-graph\">{\"@context\":\"https:\/\/schema.org\",\"@graph\":[{\"@type\":\"Article\",\"@id\":\"https:\/\/tuzlainfo.ba\/index.php\/novosti\/item\/151836-sa-novom-naredbom-ugostitelji-u-tuzli-poceli-zahtijevati-covid-propusnice\/#article\",\"isPartOf\":{\"@id\":\"https:\/\/tuzlainfo.ba\/index.php\/novosti\/item\/151836-sa-novom-naredbom-ugostitelji-u-tuzli-poceli-zahtijevati-covid-propusnice\/\"},\"author\":{\"name\":\"nedim\",\"@id\":\"https:\/\/tuzlainfo.ba\/#\/schema\/person\/f434e20dc27ea133923aab08451b7f7f\"},\"headline\":\"Sa novom Naredbom: Ugostitelji u Tuzli po\u010deli zahtijevati &#8220;covid propusnice&#8221;\",\"datePublished\":\"2021-10-23T09:15:12+00:00\",\"dateModified\":\"2021-10-23T12:09:43+00:00\",\"mainEntityOfPage\":{\"@id\":\"https:\/\/tuzlainfo.ba\/index.php\/novosti\/item\/151836-sa-novom-naredbom-ugostitelji-u-tuzli-poceli-zahtijevati-covid-propusnice\/\"},\"wordCount\":252,\"commentCount\":0,\"publisher\":{\"@id\":\"https:\/\/tuzlainfo.ba\/#organization\"},\"image\":{\"@id\":\"https:\/\/tuzlainfo.ba\/index.php\/novosti\/item\/151836-sa-novom-naredbom-ugostitelji-u-tuzli-poceli-zahtijevati-covid-propusnice\/#primaryimage\"},\"thumbnailUrl\":\"https:\/\/tuzlainfo.ba\/wp-content\/uploads\/2020\/05\/sadrzaj_2020_20200501_1705_restoran.jpg\",\"keywords\":[\"krizni \u0161tab tk\",\"naredbe\"],\"articleSection\":[\"Istaknuto\",\"Novosti\",\"Preporu\u010dujemo\"],\"inLanguage\":\"bs-BA\"},{\"@type\":\"WebPage\",\"@id\":\"https:\/\/tuzlainfo.ba\/index.php\/novosti\/item\/151836-sa-novom-naredbom-ugostitelji-u-tuzli-poceli-zahtijevati-covid-propusnice\/\",\"url\":\"https:\/\/tuzlainfo.ba\/index.php\/novosti\/item\/151836-sa-novom-naredbom-ugostitelji-u-tuzli-poceli-zahtijevati-covid-propusnice\/\",\"name\":\"Sa novom Naredbom: Ugostitelji u Tuzli po\u010deli zahtijevati \\\"covid propusnice\\\" - TuzlaInfo.ba\",\"isPartOf\":{\"@id\":\"https:\/\/tuzlainfo.ba\/#website\"},\"primaryImageOfPage\":{\"@id\":\"https:\/\/tuzlainfo.ba\/index.php\/novosti\/item\/151836-sa-novom-naredbom-ugostitelji-u-tuzli-poceli-zahtijevati-covid-propusnice\/#primaryimage\"},\"image\":{\"@id\":\"https:\/\/tuzlainfo.ba\/index.php\/novosti\/item\/151836-sa-novom-naredbom-ugostitelji-u-tuzli-poceli-zahtijevati-covid-propusnice\/#primaryimage\"},\"thumbnailUrl\":\"https:\/\/tuzlainfo.ba\/wp-content\/uploads\/2020\/05\/sadrzaj_2020_20200501_1705_restoran.jpg\",\"datePublished\":\"2021-10-23T09:15:12+00:00\",\"dateModified\":\"2021-10-23T12:09:43+00:00\",\"breadcrumb\":{\"@id\":\"https:\/\/tuzlainfo.ba\/index.php\/novosti\/item\/151836-sa-novom-naredbom-ugostitelji-u-tuzli-poceli-zahtijevati-covid-propusnice\/#breadcrumb\"},\"inLanguage\":\"bs-BA\",\"potentialAction\":[{\"@type\":\"ReadAction\",\"target\":[\"https:\/\/tuzlainfo.ba\/index.php\/novosti\/item\/151836-sa-novom-naredbom-ugostitelji-u-tuzli-poceli-zahtijevati-covid-propusnice\/\"]}]},{\"@type\":\"ImageObject\",\"inLanguage\":\"bs-BA\",\"@id\":\"https:\/\/tuzlainfo.ba\/index.php\/novosti\/item\/151836-sa-novom-naredbom-ugostitelji-u-tuzli-poceli-zahtijevati-covid-propusnice\/#primaryimage\",\"url\":\"https:\/\/tuzlainfo.ba\/wp-content\/uploads\/2020\/05\/sadrzaj_2020_20200501_1705_restoran.jpg\",\"contentUrl\":\"https:\/\/tuzlainfo.ba\/wp-content\/uploads\/2020\/05\/sadrzaj_2020_20200501_1705_restoran.jpg\",\"width\":770,\"height\":433,\"caption\":\"1705 restoran\"},{\"@type\":\"BreadcrumbList\",\"@id\":\"https:\/\/tuzlainfo.ba\/index.php\/novosti\/item\/151836-sa-novom-naredbom-ugostitelji-u-tuzli-poceli-zahtijevati-covid-propusnice\/#breadcrumb\",\"itemListElement\":[{\"@type\":\"ListItem\",\"position\":1,\"name\":\"Home\",\"item\":\"https:\/\/tuzlainfo.ba\/\"},{\"@type\":\"ListItem\",\"position\":2,\"name\":\"Sa novom Naredbom: Ugostitelji u Tuzli po\u010deli zahtijevati &#8220;covid propusnice&#8221;\"}]},{\"@type\":\"WebSite\",\"@id\":\"https:\/\/tuzlainfo.ba\/#website\",\"url\":\"https:\/\/tuzlainfo.ba\/\",\"name\":\"TuzlaInfo.ba\",\"description\":\"Tuzla info, gradski informator - Tuzla na dlanu\",\"publisher\":{\"@id\":\"https:\/\/tuzlainfo.ba\/#organization\"},\"potentialAction\":[{\"@type\":\"SearchAction\",\"target\":{\"@type\":\"EntryPoint\",\"urlTemplate\":\"https:\/\/tuzlainfo.ba\/?s={search_term_string}\"},\"query-input\":{\"@type\":\"PropertyValueSpecification\",\"valueRequired\":true,\"valueName\":\"search_term_string\"}}],\"inLanguage\":\"bs-BA\"},{\"@type\":\"Organization\",\"@id\":\"https:\/\/tuzlainfo.ba\/#organization\",\"name\":\"TuzlaInfo.ba\",\"url\":\"https:\/\/tuzlainfo.ba\/\",\"logo\":{\"@type\":\"ImageObject\",\"inLanguage\":\"bs-BA\",\"@id\":\"https:\/\/tuzlainfo.ba\/#\/schema\/logo\/image\/\",\"url\":\"https:\/\/tuzlainfo.ba\/wp-content\/uploads\/2021\/03\/logo-ver-3-1.png\",\"contentUrl\":\"https:\/\/tuzlainfo.ba\/wp-content\/uploads\/2021\/03\/logo-ver-3-1.png\",\"width\":350,\"height\":95,\"caption\":\"TuzlaInfo.ba\"},\"image\":{\"@id\":\"https:\/\/tuzlainfo.ba\/#\/schema\/logo\/image\/\"},\"sameAs\":[\"https:\/\/www.facebook.com\/tuzlainfo.ba\/\"]},{\"@type\":\"Person\",\"@id\":\"https:\/\/tuzlainfo.ba\/#\/schema\/person\/f434e20dc27ea133923aab08451b7f7f\",\"name\":\"nedim\",\"image\":{\"@type\":\"ImageObject\",\"inLanguage\":\"bs-BA\",\"@id\":\"https:\/\/tuzlainfo.ba\/#\/schema\/person\/image\/\",\"url\":\"https:\/\/tuzlainfo.ba\/wp-content\/litespeed\/avatar\/aabad687af24844af817603ac1cbdc4f.jpg?ver=1776702173\",\"contentUrl\":\"https:\/\/tuzlainfo.ba\/wp-content\/litespeed\/avatar\/aabad687af24844af817603ac1cbdc4f.jpg?ver=1776702173\",\"caption\":\"nedim\"},\"description\":\"Tuzlainfo.ba pratite na dru\u0161tvenim mre\u017eama: Facebook, Instagram i Youtube. Svoje pri\u010de, upite i fotografije \u0161aljite na na\u0161u e-mail adresu.\"}]}<\/script>\n<!-- \/ Yoast SEO plugin. -->","yoast_head_json":{"title":"Sa novom Naredbom: Ugostitelji u Tuzli po\u010deli zahtijevati \"covid propusnice\" - TuzlaInfo.ba","robots":{"index":"index","follow":"follow","max-snippet":"max-snippet:-1","max-image-preview":"max-image-preview:large","max-video-preview":"max-video-preview:-1"},"canonical":"https:\/\/tuzlainfo.ba\/index.php\/novosti\/item\/151836-sa-novom-naredbom-ugostitelji-u-tuzli-poceli-zahtijevati-covid-propusnice\/","og_locale":"bs_BA","og_type":"article","og_title":"Sa novom Naredbom: Ugostitelji u Tuzli po\u010deli zahtijevati \"covid propusnice\" - TuzlaInfo.ba","og_description":"Vlada Tuzlanskog kantona ju\u010der je osvojila Naredbu Kriznog \u0161taba Ministarstva zdravstva Tuzlanskog kantona kojom je&hellip;","og_url":"https:\/\/tuzlainfo.ba\/index.php\/novosti\/item\/151836-sa-novom-naredbom-ugostitelji-u-tuzli-poceli-zahtijevati-covid-propusnice\/","og_site_name":"TuzlaInfo.ba","article_publisher":"https:\/\/www.facebook.com\/tuzlainfo.ba\/","article_published_time":"2021-10-23T09:15:12+00:00","article_modified_time":"2021-10-23T12:09:43+00:00","og_image":[{"width":770,"height":433,"url":"https:\/\/tuzlainfo.ba\/wp-content\/uploads\/2020\/05\/sadrzaj_2020_20200501_1705_restoran.jpg","type":"image\/jpeg"}],"author":"nedim","twitter_card":"summary_large_image","twitter_misc":{"Written by":"nedim","Est. reading time":"1 minuta"},"schema":{"@context":"https:\/\/schema.org","@graph":[{"@type":"Article","@id":"https:\/\/tuzlainfo.ba\/index.php\/novosti\/item\/151836-sa-novom-naredbom-ugostitelji-u-tuzli-poceli-zahtijevati-covid-propusnice\/#article","isPartOf":{"@id":"https:\/\/tuzlainfo.ba\/index.php\/novosti\/item\/151836-sa-novom-naredbom-ugostitelji-u-tuzli-poceli-zahtijevati-covid-propusnice\/"},"author":{"name":"nedim","@id":"https:\/\/tuzlainfo.ba\/#\/schema\/person\/f434e20dc27ea133923aab08451b7f7f"},"headline":"Sa novom Naredbom: Ugostitelji u Tuzli po\u010deli zahtijevati &#8220;covid propusnice&#8221;","datePublished":"2021-10-23T09:15:12+00:00","dateModified":"2021-10-23T12:09:43+00:00","mainEntityOfPage":{"@id":"https:\/\/tuzlainfo.ba\/index.php\/novosti\/item\/151836-sa-novom-naredbom-ugostitelji-u-tuzli-poceli-zahtijevati-covid-propusnice\/"},"wordCount":252,"commentCount":0,"publisher":{"@id":"https:\/\/tuzlainfo.ba\/#organization"},"image":{"@id":"https:\/\/tuzlainfo.ba\/index.php\/novosti\/item\/151836-sa-novom-naredbom-ugostitelji-u-tuzli-poceli-zahtijevati-covid-propusnice\/#primaryimage"},"thumbnailUrl":"https:\/\/tuzlainfo.ba\/wp-content\/uploads\/2020\/05\/sadrzaj_2020_20200501_1705_restoran.jpg","keywords":["krizni \u0161tab tk","naredbe"],"articleSection":["Istaknuto","Novosti","Preporu\u010dujemo"],"inLanguage":"bs-BA"},{"@type":"WebPage","@id":"https:\/\/tuzlainfo.ba\/index.php\/novosti\/item\/151836-sa-novom-naredbom-ugostitelji-u-tuzli-poceli-zahtijevati-covid-propusnice\/","url":"https:\/\/tuzlainfo.ba\/index.php\/novosti\/item\/151836-sa-novom-naredbom-ugostitelji-u-tuzli-poceli-zahtijevati-covid-propusnice\/","name":"Sa novom Naredbom: Ugostitelji u Tuzli po\u010deli zahtijevati \"covid propusnice\" - TuzlaInfo.ba","isPartOf":{"@id":"https:\/\/tuzlainfo.ba\/#website"},"primaryImageOfPage":{"@id":"https:\/\/tuzlainfo.ba\/index.php\/novosti\/item\/151836-sa-novom-naredbom-ugostitelji-u-tuzli-poceli-zahtijevati-covid-propusnice\/#primaryimage"},"image":{"@id":"https:\/\/tuzlainfo.ba\/index.php\/novosti\/item\/151836-sa-novom-naredbom-ugostitelji-u-tuzli-poceli-zahtijevati-covid-propusnice\/#primaryimage"},"thumbnailUrl":"https:\/\/tuzlainfo.ba\/wp-content\/uploads\/2020\/05\/sadrzaj_2020_20200501_1705_restoran.jpg","datePublished":"2021-10-23T09:15:12+00:00","dateModified":"2021-10-23T12:09:43+00:00","breadcrumb":{"@id":"https:\/\/tuzlainfo.ba\/index.php\/novosti\/item\/151836-sa-novom-naredbom-ugostitelji-u-tuzli-poceli-zahtijevati-covid-propusnice\/#breadcrumb"},"inLanguage":"bs-BA","potentialAction":[{"@type":"ReadAction","target":["https:\/\/tuzlainfo.ba\/index.php\/novosti\/item\/151836-sa-novom-naredbom-ugostitelji-u-tuzli-poceli-zahtijevati-covid-propusnice\/"]}]},{"@type":"ImageObject","inLanguage":"bs-BA","@id":"https:\/\/tuzlainfo.ba\/index.php\/novosti\/item\/151836-sa-novom-naredbom-ugostitelji-u-tuzli-poceli-zahtijevati-covid-propusnice\/#primaryimage","url":"https:\/\/tuzlainfo.ba\/wp-content\/uploads\/2020\/05\/sadrzaj_2020_20200501_1705_restoran.jpg","contentUrl":"https:\/\/tuzlainfo.ba\/wp-content\/uploads\/2020\/05\/sadrzaj_2020_20200501_1705_restoran.jpg","width":770,"height":433,"caption":"1705 restoran"},{"@type":"BreadcrumbList","@id":"https:\/\/tuzlainfo.ba\/index.php\/novosti\/item\/151836-sa-novom-naredbom-ugostitelji-u-tuzli-poceli-zahtijevati-covid-propusnice\/#breadcrumb","itemListElement":[{"@type":"ListItem","position":1,"name":"Home","item":"https:\/\/tuzlainfo.ba\/"},{"@type":"ListItem","position":2,"name":"Sa novom Naredbom: Ugostitelji u Tuzli po\u010deli zahtijevati &#8220;covid propusnice&#8221;"}]},{"@type":"WebSite","@id":"https:\/\/tuzlainfo.ba\/#website","url":"https:\/\/tuzlainfo.ba\/","name":"TuzlaInfo.ba","description":"Tuzla info, gradski informator - Tuzla na dlanu","publisher":{"@id":"https:\/\/tuzlainfo.ba\/#organization"},"potentialAction":[{"@type":"SearchAction","target":{"@type":"EntryPoint","urlTemplate":"https:\/\/tuzlainfo.ba\/?s={search_term_string}"},"query-input":{"@type":"PropertyValueSpecification","valueRequired":true,"valueName":"search_term_string"}}],"inLanguage":"bs-BA"},{"@type":"Organization","@id":"https:\/\/tuzlainfo.ba\/#organization","name":"TuzlaInfo.ba","url":"https:\/\/tuzlainfo.ba\/","logo":{"@type":"ImageObject","inLanguage":"bs-BA","@id":"https:\/\/tuzlainfo.ba\/#\/schema\/logo\/image\/","url":"https:\/\/tuzlainfo.ba\/wp-content\/uploads\/2021\/03\/logo-ver-3-1.png","contentUrl":"https:\/\/tuzlainfo.ba\/wp-content\/uploads\/2021\/03\/logo-ver-3-1.png","width":350,"height":95,"caption":"TuzlaInfo.ba"},"image":{"@id":"https:\/\/tuzlainfo.ba\/#\/schema\/logo\/image\/"},"sameAs":["https:\/\/www.facebook.com\/tuzlainfo.ba\/"]},{"@type":"Person","@id":"https:\/\/tuzlainfo.ba\/#\/schema\/person\/f434e20dc27ea133923aab08451b7f7f","name":"nedim","image":{"@type":"ImageObject","inLanguage":"bs-BA","@id":"https:\/\/tuzlainfo.ba\/#\/schema\/person\/image\/","url":"https:\/\/tuzlainfo.ba\/wp-content\/litespeed\/avatar\/aabad687af24844af817603ac1cbdc4f.jpg?ver=1776702173","contentUrl":"https:\/\/tuzlainfo.ba\/wp-content\/litespeed\/avatar\/aabad687af24844af817603ac1cbdc4f.jpg?ver=1776702173","caption":"nedim"},"description":"Tuzlainfo.ba pratite na dru\u0161tvenim mre\u017eama: Facebook, Instagram i Youtube. Svoje pri\u010de, upite i fotografije \u0161aljite na na\u0161u e-mail adresu."}]}},"_links":{"self":[{"href":"https:\/\/tuzlainfo.ba\/index.php\/wp-json\/wp\/v2\/posts\/151836"}],"collection":[{"href":"https:\/\/tuzlainfo.ba\/index.php\/wp-json\/wp\/v2\/posts"}],"about":[{"href":"https:\/\/tuzlainfo.ba\/index.php\/wp-json\/wp\/v2\/types\/post"}],"author":[{"embeddable":true,"href":"https:\/\/tuzlainfo.ba\/index.php\/wp-json\/wp\/v2\/users\/2"}],"replies":[{"embeddable":true,"href":"https:\/\/tuzlainfo.ba\/index.php\/wp-json\/wp\/v2\/comments?post=151836"}],"version-history":[{"count":0,"href":"https:\/\/tuzlainfo.ba\/index.php\/wp-json\/wp\/v2\/posts\/151836\/revisions"}],"wp:featuredmedia":[{"embeddable":true,"href":"https:\/\/tuzlainfo.ba\/index.php\/wp-json\/wp\/v2\/media\/79442"}],"wp:attachment":[{"href":"https:\/\/tuzlainfo.ba\/index.php\/wp-json\/wp\/v2\/media?parent=151836"}],"wp:term":[{"taxonomy":"category","embeddable":true,"href":"https:\/\/tuzlainfo.ba\/index.php\/wp-json\/wp\/v2\/categories?post=151836"},{"taxonomy":"post_tag","embeddable":true,"href":"https:\/\/tuzlainfo.ba\/index.php\/wp-json\/wp\/v2\/tags?post=151836"}],"curies":[{"name":"wp","href":"https:\/\/api.w.org\/{rel}","templated":true}]}}