{"id":151750,"date":"2021-10-22T09:30:47","date_gmt":"2021-10-22T07:30:47","guid":{"rendered":"https:\/\/tuzlainfo.ba\/?p=151750"},"modified":"2021-10-22T13:54:42","modified_gmt":"2021-10-22T11:54:42","slug":"zbog-pogorsane-epidemioloske-situacije-od-danas-na-snazi-nove-naredbe-u-tk","status":"publish","type":"post","link":"https:\/\/tuzlainfo.ba\/index.php\/novosti\/item\/151750-zbog-pogorsane-epidemioloske-situacije-od-danas-na-snazi-nove-naredbe-u-tk\/","title":{"rendered":"Zbog pogor\u0161ane epidemiolo\u0161ke situacije: Od danas na snazi nove naredbe u TK"},"content":{"rendered":"<p>Vlada je danas usvojila Naredbu Kriznog \u0161taba Ministarstva zdravstva Tuzlanskog kantona.<\/p>\n<p>Naime, zbog trenutne higijensko \u2013 epidemidemiolo\u0161ke situacije Naredbom je dopu\u0161teno okupljanje ne vi\u0161e od 30 ljudi u zatvorenom prostoru i ne vi\u0161e od 60 ljudi na otvorenom prostoru.<\/p>\n<p>Ono \u0161to je novina u odnosu na dosada\u0161nji period, ukoliko se radi o ve\u0107em okupljanju, ne vi\u0161e od 50 ljudi u zatvorenom prostoru i ne vi\u0161e od 100 ljudi na otvorenom prostoru, takvo okupljanje je dopu\u0161teno uz uslov da prisutni imaju negativan antigenski ili PCR test, ne stariji od 48 sati ili potvrdu o prebolovanom COVID-19, ne stariju od 6 mjeseci ili potvrdu o zavr\u0161enom cijepljenju.<\/p>\n<p>Od ove Naredbe izuzimaju se osnovne i srednje \u0161kole, te visoko\u0161kolske ustanove.<\/p>\n<p>U skladu sa Naredbom Kriznog \u0161taba Ministarstva zdravstva FBiH dozvoljava se i ve\u0107a organizirana okupljanja, do maksimalno 150 osoba u zatvorenom i 300 osoba na otvorenom, pod uvjetom da veli\u010dina prostora omogu\u0107ava provedbu higijensko-epidemiolo\u0161kih mjera. Uslov za odr\u017eavanje i ovakvih skupova je tako\u0111er da svi sudionici skupa imaju negativan antigenski ili PCR test, ne stariji od 48 sati ili potvrdu o prebolovanom COVID-19, ne stariju od 6 mjeseci ili potvrdu o zavr\u0161enom cijepljenju. Za provo\u0111enje ovih epidemiolo\u0161kih mjera i organizaciju skupa je odgovoran organizator skupa, koji je du\u017ean i prethodno pribaviti saglasnost od Kriznog \u0161taba ministarstva zdravstva.<\/p>\n<p>Od svih poslovnih subjekata i drugih pravnih subjekata, koji tokom realizacije svojih aktivnosti podrazumjevaju istovremeni boravak ve\u0107eg broja osoba u zatvorenom prostoru (tr\u017eni centri, trgovine, kina, prostorije javnih institucija, restorani, drugi ugostiteljski objekti, itd.) tra\u017ei se prisustvo COVID redara na ulazu u objekte, koji \u0107e vr\u0161iti kontrolu sprovo\u0111enja va\u017ee\u0107ih naredbi i preporuka.<\/p>\n<p>Krizni \u0161tab Ministarstva zdravstva smatra da se nastava na Univerzitetu u Tuzli i drugim visoko\u0161kolskim ustanovama, na fakultetima ili odsjecima gdje nije mogu\u0107e striktno po\u0161tivanje va\u017ee\u0107ih naredbi i preporuka nadle\u017enih organa i institucija, mo\u017ee odvijati i na druge na\u010dine realizacije nastave osim klasi\u010dnog, a sve sa isklju\u010divim ciljem po\u0161tivanja va\u017ee\u0107ih mjera i spre\u010davanja daljeg \u0161irenja oboljenja.<\/p>\n<p>Zabranjuje se prisustvo roditelja i staratelja unutar svih pred\u0161kolskih ustanova na podru\u010dju kantona, kao i obavezna trija\u017ea djece pri ulazu u iste u smislu postojanja simptoma oboljenja.<\/p>\n<p>Tra\u017ei se od gra\u0111ana Tuzlanskog kantona da, imaju\u0107i u vidu da ogroman procenat hospitaliziranih pacijenata \u010dine nevakcinisane osobe, u \u0161to ve\u0107em broju pristupe vakcinaciji protiv Covid-19 infekcije.<\/p>\n<p>Ponovljena je naredba za obavezno no\u0161enje za\u0161titnih maski preko usta i nosa za za\u0161titu respiratornog sistema u zatvorenom prostoru i uz po\u0161tivanje distance od minimalno 2 metra. Nala\u017ee se obavezno no\u0161enje maske i na otvorenom prostoru, ukoliko se ne mo\u017ee ostvariti distanca od 2 metra.<\/p>\n<p>Tako\u0111er, na snazi ostaje i naredba da se u veletrgovinama i supermarketima broj kupaca ograni\u010dava tako da se definira prostor od 10 m2 prodajnog objekta po potro\u0161a\u010du, a bez obzira na veli\u010dinu prostora prodajnog objekta, nije dozvoljen boravak vi\u0161e od 400 potro\u0161a\u010da.<\/p>\n<p>Na kraju Vlada je naredbama od Kantonalne uprave za inspekcijske poslove Tuzlanskog kantona, nadle\u017enih gradskih\/op\u0107inskih inspekcija i Uprave policije Tuzlanskog kantona zatra\u017eila da, u skladu sa svojim nadle\u017enostima, vr\u0161e poja\u010dan nadzor u smislu kontrole po\u0161tovanja va\u017ee\u0107ih epidemiolo\u0161kih mjera i donesenih naredbi.<\/p>\n<p>Od svih gradskih i op\u0161tinskih Kriznih \u0161tabova je zatra\u017eeno da poja\u010daju aktivnosti na sprovo\u0111enju va\u017ee\u0107ih epidemiolo\u0161kih mjera, preporuka i naredbi u okviru lokalnih zajednica, te da o navedenom podnesu izvje\u0161taj Kriznom \u0161tabu Ministarstva zdravstva.<\/p>\n<p>Ova Naredba se primjenjuje od 22. oktobra, a va\u017ei do 04. novembra 2021. godine.<\/p>\n<p>&nbsp;<\/p>\n<p>&nbsp;<\/p>\n","protected":false},"excerpt":{"rendered":"<p>Vlada je danas usvojila Naredbu Kriznog \u0161taba Ministarstva zdravstva Tuzlanskog kantona. Naime, zbog trenutne higijensko&hellip;<\/p>\n","protected":false},"author":4,"featured_media":146389,"comment_status":"open","ping_status":"closed","sticky":false,"template":"","format":"standard","meta":{"_acf_changed":false,"footnotes":""},"categories":[304,12,306],"tags":[413,336],"acf":[],"yoast_head":"<!-- This site is optimized with the Yoast SEO plugin v23.5 - https:\/\/yoast.com\/wordpress\/plugins\/seo\/ -->\n<title>Zbog pogor\u0161ane epidemiolo\u0161ke situacije: Od danas na snazi nove naredbe u TK - TuzlaInfo.ba<\/title>\n<meta name=\"robots\" content=\"index, follow, max-snippet:-1, max-image-preview:large, max-video-preview:-1\" \/>\n<link rel=\"canonical\" href=\"https:\/\/tuzlainfo.ba\/index.php\/novosti\/item\/151750-zbog-pogorsane-epidemioloske-situacije-od-danas-na-snazi-nove-naredbe-u-tk\/\" \/>\n<meta property=\"og:locale\" content=\"bs_BA\" \/>\n<meta property=\"og:type\" content=\"article\" \/>\n<meta property=\"og:title\" content=\"Zbog pogor\u0161ane epidemiolo\u0161ke situacije: Od danas na snazi nove naredbe u TK - TuzlaInfo.ba\" \/>\n<meta property=\"og:description\" content=\"Vlada je danas usvojila Naredbu Kriznog \u0161taba Ministarstva zdravstva Tuzlanskog kantona. Naime, zbog trenutne higijensko&hellip;\" \/>\n<meta property=\"og:url\" content=\"https:\/\/tuzlainfo.ba\/index.php\/novosti\/item\/151750-zbog-pogorsane-epidemioloske-situacije-od-danas-na-snazi-nove-naredbe-u-tk\/\" \/>\n<meta property=\"og:site_name\" content=\"TuzlaInfo.ba\" \/>\n<meta property=\"article:publisher\" content=\"https:\/\/www.facebook.com\/tuzlainfo.ba\/\" \/>\n<meta property=\"article:published_time\" content=\"2021-10-22T07:30:47+00:00\" \/>\n<meta property=\"article:modified_time\" content=\"2021-10-22T11:54:42+00:00\" \/>\n<meta property=\"og:image\" content=\"https:\/\/tuzlainfo.ba\/wp-content\/uploads\/2021\/08\/3108_maske.jpeg\" \/>\n\t<meta property=\"og:image:width\" content=\"940\" \/>\n\t<meta property=\"og:image:height\" content=\"529\" \/>\n\t<meta property=\"og:image:type\" content=\"image\/jpeg\" \/>\n<meta name=\"author\" content=\"Tuzla Info\" \/>\n<meta name=\"twitter:card\" content=\"summary_large_image\" \/>\n<meta name=\"twitter:label1\" content=\"Written by\" \/>\n\t<meta name=\"twitter:data1\" content=\"Tuzla Info\" \/>\n\t<meta name=\"twitter:label2\" content=\"Est. reading time\" \/>\n\t<meta name=\"twitter:data2\" content=\"3 minute\" \/>\n<script type=\"application\/ld+json\" class=\"yoast-schema-graph\">{\"@context\":\"https:\/\/schema.org\",\"@graph\":[{\"@type\":\"Article\",\"@id\":\"https:\/\/tuzlainfo.ba\/index.php\/novosti\/item\/151750-zbog-pogorsane-epidemioloske-situacije-od-danas-na-snazi-nove-naredbe-u-tk\/#article\",\"isPartOf\":{\"@id\":\"https:\/\/tuzlainfo.ba\/index.php\/novosti\/item\/151750-zbog-pogorsane-epidemioloske-situacije-od-danas-na-snazi-nove-naredbe-u-tk\/\"},\"author\":{\"name\":\"Tuzla Info\",\"@id\":\"https:\/\/tuzlainfo.ba\/#\/schema\/person\/46cad4c57790cbc50781edd14870825a\"},\"headline\":\"Zbog pogor\u0161ane epidemiolo\u0161ke situacije: Od danas na snazi nove naredbe u TK\",\"datePublished\":\"2021-10-22T07:30:47+00:00\",\"dateModified\":\"2021-10-22T11:54:42+00:00\",\"mainEntityOfPage\":{\"@id\":\"https:\/\/tuzlainfo.ba\/index.php\/novosti\/item\/151750-zbog-pogorsane-epidemioloske-situacije-od-danas-na-snazi-nove-naredbe-u-tk\/\"},\"wordCount\":634,\"commentCount\":0,\"publisher\":{\"@id\":\"https:\/\/tuzlainfo.ba\/#organization\"},\"image\":{\"@id\":\"https:\/\/tuzlainfo.ba\/index.php\/novosti\/item\/151750-zbog-pogorsane-epidemioloske-situacije-od-danas-na-snazi-nove-naredbe-u-tk\/#primaryimage\"},\"thumbnailUrl\":\"https:\/\/tuzlainfo.ba\/wp-content\/uploads\/2021\/08\/3108_maske.jpeg\",\"keywords\":[\"naredbe\",\"vlada tk\"],\"articleSection\":[\"Istaknuto\",\"Novosti\",\"Preporu\u010dujemo\"],\"inLanguage\":\"bs-BA\"},{\"@type\":\"WebPage\",\"@id\":\"https:\/\/tuzlainfo.ba\/index.php\/novosti\/item\/151750-zbog-pogorsane-epidemioloske-situacije-od-danas-na-snazi-nove-naredbe-u-tk\/\",\"url\":\"https:\/\/tuzlainfo.ba\/index.php\/novosti\/item\/151750-zbog-pogorsane-epidemioloske-situacije-od-danas-na-snazi-nove-naredbe-u-tk\/\",\"name\":\"Zbog pogor\u0161ane epidemiolo\u0161ke situacije: Od danas na snazi nove naredbe u TK - TuzlaInfo.ba\",\"isPartOf\":{\"@id\":\"https:\/\/tuzlainfo.ba\/#website\"},\"primaryImageOfPage\":{\"@id\":\"https:\/\/tuzlainfo.ba\/index.php\/novosti\/item\/151750-zbog-pogorsane-epidemioloske-situacije-od-danas-na-snazi-nove-naredbe-u-tk\/#primaryimage\"},\"image\":{\"@id\":\"https:\/\/tuzlainfo.ba\/index.php\/novosti\/item\/151750-zbog-pogorsane-epidemioloske-situacije-od-danas-na-snazi-nove-naredbe-u-tk\/#primaryimage\"},\"thumbnailUrl\":\"https:\/\/tuzlainfo.ba\/wp-content\/uploads\/2021\/08\/3108_maske.jpeg\",\"datePublished\":\"2021-10-22T07:30:47+00:00\",\"dateModified\":\"2021-10-22T11:54:42+00:00\",\"breadcrumb\":{\"@id\":\"https:\/\/tuzlainfo.ba\/index.php\/novosti\/item\/151750-zbog-pogorsane-epidemioloske-situacije-od-danas-na-snazi-nove-naredbe-u-tk\/#breadcrumb\"},\"inLanguage\":\"bs-BA\",\"potentialAction\":[{\"@type\":\"ReadAction\",\"target\":[\"https:\/\/tuzlainfo.ba\/index.php\/novosti\/item\/151750-zbog-pogorsane-epidemioloske-situacije-od-danas-na-snazi-nove-naredbe-u-tk\/\"]}]},{\"@type\":\"ImageObject\",\"inLanguage\":\"bs-BA\",\"@id\":\"https:\/\/tuzlainfo.ba\/index.php\/novosti\/item\/151750-zbog-pogorsane-epidemioloske-situacije-od-danas-na-snazi-nove-naredbe-u-tk\/#primaryimage\",\"url\":\"https:\/\/tuzlainfo.ba\/wp-content\/uploads\/2021\/08\/3108_maske.jpeg\",\"contentUrl\":\"https:\/\/tuzlainfo.ba\/wp-content\/uploads\/2021\/08\/3108_maske.jpeg\",\"width\":940,\"height\":529,\"caption\":\"Foto: N1\"},{\"@type\":\"BreadcrumbList\",\"@id\":\"https:\/\/tuzlainfo.ba\/index.php\/novosti\/item\/151750-zbog-pogorsane-epidemioloske-situacije-od-danas-na-snazi-nove-naredbe-u-tk\/#breadcrumb\",\"itemListElement\":[{\"@type\":\"ListItem\",\"position\":1,\"name\":\"Home\",\"item\":\"https:\/\/tuzlainfo.ba\/\"},{\"@type\":\"ListItem\",\"position\":2,\"name\":\"Zbog pogor\u0161ane epidemiolo\u0161ke situacije: Od danas na snazi nove naredbe u TK\"}]},{\"@type\":\"WebSite\",\"@id\":\"https:\/\/tuzlainfo.ba\/#website\",\"url\":\"https:\/\/tuzlainfo.ba\/\",\"name\":\"TuzlaInfo.ba\",\"description\":\"Tuzla info, gradski informator - Tuzla na dlanu\",\"publisher\":{\"@id\":\"https:\/\/tuzlainfo.ba\/#organization\"},\"potentialAction\":[{\"@type\":\"SearchAction\",\"target\":{\"@type\":\"EntryPoint\",\"urlTemplate\":\"https:\/\/tuzlainfo.ba\/?s={search_term_string}\"},\"query-input\":{\"@type\":\"PropertyValueSpecification\",\"valueRequired\":true,\"valueName\":\"search_term_string\"}}],\"inLanguage\":\"bs-BA\"},{\"@type\":\"Organization\",\"@id\":\"https:\/\/tuzlainfo.ba\/#organization\",\"name\":\"TuzlaInfo.ba\",\"url\":\"https:\/\/tuzlainfo.ba\/\",\"logo\":{\"@type\":\"ImageObject\",\"inLanguage\":\"bs-BA\",\"@id\":\"https:\/\/tuzlainfo.ba\/#\/schema\/logo\/image\/\",\"url\":\"https:\/\/tuzlainfo.ba\/wp-content\/uploads\/2021\/03\/logo-ver-3-1.png\",\"contentUrl\":\"https:\/\/tuzlainfo.ba\/wp-content\/uploads\/2021\/03\/logo-ver-3-1.png\",\"width\":350,\"height\":95,\"caption\":\"TuzlaInfo.ba\"},\"image\":{\"@id\":\"https:\/\/tuzlainfo.ba\/#\/schema\/logo\/image\/\"},\"sameAs\":[\"https:\/\/www.facebook.com\/tuzlainfo.ba\/\"]},{\"@type\":\"Person\",\"@id\":\"https:\/\/tuzlainfo.ba\/#\/schema\/person\/46cad4c57790cbc50781edd14870825a\",\"name\":\"Tuzla Info\",\"image\":{\"@type\":\"ImageObject\",\"inLanguage\":\"bs-BA\",\"@id\":\"https:\/\/tuzlainfo.ba\/#\/schema\/person\/image\/\",\"url\":\"https:\/\/tuzlainfo.ba\/wp-content\/litespeed\/avatar\/b6c453a6c38e3654f2e4416c643fc25c.jpg?ver=1777051911\",\"contentUrl\":\"https:\/\/tuzlainfo.ba\/wp-content\/litespeed\/avatar\/b6c453a6c38e3654f2e4416c643fc25c.jpg?ver=1777051911\",\"caption\":\"Tuzla Info\"}}]}<\/script>\n<!-- \/ Yoast SEO plugin. -->","yoast_head_json":{"title":"Zbog pogor\u0161ane epidemiolo\u0161ke situacije: Od danas na snazi nove naredbe u TK - TuzlaInfo.ba","robots":{"index":"index","follow":"follow","max-snippet":"max-snippet:-1","max-image-preview":"max-image-preview:large","max-video-preview":"max-video-preview:-1"},"canonical":"https:\/\/tuzlainfo.ba\/index.php\/novosti\/item\/151750-zbog-pogorsane-epidemioloske-situacije-od-danas-na-snazi-nove-naredbe-u-tk\/","og_locale":"bs_BA","og_type":"article","og_title":"Zbog pogor\u0161ane epidemiolo\u0161ke situacije: Od danas na snazi nove naredbe u TK - TuzlaInfo.ba","og_description":"Vlada je danas usvojila Naredbu Kriznog \u0161taba Ministarstva zdravstva Tuzlanskog kantona. Naime, zbog trenutne higijensko&hellip;","og_url":"https:\/\/tuzlainfo.ba\/index.php\/novosti\/item\/151750-zbog-pogorsane-epidemioloske-situacije-od-danas-na-snazi-nove-naredbe-u-tk\/","og_site_name":"TuzlaInfo.ba","article_publisher":"https:\/\/www.facebook.com\/tuzlainfo.ba\/","article_published_time":"2021-10-22T07:30:47+00:00","article_modified_time":"2021-10-22T11:54:42+00:00","og_image":[{"width":940,"height":529,"url":"https:\/\/tuzlainfo.ba\/wp-content\/uploads\/2021\/08\/3108_maske.jpeg","type":"image\/jpeg"}],"author":"Tuzla Info","twitter_card":"summary_large_image","twitter_misc":{"Written by":"Tuzla Info","Est. reading time":"3 minute"},"schema":{"@context":"https:\/\/schema.org","@graph":[{"@type":"Article","@id":"https:\/\/tuzlainfo.ba\/index.php\/novosti\/item\/151750-zbog-pogorsane-epidemioloske-situacije-od-danas-na-snazi-nove-naredbe-u-tk\/#article","isPartOf":{"@id":"https:\/\/tuzlainfo.ba\/index.php\/novosti\/item\/151750-zbog-pogorsane-epidemioloske-situacije-od-danas-na-snazi-nove-naredbe-u-tk\/"},"author":{"name":"Tuzla Info","@id":"https:\/\/tuzlainfo.ba\/#\/schema\/person\/46cad4c57790cbc50781edd14870825a"},"headline":"Zbog pogor\u0161ane epidemiolo\u0161ke situacije: Od danas na snazi nove naredbe u TK","datePublished":"2021-10-22T07:30:47+00:00","dateModified":"2021-10-22T11:54:42+00:00","mainEntityOfPage":{"@id":"https:\/\/tuzlainfo.ba\/index.php\/novosti\/item\/151750-zbog-pogorsane-epidemioloske-situacije-od-danas-na-snazi-nove-naredbe-u-tk\/"},"wordCount":634,"commentCount":0,"publisher":{"@id":"https:\/\/tuzlainfo.ba\/#organization"},"image":{"@id":"https:\/\/tuzlainfo.ba\/index.php\/novosti\/item\/151750-zbog-pogorsane-epidemioloske-situacije-od-danas-na-snazi-nove-naredbe-u-tk\/#primaryimage"},"thumbnailUrl":"https:\/\/tuzlainfo.ba\/wp-content\/uploads\/2021\/08\/3108_maske.jpeg","keywords":["naredbe","vlada tk"],"articleSection":["Istaknuto","Novosti","Preporu\u010dujemo"],"inLanguage":"bs-BA"},{"@type":"WebPage","@id":"https:\/\/tuzlainfo.ba\/index.php\/novosti\/item\/151750-zbog-pogorsane-epidemioloske-situacije-od-danas-na-snazi-nove-naredbe-u-tk\/","url":"https:\/\/tuzlainfo.ba\/index.php\/novosti\/item\/151750-zbog-pogorsane-epidemioloske-situacije-od-danas-na-snazi-nove-naredbe-u-tk\/","name":"Zbog pogor\u0161ane epidemiolo\u0161ke situacije: Od danas na snazi nove naredbe u TK - TuzlaInfo.ba","isPartOf":{"@id":"https:\/\/tuzlainfo.ba\/#website"},"primaryImageOfPage":{"@id":"https:\/\/tuzlainfo.ba\/index.php\/novosti\/item\/151750-zbog-pogorsane-epidemioloske-situacije-od-danas-na-snazi-nove-naredbe-u-tk\/#primaryimage"},"image":{"@id":"https:\/\/tuzlainfo.ba\/index.php\/novosti\/item\/151750-zbog-pogorsane-epidemioloske-situacije-od-danas-na-snazi-nove-naredbe-u-tk\/#primaryimage"},"thumbnailUrl":"https:\/\/tuzlainfo.ba\/wp-content\/uploads\/2021\/08\/3108_maske.jpeg","datePublished":"2021-10-22T07:30:47+00:00","dateModified":"2021-10-22T11:54:42+00:00","breadcrumb":{"@id":"https:\/\/tuzlainfo.ba\/index.php\/novosti\/item\/151750-zbog-pogorsane-epidemioloske-situacije-od-danas-na-snazi-nove-naredbe-u-tk\/#breadcrumb"},"inLanguage":"bs-BA","potentialAction":[{"@type":"ReadAction","target":["https:\/\/tuzlainfo.ba\/index.php\/novosti\/item\/151750-zbog-pogorsane-epidemioloske-situacije-od-danas-na-snazi-nove-naredbe-u-tk\/"]}]},{"@type":"ImageObject","inLanguage":"bs-BA","@id":"https:\/\/tuzlainfo.ba\/index.php\/novosti\/item\/151750-zbog-pogorsane-epidemioloske-situacije-od-danas-na-snazi-nove-naredbe-u-tk\/#primaryimage","url":"https:\/\/tuzlainfo.ba\/wp-content\/uploads\/2021\/08\/3108_maske.jpeg","contentUrl":"https:\/\/tuzlainfo.ba\/wp-content\/uploads\/2021\/08\/3108_maske.jpeg","width":940,"height":529,"caption":"Foto: N1"},{"@type":"BreadcrumbList","@id":"https:\/\/tuzlainfo.ba\/index.php\/novosti\/item\/151750-zbog-pogorsane-epidemioloske-situacije-od-danas-na-snazi-nove-naredbe-u-tk\/#breadcrumb","itemListElement":[{"@type":"ListItem","position":1,"name":"Home","item":"https:\/\/tuzlainfo.ba\/"},{"@type":"ListItem","position":2,"name":"Zbog pogor\u0161ane epidemiolo\u0161ke situacije: Od danas na snazi nove naredbe u TK"}]},{"@type":"WebSite","@id":"https:\/\/tuzlainfo.ba\/#website","url":"https:\/\/tuzlainfo.ba\/","name":"TuzlaInfo.ba","description":"Tuzla info, gradski informator - Tuzla na dlanu","publisher":{"@id":"https:\/\/tuzlainfo.ba\/#organization"},"potentialAction":[{"@type":"SearchAction","target":{"@type":"EntryPoint","urlTemplate":"https:\/\/tuzlainfo.ba\/?s={search_term_string}"},"query-input":{"@type":"PropertyValueSpecification","valueRequired":true,"valueName":"search_term_string"}}],"inLanguage":"bs-BA"},{"@type":"Organization","@id":"https:\/\/tuzlainfo.ba\/#organization","name":"TuzlaInfo.ba","url":"https:\/\/tuzlainfo.ba\/","logo":{"@type":"ImageObject","inLanguage":"bs-BA","@id":"https:\/\/tuzlainfo.ba\/#\/schema\/logo\/image\/","url":"https:\/\/tuzlainfo.ba\/wp-content\/uploads\/2021\/03\/logo-ver-3-1.png","contentUrl":"https:\/\/tuzlainfo.ba\/wp-content\/uploads\/2021\/03\/logo-ver-3-1.png","width":350,"height":95,"caption":"TuzlaInfo.ba"},"image":{"@id":"https:\/\/tuzlainfo.ba\/#\/schema\/logo\/image\/"},"sameAs":["https:\/\/www.facebook.com\/tuzlainfo.ba\/"]},{"@type":"Person","@id":"https:\/\/tuzlainfo.ba\/#\/schema\/person\/46cad4c57790cbc50781edd14870825a","name":"Tuzla Info","image":{"@type":"ImageObject","inLanguage":"bs-BA","@id":"https:\/\/tuzlainfo.ba\/#\/schema\/person\/image\/","url":"https:\/\/tuzlainfo.ba\/wp-content\/litespeed\/avatar\/b6c453a6c38e3654f2e4416c643fc25c.jpg?ver=1777051911","contentUrl":"https:\/\/tuzlainfo.ba\/wp-content\/litespeed\/avatar\/b6c453a6c38e3654f2e4416c643fc25c.jpg?ver=1777051911","caption":"Tuzla Info"}}]}},"_links":{"self":[{"href":"https:\/\/tuzlainfo.ba\/index.php\/wp-json\/wp\/v2\/posts\/151750"}],"collection":[{"href":"https:\/\/tuzlainfo.ba\/index.php\/wp-json\/wp\/v2\/posts"}],"about":[{"href":"https:\/\/tuzlainfo.ba\/index.php\/wp-json\/wp\/v2\/types\/post"}],"author":[{"embeddable":true,"href":"https:\/\/tuzlainfo.ba\/index.php\/wp-json\/wp\/v2\/users\/4"}],"replies":[{"embeddable":true,"href":"https:\/\/tuzlainfo.ba\/index.php\/wp-json\/wp\/v2\/comments?post=151750"}],"version-history":[{"count":0,"href":"https:\/\/tuzlainfo.ba\/index.php\/wp-json\/wp\/v2\/posts\/151750\/revisions"}],"wp:featuredmedia":[{"embeddable":true,"href":"https:\/\/tuzlainfo.ba\/index.php\/wp-json\/wp\/v2\/media\/146389"}],"wp:attachment":[{"href":"https:\/\/tuzlainfo.ba\/index.php\/wp-json\/wp\/v2\/media?parent=151750"}],"wp:term":[{"taxonomy":"category","embeddable":true,"href":"https:\/\/tuzlainfo.ba\/index.php\/wp-json\/wp\/v2\/categories?post=151750"},{"taxonomy":"post_tag","embeddable":true,"href":"https:\/\/tuzlainfo.ba\/index.php\/wp-json\/wp\/v2\/tags?post=151750"}],"curies":[{"name":"wp","href":"https:\/\/api.w.org\/{rel}","templated":true}]}}