{"id":151740,"date":"2021-10-22T09:30:53","date_gmt":"2021-10-22T07:30:53","guid":{"rendered":"https:\/\/tuzlainfo.ba\/?p=151740"},"modified":"2021-10-22T08:39:57","modified_gmt":"2021-10-22T06:39:57","slug":"kovacevic-schmidt-je-fizicko-lice-koje-se-predstavlja-kao-visoki-predstavnik","status":"publish","type":"post","link":"https:\/\/tuzlainfo.ba\/index.php\/bosna-i-hercegovina\/item\/151740-kovacevic-schmidt-je-fizicko-lice-koje-se-predstavlja-kao-visoki-predstavnik\/","title":{"rendered":"Kova\u010devi\u0107: Schmidt je fizi\u010dko lice koje se predstavlja kao visoki predstavnik"},"content":{"rendered":"<p>Radovan Kova\u010devi\u0107, savjetnik srpskog \u010dlana Predsjedni\u0161tva BiH Milorada Dodika, rekao je da u BiH vi\u0161e ne postoji visoki predstavnik, te da bi Christian Schmidt prvo trebalo da obezbijedi relevantnu rezoluciju Savjeta bezbjednosti UN, kako to predvi\u0111a Dejtonski mirovni sporazum, odnosno Aneks 10.<\/p>\n<p>&nbsp;<\/p>\n<p>Kova\u010devi\u0107 je podsjetio da je Aneks 10 jedini relevantan kada je u pitanju imenovanje visokog predstavnika, kao i njegove funkcije i nadle\u017enosti.<\/p>\n<p>&nbsp;<\/p>\n<p>\u2013 Onog trenutka kada pribavi jednu takvu rezoluciju, onda \u0107emo mo\u0107i da se osvr\u0107emo na njegove komentare, ali moramo odmah da ga upozorimo da ni tada ne\u0107e biti relevantan da bilo koga sankcioni\u0161e ili donosi bilo kakve mjere, jer na to nema pravo ni visoki predstavnik, a pogotovo neko fizi\u010dko lice koje se predstavlja kao visoki predstavnik \u2013 istakao je Kova\u010devi\u0107 za RTRS komentari\u0161u\u0107i Schmidtovu izjavu da potezi institucija Republike Srpske predstavljaju politi\u010dke igre i napad na integritet BiH.<\/p>\n<p>&nbsp;<\/p>\n<p>On je naglasio da je \u201cposljednji visoki predstavnik bio sramni Valentin Incko koji je stvorio sve ove probleme u BiH i izazvao najve\u0107u krizu od potpisivanja Dejtonskog sporazuma i od kraja rata\u201d.<\/p>\n<p>&nbsp;<\/p>\n<p>\u2013 To je njaslje\u0111e posljednjeg visokog predstavnika, a i sve drugo \u0161to imamo kada su u pitanju visoki predstavnici, svi oni poslije Karla Bilta, je sramno nasilje protiv Dejtonskog sporazuma, BiH, gra\u0111ana BiH i protiv Srba i Republike Srpske \u2013 istakao je Kova\u010devi\u0107.<\/p>\n<p>&nbsp;<\/p>\n<p>On je poru\u010dio da Republika Srpska takvo \u201cne\u0161to \u0161to ne planira dopustiti bilo kome, a pogotovo ne nekome ko je umislio da je visoki predstavnik\u201d prenosi RTRS.<\/p>\n","protected":false},"excerpt":{"rendered":"<p>Radovan Kova\u010devi\u0107, savjetnik srpskog \u010dlana Predsjedni\u0161tva BiH Milorada Dodika, rekao je da u BiH vi\u0161e&hellip;<\/p>\n","protected":false},"author":4,"featured_media":142505,"comment_status":"open","ping_status":"closed","sticky":false,"template":"","format":"standard","meta":{"_acf_changed":false,"footnotes":""},"categories":[291],"tags":[1374,2569],"acf":[],"yoast_head":"<!-- This site is optimized with the Yoast SEO plugin v23.5 - https:\/\/yoast.com\/wordpress\/plugins\/seo\/ -->\n<title>Kova\u010devi\u0107: Schmidt je fizi\u010dko lice koje se predstavlja kao visoki predstavnik - TuzlaInfo.ba<\/title>\n<meta name=\"robots\" content=\"index, follow, max-snippet:-1, max-image-preview:large, max-video-preview:-1\" \/>\n<link rel=\"canonical\" href=\"https:\/\/tuzlainfo.ba\/index.php\/bosna-i-hercegovina\/item\/151740-kovacevic-schmidt-je-fizicko-lice-koje-se-predstavlja-kao-visoki-predstavnik\/\" \/>\n<meta property=\"og:locale\" content=\"bs_BA\" \/>\n<meta property=\"og:type\" content=\"article\" \/>\n<meta property=\"og:title\" content=\"Kova\u010devi\u0107: Schmidt je fizi\u010dko lice koje se predstavlja kao visoki predstavnik - TuzlaInfo.ba\" \/>\n<meta property=\"og:description\" content=\"Radovan Kova\u010devi\u0107, savjetnik srpskog \u010dlana Predsjedni\u0161tva BiH Milorada Dodika, rekao je da u BiH vi\u0161e&hellip;\" \/>\n<meta property=\"og:url\" content=\"https:\/\/tuzlainfo.ba\/index.php\/bosna-i-hercegovina\/item\/151740-kovacevic-schmidt-je-fizicko-lice-koje-se-predstavlja-kao-visoki-predstavnik\/\" \/>\n<meta property=\"og:site_name\" content=\"TuzlaInfo.ba\" \/>\n<meta property=\"article:publisher\" content=\"https:\/\/www.facebook.com\/tuzlainfo.ba\/\" \/>\n<meta property=\"article:published_time\" content=\"2021-10-22T07:30:53+00:00\" \/>\n<meta property=\"article:modified_time\" content=\"2021-10-22T06:39:57+00:00\" \/>\n<meta property=\"og:image\" content=\"https:\/\/tuzlainfo.ba\/wp-content\/uploads\/2021\/07\/2107radovankovacevic.jpg\" \/>\n\t<meta property=\"og:image:width\" content=\"850\" \/>\n\t<meta property=\"og:image:height\" content=\"567\" \/>\n\t<meta property=\"og:image:type\" content=\"image\/jpeg\" \/>\n<meta name=\"author\" content=\"Tuzla Info\" \/>\n<meta name=\"twitter:card\" content=\"summary_large_image\" \/>\n<meta name=\"twitter:label1\" content=\"Written by\" \/>\n\t<meta name=\"twitter:data1\" content=\"Tuzla Info\" \/>\n\t<meta name=\"twitter:label2\" content=\"Est. reading time\" \/>\n\t<meta name=\"twitter:data2\" content=\"1 minuta\" \/>\n<script type=\"application\/ld+json\" class=\"yoast-schema-graph\">{\"@context\":\"https:\/\/schema.org\",\"@graph\":[{\"@type\":\"Article\",\"@id\":\"https:\/\/tuzlainfo.ba\/index.php\/bosna-i-hercegovina\/item\/151740-kovacevic-schmidt-je-fizicko-lice-koje-se-predstavlja-kao-visoki-predstavnik\/#article\",\"isPartOf\":{\"@id\":\"https:\/\/tuzlainfo.ba\/index.php\/bosna-i-hercegovina\/item\/151740-kovacevic-schmidt-je-fizicko-lice-koje-se-predstavlja-kao-visoki-predstavnik\/\"},\"author\":{\"name\":\"Tuzla Info\",\"@id\":\"https:\/\/tuzlainfo.ba\/#\/schema\/person\/46cad4c57790cbc50781edd14870825a\"},\"headline\":\"Kova\u010devi\u0107: Schmidt je fizi\u010dko lice koje se predstavlja kao visoki predstavnik\",\"datePublished\":\"2021-10-22T07:30:53+00:00\",\"dateModified\":\"2021-10-22T06:39:57+00:00\",\"mainEntityOfPage\":{\"@id\":\"https:\/\/tuzlainfo.ba\/index.php\/bosna-i-hercegovina\/item\/151740-kovacevic-schmidt-je-fizicko-lice-koje-se-predstavlja-kao-visoki-predstavnik\/\"},\"wordCount\":278,\"commentCount\":0,\"publisher\":{\"@id\":\"https:\/\/tuzlainfo.ba\/#organization\"},\"image\":{\"@id\":\"https:\/\/tuzlainfo.ba\/index.php\/bosna-i-hercegovina\/item\/151740-kovacevic-schmidt-je-fizicko-lice-koje-se-predstavlja-kao-visoki-predstavnik\/#primaryimage\"},\"thumbnailUrl\":\"https:\/\/tuzlainfo.ba\/wp-content\/uploads\/2021\/07\/2107radovankovacevic.jpg\",\"keywords\":[\"Christian Schmidt\",\"radovan kova\u010devi\u0107\"],\"articleSection\":[\"Bosna i Hercegovina\"],\"inLanguage\":\"bs-BA\"},{\"@type\":\"WebPage\",\"@id\":\"https:\/\/tuzlainfo.ba\/index.php\/bosna-i-hercegovina\/item\/151740-kovacevic-schmidt-je-fizicko-lice-koje-se-predstavlja-kao-visoki-predstavnik\/\",\"url\":\"https:\/\/tuzlainfo.ba\/index.php\/bosna-i-hercegovina\/item\/151740-kovacevic-schmidt-je-fizicko-lice-koje-se-predstavlja-kao-visoki-predstavnik\/\",\"name\":\"Kova\u010devi\u0107: Schmidt je fizi\u010dko lice koje se predstavlja kao visoki predstavnik - TuzlaInfo.ba\",\"isPartOf\":{\"@id\":\"https:\/\/tuzlainfo.ba\/#website\"},\"primaryImageOfPage\":{\"@id\":\"https:\/\/tuzlainfo.ba\/index.php\/bosna-i-hercegovina\/item\/151740-kovacevic-schmidt-je-fizicko-lice-koje-se-predstavlja-kao-visoki-predstavnik\/#primaryimage\"},\"image\":{\"@id\":\"https:\/\/tuzlainfo.ba\/index.php\/bosna-i-hercegovina\/item\/151740-kovacevic-schmidt-je-fizicko-lice-koje-se-predstavlja-kao-visoki-predstavnik\/#primaryimage\"},\"thumbnailUrl\":\"https:\/\/tuzlainfo.ba\/wp-content\/uploads\/2021\/07\/2107radovankovacevic.jpg\",\"datePublished\":\"2021-10-22T07:30:53+00:00\",\"dateModified\":\"2021-10-22T06:39:57+00:00\",\"breadcrumb\":{\"@id\":\"https:\/\/tuzlainfo.ba\/index.php\/bosna-i-hercegovina\/item\/151740-kovacevic-schmidt-je-fizicko-lice-koje-se-predstavlja-kao-visoki-predstavnik\/#breadcrumb\"},\"inLanguage\":\"bs-BA\",\"potentialAction\":[{\"@type\":\"ReadAction\",\"target\":[\"https:\/\/tuzlainfo.ba\/index.php\/bosna-i-hercegovina\/item\/151740-kovacevic-schmidt-je-fizicko-lice-koje-se-predstavlja-kao-visoki-predstavnik\/\"]}]},{\"@type\":\"ImageObject\",\"inLanguage\":\"bs-BA\",\"@id\":\"https:\/\/tuzlainfo.ba\/index.php\/bosna-i-hercegovina\/item\/151740-kovacevic-schmidt-je-fizicko-lice-koje-se-predstavlja-kao-visoki-predstavnik\/#primaryimage\",\"url\":\"https:\/\/tuzlainfo.ba\/wp-content\/uploads\/2021\/07\/2107radovankovacevic.jpg\",\"contentUrl\":\"https:\/\/tuzlainfo.ba\/wp-content\/uploads\/2021\/07\/2107radovankovacevic.jpg\",\"width\":850,\"height\":567},{\"@type\":\"BreadcrumbList\",\"@id\":\"https:\/\/tuzlainfo.ba\/index.php\/bosna-i-hercegovina\/item\/151740-kovacevic-schmidt-je-fizicko-lice-koje-se-predstavlja-kao-visoki-predstavnik\/#breadcrumb\",\"itemListElement\":[{\"@type\":\"ListItem\",\"position\":1,\"name\":\"Home\",\"item\":\"https:\/\/tuzlainfo.ba\/\"},{\"@type\":\"ListItem\",\"position\":2,\"name\":\"Kova\u010devi\u0107: Schmidt je fizi\u010dko lice koje se predstavlja kao visoki predstavnik\"}]},{\"@type\":\"WebSite\",\"@id\":\"https:\/\/tuzlainfo.ba\/#website\",\"url\":\"https:\/\/tuzlainfo.ba\/\",\"name\":\"TuzlaInfo.ba\",\"description\":\"Tuzla info, gradski informator - Tuzla na dlanu\",\"publisher\":{\"@id\":\"https:\/\/tuzlainfo.ba\/#organization\"},\"potentialAction\":[{\"@type\":\"SearchAction\",\"target\":{\"@type\":\"EntryPoint\",\"urlTemplate\":\"https:\/\/tuzlainfo.ba\/?s={search_term_string}\"},\"query-input\":{\"@type\":\"PropertyValueSpecification\",\"valueRequired\":true,\"valueName\":\"search_term_string\"}}],\"inLanguage\":\"bs-BA\"},{\"@type\":\"Organization\",\"@id\":\"https:\/\/tuzlainfo.ba\/#organization\",\"name\":\"TuzlaInfo.ba\",\"url\":\"https:\/\/tuzlainfo.ba\/\",\"logo\":{\"@type\":\"ImageObject\",\"inLanguage\":\"bs-BA\",\"@id\":\"https:\/\/tuzlainfo.ba\/#\/schema\/logo\/image\/\",\"url\":\"https:\/\/tuzlainfo.ba\/wp-content\/uploads\/2021\/03\/logo-ver-3-1.png\",\"contentUrl\":\"https:\/\/tuzlainfo.ba\/wp-content\/uploads\/2021\/03\/logo-ver-3-1.png\",\"width\":350,\"height\":95,\"caption\":\"TuzlaInfo.ba\"},\"image\":{\"@id\":\"https:\/\/tuzlainfo.ba\/#\/schema\/logo\/image\/\"},\"sameAs\":[\"https:\/\/www.facebook.com\/tuzlainfo.ba\/\"]},{\"@type\":\"Person\",\"@id\":\"https:\/\/tuzlainfo.ba\/#\/schema\/person\/46cad4c57790cbc50781edd14870825a\",\"name\":\"Tuzla Info\",\"image\":{\"@type\":\"ImageObject\",\"inLanguage\":\"bs-BA\",\"@id\":\"https:\/\/tuzlainfo.ba\/#\/schema\/person\/image\/\",\"url\":\"https:\/\/tuzlainfo.ba\/wp-content\/litespeed\/avatar\/b6c453a6c38e3654f2e4416c643fc25c.jpg?ver=1777656712\",\"contentUrl\":\"https:\/\/tuzlainfo.ba\/wp-content\/litespeed\/avatar\/b6c453a6c38e3654f2e4416c643fc25c.jpg?ver=1777656712\",\"caption\":\"Tuzla Info\"}}]}<\/script>\n<!-- \/ Yoast SEO plugin. -->","yoast_head_json":{"title":"Kova\u010devi\u0107: Schmidt je fizi\u010dko lice koje se predstavlja kao visoki predstavnik - TuzlaInfo.ba","robots":{"index":"index","follow":"follow","max-snippet":"max-snippet:-1","max-image-preview":"max-image-preview:large","max-video-preview":"max-video-preview:-1"},"canonical":"https:\/\/tuzlainfo.ba\/index.php\/bosna-i-hercegovina\/item\/151740-kovacevic-schmidt-je-fizicko-lice-koje-se-predstavlja-kao-visoki-predstavnik\/","og_locale":"bs_BA","og_type":"article","og_title":"Kova\u010devi\u0107: Schmidt je fizi\u010dko lice koje se predstavlja kao visoki predstavnik - TuzlaInfo.ba","og_description":"Radovan Kova\u010devi\u0107, savjetnik srpskog \u010dlana Predsjedni\u0161tva BiH Milorada Dodika, rekao je da u BiH vi\u0161e&hellip;","og_url":"https:\/\/tuzlainfo.ba\/index.php\/bosna-i-hercegovina\/item\/151740-kovacevic-schmidt-je-fizicko-lice-koje-se-predstavlja-kao-visoki-predstavnik\/","og_site_name":"TuzlaInfo.ba","article_publisher":"https:\/\/www.facebook.com\/tuzlainfo.ba\/","article_published_time":"2021-10-22T07:30:53+00:00","article_modified_time":"2021-10-22T06:39:57+00:00","og_image":[{"width":850,"height":567,"url":"https:\/\/tuzlainfo.ba\/wp-content\/uploads\/2021\/07\/2107radovankovacevic.jpg","type":"image\/jpeg"}],"author":"Tuzla Info","twitter_card":"summary_large_image","twitter_misc":{"Written by":"Tuzla Info","Est. reading time":"1 minuta"},"schema":{"@context":"https:\/\/schema.org","@graph":[{"@type":"Article","@id":"https:\/\/tuzlainfo.ba\/index.php\/bosna-i-hercegovina\/item\/151740-kovacevic-schmidt-je-fizicko-lice-koje-se-predstavlja-kao-visoki-predstavnik\/#article","isPartOf":{"@id":"https:\/\/tuzlainfo.ba\/index.php\/bosna-i-hercegovina\/item\/151740-kovacevic-schmidt-je-fizicko-lice-koje-se-predstavlja-kao-visoki-predstavnik\/"},"author":{"name":"Tuzla Info","@id":"https:\/\/tuzlainfo.ba\/#\/schema\/person\/46cad4c57790cbc50781edd14870825a"},"headline":"Kova\u010devi\u0107: Schmidt je fizi\u010dko lice koje se predstavlja kao visoki predstavnik","datePublished":"2021-10-22T07:30:53+00:00","dateModified":"2021-10-22T06:39:57+00:00","mainEntityOfPage":{"@id":"https:\/\/tuzlainfo.ba\/index.php\/bosna-i-hercegovina\/item\/151740-kovacevic-schmidt-je-fizicko-lice-koje-se-predstavlja-kao-visoki-predstavnik\/"},"wordCount":278,"commentCount":0,"publisher":{"@id":"https:\/\/tuzlainfo.ba\/#organization"},"image":{"@id":"https:\/\/tuzlainfo.ba\/index.php\/bosna-i-hercegovina\/item\/151740-kovacevic-schmidt-je-fizicko-lice-koje-se-predstavlja-kao-visoki-predstavnik\/#primaryimage"},"thumbnailUrl":"https:\/\/tuzlainfo.ba\/wp-content\/uploads\/2021\/07\/2107radovankovacevic.jpg","keywords":["Christian Schmidt","radovan kova\u010devi\u0107"],"articleSection":["Bosna i Hercegovina"],"inLanguage":"bs-BA"},{"@type":"WebPage","@id":"https:\/\/tuzlainfo.ba\/index.php\/bosna-i-hercegovina\/item\/151740-kovacevic-schmidt-je-fizicko-lice-koje-se-predstavlja-kao-visoki-predstavnik\/","url":"https:\/\/tuzlainfo.ba\/index.php\/bosna-i-hercegovina\/item\/151740-kovacevic-schmidt-je-fizicko-lice-koje-se-predstavlja-kao-visoki-predstavnik\/","name":"Kova\u010devi\u0107: Schmidt je fizi\u010dko lice koje se predstavlja kao visoki predstavnik - TuzlaInfo.ba","isPartOf":{"@id":"https:\/\/tuzlainfo.ba\/#website"},"primaryImageOfPage":{"@id":"https:\/\/tuzlainfo.ba\/index.php\/bosna-i-hercegovina\/item\/151740-kovacevic-schmidt-je-fizicko-lice-koje-se-predstavlja-kao-visoki-predstavnik\/#primaryimage"},"image":{"@id":"https:\/\/tuzlainfo.ba\/index.php\/bosna-i-hercegovina\/item\/151740-kovacevic-schmidt-je-fizicko-lice-koje-se-predstavlja-kao-visoki-predstavnik\/#primaryimage"},"thumbnailUrl":"https:\/\/tuzlainfo.ba\/wp-content\/uploads\/2021\/07\/2107radovankovacevic.jpg","datePublished":"2021-10-22T07:30:53+00:00","dateModified":"2021-10-22T06:39:57+00:00","breadcrumb":{"@id":"https:\/\/tuzlainfo.ba\/index.php\/bosna-i-hercegovina\/item\/151740-kovacevic-schmidt-je-fizicko-lice-koje-se-predstavlja-kao-visoki-predstavnik\/#breadcrumb"},"inLanguage":"bs-BA","potentialAction":[{"@type":"ReadAction","target":["https:\/\/tuzlainfo.ba\/index.php\/bosna-i-hercegovina\/item\/151740-kovacevic-schmidt-je-fizicko-lice-koje-se-predstavlja-kao-visoki-predstavnik\/"]}]},{"@type":"ImageObject","inLanguage":"bs-BA","@id":"https:\/\/tuzlainfo.ba\/index.php\/bosna-i-hercegovina\/item\/151740-kovacevic-schmidt-je-fizicko-lice-koje-se-predstavlja-kao-visoki-predstavnik\/#primaryimage","url":"https:\/\/tuzlainfo.ba\/wp-content\/uploads\/2021\/07\/2107radovankovacevic.jpg","contentUrl":"https:\/\/tuzlainfo.ba\/wp-content\/uploads\/2021\/07\/2107radovankovacevic.jpg","width":850,"height":567},{"@type":"BreadcrumbList","@id":"https:\/\/tuzlainfo.ba\/index.php\/bosna-i-hercegovina\/item\/151740-kovacevic-schmidt-je-fizicko-lice-koje-se-predstavlja-kao-visoki-predstavnik\/#breadcrumb","itemListElement":[{"@type":"ListItem","position":1,"name":"Home","item":"https:\/\/tuzlainfo.ba\/"},{"@type":"ListItem","position":2,"name":"Kova\u010devi\u0107: Schmidt je fizi\u010dko lice koje se predstavlja kao visoki predstavnik"}]},{"@type":"WebSite","@id":"https:\/\/tuzlainfo.ba\/#website","url":"https:\/\/tuzlainfo.ba\/","name":"TuzlaInfo.ba","description":"Tuzla info, gradski informator - Tuzla na dlanu","publisher":{"@id":"https:\/\/tuzlainfo.ba\/#organization"},"potentialAction":[{"@type":"SearchAction","target":{"@type":"EntryPoint","urlTemplate":"https:\/\/tuzlainfo.ba\/?s={search_term_string}"},"query-input":{"@type":"PropertyValueSpecification","valueRequired":true,"valueName":"search_term_string"}}],"inLanguage":"bs-BA"},{"@type":"Organization","@id":"https:\/\/tuzlainfo.ba\/#organization","name":"TuzlaInfo.ba","url":"https:\/\/tuzlainfo.ba\/","logo":{"@type":"ImageObject","inLanguage":"bs-BA","@id":"https:\/\/tuzlainfo.ba\/#\/schema\/logo\/image\/","url":"https:\/\/tuzlainfo.ba\/wp-content\/uploads\/2021\/03\/logo-ver-3-1.png","contentUrl":"https:\/\/tuzlainfo.ba\/wp-content\/uploads\/2021\/03\/logo-ver-3-1.png","width":350,"height":95,"caption":"TuzlaInfo.ba"},"image":{"@id":"https:\/\/tuzlainfo.ba\/#\/schema\/logo\/image\/"},"sameAs":["https:\/\/www.facebook.com\/tuzlainfo.ba\/"]},{"@type":"Person","@id":"https:\/\/tuzlainfo.ba\/#\/schema\/person\/46cad4c57790cbc50781edd14870825a","name":"Tuzla Info","image":{"@type":"ImageObject","inLanguage":"bs-BA","@id":"https:\/\/tuzlainfo.ba\/#\/schema\/person\/image\/","url":"https:\/\/tuzlainfo.ba\/wp-content\/litespeed\/avatar\/b6c453a6c38e3654f2e4416c643fc25c.jpg?ver=1777656712","contentUrl":"https:\/\/tuzlainfo.ba\/wp-content\/litespeed\/avatar\/b6c453a6c38e3654f2e4416c643fc25c.jpg?ver=1777656712","caption":"Tuzla Info"}}]}},"_links":{"self":[{"href":"https:\/\/tuzlainfo.ba\/index.php\/wp-json\/wp\/v2\/posts\/151740"}],"collection":[{"href":"https:\/\/tuzlainfo.ba\/index.php\/wp-json\/wp\/v2\/posts"}],"about":[{"href":"https:\/\/tuzlainfo.ba\/index.php\/wp-json\/wp\/v2\/types\/post"}],"author":[{"embeddable":true,"href":"https:\/\/tuzlainfo.ba\/index.php\/wp-json\/wp\/v2\/users\/4"}],"replies":[{"embeddable":true,"href":"https:\/\/tuzlainfo.ba\/index.php\/wp-json\/wp\/v2\/comments?post=151740"}],"version-history":[{"count":0,"href":"https:\/\/tuzlainfo.ba\/index.php\/wp-json\/wp\/v2\/posts\/151740\/revisions"}],"wp:featuredmedia":[{"embeddable":true,"href":"https:\/\/tuzlainfo.ba\/index.php\/wp-json\/wp\/v2\/media\/142505"}],"wp:attachment":[{"href":"https:\/\/tuzlainfo.ba\/index.php\/wp-json\/wp\/v2\/media?parent=151740"}],"wp:term":[{"taxonomy":"category","embeddable":true,"href":"https:\/\/tuzlainfo.ba\/index.php\/wp-json\/wp\/v2\/categories?post=151740"},{"taxonomy":"post_tag","embeddable":true,"href":"https:\/\/tuzlainfo.ba\/index.php\/wp-json\/wp\/v2\/tags?post=151740"}],"curies":[{"name":"wp","href":"https:\/\/api.w.org\/{rel}","templated":true}]}}