{"id":151570,"date":"2021-10-20T15:29:05","date_gmt":"2021-10-20T13:29:05","guid":{"rendered":"https:\/\/tuzlainfo.ba\/?p=151570"},"modified":"2021-10-20T15:29:05","modified_gmt":"2021-10-20T13:29:05","slug":"odrzan-sastanak-ministara-policije-u-fbih-necemo-nasjesti-na-dodikove-ratno-huskacke-poruke","status":"publish","type":"post","link":"https:\/\/tuzlainfo.ba\/index.php\/bosna-i-hercegovina\/item\/151570-odrzan-sastanak-ministara-policije-u-fbih-necemo-nasjesti-na-dodikove-ratno-huskacke-poruke\/","title":{"rendered":"Odr\u017ean sastanak ministara policije u FBiH: Ne\u0107emo nasjesti na Dodikove ratno-hu\u0161ka\u010dke poruke"},"content":{"rendered":"<div id=\"excerpt\" class=\"mt-5 md:mt-2 xl:mt-3 mb-5 font-sans font-semibold text-lg lg:text-xl leading-6 md:leading-7\">\n<p class=\"lead\">U Policijskoj akademiji Federalnog ministarstva unutra\u0161njih poslova (FMUP) danas je odr\u017ean 1. radni sastanak Koordinacije ministara unutra\u0161njih poslova u Federaciji Bosne i Hercegovine, a koji je sazvao federalni ministar Aljo\u0161a \u010campara.<\/p>\n<\/div>\n<div id=\"text\" class=\"break-words mt-3 prose prose-md prose-indigo text-lg lg:text-xl space-y-4 mb-3 leading-6 md:leading-7\">\n<p>U saop\u0107enju se navodi da ministri unutra\u0161njih poslova u Federaciji BiH garantuju gra\u0111anima Bosne i Hercegovine mir i sigurnost te osu\u0111uju izjave svih pojedinaca kojim se poziva na naru\u0161avanje ustavno-pravne strukture Bosne i Hercegovine.<\/p>\n<p>&#8220;Policijske strukture u Federaciji BiH ne\u0107e nasjesti na ratno-hu\u0161ka\u010dke poruke predsjednika SNSD-a Milorada Dodika, odnosno ne\u0107e postati partneri SNSD-u u dizanju tenzija i destabilizaciji Bosne i Hercegovine. Ministri unutra\u0161njih poslova posebno isti\u010du da je sigurnosni aparat Federacije BiH dovoljno kapacitiran da se sa dr\u017eavnim sigurnosnim aparatom suprotstavi pojavnim oblicima ka\u017enjivih pona\u0161anja pa i onih usmjerenih protiv ustavnog poretka te pozivaju policijske strukture i nadle\u017ene pravosudne organe da preveniraju bilo kakve incidente koji se \u017eele izazvati destruktivnim pona\u0161anjima&#8221;, naveli su.<\/p>\n<p>Ministri unutra\u0161njih poslova u Federaciji Bosne i Hercegovine svjesni su da je migrantska kriza problem svih nivoa vlasti u Bosni i Hercegovine te da se ne smije dozvoliti da samo odre\u0111eni dijelovi Bosne i Hercegovine trpe pritiske izazvane migrantskom krizom. S tim u vezi, ministri unutra\u0161njih poslova opredijeljeni su da zajedni\u010dkom saradnjom i iniciranjem razmjene ljudskih kapaciteta olak\u0161aju ministarstvima unutra\u0161njih poslova, a koja snose najve\u0107i teret migrantske krize, pritiske s kojim se suo\u010davaju. Ministri unutra\u0161njih poslova pozivaju nadle\u017ene dr\u017eavne organe da kvalitetnije upravljaju migrantskom krizom i da vode ra\u010duna o interesima lokalnih jedinica.<\/p>\n<p>Ministri unutra\u0161njih poslova u Federaciji Bosne i Hercegovine nastavit \u0107e reformu policije u Federaciji BiH, a \u0161to uklju\u010duje izmjene svih zakona o unutra\u0161njim poslovima i zakona o policijskim slu\u017ebenicima na nivou Federacije BiH i kantona. Ministri unutra\u0161njih poslova opredijeljeni su za izradu, dono\u0161enje i primjenu uskla\u0111enih zakonskih rje\u0161enja te \u0107e u tom kontekstu tra\u017eiti od me\u0111unarodnih partnera, a prije svega Ambasade Sjedinjenih Ameri\u010dkih Dr\u017eava (SAD) i Ureda visokog predstavnika me\u0111unarodne zajednice (OHR), da se aktivno uklju\u010de u proces reformisanja policije u entitetu Federacija BiH.<\/p>\n<p>Ministri unutra\u0161njih poslova u Federaciji Bosne i Hercegovine opredjeljeni su za ja\u010danje policijskih struktura u Federaciji BiH, a posebno za eliminisanje utjecaja politike na operativni rad uprava policije. S tim u vezi, ministri unutra\u0161njih poslova obavezali su se da \u0107e raditi na izradi podzakonskih propisa koji \u0107e voditi ja\u010danju i depolitizaciji sigurnosnog sistema u Federaciji BiH.<\/p>\n<p>Ministri unutra\u0161njih poslova u Federaciji Bosne i Hercegovine obaviti \u0107e konsultacije s direktorima i policijskim komesarima uprava policije te \u0107e vladama i organima zakonodavne vlasti predlo\u017eiti pove\u0107anje bud\u017eeta kako bi se oja\u010dale uprave policije u dijelu ljudskih kapaciteta, materijalno-tehni\u010dkih sredstava i sredstava prisile, a sve s ciljem pru\u017eanja ve\u0107eg stepena sigurnosti gra\u0111anima Bosne i Hercegovine.<\/p>\n<p>Ministri unutra\u0161njih poslova u Federaciji Bosne i Hercegovine inicirat \u0107e dono\u0161enje propisa koji \u0107e omogu\u0107iti transparentnije konkursne procedure za prijem policijskih slu\u017ebenika, a \u0161to uklju\u010duje video i tonsko snimanje svih faza konkursa uklju\u010duju\u0107i i provjeru fizi\u010dke sposobnosti, elektronsko generisanje ispitnih pitanja i izradu obavezuju\u0107ih uputstava za \u010dlanove konkursne komisije.<\/p>\n<p>Ministri unutra\u0161njih poslova u Federaciji Bosne i Hercegovine pozivaju sve kantonalne vlade da osna\u017ee urede za borbu protiv korupcije i upravljanje kvalitetom u skladu s preporukama me\u0111unarodnih partnera.<\/p>\n<p>Ministri unutra\u0161njih poslova u Federaciji Bosne i Hercegovine koordinisat \u0107e aktivnosti na pobolj\u0161anju statusa policijskih slu\u017ebenika u Federaciji BiH.<\/p>\n<p>Ministri unutra\u0161njih poslova u Federaciji Bosne i Hercegovine pozivaju policijske slu\u017ebenike i nadle\u017ene pravosudne organe da odlu\u010dno krenu u borbu protiv kriminala i korupcije, a posebno korupcije na visokom nivou.<\/p>\n<p>Ministri unutra\u0161njih poslova u Federaciji Bosne i Hercegovine saglasni su s tim da Policijska akademija Federalnog ministarstva unutra\u0161njih poslova inovira nastavne planove i programe u skladu sa savremenim sigurnosnim trendovima, a s ciljem \u0161to bolje edukacije i obuke kandidata za slu\u017ebu u policiji.<\/p>\n<p>Ministri unutra\u0161njih poslova iskazuju potrebu za izgradnjom savremenog centra za sve vrste specijalisti\u010dkih obuka sa ciljem \u0161to bolje obuke policijskih slu\u017ebenika, prenosi Klix.<\/p>\n<\/div>\n","protected":false},"excerpt":{"rendered":"<p>U Policijskoj akademiji Federalnog ministarstva unutra\u0161njih poslova (FMUP) danas je odr\u017ean 1. radni sastanak Koordinacije&hellip;<\/p>\n","protected":false},"author":4,"featured_media":151571,"comment_status":"open","ping_status":"closed","sticky":false,"template":"","format":"standard","meta":{"_acf_changed":false,"footnotes":""},"categories":[291],"tags":[3052,2402],"acf":[],"yoast_head":"<!-- This site is optimized with the Yoast SEO plugin v23.5 - https:\/\/yoast.com\/wordpress\/plugins\/seo\/ -->\n<title>Odr\u017ean sastanak ministara policije u FBiH: Ne\u0107emo nasjesti na Dodikove ratno-hu\u0161ka\u010dke poruke - TuzlaInfo.ba<\/title>\n<meta name=\"robots\" content=\"index, follow, max-snippet:-1, max-image-preview:large, max-video-preview:-1\" \/>\n<link rel=\"canonical\" href=\"https:\/\/tuzlainfo.ba\/index.php\/bosna-i-hercegovina\/item\/151570-odrzan-sastanak-ministara-policije-u-fbih-necemo-nasjesti-na-dodikove-ratno-huskacke-poruke\/\" \/>\n<meta property=\"og:locale\" content=\"bs_BA\" \/>\n<meta property=\"og:type\" content=\"article\" \/>\n<meta property=\"og:title\" content=\"Odr\u017ean sastanak ministara policije u FBiH: Ne\u0107emo nasjesti na Dodikove ratno-hu\u0161ka\u010dke poruke - TuzlaInfo.ba\" \/>\n<meta property=\"og:description\" content=\"U Policijskoj akademiji Federalnog ministarstva unutra\u0161njih poslova (FMUP) danas je odr\u017ean 1. radni sastanak Koordinacije&hellip;\" \/>\n<meta property=\"og:url\" content=\"https:\/\/tuzlainfo.ba\/index.php\/bosna-i-hercegovina\/item\/151570-odrzan-sastanak-ministara-policije-u-fbih-necemo-nasjesti-na-dodikove-ratno-huskacke-poruke\/\" \/>\n<meta property=\"og:site_name\" content=\"TuzlaInfo.ba\" \/>\n<meta property=\"article:publisher\" content=\"https:\/\/www.facebook.com\/tuzlainfo.ba\/\" \/>\n<meta property=\"article:published_time\" content=\"2021-10-20T13:29:05+00:00\" \/>\n<meta property=\"og:image\" content=\"https:\/\/tuzlainfo.ba\/wp-content\/uploads\/2021\/10\/2010_ministri-policije-fbih.jpg\" \/>\n\t<meta property=\"og:image:width\" content=\"770\" \/>\n\t<meta property=\"og:image:height\" content=\"498\" \/>\n\t<meta property=\"og:image:type\" content=\"image\/jpeg\" \/>\n<meta name=\"author\" content=\"Tuzla Info\" \/>\n<meta name=\"twitter:card\" content=\"summary_large_image\" \/>\n<meta name=\"twitter:label1\" content=\"Written by\" \/>\n\t<meta name=\"twitter:data1\" content=\"Tuzla Info\" \/>\n\t<meta name=\"twitter:label2\" content=\"Est. reading time\" \/>\n\t<meta name=\"twitter:data2\" content=\"4 minute\" \/>\n<script type=\"application\/ld+json\" class=\"yoast-schema-graph\">{\"@context\":\"https:\/\/schema.org\",\"@graph\":[{\"@type\":\"Article\",\"@id\":\"https:\/\/tuzlainfo.ba\/index.php\/bosna-i-hercegovina\/item\/151570-odrzan-sastanak-ministara-policije-u-fbih-necemo-nasjesti-na-dodikove-ratno-huskacke-poruke\/#article\",\"isPartOf\":{\"@id\":\"https:\/\/tuzlainfo.ba\/index.php\/bosna-i-hercegovina\/item\/151570-odrzan-sastanak-ministara-policije-u-fbih-necemo-nasjesti-na-dodikove-ratno-huskacke-poruke\/\"},\"author\":{\"name\":\"Tuzla Info\",\"@id\":\"https:\/\/tuzlainfo.ba\/#\/schema\/person\/46cad4c57790cbc50781edd14870825a\"},\"headline\":\"Odr\u017ean sastanak ministara policije u FBiH: Ne\u0107emo nasjesti na Dodikove ratno-hu\u0161ka\u010dke poruke\",\"datePublished\":\"2021-10-20T13:29:05+00:00\",\"dateModified\":\"2021-10-20T13:29:05+00:00\",\"mainEntityOfPage\":{\"@id\":\"https:\/\/tuzlainfo.ba\/index.php\/bosna-i-hercegovina\/item\/151570-odrzan-sastanak-ministara-policije-u-fbih-necemo-nasjesti-na-dodikove-ratno-huskacke-poruke\/\"},\"wordCount\":723,\"commentCount\":0,\"publisher\":{\"@id\":\"https:\/\/tuzlainfo.ba\/#organization\"},\"image\":{\"@id\":\"https:\/\/tuzlainfo.ba\/index.php\/bosna-i-hercegovina\/item\/151570-odrzan-sastanak-ministara-policije-u-fbih-necemo-nasjesti-na-dodikove-ratno-huskacke-poruke\/#primaryimage\"},\"thumbnailUrl\":\"https:\/\/tuzlainfo.ba\/wp-content\/uploads\/2021\/10\/2010_ministri-policije-fbih.jpg\",\"keywords\":[\"ministarstvo unutra\u0161njih poslova federacije\",\"sastanak\"],\"articleSection\":[\"Bosna i Hercegovina\"],\"inLanguage\":\"bs-BA\"},{\"@type\":\"WebPage\",\"@id\":\"https:\/\/tuzlainfo.ba\/index.php\/bosna-i-hercegovina\/item\/151570-odrzan-sastanak-ministara-policije-u-fbih-necemo-nasjesti-na-dodikove-ratno-huskacke-poruke\/\",\"url\":\"https:\/\/tuzlainfo.ba\/index.php\/bosna-i-hercegovina\/item\/151570-odrzan-sastanak-ministara-policije-u-fbih-necemo-nasjesti-na-dodikove-ratno-huskacke-poruke\/\",\"name\":\"Odr\u017ean sastanak ministara policije u FBiH: Ne\u0107emo nasjesti na Dodikove ratno-hu\u0161ka\u010dke poruke - TuzlaInfo.ba\",\"isPartOf\":{\"@id\":\"https:\/\/tuzlainfo.ba\/#website\"},\"primaryImageOfPage\":{\"@id\":\"https:\/\/tuzlainfo.ba\/index.php\/bosna-i-hercegovina\/item\/151570-odrzan-sastanak-ministara-policije-u-fbih-necemo-nasjesti-na-dodikove-ratno-huskacke-poruke\/#primaryimage\"},\"image\":{\"@id\":\"https:\/\/tuzlainfo.ba\/index.php\/bosna-i-hercegovina\/item\/151570-odrzan-sastanak-ministara-policije-u-fbih-necemo-nasjesti-na-dodikove-ratno-huskacke-poruke\/#primaryimage\"},\"thumbnailUrl\":\"https:\/\/tuzlainfo.ba\/wp-content\/uploads\/2021\/10\/2010_ministri-policije-fbih.jpg\",\"datePublished\":\"2021-10-20T13:29:05+00:00\",\"dateModified\":\"2021-10-20T13:29:05+00:00\",\"breadcrumb\":{\"@id\":\"https:\/\/tuzlainfo.ba\/index.php\/bosna-i-hercegovina\/item\/151570-odrzan-sastanak-ministara-policije-u-fbih-necemo-nasjesti-na-dodikove-ratno-huskacke-poruke\/#breadcrumb\"},\"inLanguage\":\"bs-BA\",\"potentialAction\":[{\"@type\":\"ReadAction\",\"target\":[\"https:\/\/tuzlainfo.ba\/index.php\/bosna-i-hercegovina\/item\/151570-odrzan-sastanak-ministara-policije-u-fbih-necemo-nasjesti-na-dodikove-ratno-huskacke-poruke\/\"]}]},{\"@type\":\"ImageObject\",\"inLanguage\":\"bs-BA\",\"@id\":\"https:\/\/tuzlainfo.ba\/index.php\/bosna-i-hercegovina\/item\/151570-odrzan-sastanak-ministara-policije-u-fbih-necemo-nasjesti-na-dodikove-ratno-huskacke-poruke\/#primaryimage\",\"url\":\"https:\/\/tuzlainfo.ba\/wp-content\/uploads\/2021\/10\/2010_ministri-policije-fbih.jpg\",\"contentUrl\":\"https:\/\/tuzlainfo.ba\/wp-content\/uploads\/2021\/10\/2010_ministri-policije-fbih.jpg\",\"width\":770,\"height\":498},{\"@type\":\"BreadcrumbList\",\"@id\":\"https:\/\/tuzlainfo.ba\/index.php\/bosna-i-hercegovina\/item\/151570-odrzan-sastanak-ministara-policije-u-fbih-necemo-nasjesti-na-dodikove-ratno-huskacke-poruke\/#breadcrumb\",\"itemListElement\":[{\"@type\":\"ListItem\",\"position\":1,\"name\":\"Home\",\"item\":\"https:\/\/tuzlainfo.ba\/\"},{\"@type\":\"ListItem\",\"position\":2,\"name\":\"Odr\u017ean sastanak ministara policije u FBiH: Ne\u0107emo nasjesti na Dodikove ratno-hu\u0161ka\u010dke poruke\"}]},{\"@type\":\"WebSite\",\"@id\":\"https:\/\/tuzlainfo.ba\/#website\",\"url\":\"https:\/\/tuzlainfo.ba\/\",\"name\":\"TuzlaInfo.ba\",\"description\":\"Tuzla info, gradski informator - Tuzla na dlanu\",\"publisher\":{\"@id\":\"https:\/\/tuzlainfo.ba\/#organization\"},\"potentialAction\":[{\"@type\":\"SearchAction\",\"target\":{\"@type\":\"EntryPoint\",\"urlTemplate\":\"https:\/\/tuzlainfo.ba\/?s={search_term_string}\"},\"query-input\":{\"@type\":\"PropertyValueSpecification\",\"valueRequired\":true,\"valueName\":\"search_term_string\"}}],\"inLanguage\":\"bs-BA\"},{\"@type\":\"Organization\",\"@id\":\"https:\/\/tuzlainfo.ba\/#organization\",\"name\":\"TuzlaInfo.ba\",\"url\":\"https:\/\/tuzlainfo.ba\/\",\"logo\":{\"@type\":\"ImageObject\",\"inLanguage\":\"bs-BA\",\"@id\":\"https:\/\/tuzlainfo.ba\/#\/schema\/logo\/image\/\",\"url\":\"https:\/\/tuzlainfo.ba\/wp-content\/uploads\/2021\/03\/logo-ver-3-1.png\",\"contentUrl\":\"https:\/\/tuzlainfo.ba\/wp-content\/uploads\/2021\/03\/logo-ver-3-1.png\",\"width\":350,\"height\":95,\"caption\":\"TuzlaInfo.ba\"},\"image\":{\"@id\":\"https:\/\/tuzlainfo.ba\/#\/schema\/logo\/image\/\"},\"sameAs\":[\"https:\/\/www.facebook.com\/tuzlainfo.ba\/\"]},{\"@type\":\"Person\",\"@id\":\"https:\/\/tuzlainfo.ba\/#\/schema\/person\/46cad4c57790cbc50781edd14870825a\",\"name\":\"Tuzla Info\",\"image\":{\"@type\":\"ImageObject\",\"inLanguage\":\"bs-BA\",\"@id\":\"https:\/\/tuzlainfo.ba\/#\/schema\/person\/image\/\",\"url\":\"https:\/\/tuzlainfo.ba\/wp-content\/litespeed\/avatar\/b6c453a6c38e3654f2e4416c643fc25c.jpg?ver=1777656712\",\"contentUrl\":\"https:\/\/tuzlainfo.ba\/wp-content\/litespeed\/avatar\/b6c453a6c38e3654f2e4416c643fc25c.jpg?ver=1777656712\",\"caption\":\"Tuzla Info\"}}]}<\/script>\n<!-- \/ Yoast SEO plugin. -->","yoast_head_json":{"title":"Odr\u017ean sastanak ministara policije u FBiH: Ne\u0107emo nasjesti na Dodikove ratno-hu\u0161ka\u010dke poruke - TuzlaInfo.ba","robots":{"index":"index","follow":"follow","max-snippet":"max-snippet:-1","max-image-preview":"max-image-preview:large","max-video-preview":"max-video-preview:-1"},"canonical":"https:\/\/tuzlainfo.ba\/index.php\/bosna-i-hercegovina\/item\/151570-odrzan-sastanak-ministara-policije-u-fbih-necemo-nasjesti-na-dodikove-ratno-huskacke-poruke\/","og_locale":"bs_BA","og_type":"article","og_title":"Odr\u017ean sastanak ministara policije u FBiH: Ne\u0107emo nasjesti na Dodikove ratno-hu\u0161ka\u010dke poruke - TuzlaInfo.ba","og_description":"U Policijskoj akademiji Federalnog ministarstva unutra\u0161njih poslova (FMUP) danas je odr\u017ean 1. radni sastanak Koordinacije&hellip;","og_url":"https:\/\/tuzlainfo.ba\/index.php\/bosna-i-hercegovina\/item\/151570-odrzan-sastanak-ministara-policije-u-fbih-necemo-nasjesti-na-dodikove-ratno-huskacke-poruke\/","og_site_name":"TuzlaInfo.ba","article_publisher":"https:\/\/www.facebook.com\/tuzlainfo.ba\/","article_published_time":"2021-10-20T13:29:05+00:00","og_image":[{"width":770,"height":498,"url":"https:\/\/tuzlainfo.ba\/wp-content\/uploads\/2021\/10\/2010_ministri-policije-fbih.jpg","type":"image\/jpeg"}],"author":"Tuzla Info","twitter_card":"summary_large_image","twitter_misc":{"Written by":"Tuzla Info","Est. reading time":"4 minute"},"schema":{"@context":"https:\/\/schema.org","@graph":[{"@type":"Article","@id":"https:\/\/tuzlainfo.ba\/index.php\/bosna-i-hercegovina\/item\/151570-odrzan-sastanak-ministara-policije-u-fbih-necemo-nasjesti-na-dodikove-ratno-huskacke-poruke\/#article","isPartOf":{"@id":"https:\/\/tuzlainfo.ba\/index.php\/bosna-i-hercegovina\/item\/151570-odrzan-sastanak-ministara-policije-u-fbih-necemo-nasjesti-na-dodikove-ratno-huskacke-poruke\/"},"author":{"name":"Tuzla Info","@id":"https:\/\/tuzlainfo.ba\/#\/schema\/person\/46cad4c57790cbc50781edd14870825a"},"headline":"Odr\u017ean sastanak ministara policije u FBiH: Ne\u0107emo nasjesti na Dodikove ratno-hu\u0161ka\u010dke poruke","datePublished":"2021-10-20T13:29:05+00:00","dateModified":"2021-10-20T13:29:05+00:00","mainEntityOfPage":{"@id":"https:\/\/tuzlainfo.ba\/index.php\/bosna-i-hercegovina\/item\/151570-odrzan-sastanak-ministara-policije-u-fbih-necemo-nasjesti-na-dodikove-ratno-huskacke-poruke\/"},"wordCount":723,"commentCount":0,"publisher":{"@id":"https:\/\/tuzlainfo.ba\/#organization"},"image":{"@id":"https:\/\/tuzlainfo.ba\/index.php\/bosna-i-hercegovina\/item\/151570-odrzan-sastanak-ministara-policije-u-fbih-necemo-nasjesti-na-dodikove-ratno-huskacke-poruke\/#primaryimage"},"thumbnailUrl":"https:\/\/tuzlainfo.ba\/wp-content\/uploads\/2021\/10\/2010_ministri-policije-fbih.jpg","keywords":["ministarstvo unutra\u0161njih poslova federacije","sastanak"],"articleSection":["Bosna i Hercegovina"],"inLanguage":"bs-BA"},{"@type":"WebPage","@id":"https:\/\/tuzlainfo.ba\/index.php\/bosna-i-hercegovina\/item\/151570-odrzan-sastanak-ministara-policije-u-fbih-necemo-nasjesti-na-dodikove-ratno-huskacke-poruke\/","url":"https:\/\/tuzlainfo.ba\/index.php\/bosna-i-hercegovina\/item\/151570-odrzan-sastanak-ministara-policije-u-fbih-necemo-nasjesti-na-dodikove-ratno-huskacke-poruke\/","name":"Odr\u017ean sastanak ministara policije u FBiH: Ne\u0107emo nasjesti na Dodikove ratno-hu\u0161ka\u010dke poruke - TuzlaInfo.ba","isPartOf":{"@id":"https:\/\/tuzlainfo.ba\/#website"},"primaryImageOfPage":{"@id":"https:\/\/tuzlainfo.ba\/index.php\/bosna-i-hercegovina\/item\/151570-odrzan-sastanak-ministara-policije-u-fbih-necemo-nasjesti-na-dodikove-ratno-huskacke-poruke\/#primaryimage"},"image":{"@id":"https:\/\/tuzlainfo.ba\/index.php\/bosna-i-hercegovina\/item\/151570-odrzan-sastanak-ministara-policije-u-fbih-necemo-nasjesti-na-dodikove-ratno-huskacke-poruke\/#primaryimage"},"thumbnailUrl":"https:\/\/tuzlainfo.ba\/wp-content\/uploads\/2021\/10\/2010_ministri-policije-fbih.jpg","datePublished":"2021-10-20T13:29:05+00:00","dateModified":"2021-10-20T13:29:05+00:00","breadcrumb":{"@id":"https:\/\/tuzlainfo.ba\/index.php\/bosna-i-hercegovina\/item\/151570-odrzan-sastanak-ministara-policije-u-fbih-necemo-nasjesti-na-dodikove-ratno-huskacke-poruke\/#breadcrumb"},"inLanguage":"bs-BA","potentialAction":[{"@type":"ReadAction","target":["https:\/\/tuzlainfo.ba\/index.php\/bosna-i-hercegovina\/item\/151570-odrzan-sastanak-ministara-policije-u-fbih-necemo-nasjesti-na-dodikove-ratno-huskacke-poruke\/"]}]},{"@type":"ImageObject","inLanguage":"bs-BA","@id":"https:\/\/tuzlainfo.ba\/index.php\/bosna-i-hercegovina\/item\/151570-odrzan-sastanak-ministara-policije-u-fbih-necemo-nasjesti-na-dodikove-ratno-huskacke-poruke\/#primaryimage","url":"https:\/\/tuzlainfo.ba\/wp-content\/uploads\/2021\/10\/2010_ministri-policije-fbih.jpg","contentUrl":"https:\/\/tuzlainfo.ba\/wp-content\/uploads\/2021\/10\/2010_ministri-policije-fbih.jpg","width":770,"height":498},{"@type":"BreadcrumbList","@id":"https:\/\/tuzlainfo.ba\/index.php\/bosna-i-hercegovina\/item\/151570-odrzan-sastanak-ministara-policije-u-fbih-necemo-nasjesti-na-dodikove-ratno-huskacke-poruke\/#breadcrumb","itemListElement":[{"@type":"ListItem","position":1,"name":"Home","item":"https:\/\/tuzlainfo.ba\/"},{"@type":"ListItem","position":2,"name":"Odr\u017ean sastanak ministara policije u FBiH: Ne\u0107emo nasjesti na Dodikove ratno-hu\u0161ka\u010dke poruke"}]},{"@type":"WebSite","@id":"https:\/\/tuzlainfo.ba\/#website","url":"https:\/\/tuzlainfo.ba\/","name":"TuzlaInfo.ba","description":"Tuzla info, gradski informator - Tuzla na dlanu","publisher":{"@id":"https:\/\/tuzlainfo.ba\/#organization"},"potentialAction":[{"@type":"SearchAction","target":{"@type":"EntryPoint","urlTemplate":"https:\/\/tuzlainfo.ba\/?s={search_term_string}"},"query-input":{"@type":"PropertyValueSpecification","valueRequired":true,"valueName":"search_term_string"}}],"inLanguage":"bs-BA"},{"@type":"Organization","@id":"https:\/\/tuzlainfo.ba\/#organization","name":"TuzlaInfo.ba","url":"https:\/\/tuzlainfo.ba\/","logo":{"@type":"ImageObject","inLanguage":"bs-BA","@id":"https:\/\/tuzlainfo.ba\/#\/schema\/logo\/image\/","url":"https:\/\/tuzlainfo.ba\/wp-content\/uploads\/2021\/03\/logo-ver-3-1.png","contentUrl":"https:\/\/tuzlainfo.ba\/wp-content\/uploads\/2021\/03\/logo-ver-3-1.png","width":350,"height":95,"caption":"TuzlaInfo.ba"},"image":{"@id":"https:\/\/tuzlainfo.ba\/#\/schema\/logo\/image\/"},"sameAs":["https:\/\/www.facebook.com\/tuzlainfo.ba\/"]},{"@type":"Person","@id":"https:\/\/tuzlainfo.ba\/#\/schema\/person\/46cad4c57790cbc50781edd14870825a","name":"Tuzla Info","image":{"@type":"ImageObject","inLanguage":"bs-BA","@id":"https:\/\/tuzlainfo.ba\/#\/schema\/person\/image\/","url":"https:\/\/tuzlainfo.ba\/wp-content\/litespeed\/avatar\/b6c453a6c38e3654f2e4416c643fc25c.jpg?ver=1777656712","contentUrl":"https:\/\/tuzlainfo.ba\/wp-content\/litespeed\/avatar\/b6c453a6c38e3654f2e4416c643fc25c.jpg?ver=1777656712","caption":"Tuzla Info"}}]}},"_links":{"self":[{"href":"https:\/\/tuzlainfo.ba\/index.php\/wp-json\/wp\/v2\/posts\/151570"}],"collection":[{"href":"https:\/\/tuzlainfo.ba\/index.php\/wp-json\/wp\/v2\/posts"}],"about":[{"href":"https:\/\/tuzlainfo.ba\/index.php\/wp-json\/wp\/v2\/types\/post"}],"author":[{"embeddable":true,"href":"https:\/\/tuzlainfo.ba\/index.php\/wp-json\/wp\/v2\/users\/4"}],"replies":[{"embeddable":true,"href":"https:\/\/tuzlainfo.ba\/index.php\/wp-json\/wp\/v2\/comments?post=151570"}],"version-history":[{"count":0,"href":"https:\/\/tuzlainfo.ba\/index.php\/wp-json\/wp\/v2\/posts\/151570\/revisions"}],"wp:featuredmedia":[{"embeddable":true,"href":"https:\/\/tuzlainfo.ba\/index.php\/wp-json\/wp\/v2\/media\/151571"}],"wp:attachment":[{"href":"https:\/\/tuzlainfo.ba\/index.php\/wp-json\/wp\/v2\/media?parent=151570"}],"wp:term":[{"taxonomy":"category","embeddable":true,"href":"https:\/\/tuzlainfo.ba\/index.php\/wp-json\/wp\/v2\/categories?post=151570"},{"taxonomy":"post_tag","embeddable":true,"href":"https:\/\/tuzlainfo.ba\/index.php\/wp-json\/wp\/v2\/tags?post=151570"}],"curies":[{"name":"wp","href":"https:\/\/api.w.org\/{rel}","templated":true}]}}