{"id":151442,"date":"2021-10-19T19:00:02","date_gmt":"2021-10-19T17:00:02","guid":{"rendered":"https:\/\/tuzlainfo.ba\/?p=151442"},"modified":"2021-10-19T19:00:02","modified_gmt":"2021-10-19T17:00:02","slug":"sarovic-dodik-treba-ozbiljno-da-se-zamisli-nakon-vuciceve-izjave-o-bih","status":"publish","type":"post","link":"https:\/\/tuzlainfo.ba\/index.php\/bosna-i-hercegovina\/item\/151442-sarovic-dodik-treba-ozbiljno-da-se-zamisli-nakon-vuciceve-izjave-o-bih\/","title":{"rendered":"\u0160arovi\u0107: Dodik treba ozbiljno da se zamisli nakon Vu\u010di\u0107eve izjave o BiH"},"content":{"rendered":"<div id=\"excerpt\" class=\"mt-5 md:mt-2 xl:mt-3 mb-5 font-sans font-semibold text-lg lg:text-xl leading-6 md:leading-7\">\n<p class=\"lead\">Nakon sastanka lidera stranaka opozicije iz Republike Srpske, novinarima se obratio predsjednik Srpske demokratske stranke (SDS) Mirko \u0160arovi\u0107.<\/p>\n<\/div>\n<div class=\"bg-gray-100\"><\/div>\n<div id=\"text\" class=\"break-words mt-3 prose prose-md prose-indigo text-lg lg:text-xl space-y-4 mb-3 leading-6 md:leading-7\">Tri su glavne teme o kojima su razgovarali vode\u0107i opozicionari na sastanku u Isto\u010dnom Sarajevu, a to su: protesti koji su prije 15-ak dana odr\u017eani u Banjoj Luci, razli\u010dite inicijative Milorada Dodika o preno\u0161enju nadle\u017enosti BiH na RS i predstoje\u0107i vanredni izbori u Prijedoru.&#8221;Dana\u0161nji zaklju\u010dak je da nastavimo aktivnosti pripreme koje se ti\u010du protesta i poslije protesta, s obzirom na to da aktuelna vlast nije ispunila nijedan od zahtjeva okupljenih gra\u0111ana. Ni kada su u pitanju ostavke, procesuiranja odgovornih za razne zloupotrebe. Nije ispunjen osnovni zahtjev koji se odnosio na spre\u010davanje medijskog mraka u RS-u&#8221;, najavio je \u0160arovi\u0107.<\/p>\n<p>\u0160arovi\u0107 je ponovio da se opozicija sna\u017eno protivi svakoj aktivnosti koja dovodi u opasnost RS i BiH, te da \u0107e podr\u017eati isklju\u010divo legitimno preno\u0161enje nadle\u017enosti, a to je u Parlamentu BiH.<\/p>\n<p>&#8220;Jednostrane odluke, odluke koje bi prizivale rat su apsolutno neprihvatljive. Nasilno i bilo koja druga metoda koja bi dovela u pitanje \u017eivote ljudi, prizivala haos, za nas su potpuno neprihvatljive&#8221;, rekao je \u0160arovi\u0107.<\/p>\n<p>On je pomenuo saop\u0107enje Ruske Federacije u kojem se navodi da dejtonska arhitektura u BiH nema alternativu, a govore\u0107i o izjavi Aleksandra Vu\u010di\u0107a o zvani\u010dnom stavu Beograda o aktuelnostima u BiH, \u0160arovi\u0107 je rekao da je vrlo znakovito.<\/p>\n<p>&#8220;Izjava predsjednika Srbije Aleksandra Vu\u010di\u0107a je takva da predsjednik SNSD-a treba ozbiljno da se zamisli. On je rekao da je za po\u0161tivanje Dejtona, te suvereniteta i teritorijalnog integireta BiH. Za njega je neprihvatljiva bilo kakva odluka koja bi ugrozila mir i sigurnost u BiH, ali i cijelom regionu&#8221;, naveo je \u0160arovi\u0107.<\/p>\n<div class=\"bg-gray-100\"><\/div>\n<p>Ina\u010de, Aleksandar Vu\u010di\u0107 je rekao danas da \u0107e podr\u017eati sve \u0161to se dogovore svetri naroda u BiH i \u0161to je u skladu sa Dejtonskim mirovnim sporazumom.<\/p>\n<p>Osim \u0160arovi\u0107a, nakon sastanka su govorili i ostali opozicioni lideri. Predsjednik PDP-a Branislav Borenovi\u0107 je najavio pobjedu na predstoje\u0107im izborima za gradona\u010delnika u Prijedoru koji \u0107e biti odr\u017eani 12. decembra ove godine. Rekao je da \u0107e opozicija biti ujedinjena oko jednog kandidata.<\/p>\n<p>Predsjednik DNS-a Nenad Ne\u0161i\u0107 se osvrnuo na tenzije koje su trenutno podignute u Bosni i Hercegovini, uglavnom zbog pona\u0161anja Milorada Dodika. Poru\u010dio je narodu da ne treba strahovati zbog potencijalnog rata, prenosi Klix.<\/p>\n<p>&#8220;Rata u BiH vi\u0161e ne\u0107e biti jer ga mi ne\u0107emo dozvoliti, a ni me\u0111unarodna zajednica koja je ovdje prisutna na razne na\u010dine&#8221;, rekao je on.<\/p>\n<\/div>\n","protected":false},"excerpt":{"rendered":"<p>Nakon sastanka lidera stranaka opozicije iz Republike Srpske, novinarima se obratio predsjednik Srpske demokratske stranke&hellip;<\/p>\n","protected":false},"author":4,"featured_media":144124,"comment_status":"open","ping_status":"closed","sticky":false,"template":"","format":"standard","meta":{"_acf_changed":false,"footnotes":""},"categories":[291],"tags":[638,535,1847],"acf":[],"yoast_head":"<!-- This site is optimized with the Yoast SEO plugin v23.5 - https:\/\/yoast.com\/wordpress\/plugins\/seo\/ -->\n<title>\u0160arovi\u0107: Dodik treba ozbiljno da se zamisli nakon Vu\u010di\u0107eve izjave o BiH - TuzlaInfo.ba<\/title>\n<meta name=\"robots\" content=\"index, follow, max-snippet:-1, max-image-preview:large, max-video-preview:-1\" \/>\n<link rel=\"canonical\" href=\"https:\/\/tuzlainfo.ba\/index.php\/bosna-i-hercegovina\/item\/151442-sarovic-dodik-treba-ozbiljno-da-se-zamisli-nakon-vuciceve-izjave-o-bih\/\" \/>\n<meta property=\"og:locale\" content=\"bs_BA\" \/>\n<meta property=\"og:type\" content=\"article\" \/>\n<meta property=\"og:title\" content=\"\u0160arovi\u0107: Dodik treba ozbiljno da se zamisli nakon Vu\u010di\u0107eve izjave o BiH - TuzlaInfo.ba\" \/>\n<meta property=\"og:description\" content=\"Nakon sastanka lidera stranaka opozicije iz Republike Srpske, novinarima se obratio predsjednik Srpske demokratske stranke&hellip;\" \/>\n<meta property=\"og:url\" content=\"https:\/\/tuzlainfo.ba\/index.php\/bosna-i-hercegovina\/item\/151442-sarovic-dodik-treba-ozbiljno-da-se-zamisli-nakon-vuciceve-izjave-o-bih\/\" \/>\n<meta property=\"og:site_name\" content=\"TuzlaInfo.ba\" \/>\n<meta property=\"article:publisher\" content=\"https:\/\/www.facebook.com\/tuzlainfo.ba\/\" \/>\n<meta property=\"article:published_time\" content=\"2021-10-19T17:00:02+00:00\" \/>\n<meta property=\"og:image\" content=\"https:\/\/tuzlainfo.ba\/wp-content\/uploads\/2021\/08\/0608_sarovic.jpg\" \/>\n\t<meta property=\"og:image:width\" content=\"750\" \/>\n\t<meta property=\"og:image:height\" content=\"465\" \/>\n\t<meta property=\"og:image:type\" content=\"image\/jpeg\" \/>\n<meta name=\"author\" content=\"Tuzla Info\" \/>\n<meta name=\"twitter:card\" content=\"summary_large_image\" \/>\n<meta name=\"twitter:label1\" content=\"Written by\" \/>\n\t<meta name=\"twitter:data1\" content=\"Tuzla Info\" \/>\n\t<meta name=\"twitter:label2\" content=\"Est. reading time\" \/>\n\t<meta name=\"twitter:data2\" content=\"2 minute\" \/>\n<script type=\"application\/ld+json\" class=\"yoast-schema-graph\">{\"@context\":\"https:\/\/schema.org\",\"@graph\":[{\"@type\":\"Article\",\"@id\":\"https:\/\/tuzlainfo.ba\/index.php\/bosna-i-hercegovina\/item\/151442-sarovic-dodik-treba-ozbiljno-da-se-zamisli-nakon-vuciceve-izjave-o-bih\/#article\",\"isPartOf\":{\"@id\":\"https:\/\/tuzlainfo.ba\/index.php\/bosna-i-hercegovina\/item\/151442-sarovic-dodik-treba-ozbiljno-da-se-zamisli-nakon-vuciceve-izjave-o-bih\/\"},\"author\":{\"name\":\"Tuzla Info\",\"@id\":\"https:\/\/tuzlainfo.ba\/#\/schema\/person\/46cad4c57790cbc50781edd14870825a\"},\"headline\":\"\u0160arovi\u0107: Dodik treba ozbiljno da se zamisli nakon Vu\u010di\u0107eve izjave o BiH\",\"datePublished\":\"2021-10-19T17:00:02+00:00\",\"dateModified\":\"2021-10-19T17:00:02+00:00\",\"mainEntityOfPage\":{\"@id\":\"https:\/\/tuzlainfo.ba\/index.php\/bosna-i-hercegovina\/item\/151442-sarovic-dodik-treba-ozbiljno-da-se-zamisli-nakon-vuciceve-izjave-o-bih\/\"},\"wordCount\":449,\"commentCount\":0,\"publisher\":{\"@id\":\"https:\/\/tuzlainfo.ba\/#organization\"},\"image\":{\"@id\":\"https:\/\/tuzlainfo.ba\/index.php\/bosna-i-hercegovina\/item\/151442-sarovic-dodik-treba-ozbiljno-da-se-zamisli-nakon-vuciceve-izjave-o-bih\/#primaryimage\"},\"thumbnailUrl\":\"https:\/\/tuzlainfo.ba\/wp-content\/uploads\/2021\/08\/0608_sarovic.jpg\",\"keywords\":[\"aleksandar vu\u010di\u0107\",\"milorad dodik\",\"mirko \u0161arovi\u0107\"],\"articleSection\":[\"Bosna i Hercegovina\"],\"inLanguage\":\"bs-BA\"},{\"@type\":\"WebPage\",\"@id\":\"https:\/\/tuzlainfo.ba\/index.php\/bosna-i-hercegovina\/item\/151442-sarovic-dodik-treba-ozbiljno-da-se-zamisli-nakon-vuciceve-izjave-o-bih\/\",\"url\":\"https:\/\/tuzlainfo.ba\/index.php\/bosna-i-hercegovina\/item\/151442-sarovic-dodik-treba-ozbiljno-da-se-zamisli-nakon-vuciceve-izjave-o-bih\/\",\"name\":\"\u0160arovi\u0107: Dodik treba ozbiljno da se zamisli nakon Vu\u010di\u0107eve izjave o BiH - TuzlaInfo.ba\",\"isPartOf\":{\"@id\":\"https:\/\/tuzlainfo.ba\/#website\"},\"primaryImageOfPage\":{\"@id\":\"https:\/\/tuzlainfo.ba\/index.php\/bosna-i-hercegovina\/item\/151442-sarovic-dodik-treba-ozbiljno-da-se-zamisli-nakon-vuciceve-izjave-o-bih\/#primaryimage\"},\"image\":{\"@id\":\"https:\/\/tuzlainfo.ba\/index.php\/bosna-i-hercegovina\/item\/151442-sarovic-dodik-treba-ozbiljno-da-se-zamisli-nakon-vuciceve-izjave-o-bih\/#primaryimage\"},\"thumbnailUrl\":\"https:\/\/tuzlainfo.ba\/wp-content\/uploads\/2021\/08\/0608_sarovic.jpg\",\"datePublished\":\"2021-10-19T17:00:02+00:00\",\"dateModified\":\"2021-10-19T17:00:02+00:00\",\"breadcrumb\":{\"@id\":\"https:\/\/tuzlainfo.ba\/index.php\/bosna-i-hercegovina\/item\/151442-sarovic-dodik-treba-ozbiljno-da-se-zamisli-nakon-vuciceve-izjave-o-bih\/#breadcrumb\"},\"inLanguage\":\"bs-BA\",\"potentialAction\":[{\"@type\":\"ReadAction\",\"target\":[\"https:\/\/tuzlainfo.ba\/index.php\/bosna-i-hercegovina\/item\/151442-sarovic-dodik-treba-ozbiljno-da-se-zamisli-nakon-vuciceve-izjave-o-bih\/\"]}]},{\"@type\":\"ImageObject\",\"inLanguage\":\"bs-BA\",\"@id\":\"https:\/\/tuzlainfo.ba\/index.php\/bosna-i-hercegovina\/item\/151442-sarovic-dodik-treba-ozbiljno-da-se-zamisli-nakon-vuciceve-izjave-o-bih\/#primaryimage\",\"url\":\"https:\/\/tuzlainfo.ba\/wp-content\/uploads\/2021\/08\/0608_sarovic.jpg\",\"contentUrl\":\"https:\/\/tuzlainfo.ba\/wp-content\/uploads\/2021\/08\/0608_sarovic.jpg\",\"width\":750,\"height\":465},{\"@type\":\"BreadcrumbList\",\"@id\":\"https:\/\/tuzlainfo.ba\/index.php\/bosna-i-hercegovina\/item\/151442-sarovic-dodik-treba-ozbiljno-da-se-zamisli-nakon-vuciceve-izjave-o-bih\/#breadcrumb\",\"itemListElement\":[{\"@type\":\"ListItem\",\"position\":1,\"name\":\"Home\",\"item\":\"https:\/\/tuzlainfo.ba\/\"},{\"@type\":\"ListItem\",\"position\":2,\"name\":\"\u0160arovi\u0107: Dodik treba ozbiljno da se zamisli nakon Vu\u010di\u0107eve izjave o BiH\"}]},{\"@type\":\"WebSite\",\"@id\":\"https:\/\/tuzlainfo.ba\/#website\",\"url\":\"https:\/\/tuzlainfo.ba\/\",\"name\":\"TuzlaInfo.ba\",\"description\":\"Tuzla info, gradski informator - Tuzla na dlanu\",\"publisher\":{\"@id\":\"https:\/\/tuzlainfo.ba\/#organization\"},\"potentialAction\":[{\"@type\":\"SearchAction\",\"target\":{\"@type\":\"EntryPoint\",\"urlTemplate\":\"https:\/\/tuzlainfo.ba\/?s={search_term_string}\"},\"query-input\":{\"@type\":\"PropertyValueSpecification\",\"valueRequired\":true,\"valueName\":\"search_term_string\"}}],\"inLanguage\":\"bs-BA\"},{\"@type\":\"Organization\",\"@id\":\"https:\/\/tuzlainfo.ba\/#organization\",\"name\":\"TuzlaInfo.ba\",\"url\":\"https:\/\/tuzlainfo.ba\/\",\"logo\":{\"@type\":\"ImageObject\",\"inLanguage\":\"bs-BA\",\"@id\":\"https:\/\/tuzlainfo.ba\/#\/schema\/logo\/image\/\",\"url\":\"https:\/\/tuzlainfo.ba\/wp-content\/uploads\/2021\/03\/logo-ver-3-1.png\",\"contentUrl\":\"https:\/\/tuzlainfo.ba\/wp-content\/uploads\/2021\/03\/logo-ver-3-1.png\",\"width\":350,\"height\":95,\"caption\":\"TuzlaInfo.ba\"},\"image\":{\"@id\":\"https:\/\/tuzlainfo.ba\/#\/schema\/logo\/image\/\"},\"sameAs\":[\"https:\/\/www.facebook.com\/tuzlainfo.ba\/\"]},{\"@type\":\"Person\",\"@id\":\"https:\/\/tuzlainfo.ba\/#\/schema\/person\/46cad4c57790cbc50781edd14870825a\",\"name\":\"Tuzla Info\",\"image\":{\"@type\":\"ImageObject\",\"inLanguage\":\"bs-BA\",\"@id\":\"https:\/\/tuzlainfo.ba\/#\/schema\/person\/image\/\",\"url\":\"https:\/\/tuzlainfo.ba\/wp-content\/litespeed\/avatar\/b6c453a6c38e3654f2e4416c643fc25c.jpg?ver=1777656712\",\"contentUrl\":\"https:\/\/tuzlainfo.ba\/wp-content\/litespeed\/avatar\/b6c453a6c38e3654f2e4416c643fc25c.jpg?ver=1777656712\",\"caption\":\"Tuzla Info\"}}]}<\/script>\n<!-- \/ Yoast SEO plugin. -->","yoast_head_json":{"title":"\u0160arovi\u0107: Dodik treba ozbiljno da se zamisli nakon Vu\u010di\u0107eve izjave o BiH - TuzlaInfo.ba","robots":{"index":"index","follow":"follow","max-snippet":"max-snippet:-1","max-image-preview":"max-image-preview:large","max-video-preview":"max-video-preview:-1"},"canonical":"https:\/\/tuzlainfo.ba\/index.php\/bosna-i-hercegovina\/item\/151442-sarovic-dodik-treba-ozbiljno-da-se-zamisli-nakon-vuciceve-izjave-o-bih\/","og_locale":"bs_BA","og_type":"article","og_title":"\u0160arovi\u0107: Dodik treba ozbiljno da se zamisli nakon Vu\u010di\u0107eve izjave o BiH - TuzlaInfo.ba","og_description":"Nakon sastanka lidera stranaka opozicije iz Republike Srpske, novinarima se obratio predsjednik Srpske demokratske stranke&hellip;","og_url":"https:\/\/tuzlainfo.ba\/index.php\/bosna-i-hercegovina\/item\/151442-sarovic-dodik-treba-ozbiljno-da-se-zamisli-nakon-vuciceve-izjave-o-bih\/","og_site_name":"TuzlaInfo.ba","article_publisher":"https:\/\/www.facebook.com\/tuzlainfo.ba\/","article_published_time":"2021-10-19T17:00:02+00:00","og_image":[{"width":750,"height":465,"url":"https:\/\/tuzlainfo.ba\/wp-content\/uploads\/2021\/08\/0608_sarovic.jpg","type":"image\/jpeg"}],"author":"Tuzla Info","twitter_card":"summary_large_image","twitter_misc":{"Written by":"Tuzla Info","Est. reading time":"2 minute"},"schema":{"@context":"https:\/\/schema.org","@graph":[{"@type":"Article","@id":"https:\/\/tuzlainfo.ba\/index.php\/bosna-i-hercegovina\/item\/151442-sarovic-dodik-treba-ozbiljno-da-se-zamisli-nakon-vuciceve-izjave-o-bih\/#article","isPartOf":{"@id":"https:\/\/tuzlainfo.ba\/index.php\/bosna-i-hercegovina\/item\/151442-sarovic-dodik-treba-ozbiljno-da-se-zamisli-nakon-vuciceve-izjave-o-bih\/"},"author":{"name":"Tuzla Info","@id":"https:\/\/tuzlainfo.ba\/#\/schema\/person\/46cad4c57790cbc50781edd14870825a"},"headline":"\u0160arovi\u0107: Dodik treba ozbiljno da se zamisli nakon Vu\u010di\u0107eve izjave o BiH","datePublished":"2021-10-19T17:00:02+00:00","dateModified":"2021-10-19T17:00:02+00:00","mainEntityOfPage":{"@id":"https:\/\/tuzlainfo.ba\/index.php\/bosna-i-hercegovina\/item\/151442-sarovic-dodik-treba-ozbiljno-da-se-zamisli-nakon-vuciceve-izjave-o-bih\/"},"wordCount":449,"commentCount":0,"publisher":{"@id":"https:\/\/tuzlainfo.ba\/#organization"},"image":{"@id":"https:\/\/tuzlainfo.ba\/index.php\/bosna-i-hercegovina\/item\/151442-sarovic-dodik-treba-ozbiljno-da-se-zamisli-nakon-vuciceve-izjave-o-bih\/#primaryimage"},"thumbnailUrl":"https:\/\/tuzlainfo.ba\/wp-content\/uploads\/2021\/08\/0608_sarovic.jpg","keywords":["aleksandar vu\u010di\u0107","milorad dodik","mirko \u0161arovi\u0107"],"articleSection":["Bosna i Hercegovina"],"inLanguage":"bs-BA"},{"@type":"WebPage","@id":"https:\/\/tuzlainfo.ba\/index.php\/bosna-i-hercegovina\/item\/151442-sarovic-dodik-treba-ozbiljno-da-se-zamisli-nakon-vuciceve-izjave-o-bih\/","url":"https:\/\/tuzlainfo.ba\/index.php\/bosna-i-hercegovina\/item\/151442-sarovic-dodik-treba-ozbiljno-da-se-zamisli-nakon-vuciceve-izjave-o-bih\/","name":"\u0160arovi\u0107: Dodik treba ozbiljno da se zamisli nakon Vu\u010di\u0107eve izjave o BiH - TuzlaInfo.ba","isPartOf":{"@id":"https:\/\/tuzlainfo.ba\/#website"},"primaryImageOfPage":{"@id":"https:\/\/tuzlainfo.ba\/index.php\/bosna-i-hercegovina\/item\/151442-sarovic-dodik-treba-ozbiljno-da-se-zamisli-nakon-vuciceve-izjave-o-bih\/#primaryimage"},"image":{"@id":"https:\/\/tuzlainfo.ba\/index.php\/bosna-i-hercegovina\/item\/151442-sarovic-dodik-treba-ozbiljno-da-se-zamisli-nakon-vuciceve-izjave-o-bih\/#primaryimage"},"thumbnailUrl":"https:\/\/tuzlainfo.ba\/wp-content\/uploads\/2021\/08\/0608_sarovic.jpg","datePublished":"2021-10-19T17:00:02+00:00","dateModified":"2021-10-19T17:00:02+00:00","breadcrumb":{"@id":"https:\/\/tuzlainfo.ba\/index.php\/bosna-i-hercegovina\/item\/151442-sarovic-dodik-treba-ozbiljno-da-se-zamisli-nakon-vuciceve-izjave-o-bih\/#breadcrumb"},"inLanguage":"bs-BA","potentialAction":[{"@type":"ReadAction","target":["https:\/\/tuzlainfo.ba\/index.php\/bosna-i-hercegovina\/item\/151442-sarovic-dodik-treba-ozbiljno-da-se-zamisli-nakon-vuciceve-izjave-o-bih\/"]}]},{"@type":"ImageObject","inLanguage":"bs-BA","@id":"https:\/\/tuzlainfo.ba\/index.php\/bosna-i-hercegovina\/item\/151442-sarovic-dodik-treba-ozbiljno-da-se-zamisli-nakon-vuciceve-izjave-o-bih\/#primaryimage","url":"https:\/\/tuzlainfo.ba\/wp-content\/uploads\/2021\/08\/0608_sarovic.jpg","contentUrl":"https:\/\/tuzlainfo.ba\/wp-content\/uploads\/2021\/08\/0608_sarovic.jpg","width":750,"height":465},{"@type":"BreadcrumbList","@id":"https:\/\/tuzlainfo.ba\/index.php\/bosna-i-hercegovina\/item\/151442-sarovic-dodik-treba-ozbiljno-da-se-zamisli-nakon-vuciceve-izjave-o-bih\/#breadcrumb","itemListElement":[{"@type":"ListItem","position":1,"name":"Home","item":"https:\/\/tuzlainfo.ba\/"},{"@type":"ListItem","position":2,"name":"\u0160arovi\u0107: Dodik treba ozbiljno da se zamisli nakon Vu\u010di\u0107eve izjave o BiH"}]},{"@type":"WebSite","@id":"https:\/\/tuzlainfo.ba\/#website","url":"https:\/\/tuzlainfo.ba\/","name":"TuzlaInfo.ba","description":"Tuzla info, gradski informator - Tuzla na dlanu","publisher":{"@id":"https:\/\/tuzlainfo.ba\/#organization"},"potentialAction":[{"@type":"SearchAction","target":{"@type":"EntryPoint","urlTemplate":"https:\/\/tuzlainfo.ba\/?s={search_term_string}"},"query-input":{"@type":"PropertyValueSpecification","valueRequired":true,"valueName":"search_term_string"}}],"inLanguage":"bs-BA"},{"@type":"Organization","@id":"https:\/\/tuzlainfo.ba\/#organization","name":"TuzlaInfo.ba","url":"https:\/\/tuzlainfo.ba\/","logo":{"@type":"ImageObject","inLanguage":"bs-BA","@id":"https:\/\/tuzlainfo.ba\/#\/schema\/logo\/image\/","url":"https:\/\/tuzlainfo.ba\/wp-content\/uploads\/2021\/03\/logo-ver-3-1.png","contentUrl":"https:\/\/tuzlainfo.ba\/wp-content\/uploads\/2021\/03\/logo-ver-3-1.png","width":350,"height":95,"caption":"TuzlaInfo.ba"},"image":{"@id":"https:\/\/tuzlainfo.ba\/#\/schema\/logo\/image\/"},"sameAs":["https:\/\/www.facebook.com\/tuzlainfo.ba\/"]},{"@type":"Person","@id":"https:\/\/tuzlainfo.ba\/#\/schema\/person\/46cad4c57790cbc50781edd14870825a","name":"Tuzla Info","image":{"@type":"ImageObject","inLanguage":"bs-BA","@id":"https:\/\/tuzlainfo.ba\/#\/schema\/person\/image\/","url":"https:\/\/tuzlainfo.ba\/wp-content\/litespeed\/avatar\/b6c453a6c38e3654f2e4416c643fc25c.jpg?ver=1777656712","contentUrl":"https:\/\/tuzlainfo.ba\/wp-content\/litespeed\/avatar\/b6c453a6c38e3654f2e4416c643fc25c.jpg?ver=1777656712","caption":"Tuzla Info"}}]}},"_links":{"self":[{"href":"https:\/\/tuzlainfo.ba\/index.php\/wp-json\/wp\/v2\/posts\/151442"}],"collection":[{"href":"https:\/\/tuzlainfo.ba\/index.php\/wp-json\/wp\/v2\/posts"}],"about":[{"href":"https:\/\/tuzlainfo.ba\/index.php\/wp-json\/wp\/v2\/types\/post"}],"author":[{"embeddable":true,"href":"https:\/\/tuzlainfo.ba\/index.php\/wp-json\/wp\/v2\/users\/4"}],"replies":[{"embeddable":true,"href":"https:\/\/tuzlainfo.ba\/index.php\/wp-json\/wp\/v2\/comments?post=151442"}],"version-history":[{"count":0,"href":"https:\/\/tuzlainfo.ba\/index.php\/wp-json\/wp\/v2\/posts\/151442\/revisions"}],"wp:featuredmedia":[{"embeddable":true,"href":"https:\/\/tuzlainfo.ba\/index.php\/wp-json\/wp\/v2\/media\/144124"}],"wp:attachment":[{"href":"https:\/\/tuzlainfo.ba\/index.php\/wp-json\/wp\/v2\/media?parent=151442"}],"wp:term":[{"taxonomy":"category","embeddable":true,"href":"https:\/\/tuzlainfo.ba\/index.php\/wp-json\/wp\/v2\/categories?post=151442"},{"taxonomy":"post_tag","embeddable":true,"href":"https:\/\/tuzlainfo.ba\/index.php\/wp-json\/wp\/v2\/tags?post=151442"}],"curies":[{"name":"wp","href":"https:\/\/api.w.org\/{rel}","templated":true}]}}