{"id":151401,"date":"2021-10-19T20:00:47","date_gmt":"2021-10-19T18:00:47","guid":{"rendered":"https:\/\/tuzlainfo.ba\/?p=151401"},"modified":"2021-10-19T13:22:35","modified_gmt":"2021-10-19T11:22:35","slug":"podrska-srednjoskolcima-ministarstvo-pravosudja-i-uprave-tk-ucestvovalo-u-socijalnom-danu","status":"publish","type":"post","link":"https:\/\/tuzlainfo.ba\/index.php\/novosti\/item\/151401-podrska-srednjoskolcima-ministarstvo-pravosudja-i-uprave-tk-ucestvovalo-u-socijalnom-danu\/","title":{"rendered":"Podr\u0161ka srednjo\u0161kolcima: Ministarstvo pravosu\u0111a i uprave TK u\u010destvovalo u &#8220;Socijalnom danu&#8221;"},"content":{"rendered":"<p>Ministrica pravosu\u0111a i uprave Tuzlanskog kantona Una Har\u010din podr\u017eala je projekat i pru\u017eila podr\u0161ku Asocijaciji srednjo\u0161kolaca u Bosni i Hercegovini koja realizira projekat \u201eSocijalni dan\u201c. Ve\u0107 petu godinu srednjo\u0161kolci BiH marljivo rade na ostvarenju svrhe Socijalnog dana te pokazuju\u0107i aktivisti\u010dki duh podsje\u0107aju na to \u0161ta zna\u010di biti srednjo\u0161kolac i boriti se za svoje ciljeve.<\/p>\n<p>Resorno ministarstvo u\u010destvovalo je u realizaciji projekta \u201eSocijalni dan\u201c koji omogu\u0107ava srednjo\u0161kolcima da na jedan dan \u0161kolske klupe zamijene radnim mjestima i tom prilikom steknu iskustvo koje \u0107e im pru\u017eiti radna atmosfera i radni proces, \u0161to \u0107e im u kona\u010dnici pomo\u0107i i u odabiru budu\u0107ih zanimanja, naglasila je ovom prilikom ministrica Har\u010din.<\/p>\n<p>Ministarstvo je obezbijedilo dnevnicu od 20,00 KM po srednjo\u0161kolcu a sredstva \u0107e biti upla\u0107ena na ra\u010dun Asocijacije srednjo\u0161kolaca u BiH. Prikupljena nov\u010dana sredstva, nakon realizacije projekta, preusmjeravaju se u Fond Socijalnog dana iz kojeg se finansiraju svi srednjo\u0161kolski projekti i inicijative \u0161irom Bosne i Hercegovine.<\/p>\n<p>&nbsp;<\/p>\n<p>&nbsp;<\/p>\n","protected":false},"excerpt":{"rendered":"<p>Ministrica pravosu\u0111a i uprave Tuzlanskog kantona Una Har\u010din podr\u017eala je projekat i pru\u017eila podr\u0161ku Asocijaciji&hellip;<\/p>\n","protected":false},"author":4,"featured_media":151402,"comment_status":"open","ping_status":"closed","sticky":false,"template":"","format":"standard","meta":{"_acf_changed":false,"footnotes":""},"categories":[12],"tags":[2733,336],"acf":[],"yoast_head":"<!-- This site is optimized with the Yoast SEO plugin v23.5 - https:\/\/yoast.com\/wordpress\/plugins\/seo\/ -->\n<title>Podr\u0161ka srednjo\u0161kolcima: Ministarstvo pravosu\u0111a i uprave TK u\u010destvovalo u &quot;Socijalnom danu&quot; - TuzlaInfo.ba<\/title>\n<meta name=\"robots\" content=\"index, follow, max-snippet:-1, max-image-preview:large, max-video-preview:-1\" \/>\n<link rel=\"canonical\" href=\"https:\/\/tuzlainfo.ba\/index.php\/novosti\/item\/151401-podrska-srednjoskolcima-ministarstvo-pravosudja-i-uprave-tk-ucestvovalo-u-socijalnom-danu\/\" \/>\n<meta property=\"og:locale\" content=\"bs_BA\" \/>\n<meta property=\"og:type\" content=\"article\" \/>\n<meta property=\"og:title\" content=\"Podr\u0161ka srednjo\u0161kolcima: Ministarstvo pravosu\u0111a i uprave TK u\u010destvovalo u &quot;Socijalnom danu&quot; - TuzlaInfo.ba\" \/>\n<meta property=\"og:description\" content=\"Ministrica pravosu\u0111a i uprave Tuzlanskog kantona Una Har\u010din podr\u017eala je projekat i pru\u017eila podr\u0161ku Asocijaciji&hellip;\" \/>\n<meta property=\"og:url\" content=\"https:\/\/tuzlainfo.ba\/index.php\/novosti\/item\/151401-podrska-srednjoskolcima-ministarstvo-pravosudja-i-uprave-tk-ucestvovalo-u-socijalnom-danu\/\" \/>\n<meta property=\"og:site_name\" content=\"TuzlaInfo.ba\" \/>\n<meta property=\"article:publisher\" content=\"https:\/\/www.facebook.com\/tuzlainfo.ba\/\" \/>\n<meta property=\"article:published_time\" content=\"2021-10-19T18:00:47+00:00\" \/>\n<meta property=\"article:modified_time\" content=\"2021-10-19T11:22:35+00:00\" \/>\n<meta property=\"og:image\" content=\"https:\/\/tuzlainfo.ba\/wp-content\/uploads\/2021\/10\/inbound8465112907610251757.jpg\" \/>\n\t<meta property=\"og:image:width\" content=\"900\" \/>\n\t<meta property=\"og:image:height\" content=\"922\" \/>\n\t<meta property=\"og:image:type\" content=\"image\/jpeg\" \/>\n<meta name=\"author\" content=\"Tuzla Info\" \/>\n<meta name=\"twitter:card\" content=\"summary_large_image\" \/>\n<meta name=\"twitter:label1\" content=\"Written by\" \/>\n\t<meta name=\"twitter:data1\" content=\"Tuzla Info\" \/>\n\t<meta name=\"twitter:label2\" content=\"Est. reading time\" \/>\n\t<meta name=\"twitter:data2\" content=\"1 minuta\" \/>\n<script type=\"application\/ld+json\" class=\"yoast-schema-graph\">{\"@context\":\"https:\/\/schema.org\",\"@graph\":[{\"@type\":\"Article\",\"@id\":\"https:\/\/tuzlainfo.ba\/index.php\/novosti\/item\/151401-podrska-srednjoskolcima-ministarstvo-pravosudja-i-uprave-tk-ucestvovalo-u-socijalnom-danu\/#article\",\"isPartOf\":{\"@id\":\"https:\/\/tuzlainfo.ba\/index.php\/novosti\/item\/151401-podrska-srednjoskolcima-ministarstvo-pravosudja-i-uprave-tk-ucestvovalo-u-socijalnom-danu\/\"},\"author\":{\"name\":\"Tuzla Info\",\"@id\":\"https:\/\/tuzlainfo.ba\/#\/schema\/person\/46cad4c57790cbc50781edd14870825a\"},\"headline\":\"Podr\u0161ka srednjo\u0161kolcima: Ministarstvo pravosu\u0111a i uprave TK u\u010destvovalo u &#8220;Socijalnom danu&#8221;\",\"datePublished\":\"2021-10-19T18:00:47+00:00\",\"dateModified\":\"2021-10-19T11:22:35+00:00\",\"mainEntityOfPage\":{\"@id\":\"https:\/\/tuzlainfo.ba\/index.php\/novosti\/item\/151401-podrska-srednjoskolcima-ministarstvo-pravosudja-i-uprave-tk-ucestvovalo-u-socijalnom-danu\/\"},\"wordCount\":193,\"commentCount\":0,\"publisher\":{\"@id\":\"https:\/\/tuzlainfo.ba\/#organization\"},\"image\":{\"@id\":\"https:\/\/tuzlainfo.ba\/index.php\/novosti\/item\/151401-podrska-srednjoskolcima-ministarstvo-pravosudja-i-uprave-tk-ucestvovalo-u-socijalnom-danu\/#primaryimage\"},\"thumbnailUrl\":\"https:\/\/tuzlainfo.ba\/wp-content\/uploads\/2021\/10\/inbound8465112907610251757.jpg\",\"keywords\":[\"socijalni dan\",\"vlada tk\"],\"articleSection\":[\"Novosti\"],\"inLanguage\":\"bs-BA\"},{\"@type\":\"WebPage\",\"@id\":\"https:\/\/tuzlainfo.ba\/index.php\/novosti\/item\/151401-podrska-srednjoskolcima-ministarstvo-pravosudja-i-uprave-tk-ucestvovalo-u-socijalnom-danu\/\",\"url\":\"https:\/\/tuzlainfo.ba\/index.php\/novosti\/item\/151401-podrska-srednjoskolcima-ministarstvo-pravosudja-i-uprave-tk-ucestvovalo-u-socijalnom-danu\/\",\"name\":\"Podr\u0161ka srednjo\u0161kolcima: Ministarstvo pravosu\u0111a i uprave TK u\u010destvovalo u \\\"Socijalnom danu\\\" - TuzlaInfo.ba\",\"isPartOf\":{\"@id\":\"https:\/\/tuzlainfo.ba\/#website\"},\"primaryImageOfPage\":{\"@id\":\"https:\/\/tuzlainfo.ba\/index.php\/novosti\/item\/151401-podrska-srednjoskolcima-ministarstvo-pravosudja-i-uprave-tk-ucestvovalo-u-socijalnom-danu\/#primaryimage\"},\"image\":{\"@id\":\"https:\/\/tuzlainfo.ba\/index.php\/novosti\/item\/151401-podrska-srednjoskolcima-ministarstvo-pravosudja-i-uprave-tk-ucestvovalo-u-socijalnom-danu\/#primaryimage\"},\"thumbnailUrl\":\"https:\/\/tuzlainfo.ba\/wp-content\/uploads\/2021\/10\/inbound8465112907610251757.jpg\",\"datePublished\":\"2021-10-19T18:00:47+00:00\",\"dateModified\":\"2021-10-19T11:22:35+00:00\",\"breadcrumb\":{\"@id\":\"https:\/\/tuzlainfo.ba\/index.php\/novosti\/item\/151401-podrska-srednjoskolcima-ministarstvo-pravosudja-i-uprave-tk-ucestvovalo-u-socijalnom-danu\/#breadcrumb\"},\"inLanguage\":\"bs-BA\",\"potentialAction\":[{\"@type\":\"ReadAction\",\"target\":[\"https:\/\/tuzlainfo.ba\/index.php\/novosti\/item\/151401-podrska-srednjoskolcima-ministarstvo-pravosudja-i-uprave-tk-ucestvovalo-u-socijalnom-danu\/\"]}]},{\"@type\":\"ImageObject\",\"inLanguage\":\"bs-BA\",\"@id\":\"https:\/\/tuzlainfo.ba\/index.php\/novosti\/item\/151401-podrska-srednjoskolcima-ministarstvo-pravosudja-i-uprave-tk-ucestvovalo-u-socijalnom-danu\/#primaryimage\",\"url\":\"https:\/\/tuzlainfo.ba\/wp-content\/uploads\/2021\/10\/inbound8465112907610251757.jpg\",\"contentUrl\":\"https:\/\/tuzlainfo.ba\/wp-content\/uploads\/2021\/10\/inbound8465112907610251757.jpg\",\"width\":900,\"height\":922},{\"@type\":\"BreadcrumbList\",\"@id\":\"https:\/\/tuzlainfo.ba\/index.php\/novosti\/item\/151401-podrska-srednjoskolcima-ministarstvo-pravosudja-i-uprave-tk-ucestvovalo-u-socijalnom-danu\/#breadcrumb\",\"itemListElement\":[{\"@type\":\"ListItem\",\"position\":1,\"name\":\"Home\",\"item\":\"https:\/\/tuzlainfo.ba\/\"},{\"@type\":\"ListItem\",\"position\":2,\"name\":\"Podr\u0161ka srednjo\u0161kolcima: Ministarstvo pravosu\u0111a i uprave TK u\u010destvovalo u &#8220;Socijalnom danu&#8221;\"}]},{\"@type\":\"WebSite\",\"@id\":\"https:\/\/tuzlainfo.ba\/#website\",\"url\":\"https:\/\/tuzlainfo.ba\/\",\"name\":\"TuzlaInfo.ba\",\"description\":\"Tuzla info, gradski informator - Tuzla na dlanu\",\"publisher\":{\"@id\":\"https:\/\/tuzlainfo.ba\/#organization\"},\"potentialAction\":[{\"@type\":\"SearchAction\",\"target\":{\"@type\":\"EntryPoint\",\"urlTemplate\":\"https:\/\/tuzlainfo.ba\/?s={search_term_string}\"},\"query-input\":{\"@type\":\"PropertyValueSpecification\",\"valueRequired\":true,\"valueName\":\"search_term_string\"}}],\"inLanguage\":\"bs-BA\"},{\"@type\":\"Organization\",\"@id\":\"https:\/\/tuzlainfo.ba\/#organization\",\"name\":\"TuzlaInfo.ba\",\"url\":\"https:\/\/tuzlainfo.ba\/\",\"logo\":{\"@type\":\"ImageObject\",\"inLanguage\":\"bs-BA\",\"@id\":\"https:\/\/tuzlainfo.ba\/#\/schema\/logo\/image\/\",\"url\":\"https:\/\/tuzlainfo.ba\/wp-content\/uploads\/2021\/03\/logo-ver-3-1.png\",\"contentUrl\":\"https:\/\/tuzlainfo.ba\/wp-content\/uploads\/2021\/03\/logo-ver-3-1.png\",\"width\":350,\"height\":95,\"caption\":\"TuzlaInfo.ba\"},\"image\":{\"@id\":\"https:\/\/tuzlainfo.ba\/#\/schema\/logo\/image\/\"},\"sameAs\":[\"https:\/\/www.facebook.com\/tuzlainfo.ba\/\"]},{\"@type\":\"Person\",\"@id\":\"https:\/\/tuzlainfo.ba\/#\/schema\/person\/46cad4c57790cbc50781edd14870825a\",\"name\":\"Tuzla Info\",\"image\":{\"@type\":\"ImageObject\",\"inLanguage\":\"bs-BA\",\"@id\":\"https:\/\/tuzlainfo.ba\/#\/schema\/person\/image\/\",\"url\":\"https:\/\/tuzlainfo.ba\/wp-content\/litespeed\/avatar\/b6c453a6c38e3654f2e4416c643fc25c.jpg?ver=1777656712\",\"contentUrl\":\"https:\/\/tuzlainfo.ba\/wp-content\/litespeed\/avatar\/b6c453a6c38e3654f2e4416c643fc25c.jpg?ver=1777656712\",\"caption\":\"Tuzla Info\"}}]}<\/script>\n<!-- \/ Yoast SEO plugin. -->","yoast_head_json":{"title":"Podr\u0161ka srednjo\u0161kolcima: Ministarstvo pravosu\u0111a i uprave TK u\u010destvovalo u \"Socijalnom danu\" - TuzlaInfo.ba","robots":{"index":"index","follow":"follow","max-snippet":"max-snippet:-1","max-image-preview":"max-image-preview:large","max-video-preview":"max-video-preview:-1"},"canonical":"https:\/\/tuzlainfo.ba\/index.php\/novosti\/item\/151401-podrska-srednjoskolcima-ministarstvo-pravosudja-i-uprave-tk-ucestvovalo-u-socijalnom-danu\/","og_locale":"bs_BA","og_type":"article","og_title":"Podr\u0161ka srednjo\u0161kolcima: Ministarstvo pravosu\u0111a i uprave TK u\u010destvovalo u \"Socijalnom danu\" - TuzlaInfo.ba","og_description":"Ministrica pravosu\u0111a i uprave Tuzlanskog kantona Una Har\u010din podr\u017eala je projekat i pru\u017eila podr\u0161ku Asocijaciji&hellip;","og_url":"https:\/\/tuzlainfo.ba\/index.php\/novosti\/item\/151401-podrska-srednjoskolcima-ministarstvo-pravosudja-i-uprave-tk-ucestvovalo-u-socijalnom-danu\/","og_site_name":"TuzlaInfo.ba","article_publisher":"https:\/\/www.facebook.com\/tuzlainfo.ba\/","article_published_time":"2021-10-19T18:00:47+00:00","article_modified_time":"2021-10-19T11:22:35+00:00","og_image":[{"width":900,"height":922,"url":"https:\/\/tuzlainfo.ba\/wp-content\/uploads\/2021\/10\/inbound8465112907610251757.jpg","type":"image\/jpeg"}],"author":"Tuzla Info","twitter_card":"summary_large_image","twitter_misc":{"Written by":"Tuzla Info","Est. reading time":"1 minuta"},"schema":{"@context":"https:\/\/schema.org","@graph":[{"@type":"Article","@id":"https:\/\/tuzlainfo.ba\/index.php\/novosti\/item\/151401-podrska-srednjoskolcima-ministarstvo-pravosudja-i-uprave-tk-ucestvovalo-u-socijalnom-danu\/#article","isPartOf":{"@id":"https:\/\/tuzlainfo.ba\/index.php\/novosti\/item\/151401-podrska-srednjoskolcima-ministarstvo-pravosudja-i-uprave-tk-ucestvovalo-u-socijalnom-danu\/"},"author":{"name":"Tuzla Info","@id":"https:\/\/tuzlainfo.ba\/#\/schema\/person\/46cad4c57790cbc50781edd14870825a"},"headline":"Podr\u0161ka srednjo\u0161kolcima: Ministarstvo pravosu\u0111a i uprave TK u\u010destvovalo u &#8220;Socijalnom danu&#8221;","datePublished":"2021-10-19T18:00:47+00:00","dateModified":"2021-10-19T11:22:35+00:00","mainEntityOfPage":{"@id":"https:\/\/tuzlainfo.ba\/index.php\/novosti\/item\/151401-podrska-srednjoskolcima-ministarstvo-pravosudja-i-uprave-tk-ucestvovalo-u-socijalnom-danu\/"},"wordCount":193,"commentCount":0,"publisher":{"@id":"https:\/\/tuzlainfo.ba\/#organization"},"image":{"@id":"https:\/\/tuzlainfo.ba\/index.php\/novosti\/item\/151401-podrska-srednjoskolcima-ministarstvo-pravosudja-i-uprave-tk-ucestvovalo-u-socijalnom-danu\/#primaryimage"},"thumbnailUrl":"https:\/\/tuzlainfo.ba\/wp-content\/uploads\/2021\/10\/inbound8465112907610251757.jpg","keywords":["socijalni dan","vlada tk"],"articleSection":["Novosti"],"inLanguage":"bs-BA"},{"@type":"WebPage","@id":"https:\/\/tuzlainfo.ba\/index.php\/novosti\/item\/151401-podrska-srednjoskolcima-ministarstvo-pravosudja-i-uprave-tk-ucestvovalo-u-socijalnom-danu\/","url":"https:\/\/tuzlainfo.ba\/index.php\/novosti\/item\/151401-podrska-srednjoskolcima-ministarstvo-pravosudja-i-uprave-tk-ucestvovalo-u-socijalnom-danu\/","name":"Podr\u0161ka srednjo\u0161kolcima: Ministarstvo pravosu\u0111a i uprave TK u\u010destvovalo u \"Socijalnom danu\" - TuzlaInfo.ba","isPartOf":{"@id":"https:\/\/tuzlainfo.ba\/#website"},"primaryImageOfPage":{"@id":"https:\/\/tuzlainfo.ba\/index.php\/novosti\/item\/151401-podrska-srednjoskolcima-ministarstvo-pravosudja-i-uprave-tk-ucestvovalo-u-socijalnom-danu\/#primaryimage"},"image":{"@id":"https:\/\/tuzlainfo.ba\/index.php\/novosti\/item\/151401-podrska-srednjoskolcima-ministarstvo-pravosudja-i-uprave-tk-ucestvovalo-u-socijalnom-danu\/#primaryimage"},"thumbnailUrl":"https:\/\/tuzlainfo.ba\/wp-content\/uploads\/2021\/10\/inbound8465112907610251757.jpg","datePublished":"2021-10-19T18:00:47+00:00","dateModified":"2021-10-19T11:22:35+00:00","breadcrumb":{"@id":"https:\/\/tuzlainfo.ba\/index.php\/novosti\/item\/151401-podrska-srednjoskolcima-ministarstvo-pravosudja-i-uprave-tk-ucestvovalo-u-socijalnom-danu\/#breadcrumb"},"inLanguage":"bs-BA","potentialAction":[{"@type":"ReadAction","target":["https:\/\/tuzlainfo.ba\/index.php\/novosti\/item\/151401-podrska-srednjoskolcima-ministarstvo-pravosudja-i-uprave-tk-ucestvovalo-u-socijalnom-danu\/"]}]},{"@type":"ImageObject","inLanguage":"bs-BA","@id":"https:\/\/tuzlainfo.ba\/index.php\/novosti\/item\/151401-podrska-srednjoskolcima-ministarstvo-pravosudja-i-uprave-tk-ucestvovalo-u-socijalnom-danu\/#primaryimage","url":"https:\/\/tuzlainfo.ba\/wp-content\/uploads\/2021\/10\/inbound8465112907610251757.jpg","contentUrl":"https:\/\/tuzlainfo.ba\/wp-content\/uploads\/2021\/10\/inbound8465112907610251757.jpg","width":900,"height":922},{"@type":"BreadcrumbList","@id":"https:\/\/tuzlainfo.ba\/index.php\/novosti\/item\/151401-podrska-srednjoskolcima-ministarstvo-pravosudja-i-uprave-tk-ucestvovalo-u-socijalnom-danu\/#breadcrumb","itemListElement":[{"@type":"ListItem","position":1,"name":"Home","item":"https:\/\/tuzlainfo.ba\/"},{"@type":"ListItem","position":2,"name":"Podr\u0161ka srednjo\u0161kolcima: Ministarstvo pravosu\u0111a i uprave TK u\u010destvovalo u &#8220;Socijalnom danu&#8221;"}]},{"@type":"WebSite","@id":"https:\/\/tuzlainfo.ba\/#website","url":"https:\/\/tuzlainfo.ba\/","name":"TuzlaInfo.ba","description":"Tuzla info, gradski informator - Tuzla na dlanu","publisher":{"@id":"https:\/\/tuzlainfo.ba\/#organization"},"potentialAction":[{"@type":"SearchAction","target":{"@type":"EntryPoint","urlTemplate":"https:\/\/tuzlainfo.ba\/?s={search_term_string}"},"query-input":{"@type":"PropertyValueSpecification","valueRequired":true,"valueName":"search_term_string"}}],"inLanguage":"bs-BA"},{"@type":"Organization","@id":"https:\/\/tuzlainfo.ba\/#organization","name":"TuzlaInfo.ba","url":"https:\/\/tuzlainfo.ba\/","logo":{"@type":"ImageObject","inLanguage":"bs-BA","@id":"https:\/\/tuzlainfo.ba\/#\/schema\/logo\/image\/","url":"https:\/\/tuzlainfo.ba\/wp-content\/uploads\/2021\/03\/logo-ver-3-1.png","contentUrl":"https:\/\/tuzlainfo.ba\/wp-content\/uploads\/2021\/03\/logo-ver-3-1.png","width":350,"height":95,"caption":"TuzlaInfo.ba"},"image":{"@id":"https:\/\/tuzlainfo.ba\/#\/schema\/logo\/image\/"},"sameAs":["https:\/\/www.facebook.com\/tuzlainfo.ba\/"]},{"@type":"Person","@id":"https:\/\/tuzlainfo.ba\/#\/schema\/person\/46cad4c57790cbc50781edd14870825a","name":"Tuzla Info","image":{"@type":"ImageObject","inLanguage":"bs-BA","@id":"https:\/\/tuzlainfo.ba\/#\/schema\/person\/image\/","url":"https:\/\/tuzlainfo.ba\/wp-content\/litespeed\/avatar\/b6c453a6c38e3654f2e4416c643fc25c.jpg?ver=1777656712","contentUrl":"https:\/\/tuzlainfo.ba\/wp-content\/litespeed\/avatar\/b6c453a6c38e3654f2e4416c643fc25c.jpg?ver=1777656712","caption":"Tuzla Info"}}]}},"_links":{"self":[{"href":"https:\/\/tuzlainfo.ba\/index.php\/wp-json\/wp\/v2\/posts\/151401"}],"collection":[{"href":"https:\/\/tuzlainfo.ba\/index.php\/wp-json\/wp\/v2\/posts"}],"about":[{"href":"https:\/\/tuzlainfo.ba\/index.php\/wp-json\/wp\/v2\/types\/post"}],"author":[{"embeddable":true,"href":"https:\/\/tuzlainfo.ba\/index.php\/wp-json\/wp\/v2\/users\/4"}],"replies":[{"embeddable":true,"href":"https:\/\/tuzlainfo.ba\/index.php\/wp-json\/wp\/v2\/comments?post=151401"}],"version-history":[{"count":0,"href":"https:\/\/tuzlainfo.ba\/index.php\/wp-json\/wp\/v2\/posts\/151401\/revisions"}],"wp:featuredmedia":[{"embeddable":true,"href":"https:\/\/tuzlainfo.ba\/index.php\/wp-json\/wp\/v2\/media\/151402"}],"wp:attachment":[{"href":"https:\/\/tuzlainfo.ba\/index.php\/wp-json\/wp\/v2\/media?parent=151401"}],"wp:term":[{"taxonomy":"category","embeddable":true,"href":"https:\/\/tuzlainfo.ba\/index.php\/wp-json\/wp\/v2\/categories?post=151401"},{"taxonomy":"post_tag","embeddable":true,"href":"https:\/\/tuzlainfo.ba\/index.php\/wp-json\/wp\/v2\/tags?post=151401"}],"curies":[{"name":"wp","href":"https:\/\/api.w.org\/{rel}","templated":true}]}}