{"id":151380,"date":"2021-10-19T11:07:16","date_gmt":"2021-10-19T09:07:16","guid":{"rendered":"https:\/\/tuzlainfo.ba\/?p=151380"},"modified":"2021-10-19T13:19:53","modified_gmt":"2021-10-19T11:19:53","slug":"pogorsana-epidemioloska-situacija-u-tk-90-posto-umrlih-nije-bilo-vakcinisano","status":"publish","type":"post","link":"https:\/\/tuzlainfo.ba\/index.php\/novosti\/item\/151380-pogorsana-epidemioloska-situacija-u-tk-90-posto-umrlih-nije-bilo-vakcinisano\/","title":{"rendered":"Pogor\u0161ana epidemiolo\u0161ka situacija u TK: 90 posto umrlih nije bilo vakcinisano"},"content":{"rendered":"<p>Vlada je danas prihvatila Informaciju o epidemiolo\u0161koj situaciji na podru\u010dju Tuzlanskog kantona u periodu od 01. augusta do 17. oktobra 2021.godine, prema kojoj je izme\u0111u dva izvje\u0161tajna perioda do\u0161lo do evidntnog pogor\u0161anja epidemiolo\u0161ke situacije. Uprkos done\u0161enim naredbama i preporukama, usljed njihovog nepo\u0161tivanja ne dolazi do stabilizacije, a sezona gripe umnogome uslo\u017enjava epidemiolo\u0161ku situaciju.<\/p>\n<p>U ovom periodu u zdravstvenim ustanovama na podru\u010dju Tuzlanskog kantona za obradu PCR metodom prikupljena su 20.971 uzorka od \u010dega je kod 3.731 uzorka potvr\u0111en SARS-CoV-2 virus. U odnosu na evidentirane rezultate PCR testiranja evidentno je uslo\u017enjavanje epidemiolo\u0161ke situacije po\u010detkom mjeseca septembra. Prikazano stanje ukazuje da se nakon skoka procenta pozitivnih uzoraka u tre\u0107oj sedmici septembra u naredne dvije sedmice blago stabilizira visina procenta pozitivnosti, ali prve dvije sedmice oktobra ukazuju na pove\u0107anu lokalnu transmisiju. Iskazani procenti ukaziju na nekontrolirano \u0161irenje virusa me\u0111u populacijom tj. nivo prenosa 4. Pozitivnost uzoraka na SARS-CoV-2 virus naj\u010de\u0161\u0107e je evidentirana u grupi stanovni\u0161ta starosti 25 do 49 godina (37%), dok je slijede\u0107a dobna skupina po u\u010destalosti pozitivnosti starosti 50 do 64 godine. U navedenom periodu 505 osoba je trebalo bolni\u010dko lije\u010denje. Broj osoba oboljelih od COVID-a koju su trebali bolni\u010dko lije\u010denje od druge polovine augusta mjeseca bilje\u017ei porast, sa izuzetnim skokom u tre\u0107oj i \u010detvrtoj sedmici septembra, nakon \u010dega se ne bilje\u017ei znatniji porast ovog parametra pra\u0107enja. Kod 143 osobe je evidentiran smrtni ishod. Broj smrtnih ishoda usljovljenih COVID-om iskazuje ksponencijalni rast od tre\u0107e sedmice septembra. Na osnovu dostavljenih podataka od strane JZU UKC-a 90% umrlih nisu bili vakcinisani, a prisustvo vi\u0161e hroni\u010dnih bolesti je jedan od faktora koji direktno uti\u010de na smrtni ishod.<\/p>\n<p>Kada je u pitanju imunizacija gra\u0111ana na\u0161eg kantona, na podru\u010dju Tuzlanskog kantona do sada je aplicirano 177.640 doza vakcina, od \u010dega su 96.233 osobe vakcinisane sa prvom dozom vakcine, dok je 81.407 osoba vakcinisano sa obje doze vakcine protiv COVID-19. Iako stanovnici Tuzlanskog kantona na raspolaganju imaju dovoljan broj vakcina protiv COVID-19, zainteresiranost za vakcinaciju je nedovoljna. Pra\u0107enje potro\u0161nje vakcina na sedmi\u010dnom nivou definisano od strane FZJZ, ukazuje da se zadnje tri sedmice izvje\u0161tajnog perioda broj vakcinisanih prvom dozom smanjuje za oko 1000 na sedmi\u010dnom nivou.<\/p>\n<p>&nbsp;<\/p>\n","protected":false},"excerpt":{"rendered":"<p>Vlada je danas prihvatila Informaciju o epidemiolo\u0161koj situaciji na podru\u010dju Tuzlanskog kantona u periodu od&hellip;<\/p>\n","protected":false},"author":4,"featured_media":146389,"comment_status":"open","ping_status":"closed","sticky":false,"template":"","format":"standard","meta":{"_acf_changed":false,"footnotes":""},"categories":[304,12],"tags":[2629,360,336],"acf":[],"yoast_head":"<!-- This site is optimized with the Yoast SEO plugin v23.5 - https:\/\/yoast.com\/wordpress\/plugins\/seo\/ -->\n<title>Pogor\u0161ana epidemiolo\u0161ka situacija u TK: 90 posto umrlih nije bilo vakcinisano - TuzlaInfo.ba<\/title>\n<meta name=\"robots\" content=\"index, follow, max-snippet:-1, max-image-preview:large, max-video-preview:-1\" \/>\n<link rel=\"canonical\" href=\"https:\/\/tuzlainfo.ba\/index.php\/novosti\/item\/151380-pogorsana-epidemioloska-situacija-u-tk-90-posto-umrlih-nije-bilo-vakcinisano\/\" \/>\n<meta property=\"og:locale\" content=\"bs_BA\" \/>\n<meta property=\"og:type\" content=\"article\" \/>\n<meta property=\"og:title\" content=\"Pogor\u0161ana epidemiolo\u0161ka situacija u TK: 90 posto umrlih nije bilo vakcinisano - TuzlaInfo.ba\" \/>\n<meta property=\"og:description\" content=\"Vlada je danas prihvatila Informaciju o epidemiolo\u0161koj situaciji na podru\u010dju Tuzlanskog kantona u periodu od&hellip;\" \/>\n<meta property=\"og:url\" content=\"https:\/\/tuzlainfo.ba\/index.php\/novosti\/item\/151380-pogorsana-epidemioloska-situacija-u-tk-90-posto-umrlih-nije-bilo-vakcinisano\/\" \/>\n<meta property=\"og:site_name\" content=\"TuzlaInfo.ba\" \/>\n<meta property=\"article:publisher\" content=\"https:\/\/www.facebook.com\/tuzlainfo.ba\/\" \/>\n<meta property=\"article:published_time\" content=\"2021-10-19T09:07:16+00:00\" \/>\n<meta property=\"article:modified_time\" content=\"2021-10-19T11:19:53+00:00\" \/>\n<meta property=\"og:image\" content=\"https:\/\/tuzlainfo.ba\/wp-content\/uploads\/2021\/08\/3108_maske.jpeg\" \/>\n\t<meta property=\"og:image:width\" content=\"940\" \/>\n\t<meta property=\"og:image:height\" content=\"529\" \/>\n\t<meta property=\"og:image:type\" content=\"image\/jpeg\" \/>\n<meta name=\"author\" content=\"Tuzla Info\" \/>\n<meta name=\"twitter:card\" content=\"summary_large_image\" \/>\n<meta name=\"twitter:label1\" content=\"Written by\" \/>\n\t<meta name=\"twitter:data1\" content=\"Tuzla Info\" \/>\n\t<meta name=\"twitter:label2\" content=\"Est. reading time\" \/>\n\t<meta name=\"twitter:data2\" content=\"2 minute\" \/>\n<script type=\"application\/ld+json\" class=\"yoast-schema-graph\">{\"@context\":\"https:\/\/schema.org\",\"@graph\":[{\"@type\":\"Article\",\"@id\":\"https:\/\/tuzlainfo.ba\/index.php\/novosti\/item\/151380-pogorsana-epidemioloska-situacija-u-tk-90-posto-umrlih-nije-bilo-vakcinisano\/#article\",\"isPartOf\":{\"@id\":\"https:\/\/tuzlainfo.ba\/index.php\/novosti\/item\/151380-pogorsana-epidemioloska-situacija-u-tk-90-posto-umrlih-nije-bilo-vakcinisano\/\"},\"author\":{\"name\":\"Tuzla Info\",\"@id\":\"https:\/\/tuzlainfo.ba\/#\/schema\/person\/46cad4c57790cbc50781edd14870825a\"},\"headline\":\"Pogor\u0161ana epidemiolo\u0161ka situacija u TK: 90 posto umrlih nije bilo vakcinisano\",\"datePublished\":\"2021-10-19T09:07:16+00:00\",\"dateModified\":\"2021-10-19T11:19:53+00:00\",\"mainEntityOfPage\":{\"@id\":\"https:\/\/tuzlainfo.ba\/index.php\/novosti\/item\/151380-pogorsana-epidemioloska-situacija-u-tk-90-posto-umrlih-nije-bilo-vakcinisano\/\"},\"wordCount\":389,\"commentCount\":0,\"publisher\":{\"@id\":\"https:\/\/tuzlainfo.ba\/#organization\"},\"image\":{\"@id\":\"https:\/\/tuzlainfo.ba\/index.php\/novosti\/item\/151380-pogorsana-epidemioloska-situacija-u-tk-90-posto-umrlih-nije-bilo-vakcinisano\/#primaryimage\"},\"thumbnailUrl\":\"https:\/\/tuzlainfo.ba\/wp-content\/uploads\/2021\/08\/3108_maske.jpeg\",\"keywords\":[\"epidemiolo\u0161ka situacija\",\"tuzlanski kanton\",\"vlada tk\"],\"articleSection\":[\"Istaknuto\",\"Novosti\"],\"inLanguage\":\"bs-BA\"},{\"@type\":\"WebPage\",\"@id\":\"https:\/\/tuzlainfo.ba\/index.php\/novosti\/item\/151380-pogorsana-epidemioloska-situacija-u-tk-90-posto-umrlih-nije-bilo-vakcinisano\/\",\"url\":\"https:\/\/tuzlainfo.ba\/index.php\/novosti\/item\/151380-pogorsana-epidemioloska-situacija-u-tk-90-posto-umrlih-nije-bilo-vakcinisano\/\",\"name\":\"Pogor\u0161ana epidemiolo\u0161ka situacija u TK: 90 posto umrlih nije bilo vakcinisano - TuzlaInfo.ba\",\"isPartOf\":{\"@id\":\"https:\/\/tuzlainfo.ba\/#website\"},\"primaryImageOfPage\":{\"@id\":\"https:\/\/tuzlainfo.ba\/index.php\/novosti\/item\/151380-pogorsana-epidemioloska-situacija-u-tk-90-posto-umrlih-nije-bilo-vakcinisano\/#primaryimage\"},\"image\":{\"@id\":\"https:\/\/tuzlainfo.ba\/index.php\/novosti\/item\/151380-pogorsana-epidemioloska-situacija-u-tk-90-posto-umrlih-nije-bilo-vakcinisano\/#primaryimage\"},\"thumbnailUrl\":\"https:\/\/tuzlainfo.ba\/wp-content\/uploads\/2021\/08\/3108_maske.jpeg\",\"datePublished\":\"2021-10-19T09:07:16+00:00\",\"dateModified\":\"2021-10-19T11:19:53+00:00\",\"breadcrumb\":{\"@id\":\"https:\/\/tuzlainfo.ba\/index.php\/novosti\/item\/151380-pogorsana-epidemioloska-situacija-u-tk-90-posto-umrlih-nije-bilo-vakcinisano\/#breadcrumb\"},\"inLanguage\":\"bs-BA\",\"potentialAction\":[{\"@type\":\"ReadAction\",\"target\":[\"https:\/\/tuzlainfo.ba\/index.php\/novosti\/item\/151380-pogorsana-epidemioloska-situacija-u-tk-90-posto-umrlih-nije-bilo-vakcinisano\/\"]}]},{\"@type\":\"ImageObject\",\"inLanguage\":\"bs-BA\",\"@id\":\"https:\/\/tuzlainfo.ba\/index.php\/novosti\/item\/151380-pogorsana-epidemioloska-situacija-u-tk-90-posto-umrlih-nije-bilo-vakcinisano\/#primaryimage\",\"url\":\"https:\/\/tuzlainfo.ba\/wp-content\/uploads\/2021\/08\/3108_maske.jpeg\",\"contentUrl\":\"https:\/\/tuzlainfo.ba\/wp-content\/uploads\/2021\/08\/3108_maske.jpeg\",\"width\":940,\"height\":529,\"caption\":\"Foto: N1\"},{\"@type\":\"BreadcrumbList\",\"@id\":\"https:\/\/tuzlainfo.ba\/index.php\/novosti\/item\/151380-pogorsana-epidemioloska-situacija-u-tk-90-posto-umrlih-nije-bilo-vakcinisano\/#breadcrumb\",\"itemListElement\":[{\"@type\":\"ListItem\",\"position\":1,\"name\":\"Home\",\"item\":\"https:\/\/tuzlainfo.ba\/\"},{\"@type\":\"ListItem\",\"position\":2,\"name\":\"Pogor\u0161ana epidemiolo\u0161ka situacija u TK: 90 posto umrlih nije bilo vakcinisano\"}]},{\"@type\":\"WebSite\",\"@id\":\"https:\/\/tuzlainfo.ba\/#website\",\"url\":\"https:\/\/tuzlainfo.ba\/\",\"name\":\"TuzlaInfo.ba\",\"description\":\"Tuzla info, gradski informator - Tuzla na dlanu\",\"publisher\":{\"@id\":\"https:\/\/tuzlainfo.ba\/#organization\"},\"potentialAction\":[{\"@type\":\"SearchAction\",\"target\":{\"@type\":\"EntryPoint\",\"urlTemplate\":\"https:\/\/tuzlainfo.ba\/?s={search_term_string}\"},\"query-input\":{\"@type\":\"PropertyValueSpecification\",\"valueRequired\":true,\"valueName\":\"search_term_string\"}}],\"inLanguage\":\"bs-BA\"},{\"@type\":\"Organization\",\"@id\":\"https:\/\/tuzlainfo.ba\/#organization\",\"name\":\"TuzlaInfo.ba\",\"url\":\"https:\/\/tuzlainfo.ba\/\",\"logo\":{\"@type\":\"ImageObject\",\"inLanguage\":\"bs-BA\",\"@id\":\"https:\/\/tuzlainfo.ba\/#\/schema\/logo\/image\/\",\"url\":\"https:\/\/tuzlainfo.ba\/wp-content\/uploads\/2021\/03\/logo-ver-3-1.png\",\"contentUrl\":\"https:\/\/tuzlainfo.ba\/wp-content\/uploads\/2021\/03\/logo-ver-3-1.png\",\"width\":350,\"height\":95,\"caption\":\"TuzlaInfo.ba\"},\"image\":{\"@id\":\"https:\/\/tuzlainfo.ba\/#\/schema\/logo\/image\/\"},\"sameAs\":[\"https:\/\/www.facebook.com\/tuzlainfo.ba\/\"]},{\"@type\":\"Person\",\"@id\":\"https:\/\/tuzlainfo.ba\/#\/schema\/person\/46cad4c57790cbc50781edd14870825a\",\"name\":\"Tuzla Info\",\"image\":{\"@type\":\"ImageObject\",\"inLanguage\":\"bs-BA\",\"@id\":\"https:\/\/tuzlainfo.ba\/#\/schema\/person\/image\/\",\"url\":\"https:\/\/tuzlainfo.ba\/wp-content\/litespeed\/avatar\/b6c453a6c38e3654f2e4416c643fc25c.jpg?ver=1777051911\",\"contentUrl\":\"https:\/\/tuzlainfo.ba\/wp-content\/litespeed\/avatar\/b6c453a6c38e3654f2e4416c643fc25c.jpg?ver=1777051911\",\"caption\":\"Tuzla Info\"}}]}<\/script>\n<!-- \/ Yoast SEO plugin. -->","yoast_head_json":{"title":"Pogor\u0161ana epidemiolo\u0161ka situacija u TK: 90 posto umrlih nije bilo vakcinisano - TuzlaInfo.ba","robots":{"index":"index","follow":"follow","max-snippet":"max-snippet:-1","max-image-preview":"max-image-preview:large","max-video-preview":"max-video-preview:-1"},"canonical":"https:\/\/tuzlainfo.ba\/index.php\/novosti\/item\/151380-pogorsana-epidemioloska-situacija-u-tk-90-posto-umrlih-nije-bilo-vakcinisano\/","og_locale":"bs_BA","og_type":"article","og_title":"Pogor\u0161ana epidemiolo\u0161ka situacija u TK: 90 posto umrlih nije bilo vakcinisano - TuzlaInfo.ba","og_description":"Vlada je danas prihvatila Informaciju o epidemiolo\u0161koj situaciji na podru\u010dju Tuzlanskog kantona u periodu od&hellip;","og_url":"https:\/\/tuzlainfo.ba\/index.php\/novosti\/item\/151380-pogorsana-epidemioloska-situacija-u-tk-90-posto-umrlih-nije-bilo-vakcinisano\/","og_site_name":"TuzlaInfo.ba","article_publisher":"https:\/\/www.facebook.com\/tuzlainfo.ba\/","article_published_time":"2021-10-19T09:07:16+00:00","article_modified_time":"2021-10-19T11:19:53+00:00","og_image":[{"width":940,"height":529,"url":"https:\/\/tuzlainfo.ba\/wp-content\/uploads\/2021\/08\/3108_maske.jpeg","type":"image\/jpeg"}],"author":"Tuzla Info","twitter_card":"summary_large_image","twitter_misc":{"Written by":"Tuzla Info","Est. reading time":"2 minute"},"schema":{"@context":"https:\/\/schema.org","@graph":[{"@type":"Article","@id":"https:\/\/tuzlainfo.ba\/index.php\/novosti\/item\/151380-pogorsana-epidemioloska-situacija-u-tk-90-posto-umrlih-nije-bilo-vakcinisano\/#article","isPartOf":{"@id":"https:\/\/tuzlainfo.ba\/index.php\/novosti\/item\/151380-pogorsana-epidemioloska-situacija-u-tk-90-posto-umrlih-nije-bilo-vakcinisano\/"},"author":{"name":"Tuzla Info","@id":"https:\/\/tuzlainfo.ba\/#\/schema\/person\/46cad4c57790cbc50781edd14870825a"},"headline":"Pogor\u0161ana epidemiolo\u0161ka situacija u TK: 90 posto umrlih nije bilo vakcinisano","datePublished":"2021-10-19T09:07:16+00:00","dateModified":"2021-10-19T11:19:53+00:00","mainEntityOfPage":{"@id":"https:\/\/tuzlainfo.ba\/index.php\/novosti\/item\/151380-pogorsana-epidemioloska-situacija-u-tk-90-posto-umrlih-nije-bilo-vakcinisano\/"},"wordCount":389,"commentCount":0,"publisher":{"@id":"https:\/\/tuzlainfo.ba\/#organization"},"image":{"@id":"https:\/\/tuzlainfo.ba\/index.php\/novosti\/item\/151380-pogorsana-epidemioloska-situacija-u-tk-90-posto-umrlih-nije-bilo-vakcinisano\/#primaryimage"},"thumbnailUrl":"https:\/\/tuzlainfo.ba\/wp-content\/uploads\/2021\/08\/3108_maske.jpeg","keywords":["epidemiolo\u0161ka situacija","tuzlanski kanton","vlada tk"],"articleSection":["Istaknuto","Novosti"],"inLanguage":"bs-BA"},{"@type":"WebPage","@id":"https:\/\/tuzlainfo.ba\/index.php\/novosti\/item\/151380-pogorsana-epidemioloska-situacija-u-tk-90-posto-umrlih-nije-bilo-vakcinisano\/","url":"https:\/\/tuzlainfo.ba\/index.php\/novosti\/item\/151380-pogorsana-epidemioloska-situacija-u-tk-90-posto-umrlih-nije-bilo-vakcinisano\/","name":"Pogor\u0161ana epidemiolo\u0161ka situacija u TK: 90 posto umrlih nije bilo vakcinisano - TuzlaInfo.ba","isPartOf":{"@id":"https:\/\/tuzlainfo.ba\/#website"},"primaryImageOfPage":{"@id":"https:\/\/tuzlainfo.ba\/index.php\/novosti\/item\/151380-pogorsana-epidemioloska-situacija-u-tk-90-posto-umrlih-nije-bilo-vakcinisano\/#primaryimage"},"image":{"@id":"https:\/\/tuzlainfo.ba\/index.php\/novosti\/item\/151380-pogorsana-epidemioloska-situacija-u-tk-90-posto-umrlih-nije-bilo-vakcinisano\/#primaryimage"},"thumbnailUrl":"https:\/\/tuzlainfo.ba\/wp-content\/uploads\/2021\/08\/3108_maske.jpeg","datePublished":"2021-10-19T09:07:16+00:00","dateModified":"2021-10-19T11:19:53+00:00","breadcrumb":{"@id":"https:\/\/tuzlainfo.ba\/index.php\/novosti\/item\/151380-pogorsana-epidemioloska-situacija-u-tk-90-posto-umrlih-nije-bilo-vakcinisano\/#breadcrumb"},"inLanguage":"bs-BA","potentialAction":[{"@type":"ReadAction","target":["https:\/\/tuzlainfo.ba\/index.php\/novosti\/item\/151380-pogorsana-epidemioloska-situacija-u-tk-90-posto-umrlih-nije-bilo-vakcinisano\/"]}]},{"@type":"ImageObject","inLanguage":"bs-BA","@id":"https:\/\/tuzlainfo.ba\/index.php\/novosti\/item\/151380-pogorsana-epidemioloska-situacija-u-tk-90-posto-umrlih-nije-bilo-vakcinisano\/#primaryimage","url":"https:\/\/tuzlainfo.ba\/wp-content\/uploads\/2021\/08\/3108_maske.jpeg","contentUrl":"https:\/\/tuzlainfo.ba\/wp-content\/uploads\/2021\/08\/3108_maske.jpeg","width":940,"height":529,"caption":"Foto: N1"},{"@type":"BreadcrumbList","@id":"https:\/\/tuzlainfo.ba\/index.php\/novosti\/item\/151380-pogorsana-epidemioloska-situacija-u-tk-90-posto-umrlih-nije-bilo-vakcinisano\/#breadcrumb","itemListElement":[{"@type":"ListItem","position":1,"name":"Home","item":"https:\/\/tuzlainfo.ba\/"},{"@type":"ListItem","position":2,"name":"Pogor\u0161ana epidemiolo\u0161ka situacija u TK: 90 posto umrlih nije bilo vakcinisano"}]},{"@type":"WebSite","@id":"https:\/\/tuzlainfo.ba\/#website","url":"https:\/\/tuzlainfo.ba\/","name":"TuzlaInfo.ba","description":"Tuzla info, gradski informator - Tuzla na dlanu","publisher":{"@id":"https:\/\/tuzlainfo.ba\/#organization"},"potentialAction":[{"@type":"SearchAction","target":{"@type":"EntryPoint","urlTemplate":"https:\/\/tuzlainfo.ba\/?s={search_term_string}"},"query-input":{"@type":"PropertyValueSpecification","valueRequired":true,"valueName":"search_term_string"}}],"inLanguage":"bs-BA"},{"@type":"Organization","@id":"https:\/\/tuzlainfo.ba\/#organization","name":"TuzlaInfo.ba","url":"https:\/\/tuzlainfo.ba\/","logo":{"@type":"ImageObject","inLanguage":"bs-BA","@id":"https:\/\/tuzlainfo.ba\/#\/schema\/logo\/image\/","url":"https:\/\/tuzlainfo.ba\/wp-content\/uploads\/2021\/03\/logo-ver-3-1.png","contentUrl":"https:\/\/tuzlainfo.ba\/wp-content\/uploads\/2021\/03\/logo-ver-3-1.png","width":350,"height":95,"caption":"TuzlaInfo.ba"},"image":{"@id":"https:\/\/tuzlainfo.ba\/#\/schema\/logo\/image\/"},"sameAs":["https:\/\/www.facebook.com\/tuzlainfo.ba\/"]},{"@type":"Person","@id":"https:\/\/tuzlainfo.ba\/#\/schema\/person\/46cad4c57790cbc50781edd14870825a","name":"Tuzla Info","image":{"@type":"ImageObject","inLanguage":"bs-BA","@id":"https:\/\/tuzlainfo.ba\/#\/schema\/person\/image\/","url":"https:\/\/tuzlainfo.ba\/wp-content\/litespeed\/avatar\/b6c453a6c38e3654f2e4416c643fc25c.jpg?ver=1777051911","contentUrl":"https:\/\/tuzlainfo.ba\/wp-content\/litespeed\/avatar\/b6c453a6c38e3654f2e4416c643fc25c.jpg?ver=1777051911","caption":"Tuzla Info"}}]}},"_links":{"self":[{"href":"https:\/\/tuzlainfo.ba\/index.php\/wp-json\/wp\/v2\/posts\/151380"}],"collection":[{"href":"https:\/\/tuzlainfo.ba\/index.php\/wp-json\/wp\/v2\/posts"}],"about":[{"href":"https:\/\/tuzlainfo.ba\/index.php\/wp-json\/wp\/v2\/types\/post"}],"author":[{"embeddable":true,"href":"https:\/\/tuzlainfo.ba\/index.php\/wp-json\/wp\/v2\/users\/4"}],"replies":[{"embeddable":true,"href":"https:\/\/tuzlainfo.ba\/index.php\/wp-json\/wp\/v2\/comments?post=151380"}],"version-history":[{"count":0,"href":"https:\/\/tuzlainfo.ba\/index.php\/wp-json\/wp\/v2\/posts\/151380\/revisions"}],"wp:featuredmedia":[{"embeddable":true,"href":"https:\/\/tuzlainfo.ba\/index.php\/wp-json\/wp\/v2\/media\/146389"}],"wp:attachment":[{"href":"https:\/\/tuzlainfo.ba\/index.php\/wp-json\/wp\/v2\/media?parent=151380"}],"wp:term":[{"taxonomy":"category","embeddable":true,"href":"https:\/\/tuzlainfo.ba\/index.php\/wp-json\/wp\/v2\/categories?post=151380"},{"taxonomy":"post_tag","embeddable":true,"href":"https:\/\/tuzlainfo.ba\/index.php\/wp-json\/wp\/v2\/tags?post=151380"}],"curies":[{"name":"wp","href":"https:\/\/api.w.org\/{rel}","templated":true}]}}