{"id":151323,"date":"2021-10-19T09:00:34","date_gmt":"2021-10-19T07:00:34","guid":{"rendered":"https:\/\/tuzlainfo.ba\/?p=151323"},"modified":"2021-10-19T08:17:19","modified_gmt":"2021-10-19T06:17:19","slug":"karatisti-iz-tk-osvojili-18-medalja-na-balkanskom-prvenstvu-u-porecu","status":"publish","type":"post","link":"https:\/\/tuzlainfo.ba\/index.php\/novosti\/item\/151323-karatisti-iz-tk-osvojili-18-medalja-na-balkanskom-prvenstvu-u-porecu\/","title":{"rendered":"Karatisti iz TK osvojili 18 medalja na Balkanskom prvenstvu u Pore\u010du"},"content":{"rendered":"<p>U Balkanskom prvenstvu u karateu za djecu i seniore odr\u017eanom u Pore\u010du takmi\u010dari iz TK osvojili su 18 medalja.<\/p>\n<p>U ukupnom plasmanu u dje\u010dijoj konkurenciji reprezentacija Bosne i Hercegovine je zauzela drugo mjesto.<\/p>\n<p>Medalje iz TK osvojili su:<\/p>\n<p>KBS \u201eTuzla\u201cTuzla<\/p>\n<p>\u2013 2. mjesto, D\u017dini\u0107 Damir, kate, dje\u010daci 12 godina<\/p>\n<p>\u2013 2. mjesto, Vedad Osmanbegovi\u0107 borbe, dje\u010daci 11god.\u201340 kg.<\/p>\n<p>\u2013 3.mjesto, Softi\u0107 Lamija, borbe, djrvoj\u010dice13 god \u201344<\/p>\n<p>\u2013 3 mjesto, Brkovi\u0107 Merima borbe, djevoj\u010dice 13 god \u201349 kg<\/p>\n<p>Karate klub \u201e1.Mart\u201cSrebrenik<\/p>\n<p>&nbsp;<\/p>\n<p>\u20131.mjesto, Kata tim djevoj\u010dice, 2008\u20132009. god.<\/p>\n<p>&nbsp;<\/p>\n<p>\u2013 3.mjesto, Be\u0161i\u0107 Nadja, kate djevoj\u010dice 8 god.<\/p>\n<p>&nbsp;<\/p>\n<p>\u20133. mjesto, Duranovi\u0107, Hana kate djevoj\u010dice 13 god.<\/p>\n<p>&nbsp;<\/p>\n<p>\u20133.mjesto, Deli\u0107 Lana borbe djevoj\u010dice \u201344 kg<\/p>\n<p>Karate klub \u201eDo\u201cTuzla<\/p>\n<p>&nbsp;<\/p>\n<p>\u20131. mjesto, \u0160ejla A\u0161\u010di\u0107 , djevoj\u010dice borbe 12 godina \u201350 kg<\/p>\n<p>&nbsp;<\/p>\n<p>\u20131. mjesto, Amina Deli\u010d, borbe djevoj\u010dice 11 god. \u201349 kg<\/p>\n<p>&nbsp;<\/p>\n<p>\u2013 3. mjesto, Stefani Kre\u0161i\u0107 borbe seniorke, \u010dlan ekipe BiH<\/p>\n<p>Karate klub \u201eWiner\u201cTuzla<\/p>\n<p>&nbsp;<\/p>\n<p>\u2013 1. mjesto Brkovi\u0107 Berina Brkovi\u0107 djevoj\u010dice borbe 10 god.+40 kg<\/p>\n<p>&nbsp;<\/p>\n<p>\u2013 2. mjesto Sara Dragi\u010devi\u0107 djevoj\u010dice borbe 11 godina \u201332 kg<\/p>\n<p>KBS \u201eZmaj \u201e Grada\u010dac<\/p>\n<p>&nbsp;<\/p>\n<p>\u20131.mjesto, Bahi\u0107 Aldina, djevoj\u010dice kate 13 godina<\/p>\n<p>-3.mjesto, Ejub Kavazovi\u0107, dje\u010daci kate 11 godina<\/p>\n<p>Karate klub \u201eTempo2 Graada\u010dac<\/p>\n<p>&nbsp;<\/p>\n<p>\u2013 2. mjesto, Malik Suljkanovi\u0107 Borbe dje\u010daci 11 god.\u201344 kg<\/p>\n<p>&nbsp;<\/p>\n<p>\u2013 2. mjesto, Mersed Numanovi\u0107 borbe, dje\u010daci 13 god \u201345 kg<\/p>\n<p>KBS \u201eORKKA\u201c Lukavac<\/p>\n<p>\u20133. mjesto, Ikanovi\u0107 Sarah, djevoj\u010dice, borbe\u201340 kg<\/p>\n<p>&nbsp;<\/p>\n<p>&nbsp;<\/p>\n<p>&nbsp;<\/p>\n<p>&nbsp;<\/p>\n<p>&nbsp;<\/p>\n<p>&nbsp;<\/p>\n<p>&nbsp;<\/p>\n<p>&nbsp;<\/p>\n","protected":false},"excerpt":{"rendered":"<p>U Balkanskom prvenstvu u karateu za djecu i seniore odr\u017eanom u Pore\u010du takmi\u010dari iz TK&hellip;<\/p>\n","protected":false},"author":4,"featured_media":151324,"comment_status":"open","ping_status":"closed","sticky":false,"template":"","format":"standard","meta":{"_acf_changed":false,"footnotes":""},"categories":[304,12],"tags":[3031,2518,915],"acf":[],"yoast_head":"<!-- This site is optimized with the Yoast SEO plugin v23.5 - https:\/\/yoast.com\/wordpress\/plugins\/seo\/ -->\n<title>Karatisti iz TK osvojili 18 medalja na Balkanskom prvenstvu u Pore\u010du - TuzlaInfo.ba<\/title>\n<meta name=\"robots\" content=\"index, follow, max-snippet:-1, max-image-preview:large, max-video-preview:-1\" \/>\n<link rel=\"canonical\" href=\"https:\/\/tuzlainfo.ba\/index.php\/novosti\/item\/151323-karatisti-iz-tk-osvojili-18-medalja-na-balkanskom-prvenstvu-u-porecu\/\" \/>\n<meta property=\"og:locale\" content=\"bs_BA\" \/>\n<meta property=\"og:type\" content=\"article\" \/>\n<meta property=\"og:title\" content=\"Karatisti iz TK osvojili 18 medalja na Balkanskom prvenstvu u Pore\u010du - TuzlaInfo.ba\" \/>\n<meta property=\"og:description\" content=\"U Balkanskom prvenstvu u karateu za djecu i seniore odr\u017eanom u Pore\u010du takmi\u010dari iz TK&hellip;\" \/>\n<meta property=\"og:url\" content=\"https:\/\/tuzlainfo.ba\/index.php\/novosti\/item\/151323-karatisti-iz-tk-osvojili-18-medalja-na-balkanskom-prvenstvu-u-porecu\/\" \/>\n<meta property=\"og:site_name\" content=\"TuzlaInfo.ba\" \/>\n<meta property=\"article:publisher\" content=\"https:\/\/www.facebook.com\/tuzlainfo.ba\/\" \/>\n<meta property=\"article:published_time\" content=\"2021-10-19T07:00:34+00:00\" \/>\n<meta property=\"article:modified_time\" content=\"2021-10-19T06:17:19+00:00\" \/>\n<meta property=\"og:image\" content=\"https:\/\/tuzlainfo.ba\/wp-content\/uploads\/2021\/10\/inbound5770601357740662.jpg\" \/>\n\t<meta property=\"og:image:width\" content=\"756\" \/>\n\t<meta property=\"og:image:height\" content=\"884\" \/>\n\t<meta property=\"og:image:type\" content=\"image\/jpeg\" \/>\n<meta name=\"author\" content=\"Tuzla Info\" \/>\n<meta name=\"twitter:card\" content=\"summary_large_image\" \/>\n<meta name=\"twitter:label1\" content=\"Written by\" \/>\n\t<meta name=\"twitter:data1\" content=\"Tuzla Info\" \/>\n\t<meta name=\"twitter:label2\" content=\"Est. reading time\" \/>\n\t<meta name=\"twitter:data2\" content=\"1 minuta\" \/>\n<script type=\"application\/ld+json\" class=\"yoast-schema-graph\">{\"@context\":\"https:\/\/schema.org\",\"@graph\":[{\"@type\":\"Article\",\"@id\":\"https:\/\/tuzlainfo.ba\/index.php\/novosti\/item\/151323-karatisti-iz-tk-osvojili-18-medalja-na-balkanskom-prvenstvu-u-porecu\/#article\",\"isPartOf\":{\"@id\":\"https:\/\/tuzlainfo.ba\/index.php\/novosti\/item\/151323-karatisti-iz-tk-osvojili-18-medalja-na-balkanskom-prvenstvu-u-porecu\/\"},\"author\":{\"name\":\"Tuzla Info\",\"@id\":\"https:\/\/tuzlainfo.ba\/#\/schema\/person\/46cad4c57790cbc50781edd14870825a\"},\"headline\":\"Karatisti iz TK osvojili 18 medalja na Balkanskom prvenstvu u Pore\u010du\",\"datePublished\":\"2021-10-19T07:00:34+00:00\",\"dateModified\":\"2021-10-19T06:17:19+00:00\",\"mainEntityOfPage\":{\"@id\":\"https:\/\/tuzlainfo.ba\/index.php\/novosti\/item\/151323-karatisti-iz-tk-osvojili-18-medalja-na-balkanskom-prvenstvu-u-porecu\/\"},\"wordCount\":240,\"commentCount\":0,\"publisher\":{\"@id\":\"https:\/\/tuzlainfo.ba\/#organization\"},\"image\":{\"@id\":\"https:\/\/tuzlainfo.ba\/index.php\/novosti\/item\/151323-karatisti-iz-tk-osvojili-18-medalja-na-balkanskom-prvenstvu-u-porecu\/#primaryimage\"},\"thumbnailUrl\":\"https:\/\/tuzlainfo.ba\/wp-content\/uploads\/2021\/10\/inbound5770601357740662.jpg\",\"keywords\":[\"balkansko prvenstvo\",\"karate\",\"sport\"],\"articleSection\":[\"Istaknuto\",\"Novosti\"],\"inLanguage\":\"bs-BA\"},{\"@type\":\"WebPage\",\"@id\":\"https:\/\/tuzlainfo.ba\/index.php\/novosti\/item\/151323-karatisti-iz-tk-osvojili-18-medalja-na-balkanskom-prvenstvu-u-porecu\/\",\"url\":\"https:\/\/tuzlainfo.ba\/index.php\/novosti\/item\/151323-karatisti-iz-tk-osvojili-18-medalja-na-balkanskom-prvenstvu-u-porecu\/\",\"name\":\"Karatisti iz TK osvojili 18 medalja na Balkanskom prvenstvu u Pore\u010du - TuzlaInfo.ba\",\"isPartOf\":{\"@id\":\"https:\/\/tuzlainfo.ba\/#website\"},\"primaryImageOfPage\":{\"@id\":\"https:\/\/tuzlainfo.ba\/index.php\/novosti\/item\/151323-karatisti-iz-tk-osvojili-18-medalja-na-balkanskom-prvenstvu-u-porecu\/#primaryimage\"},\"image\":{\"@id\":\"https:\/\/tuzlainfo.ba\/index.php\/novosti\/item\/151323-karatisti-iz-tk-osvojili-18-medalja-na-balkanskom-prvenstvu-u-porecu\/#primaryimage\"},\"thumbnailUrl\":\"https:\/\/tuzlainfo.ba\/wp-content\/uploads\/2021\/10\/inbound5770601357740662.jpg\",\"datePublished\":\"2021-10-19T07:00:34+00:00\",\"dateModified\":\"2021-10-19T06:17:19+00:00\",\"breadcrumb\":{\"@id\":\"https:\/\/tuzlainfo.ba\/index.php\/novosti\/item\/151323-karatisti-iz-tk-osvojili-18-medalja-na-balkanskom-prvenstvu-u-porecu\/#breadcrumb\"},\"inLanguage\":\"bs-BA\",\"potentialAction\":[{\"@type\":\"ReadAction\",\"target\":[\"https:\/\/tuzlainfo.ba\/index.php\/novosti\/item\/151323-karatisti-iz-tk-osvojili-18-medalja-na-balkanskom-prvenstvu-u-porecu\/\"]}]},{\"@type\":\"ImageObject\",\"inLanguage\":\"bs-BA\",\"@id\":\"https:\/\/tuzlainfo.ba\/index.php\/novosti\/item\/151323-karatisti-iz-tk-osvojili-18-medalja-na-balkanskom-prvenstvu-u-porecu\/#primaryimage\",\"url\":\"https:\/\/tuzlainfo.ba\/wp-content\/uploads\/2021\/10\/inbound5770601357740662.jpg\",\"contentUrl\":\"https:\/\/tuzlainfo.ba\/wp-content\/uploads\/2021\/10\/inbound5770601357740662.jpg\",\"width\":756,\"height\":884},{\"@type\":\"BreadcrumbList\",\"@id\":\"https:\/\/tuzlainfo.ba\/index.php\/novosti\/item\/151323-karatisti-iz-tk-osvojili-18-medalja-na-balkanskom-prvenstvu-u-porecu\/#breadcrumb\",\"itemListElement\":[{\"@type\":\"ListItem\",\"position\":1,\"name\":\"Home\",\"item\":\"https:\/\/tuzlainfo.ba\/\"},{\"@type\":\"ListItem\",\"position\":2,\"name\":\"Karatisti iz TK osvojili 18 medalja na Balkanskom prvenstvu u Pore\u010du\"}]},{\"@type\":\"WebSite\",\"@id\":\"https:\/\/tuzlainfo.ba\/#website\",\"url\":\"https:\/\/tuzlainfo.ba\/\",\"name\":\"TuzlaInfo.ba\",\"description\":\"Tuzla info, gradski informator - Tuzla na dlanu\",\"publisher\":{\"@id\":\"https:\/\/tuzlainfo.ba\/#organization\"},\"potentialAction\":[{\"@type\":\"SearchAction\",\"target\":{\"@type\":\"EntryPoint\",\"urlTemplate\":\"https:\/\/tuzlainfo.ba\/?s={search_term_string}\"},\"query-input\":{\"@type\":\"PropertyValueSpecification\",\"valueRequired\":true,\"valueName\":\"search_term_string\"}}],\"inLanguage\":\"bs-BA\"},{\"@type\":\"Organization\",\"@id\":\"https:\/\/tuzlainfo.ba\/#organization\",\"name\":\"TuzlaInfo.ba\",\"url\":\"https:\/\/tuzlainfo.ba\/\",\"logo\":{\"@type\":\"ImageObject\",\"inLanguage\":\"bs-BA\",\"@id\":\"https:\/\/tuzlainfo.ba\/#\/schema\/logo\/image\/\",\"url\":\"https:\/\/tuzlainfo.ba\/wp-content\/uploads\/2021\/03\/logo-ver-3-1.png\",\"contentUrl\":\"https:\/\/tuzlainfo.ba\/wp-content\/uploads\/2021\/03\/logo-ver-3-1.png\",\"width\":350,\"height\":95,\"caption\":\"TuzlaInfo.ba\"},\"image\":{\"@id\":\"https:\/\/tuzlainfo.ba\/#\/schema\/logo\/image\/\"},\"sameAs\":[\"https:\/\/www.facebook.com\/tuzlainfo.ba\/\"]},{\"@type\":\"Person\",\"@id\":\"https:\/\/tuzlainfo.ba\/#\/schema\/person\/46cad4c57790cbc50781edd14870825a\",\"name\":\"Tuzla Info\",\"image\":{\"@type\":\"ImageObject\",\"inLanguage\":\"bs-BA\",\"@id\":\"https:\/\/tuzlainfo.ba\/#\/schema\/person\/image\/\",\"url\":\"https:\/\/tuzlainfo.ba\/wp-content\/litespeed\/avatar\/b6c453a6c38e3654f2e4416c643fc25c.jpg?ver=1777051911\",\"contentUrl\":\"https:\/\/tuzlainfo.ba\/wp-content\/litespeed\/avatar\/b6c453a6c38e3654f2e4416c643fc25c.jpg?ver=1777051911\",\"caption\":\"Tuzla Info\"}}]}<\/script>\n<!-- \/ Yoast SEO plugin. -->","yoast_head_json":{"title":"Karatisti iz TK osvojili 18 medalja na Balkanskom prvenstvu u Pore\u010du - TuzlaInfo.ba","robots":{"index":"index","follow":"follow","max-snippet":"max-snippet:-1","max-image-preview":"max-image-preview:large","max-video-preview":"max-video-preview:-1"},"canonical":"https:\/\/tuzlainfo.ba\/index.php\/novosti\/item\/151323-karatisti-iz-tk-osvojili-18-medalja-na-balkanskom-prvenstvu-u-porecu\/","og_locale":"bs_BA","og_type":"article","og_title":"Karatisti iz TK osvojili 18 medalja na Balkanskom prvenstvu u Pore\u010du - TuzlaInfo.ba","og_description":"U Balkanskom prvenstvu u karateu za djecu i seniore odr\u017eanom u Pore\u010du takmi\u010dari iz TK&hellip;","og_url":"https:\/\/tuzlainfo.ba\/index.php\/novosti\/item\/151323-karatisti-iz-tk-osvojili-18-medalja-na-balkanskom-prvenstvu-u-porecu\/","og_site_name":"TuzlaInfo.ba","article_publisher":"https:\/\/www.facebook.com\/tuzlainfo.ba\/","article_published_time":"2021-10-19T07:00:34+00:00","article_modified_time":"2021-10-19T06:17:19+00:00","og_image":[{"width":756,"height":884,"url":"https:\/\/tuzlainfo.ba\/wp-content\/uploads\/2021\/10\/inbound5770601357740662.jpg","type":"image\/jpeg"}],"author":"Tuzla Info","twitter_card":"summary_large_image","twitter_misc":{"Written by":"Tuzla Info","Est. reading time":"1 minuta"},"schema":{"@context":"https:\/\/schema.org","@graph":[{"@type":"Article","@id":"https:\/\/tuzlainfo.ba\/index.php\/novosti\/item\/151323-karatisti-iz-tk-osvojili-18-medalja-na-balkanskom-prvenstvu-u-porecu\/#article","isPartOf":{"@id":"https:\/\/tuzlainfo.ba\/index.php\/novosti\/item\/151323-karatisti-iz-tk-osvojili-18-medalja-na-balkanskom-prvenstvu-u-porecu\/"},"author":{"name":"Tuzla Info","@id":"https:\/\/tuzlainfo.ba\/#\/schema\/person\/46cad4c57790cbc50781edd14870825a"},"headline":"Karatisti iz TK osvojili 18 medalja na Balkanskom prvenstvu u Pore\u010du","datePublished":"2021-10-19T07:00:34+00:00","dateModified":"2021-10-19T06:17:19+00:00","mainEntityOfPage":{"@id":"https:\/\/tuzlainfo.ba\/index.php\/novosti\/item\/151323-karatisti-iz-tk-osvojili-18-medalja-na-balkanskom-prvenstvu-u-porecu\/"},"wordCount":240,"commentCount":0,"publisher":{"@id":"https:\/\/tuzlainfo.ba\/#organization"},"image":{"@id":"https:\/\/tuzlainfo.ba\/index.php\/novosti\/item\/151323-karatisti-iz-tk-osvojili-18-medalja-na-balkanskom-prvenstvu-u-porecu\/#primaryimage"},"thumbnailUrl":"https:\/\/tuzlainfo.ba\/wp-content\/uploads\/2021\/10\/inbound5770601357740662.jpg","keywords":["balkansko prvenstvo","karate","sport"],"articleSection":["Istaknuto","Novosti"],"inLanguage":"bs-BA"},{"@type":"WebPage","@id":"https:\/\/tuzlainfo.ba\/index.php\/novosti\/item\/151323-karatisti-iz-tk-osvojili-18-medalja-na-balkanskom-prvenstvu-u-porecu\/","url":"https:\/\/tuzlainfo.ba\/index.php\/novosti\/item\/151323-karatisti-iz-tk-osvojili-18-medalja-na-balkanskom-prvenstvu-u-porecu\/","name":"Karatisti iz TK osvojili 18 medalja na Balkanskom prvenstvu u Pore\u010du - TuzlaInfo.ba","isPartOf":{"@id":"https:\/\/tuzlainfo.ba\/#website"},"primaryImageOfPage":{"@id":"https:\/\/tuzlainfo.ba\/index.php\/novosti\/item\/151323-karatisti-iz-tk-osvojili-18-medalja-na-balkanskom-prvenstvu-u-porecu\/#primaryimage"},"image":{"@id":"https:\/\/tuzlainfo.ba\/index.php\/novosti\/item\/151323-karatisti-iz-tk-osvojili-18-medalja-na-balkanskom-prvenstvu-u-porecu\/#primaryimage"},"thumbnailUrl":"https:\/\/tuzlainfo.ba\/wp-content\/uploads\/2021\/10\/inbound5770601357740662.jpg","datePublished":"2021-10-19T07:00:34+00:00","dateModified":"2021-10-19T06:17:19+00:00","breadcrumb":{"@id":"https:\/\/tuzlainfo.ba\/index.php\/novosti\/item\/151323-karatisti-iz-tk-osvojili-18-medalja-na-balkanskom-prvenstvu-u-porecu\/#breadcrumb"},"inLanguage":"bs-BA","potentialAction":[{"@type":"ReadAction","target":["https:\/\/tuzlainfo.ba\/index.php\/novosti\/item\/151323-karatisti-iz-tk-osvojili-18-medalja-na-balkanskom-prvenstvu-u-porecu\/"]}]},{"@type":"ImageObject","inLanguage":"bs-BA","@id":"https:\/\/tuzlainfo.ba\/index.php\/novosti\/item\/151323-karatisti-iz-tk-osvojili-18-medalja-na-balkanskom-prvenstvu-u-porecu\/#primaryimage","url":"https:\/\/tuzlainfo.ba\/wp-content\/uploads\/2021\/10\/inbound5770601357740662.jpg","contentUrl":"https:\/\/tuzlainfo.ba\/wp-content\/uploads\/2021\/10\/inbound5770601357740662.jpg","width":756,"height":884},{"@type":"BreadcrumbList","@id":"https:\/\/tuzlainfo.ba\/index.php\/novosti\/item\/151323-karatisti-iz-tk-osvojili-18-medalja-na-balkanskom-prvenstvu-u-porecu\/#breadcrumb","itemListElement":[{"@type":"ListItem","position":1,"name":"Home","item":"https:\/\/tuzlainfo.ba\/"},{"@type":"ListItem","position":2,"name":"Karatisti iz TK osvojili 18 medalja na Balkanskom prvenstvu u Pore\u010du"}]},{"@type":"WebSite","@id":"https:\/\/tuzlainfo.ba\/#website","url":"https:\/\/tuzlainfo.ba\/","name":"TuzlaInfo.ba","description":"Tuzla info, gradski informator - Tuzla na dlanu","publisher":{"@id":"https:\/\/tuzlainfo.ba\/#organization"},"potentialAction":[{"@type":"SearchAction","target":{"@type":"EntryPoint","urlTemplate":"https:\/\/tuzlainfo.ba\/?s={search_term_string}"},"query-input":{"@type":"PropertyValueSpecification","valueRequired":true,"valueName":"search_term_string"}}],"inLanguage":"bs-BA"},{"@type":"Organization","@id":"https:\/\/tuzlainfo.ba\/#organization","name":"TuzlaInfo.ba","url":"https:\/\/tuzlainfo.ba\/","logo":{"@type":"ImageObject","inLanguage":"bs-BA","@id":"https:\/\/tuzlainfo.ba\/#\/schema\/logo\/image\/","url":"https:\/\/tuzlainfo.ba\/wp-content\/uploads\/2021\/03\/logo-ver-3-1.png","contentUrl":"https:\/\/tuzlainfo.ba\/wp-content\/uploads\/2021\/03\/logo-ver-3-1.png","width":350,"height":95,"caption":"TuzlaInfo.ba"},"image":{"@id":"https:\/\/tuzlainfo.ba\/#\/schema\/logo\/image\/"},"sameAs":["https:\/\/www.facebook.com\/tuzlainfo.ba\/"]},{"@type":"Person","@id":"https:\/\/tuzlainfo.ba\/#\/schema\/person\/46cad4c57790cbc50781edd14870825a","name":"Tuzla Info","image":{"@type":"ImageObject","inLanguage":"bs-BA","@id":"https:\/\/tuzlainfo.ba\/#\/schema\/person\/image\/","url":"https:\/\/tuzlainfo.ba\/wp-content\/litespeed\/avatar\/b6c453a6c38e3654f2e4416c643fc25c.jpg?ver=1777051911","contentUrl":"https:\/\/tuzlainfo.ba\/wp-content\/litespeed\/avatar\/b6c453a6c38e3654f2e4416c643fc25c.jpg?ver=1777051911","caption":"Tuzla Info"}}]}},"_links":{"self":[{"href":"https:\/\/tuzlainfo.ba\/index.php\/wp-json\/wp\/v2\/posts\/151323"}],"collection":[{"href":"https:\/\/tuzlainfo.ba\/index.php\/wp-json\/wp\/v2\/posts"}],"about":[{"href":"https:\/\/tuzlainfo.ba\/index.php\/wp-json\/wp\/v2\/types\/post"}],"author":[{"embeddable":true,"href":"https:\/\/tuzlainfo.ba\/index.php\/wp-json\/wp\/v2\/users\/4"}],"replies":[{"embeddable":true,"href":"https:\/\/tuzlainfo.ba\/index.php\/wp-json\/wp\/v2\/comments?post=151323"}],"version-history":[{"count":0,"href":"https:\/\/tuzlainfo.ba\/index.php\/wp-json\/wp\/v2\/posts\/151323\/revisions"}],"wp:featuredmedia":[{"embeddable":true,"href":"https:\/\/tuzlainfo.ba\/index.php\/wp-json\/wp\/v2\/media\/151324"}],"wp:attachment":[{"href":"https:\/\/tuzlainfo.ba\/index.php\/wp-json\/wp\/v2\/media?parent=151323"}],"wp:term":[{"taxonomy":"category","embeddable":true,"href":"https:\/\/tuzlainfo.ba\/index.php\/wp-json\/wp\/v2\/categories?post=151323"},{"taxonomy":"post_tag","embeddable":true,"href":"https:\/\/tuzlainfo.ba\/index.php\/wp-json\/wp\/v2\/tags?post=151323"}],"curies":[{"name":"wp","href":"https:\/\/api.w.org\/{rel}","templated":true}]}}