{"id":151149,"date":"2021-10-17T17:00:28","date_gmt":"2021-10-17T15:00:28","guid":{"rendered":"https:\/\/tuzlainfo.ba\/?p=151149"},"modified":"2021-10-17T16:33:48","modified_gmt":"2021-10-17T14:33:48","slug":"nacrt-zakona-bih-povecava-prag-za-ulazak-u-pdv-sistem","status":"publish","type":"post","link":"https:\/\/tuzlainfo.ba\/index.php\/bosna-i-hercegovina\/item\/151149-nacrt-zakona-bih-povecava-prag-za-ulazak-u-pdv-sistem\/","title":{"rendered":"Nacrt zakona: BiH pove\u0107ava prag za ulazak u PDV sistem"},"content":{"rendered":"<p>Nakon dugogodi\u0161nje pri\u010de, novi zakon o porezu na dodanu vrijednost u formi nacrta upu\u0107en je na javne konsultacije, koje \u0107e trajati do polovine decembra, a jedna od najzna\u010dajnijih novina je da prag za ulazak u sistem PDV-a ne\u0107e biti 50.000, ve\u0107 75.000 KM, a za poljoprivrednike 100.000 KM.<\/p>\n<p>Ipak, jedan od osnovnih zahtjeva poslovne zajednice i privrede u BiH da se PDV pla\u0107a po realizaciji naplate nije usvojen. Tako\u0111e i zahtjev da se rok za pla\u0107anje PDV-a pomjeri na kraj mjeseca nije dobio podr\u0161ku Upravnog odbora Uprave za indirektno oporezivanje (UO UIO) BiH tako da \u0107e, ukoliko sve ostane kao u nacrtu, PDV biti pla\u0107an kao i do sada, odnosno do 10. u mjesecu, pi\u0161u Nezvisne novine.<\/p>\n<p>U UIO BiH ka\u017eu da je jedna od zna\u010dajnijih novina ta da su osloba\u0111anja od PDV-a u potpunosti usagla\u0161ena sa onima u Evropskoj uniji, a preciznije su odre\u0111ena osloba\u0111anja koja se ti\u010du uvoza robe u BiH.<\/p>\n<p>\u2013 Olak\u0161an je postupak za osloba\u0111anje po osnovu me\u0111unarodnih ugovora te diplomatskim i konzularnim predstavni\u0161tvima i me\u0111unarodnim organizacijama \u2013 rekli su u UIO.<\/p>\n<p>Tako\u0111e, naglasili su da je jedna od zna\u010dajnijih izmjena i oporezivanje nekretnina, a posebno sa stanovi\u0161ta upotrebljivanih i nedovr\u0161enih nekretnina, tako da \u0107e i dalje od pla\u0107anja PDV-a biti oslobo\u0111en promet objekata ili njihovih dijelova i zemlje na kojoj se objekti nalaze, ali samo ako je promet izvr\u0161en poslije prve upotrebe objekata ili njihovih dijelova.<\/p>\n<p>\u2013 Za objekte ili njihove dijelove koji nisu upotrebljavani, oporezivanje \u0107e se vr\u0161iti za promet izvr\u0161en u roku od \u010detiri godine od zavr\u0161etka izgradnje objekta ili njihovih dijelova do dana prve upotrebe \u2013 rekli su nam u UIO.<\/p>\n<p>S obzirom na to da su strani prevoznici, za razliku od doma\u0107ih, trenutno oslobo\u0111eni pla\u0107anja PDV-a, Nacrtom zakona o PDV-u predvi\u0111eno je da i oni pla\u0107aju PDV i to na na\u010din da prosje\u010dna naknada koju \u010dini prosje\u010dan iznos vrijednosti po putniku i jednom kilometru bude 0,10 KM koji se mno\u017ee sa brojem putnika koji putuju i brojem kilometara koje vozilo prelazi preko teritorije BiH.<\/p>\n<p>U Privrednoj komori Republike Srpske ka\u017eu da su privrednicima iz Republike Srpske uputili Nacrt zakona o PDV-u te da je do 12. decembra rok za dostavljanje primjedaba na sam tekst.<\/p>\n<p>\u2013 Jo\u0161 ranije smo predlagali da se rok za pla\u0107anje PDV-a pomjeri, da to ne bude do 10. u mjesecu i tra\u017eili smo da to bude kraj mjeseca. To bi umnogome olak\u0161alo privredi, jer po\u010detkom mjeseca dolaze na naplatu mnoge obaveze, ali vidje\u0107emo. \u010ceka\u0107emo primjedbe sa terena, objediniti ih i onda zvani\u010dno poslati nadle\u017enim institucijama \u2013 rekao je za \u201cNezavisne novine\u201d Vladimir Blagojevi\u0107, portparol Privredne komore Republike Srpske, dodaju\u0107i da je jedan od zahtjeva koji je usvojen bio i pomjeranje praga za ulazak u PDV sistem sa 50.000 KM na vi\u0161i iznos.<\/p>\n<p>Kako nezvani\u010dno saznajemo, novi zakon o PDV-u ne\u0107e jo\u0161 dugo stupiti na snagu i to ne sigurno prije polovine idu\u0107e godine, a izvjesno je da \u0107e to biti i kasnije te da nije isklju\u010dena mogu\u0107nost pomjeranja roka za pla\u0107anje PDV-a, barem na 20. u mjesecu za prethodni mjesec, pi\u0161u Nezavisne novine.<\/p>\n","protected":false},"excerpt":{"rendered":"<p>Nakon dugogodi\u0161nje pri\u010de, novi zakon o porezu na dodanu vrijednost u formi nacrta upu\u0107en je&hellip;<\/p>\n","protected":false},"author":2,"featured_media":65084,"comment_status":"open","ping_status":"closed","sticky":false,"template":"","format":"standard","meta":{"_acf_changed":false,"footnotes":""},"categories":[291,304],"tags":[3013,377],"acf":[],"yoast_head":"<!-- This site is optimized with the Yoast SEO plugin v23.5 - https:\/\/yoast.com\/wordpress\/plugins\/seo\/ -->\n<title>Nacrt zakona: BiH pove\u0107ava prag za ulazak u PDV sistem - TuzlaInfo.ba<\/title>\n<meta name=\"robots\" content=\"index, follow, max-snippet:-1, max-image-preview:large, max-video-preview:-1\" \/>\n<link rel=\"canonical\" href=\"https:\/\/tuzlainfo.ba\/index.php\/bosna-i-hercegovina\/item\/151149-nacrt-zakona-bih-povecava-prag-za-ulazak-u-pdv-sistem\/\" \/>\n<meta property=\"og:locale\" content=\"bs_BA\" \/>\n<meta property=\"og:type\" content=\"article\" \/>\n<meta property=\"og:title\" content=\"Nacrt zakona: BiH pove\u0107ava prag za ulazak u PDV sistem - TuzlaInfo.ba\" \/>\n<meta property=\"og:description\" content=\"Nakon dugogodi\u0161nje pri\u010de, novi zakon o porezu na dodanu vrijednost u formi nacrta upu\u0107en je&hellip;\" \/>\n<meta property=\"og:url\" content=\"https:\/\/tuzlainfo.ba\/index.php\/bosna-i-hercegovina\/item\/151149-nacrt-zakona-bih-povecava-prag-za-ulazak-u-pdv-sistem\/\" \/>\n<meta property=\"og:site_name\" content=\"TuzlaInfo.ba\" \/>\n<meta property=\"article:publisher\" content=\"https:\/\/www.facebook.com\/tuzlainfo.ba\/\" \/>\n<meta property=\"article:published_time\" content=\"2021-10-17T15:00:28+00:00\" \/>\n<meta property=\"article:modified_time\" content=\"2021-10-17T14:33:48+00:00\" \/>\n<meta property=\"og:image\" content=\"https:\/\/tuzlainfo.ba\/wp-content\/uploads\/2018\/10\/sadrzaj_2018_20181001_2810_finansije.jpg\" \/>\n\t<meta property=\"og:image:width\" content=\"770\" \/>\n\t<meta property=\"og:image:height\" content=\"513\" \/>\n\t<meta property=\"og:image:type\" content=\"image\/jpeg\" \/>\n<meta name=\"author\" content=\"nedim\" \/>\n<meta name=\"twitter:card\" content=\"summary_large_image\" \/>\n<meta name=\"twitter:label1\" content=\"Written by\" \/>\n\t<meta name=\"twitter:data1\" content=\"nedim\" \/>\n\t<meta name=\"twitter:label2\" content=\"Est. reading time\" \/>\n\t<meta name=\"twitter:data2\" content=\"3 minute\" \/>\n<script type=\"application\/ld+json\" class=\"yoast-schema-graph\">{\"@context\":\"https:\/\/schema.org\",\"@graph\":[{\"@type\":\"Article\",\"@id\":\"https:\/\/tuzlainfo.ba\/index.php\/bosna-i-hercegovina\/item\/151149-nacrt-zakona-bih-povecava-prag-za-ulazak-u-pdv-sistem\/#article\",\"isPartOf\":{\"@id\":\"https:\/\/tuzlainfo.ba\/index.php\/bosna-i-hercegovina\/item\/151149-nacrt-zakona-bih-povecava-prag-za-ulazak-u-pdv-sistem\/\"},\"author\":{\"name\":\"nedim\",\"@id\":\"https:\/\/tuzlainfo.ba\/#\/schema\/person\/f434e20dc27ea133923aab08451b7f7f\"},\"headline\":\"Nacrt zakona: BiH pove\u0107ava prag za ulazak u PDV sistem\",\"datePublished\":\"2021-10-17T15:00:28+00:00\",\"dateModified\":\"2021-10-17T14:33:48+00:00\",\"mainEntityOfPage\":{\"@id\":\"https:\/\/tuzlainfo.ba\/index.php\/bosna-i-hercegovina\/item\/151149-nacrt-zakona-bih-povecava-prag-za-ulazak-u-pdv-sistem\/\"},\"wordCount\":562,\"commentCount\":0,\"publisher\":{\"@id\":\"https:\/\/tuzlainfo.ba\/#organization\"},\"image\":{\"@id\":\"https:\/\/tuzlainfo.ba\/index.php\/bosna-i-hercegovina\/item\/151149-nacrt-zakona-bih-povecava-prag-za-ulazak-u-pdv-sistem\/#primaryimage\"},\"thumbnailUrl\":\"https:\/\/tuzlainfo.ba\/wp-content\/uploads\/2018\/10\/sadrzaj_2018_20181001_2810_finansije.jpg\",\"keywords\":[\"PDV\",\"uio\"],\"articleSection\":[\"Bosna i Hercegovina\",\"Istaknuto\"],\"inLanguage\":\"bs-BA\"},{\"@type\":\"WebPage\",\"@id\":\"https:\/\/tuzlainfo.ba\/index.php\/bosna-i-hercegovina\/item\/151149-nacrt-zakona-bih-povecava-prag-za-ulazak-u-pdv-sistem\/\",\"url\":\"https:\/\/tuzlainfo.ba\/index.php\/bosna-i-hercegovina\/item\/151149-nacrt-zakona-bih-povecava-prag-za-ulazak-u-pdv-sistem\/\",\"name\":\"Nacrt zakona: BiH pove\u0107ava prag za ulazak u PDV sistem - TuzlaInfo.ba\",\"isPartOf\":{\"@id\":\"https:\/\/tuzlainfo.ba\/#website\"},\"primaryImageOfPage\":{\"@id\":\"https:\/\/tuzlainfo.ba\/index.php\/bosna-i-hercegovina\/item\/151149-nacrt-zakona-bih-povecava-prag-za-ulazak-u-pdv-sistem\/#primaryimage\"},\"image\":{\"@id\":\"https:\/\/tuzlainfo.ba\/index.php\/bosna-i-hercegovina\/item\/151149-nacrt-zakona-bih-povecava-prag-za-ulazak-u-pdv-sistem\/#primaryimage\"},\"thumbnailUrl\":\"https:\/\/tuzlainfo.ba\/wp-content\/uploads\/2018\/10\/sadrzaj_2018_20181001_2810_finansije.jpg\",\"datePublished\":\"2021-10-17T15:00:28+00:00\",\"dateModified\":\"2021-10-17T14:33:48+00:00\",\"breadcrumb\":{\"@id\":\"https:\/\/tuzlainfo.ba\/index.php\/bosna-i-hercegovina\/item\/151149-nacrt-zakona-bih-povecava-prag-za-ulazak-u-pdv-sistem\/#breadcrumb\"},\"inLanguage\":\"bs-BA\",\"potentialAction\":[{\"@type\":\"ReadAction\",\"target\":[\"https:\/\/tuzlainfo.ba\/index.php\/bosna-i-hercegovina\/item\/151149-nacrt-zakona-bih-povecava-prag-za-ulazak-u-pdv-sistem\/\"]}]},{\"@type\":\"ImageObject\",\"inLanguage\":\"bs-BA\",\"@id\":\"https:\/\/tuzlainfo.ba\/index.php\/bosna-i-hercegovina\/item\/151149-nacrt-zakona-bih-povecava-prag-za-ulazak-u-pdv-sistem\/#primaryimage\",\"url\":\"https:\/\/tuzlainfo.ba\/wp-content\/uploads\/2018\/10\/sadrzaj_2018_20181001_2810_finansije.jpg\",\"contentUrl\":\"https:\/\/tuzlainfo.ba\/wp-content\/uploads\/2018\/10\/sadrzaj_2018_20181001_2810_finansije.jpg\",\"width\":770,\"height\":513,\"caption\":\"2810 finansije\"},{\"@type\":\"BreadcrumbList\",\"@id\":\"https:\/\/tuzlainfo.ba\/index.php\/bosna-i-hercegovina\/item\/151149-nacrt-zakona-bih-povecava-prag-za-ulazak-u-pdv-sistem\/#breadcrumb\",\"itemListElement\":[{\"@type\":\"ListItem\",\"position\":1,\"name\":\"Home\",\"item\":\"https:\/\/tuzlainfo.ba\/\"},{\"@type\":\"ListItem\",\"position\":2,\"name\":\"Nacrt zakona: BiH pove\u0107ava prag za ulazak u PDV sistem\"}]},{\"@type\":\"WebSite\",\"@id\":\"https:\/\/tuzlainfo.ba\/#website\",\"url\":\"https:\/\/tuzlainfo.ba\/\",\"name\":\"TuzlaInfo.ba\",\"description\":\"Tuzla info, gradski informator - Tuzla na dlanu\",\"publisher\":{\"@id\":\"https:\/\/tuzlainfo.ba\/#organization\"},\"potentialAction\":[{\"@type\":\"SearchAction\",\"target\":{\"@type\":\"EntryPoint\",\"urlTemplate\":\"https:\/\/tuzlainfo.ba\/?s={search_term_string}\"},\"query-input\":{\"@type\":\"PropertyValueSpecification\",\"valueRequired\":true,\"valueName\":\"search_term_string\"}}],\"inLanguage\":\"bs-BA\"},{\"@type\":\"Organization\",\"@id\":\"https:\/\/tuzlainfo.ba\/#organization\",\"name\":\"TuzlaInfo.ba\",\"url\":\"https:\/\/tuzlainfo.ba\/\",\"logo\":{\"@type\":\"ImageObject\",\"inLanguage\":\"bs-BA\",\"@id\":\"https:\/\/tuzlainfo.ba\/#\/schema\/logo\/image\/\",\"url\":\"https:\/\/tuzlainfo.ba\/wp-content\/uploads\/2021\/03\/logo-ver-3-1.png\",\"contentUrl\":\"https:\/\/tuzlainfo.ba\/wp-content\/uploads\/2021\/03\/logo-ver-3-1.png\",\"width\":350,\"height\":95,\"caption\":\"TuzlaInfo.ba\"},\"image\":{\"@id\":\"https:\/\/tuzlainfo.ba\/#\/schema\/logo\/image\/\"},\"sameAs\":[\"https:\/\/www.facebook.com\/tuzlainfo.ba\/\"]},{\"@type\":\"Person\",\"@id\":\"https:\/\/tuzlainfo.ba\/#\/schema\/person\/f434e20dc27ea133923aab08451b7f7f\",\"name\":\"nedim\",\"image\":{\"@type\":\"ImageObject\",\"inLanguage\":\"bs-BA\",\"@id\":\"https:\/\/tuzlainfo.ba\/#\/schema\/person\/image\/\",\"url\":\"https:\/\/tuzlainfo.ba\/wp-content\/litespeed\/avatar\/aabad687af24844af817603ac1cbdc4f.jpg?ver=1777306975\",\"contentUrl\":\"https:\/\/tuzlainfo.ba\/wp-content\/litespeed\/avatar\/aabad687af24844af817603ac1cbdc4f.jpg?ver=1777306975\",\"caption\":\"nedim\"},\"description\":\"Tuzlainfo.ba pratite na dru\u0161tvenim mre\u017eama: Facebook, Instagram i Youtube. Svoje pri\u010de, upite i fotografije \u0161aljite na na\u0161u e-mail adresu.\"}]}<\/script>\n<!-- \/ Yoast SEO plugin. -->","yoast_head_json":{"title":"Nacrt zakona: BiH pove\u0107ava prag za ulazak u PDV sistem - TuzlaInfo.ba","robots":{"index":"index","follow":"follow","max-snippet":"max-snippet:-1","max-image-preview":"max-image-preview:large","max-video-preview":"max-video-preview:-1"},"canonical":"https:\/\/tuzlainfo.ba\/index.php\/bosna-i-hercegovina\/item\/151149-nacrt-zakona-bih-povecava-prag-za-ulazak-u-pdv-sistem\/","og_locale":"bs_BA","og_type":"article","og_title":"Nacrt zakona: BiH pove\u0107ava prag za ulazak u PDV sistem - TuzlaInfo.ba","og_description":"Nakon dugogodi\u0161nje pri\u010de, novi zakon o porezu na dodanu vrijednost u formi nacrta upu\u0107en je&hellip;","og_url":"https:\/\/tuzlainfo.ba\/index.php\/bosna-i-hercegovina\/item\/151149-nacrt-zakona-bih-povecava-prag-za-ulazak-u-pdv-sistem\/","og_site_name":"TuzlaInfo.ba","article_publisher":"https:\/\/www.facebook.com\/tuzlainfo.ba\/","article_published_time":"2021-10-17T15:00:28+00:00","article_modified_time":"2021-10-17T14:33:48+00:00","og_image":[{"width":770,"height":513,"url":"https:\/\/tuzlainfo.ba\/wp-content\/uploads\/2018\/10\/sadrzaj_2018_20181001_2810_finansije.jpg","type":"image\/jpeg"}],"author":"nedim","twitter_card":"summary_large_image","twitter_misc":{"Written by":"nedim","Est. reading time":"3 minute"},"schema":{"@context":"https:\/\/schema.org","@graph":[{"@type":"Article","@id":"https:\/\/tuzlainfo.ba\/index.php\/bosna-i-hercegovina\/item\/151149-nacrt-zakona-bih-povecava-prag-za-ulazak-u-pdv-sistem\/#article","isPartOf":{"@id":"https:\/\/tuzlainfo.ba\/index.php\/bosna-i-hercegovina\/item\/151149-nacrt-zakona-bih-povecava-prag-za-ulazak-u-pdv-sistem\/"},"author":{"name":"nedim","@id":"https:\/\/tuzlainfo.ba\/#\/schema\/person\/f434e20dc27ea133923aab08451b7f7f"},"headline":"Nacrt zakona: BiH pove\u0107ava prag za ulazak u PDV sistem","datePublished":"2021-10-17T15:00:28+00:00","dateModified":"2021-10-17T14:33:48+00:00","mainEntityOfPage":{"@id":"https:\/\/tuzlainfo.ba\/index.php\/bosna-i-hercegovina\/item\/151149-nacrt-zakona-bih-povecava-prag-za-ulazak-u-pdv-sistem\/"},"wordCount":562,"commentCount":0,"publisher":{"@id":"https:\/\/tuzlainfo.ba\/#organization"},"image":{"@id":"https:\/\/tuzlainfo.ba\/index.php\/bosna-i-hercegovina\/item\/151149-nacrt-zakona-bih-povecava-prag-za-ulazak-u-pdv-sistem\/#primaryimage"},"thumbnailUrl":"https:\/\/tuzlainfo.ba\/wp-content\/uploads\/2018\/10\/sadrzaj_2018_20181001_2810_finansije.jpg","keywords":["PDV","uio"],"articleSection":["Bosna i Hercegovina","Istaknuto"],"inLanguage":"bs-BA"},{"@type":"WebPage","@id":"https:\/\/tuzlainfo.ba\/index.php\/bosna-i-hercegovina\/item\/151149-nacrt-zakona-bih-povecava-prag-za-ulazak-u-pdv-sistem\/","url":"https:\/\/tuzlainfo.ba\/index.php\/bosna-i-hercegovina\/item\/151149-nacrt-zakona-bih-povecava-prag-za-ulazak-u-pdv-sistem\/","name":"Nacrt zakona: BiH pove\u0107ava prag za ulazak u PDV sistem - TuzlaInfo.ba","isPartOf":{"@id":"https:\/\/tuzlainfo.ba\/#website"},"primaryImageOfPage":{"@id":"https:\/\/tuzlainfo.ba\/index.php\/bosna-i-hercegovina\/item\/151149-nacrt-zakona-bih-povecava-prag-za-ulazak-u-pdv-sistem\/#primaryimage"},"image":{"@id":"https:\/\/tuzlainfo.ba\/index.php\/bosna-i-hercegovina\/item\/151149-nacrt-zakona-bih-povecava-prag-za-ulazak-u-pdv-sistem\/#primaryimage"},"thumbnailUrl":"https:\/\/tuzlainfo.ba\/wp-content\/uploads\/2018\/10\/sadrzaj_2018_20181001_2810_finansije.jpg","datePublished":"2021-10-17T15:00:28+00:00","dateModified":"2021-10-17T14:33:48+00:00","breadcrumb":{"@id":"https:\/\/tuzlainfo.ba\/index.php\/bosna-i-hercegovina\/item\/151149-nacrt-zakona-bih-povecava-prag-za-ulazak-u-pdv-sistem\/#breadcrumb"},"inLanguage":"bs-BA","potentialAction":[{"@type":"ReadAction","target":["https:\/\/tuzlainfo.ba\/index.php\/bosna-i-hercegovina\/item\/151149-nacrt-zakona-bih-povecava-prag-za-ulazak-u-pdv-sistem\/"]}]},{"@type":"ImageObject","inLanguage":"bs-BA","@id":"https:\/\/tuzlainfo.ba\/index.php\/bosna-i-hercegovina\/item\/151149-nacrt-zakona-bih-povecava-prag-za-ulazak-u-pdv-sistem\/#primaryimage","url":"https:\/\/tuzlainfo.ba\/wp-content\/uploads\/2018\/10\/sadrzaj_2018_20181001_2810_finansije.jpg","contentUrl":"https:\/\/tuzlainfo.ba\/wp-content\/uploads\/2018\/10\/sadrzaj_2018_20181001_2810_finansije.jpg","width":770,"height":513,"caption":"2810 finansije"},{"@type":"BreadcrumbList","@id":"https:\/\/tuzlainfo.ba\/index.php\/bosna-i-hercegovina\/item\/151149-nacrt-zakona-bih-povecava-prag-za-ulazak-u-pdv-sistem\/#breadcrumb","itemListElement":[{"@type":"ListItem","position":1,"name":"Home","item":"https:\/\/tuzlainfo.ba\/"},{"@type":"ListItem","position":2,"name":"Nacrt zakona: BiH pove\u0107ava prag za ulazak u PDV sistem"}]},{"@type":"WebSite","@id":"https:\/\/tuzlainfo.ba\/#website","url":"https:\/\/tuzlainfo.ba\/","name":"TuzlaInfo.ba","description":"Tuzla info, gradski informator - Tuzla na dlanu","publisher":{"@id":"https:\/\/tuzlainfo.ba\/#organization"},"potentialAction":[{"@type":"SearchAction","target":{"@type":"EntryPoint","urlTemplate":"https:\/\/tuzlainfo.ba\/?s={search_term_string}"},"query-input":{"@type":"PropertyValueSpecification","valueRequired":true,"valueName":"search_term_string"}}],"inLanguage":"bs-BA"},{"@type":"Organization","@id":"https:\/\/tuzlainfo.ba\/#organization","name":"TuzlaInfo.ba","url":"https:\/\/tuzlainfo.ba\/","logo":{"@type":"ImageObject","inLanguage":"bs-BA","@id":"https:\/\/tuzlainfo.ba\/#\/schema\/logo\/image\/","url":"https:\/\/tuzlainfo.ba\/wp-content\/uploads\/2021\/03\/logo-ver-3-1.png","contentUrl":"https:\/\/tuzlainfo.ba\/wp-content\/uploads\/2021\/03\/logo-ver-3-1.png","width":350,"height":95,"caption":"TuzlaInfo.ba"},"image":{"@id":"https:\/\/tuzlainfo.ba\/#\/schema\/logo\/image\/"},"sameAs":["https:\/\/www.facebook.com\/tuzlainfo.ba\/"]},{"@type":"Person","@id":"https:\/\/tuzlainfo.ba\/#\/schema\/person\/f434e20dc27ea133923aab08451b7f7f","name":"nedim","image":{"@type":"ImageObject","inLanguage":"bs-BA","@id":"https:\/\/tuzlainfo.ba\/#\/schema\/person\/image\/","url":"https:\/\/tuzlainfo.ba\/wp-content\/litespeed\/avatar\/aabad687af24844af817603ac1cbdc4f.jpg?ver=1777306975","contentUrl":"https:\/\/tuzlainfo.ba\/wp-content\/litespeed\/avatar\/aabad687af24844af817603ac1cbdc4f.jpg?ver=1777306975","caption":"nedim"},"description":"Tuzlainfo.ba pratite na dru\u0161tvenim mre\u017eama: Facebook, Instagram i Youtube. Svoje pri\u010de, upite i fotografije \u0161aljite na na\u0161u e-mail adresu."}]}},"_links":{"self":[{"href":"https:\/\/tuzlainfo.ba\/index.php\/wp-json\/wp\/v2\/posts\/151149"}],"collection":[{"href":"https:\/\/tuzlainfo.ba\/index.php\/wp-json\/wp\/v2\/posts"}],"about":[{"href":"https:\/\/tuzlainfo.ba\/index.php\/wp-json\/wp\/v2\/types\/post"}],"author":[{"embeddable":true,"href":"https:\/\/tuzlainfo.ba\/index.php\/wp-json\/wp\/v2\/users\/2"}],"replies":[{"embeddable":true,"href":"https:\/\/tuzlainfo.ba\/index.php\/wp-json\/wp\/v2\/comments?post=151149"}],"version-history":[{"count":0,"href":"https:\/\/tuzlainfo.ba\/index.php\/wp-json\/wp\/v2\/posts\/151149\/revisions"}],"wp:featuredmedia":[{"embeddable":true,"href":"https:\/\/tuzlainfo.ba\/index.php\/wp-json\/wp\/v2\/media\/65084"}],"wp:attachment":[{"href":"https:\/\/tuzlainfo.ba\/index.php\/wp-json\/wp\/v2\/media?parent=151149"}],"wp:term":[{"taxonomy":"category","embeddable":true,"href":"https:\/\/tuzlainfo.ba\/index.php\/wp-json\/wp\/v2\/categories?post=151149"},{"taxonomy":"post_tag","embeddable":true,"href":"https:\/\/tuzlainfo.ba\/index.php\/wp-json\/wp\/v2\/tags?post=151149"}],"curies":[{"name":"wp","href":"https:\/\/api.w.org\/{rel}","templated":true}]}}