{"id":150916,"date":"2021-10-14T18:20:48","date_gmt":"2021-10-14T16:20:48","guid":{"rendered":"https:\/\/tuzlainfo.ba\/?p=150916"},"modified":"2021-10-14T18:20:48","modified_gmt":"2021-10-14T16:20:48","slug":"dodik-nakon-sastanka-idemo-u-vracanje-nadleznosti-rs-a-to-nije-secesija","status":"publish","type":"post","link":"https:\/\/tuzlainfo.ba\/index.php\/bosna-i-hercegovina\/item\/150916-dodik-nakon-sastanka-idemo-u-vracanje-nadleznosti-rs-a-to-nije-secesija\/","title":{"rendered":"Dodik nakon sastanka: Idemo u vra\u0107anje nadle\u017enosti RS-a, to nije secesija"},"content":{"rendered":"<p>Predsjednik SNSD-a Milorad Dodik obratio se novinarima nakon dana\u0161njeg sastanka sa predstavnicima pojedinih zemalja EU u Lukavici.<\/p>\n<p>Iako su na sastanak bili pozvani predstavnici 28 ambasada, do\u0161lo ih je tek 11, od \u010dega su ve\u0107inom bili slu\u017ebenici a ne ambasadori.<\/p>\n<p>Dodik, pak, tvrdi da ih je bilo 14 ili 15 te da je va\u017eno da je imao priliku da &#8220;zna\u010dajnim zemljama&#8221; EU saop\u0107i svoje stavove.<\/p>\n<p>&#8220;Mi smo rekli da \u0107e RS nastaviti sa svojim aktivnostima vezano za ustavno pona\u0161anje, zbog nepovjerenja i kr\u0161enja Dejtonskog sproazuma. Nama je cilj da o\u010duvamo ustavni poredak&#8221;, rekao je Dodik.<\/p>\n<p>Naveo je da nisu protiv teritorijalnog integriteta BiH, ve\u0107 za &#8220;ustavnu poziciju RS koja je jasna&#8221;.<\/p>\n<p>&#8220;RS \u0107e poduzeti mjere koje idu ka tome. Narednih dana \u0107emo u Narodnoj skup\u0161tini i\u0107i ka tome da RS povu\u010de saglasnost za reformu vojske, VSTV-a i fiskalnog sistema i UIO-a. Donijet \u0107emo zakone o neprimjenjivanju zakona koje je nametnuo visoki predstavnik, to je oko 140 zakona, zakoni o Tu\u017eila\u0161tvu, SIPA-i, OSA-i i drugi\u201d, rekao je Dodik.<\/p>\n<p>Dodao je da o tome nema pregovora i da oni koje zanima samo mogu biti informirani, prenosi Klix.<\/p>\n<p>Naveo je da je jedno od zapa\u017eanja koja su se \u010dula da bi RS mogla biti izolirana. No, tvrdi da je dobio informaciju da Evropska komisija ne\u0107e uvoditi sankcije nijednom pojedincu iz RS-a, a da ostaje da se vidi da li bi to mogla u\u010diniti neka zemlja pojedina\u010dno.<\/p>\n<p>&#8220;Ovo nije secesija, ovo nije otcjepljenje&#8221;, zaklju\u010dio je Dodik.<\/p>\n","protected":false},"excerpt":{"rendered":"<p>Predsjednik SNSD-a Milorad Dodik obratio se novinarima nakon dana\u0161njeg sastanka sa predstavnicima pojedinih zemalja EU&hellip;<\/p>\n","protected":false},"author":4,"featured_media":150917,"comment_status":"open","ping_status":"closed","sticky":false,"template":"","format":"standard","meta":{"_acf_changed":false,"footnotes":""},"categories":[291],"tags":[2991,535,2402],"acf":[],"yoast_head":"<!-- This site is optimized with the Yoast SEO plugin v23.5 - https:\/\/yoast.com\/wordpress\/plugins\/seo\/ -->\n<title>Dodik nakon sastanka: Idemo u vra\u0107anje nadle\u017enosti RS-a, to nije secesija - TuzlaInfo.ba<\/title>\n<meta name=\"robots\" content=\"index, follow, max-snippet:-1, max-image-preview:large, max-video-preview:-1\" \/>\n<link rel=\"canonical\" href=\"https:\/\/tuzlainfo.ba\/index.php\/bosna-i-hercegovina\/item\/150916-dodik-nakon-sastanka-idemo-u-vracanje-nadleznosti-rs-a-to-nije-secesija\/\" \/>\n<meta property=\"og:locale\" content=\"bs_BA\" \/>\n<meta property=\"og:type\" content=\"article\" \/>\n<meta property=\"og:title\" content=\"Dodik nakon sastanka: Idemo u vra\u0107anje nadle\u017enosti RS-a, to nije secesija - TuzlaInfo.ba\" \/>\n<meta property=\"og:description\" content=\"Predsjednik SNSD-a Milorad Dodik obratio se novinarima nakon dana\u0161njeg sastanka sa predstavnicima pojedinih zemalja EU&hellip;\" \/>\n<meta property=\"og:url\" content=\"https:\/\/tuzlainfo.ba\/index.php\/bosna-i-hercegovina\/item\/150916-dodik-nakon-sastanka-idemo-u-vracanje-nadleznosti-rs-a-to-nije-secesija\/\" \/>\n<meta property=\"og:site_name\" content=\"TuzlaInfo.ba\" \/>\n<meta property=\"article:publisher\" content=\"https:\/\/www.facebook.com\/tuzlainfo.ba\/\" \/>\n<meta property=\"article:published_time\" content=\"2021-10-14T16:20:48+00:00\" \/>\n<meta property=\"og:image\" content=\"https:\/\/tuzlainfo.ba\/wp-content\/uploads\/2021\/10\/inbound8459560148603934516.jpg\" \/>\n\t<meta property=\"og:image:width\" content=\"720\" \/>\n\t<meta property=\"og:image:height\" content=\"480\" \/>\n\t<meta property=\"og:image:type\" content=\"image\/jpeg\" \/>\n<meta name=\"author\" content=\"Tuzla Info\" \/>\n<meta name=\"twitter:card\" content=\"summary_large_image\" \/>\n<meta name=\"twitter:label1\" content=\"Written by\" \/>\n\t<meta name=\"twitter:data1\" content=\"Tuzla Info\" \/>\n\t<meta name=\"twitter:label2\" content=\"Est. reading time\" \/>\n\t<meta name=\"twitter:data2\" content=\"1 minuta\" \/>\n<script type=\"application\/ld+json\" class=\"yoast-schema-graph\">{\"@context\":\"https:\/\/schema.org\",\"@graph\":[{\"@type\":\"Article\",\"@id\":\"https:\/\/tuzlainfo.ba\/index.php\/bosna-i-hercegovina\/item\/150916-dodik-nakon-sastanka-idemo-u-vracanje-nadleznosti-rs-a-to-nije-secesija\/#article\",\"isPartOf\":{\"@id\":\"https:\/\/tuzlainfo.ba\/index.php\/bosna-i-hercegovina\/item\/150916-dodik-nakon-sastanka-idemo-u-vracanje-nadleznosti-rs-a-to-nije-secesija\/\"},\"author\":{\"name\":\"Tuzla Info\",\"@id\":\"https:\/\/tuzlainfo.ba\/#\/schema\/person\/46cad4c57790cbc50781edd14870825a\"},\"headline\":\"Dodik nakon sastanka: Idemo u vra\u0107anje nadle\u017enosti RS-a, to nije secesija\",\"datePublished\":\"2021-10-14T16:20:48+00:00\",\"dateModified\":\"2021-10-14T16:20:48+00:00\",\"mainEntityOfPage\":{\"@id\":\"https:\/\/tuzlainfo.ba\/index.php\/bosna-i-hercegovina\/item\/150916-dodik-nakon-sastanka-idemo-u-vracanje-nadleznosti-rs-a-to-nije-secesija\/\"},\"wordCount\":270,\"commentCount\":0,\"publisher\":{\"@id\":\"https:\/\/tuzlainfo.ba\/#organization\"},\"image\":{\"@id\":\"https:\/\/tuzlainfo.ba\/index.php\/bosna-i-hercegovina\/item\/150916-dodik-nakon-sastanka-idemo-u-vracanje-nadleznosti-rs-a-to-nije-secesija\/#primaryimage\"},\"thumbnailUrl\":\"https:\/\/tuzlainfo.ba\/wp-content\/uploads\/2021\/10\/inbound8459560148603934516.jpg\",\"keywords\":[\"ambasadori\",\"milorad dodik\",\"sastanak\"],\"articleSection\":[\"Bosna i Hercegovina\"],\"inLanguage\":\"bs-BA\"},{\"@type\":\"WebPage\",\"@id\":\"https:\/\/tuzlainfo.ba\/index.php\/bosna-i-hercegovina\/item\/150916-dodik-nakon-sastanka-idemo-u-vracanje-nadleznosti-rs-a-to-nije-secesija\/\",\"url\":\"https:\/\/tuzlainfo.ba\/index.php\/bosna-i-hercegovina\/item\/150916-dodik-nakon-sastanka-idemo-u-vracanje-nadleznosti-rs-a-to-nije-secesija\/\",\"name\":\"Dodik nakon sastanka: Idemo u vra\u0107anje nadle\u017enosti RS-a, to nije secesija - TuzlaInfo.ba\",\"isPartOf\":{\"@id\":\"https:\/\/tuzlainfo.ba\/#website\"},\"primaryImageOfPage\":{\"@id\":\"https:\/\/tuzlainfo.ba\/index.php\/bosna-i-hercegovina\/item\/150916-dodik-nakon-sastanka-idemo-u-vracanje-nadleznosti-rs-a-to-nije-secesija\/#primaryimage\"},\"image\":{\"@id\":\"https:\/\/tuzlainfo.ba\/index.php\/bosna-i-hercegovina\/item\/150916-dodik-nakon-sastanka-idemo-u-vracanje-nadleznosti-rs-a-to-nije-secesija\/#primaryimage\"},\"thumbnailUrl\":\"https:\/\/tuzlainfo.ba\/wp-content\/uploads\/2021\/10\/inbound8459560148603934516.jpg\",\"datePublished\":\"2021-10-14T16:20:48+00:00\",\"dateModified\":\"2021-10-14T16:20:48+00:00\",\"breadcrumb\":{\"@id\":\"https:\/\/tuzlainfo.ba\/index.php\/bosna-i-hercegovina\/item\/150916-dodik-nakon-sastanka-idemo-u-vracanje-nadleznosti-rs-a-to-nije-secesija\/#breadcrumb\"},\"inLanguage\":\"bs-BA\",\"potentialAction\":[{\"@type\":\"ReadAction\",\"target\":[\"https:\/\/tuzlainfo.ba\/index.php\/bosna-i-hercegovina\/item\/150916-dodik-nakon-sastanka-idemo-u-vracanje-nadleznosti-rs-a-to-nije-secesija\/\"]}]},{\"@type\":\"ImageObject\",\"inLanguage\":\"bs-BA\",\"@id\":\"https:\/\/tuzlainfo.ba\/index.php\/bosna-i-hercegovina\/item\/150916-dodik-nakon-sastanka-idemo-u-vracanje-nadleznosti-rs-a-to-nije-secesija\/#primaryimage\",\"url\":\"https:\/\/tuzlainfo.ba\/wp-content\/uploads\/2021\/10\/inbound8459560148603934516.jpg\",\"contentUrl\":\"https:\/\/tuzlainfo.ba\/wp-content\/uploads\/2021\/10\/inbound8459560148603934516.jpg\",\"width\":720,\"height\":480},{\"@type\":\"BreadcrumbList\",\"@id\":\"https:\/\/tuzlainfo.ba\/index.php\/bosna-i-hercegovina\/item\/150916-dodik-nakon-sastanka-idemo-u-vracanje-nadleznosti-rs-a-to-nije-secesija\/#breadcrumb\",\"itemListElement\":[{\"@type\":\"ListItem\",\"position\":1,\"name\":\"Home\",\"item\":\"https:\/\/tuzlainfo.ba\/\"},{\"@type\":\"ListItem\",\"position\":2,\"name\":\"Dodik nakon sastanka: Idemo u vra\u0107anje nadle\u017enosti RS-a, to nije secesija\"}]},{\"@type\":\"WebSite\",\"@id\":\"https:\/\/tuzlainfo.ba\/#website\",\"url\":\"https:\/\/tuzlainfo.ba\/\",\"name\":\"TuzlaInfo.ba\",\"description\":\"Tuzla info, gradski informator - Tuzla na dlanu\",\"publisher\":{\"@id\":\"https:\/\/tuzlainfo.ba\/#organization\"},\"potentialAction\":[{\"@type\":\"SearchAction\",\"target\":{\"@type\":\"EntryPoint\",\"urlTemplate\":\"https:\/\/tuzlainfo.ba\/?s={search_term_string}\"},\"query-input\":{\"@type\":\"PropertyValueSpecification\",\"valueRequired\":true,\"valueName\":\"search_term_string\"}}],\"inLanguage\":\"bs-BA\"},{\"@type\":\"Organization\",\"@id\":\"https:\/\/tuzlainfo.ba\/#organization\",\"name\":\"TuzlaInfo.ba\",\"url\":\"https:\/\/tuzlainfo.ba\/\",\"logo\":{\"@type\":\"ImageObject\",\"inLanguage\":\"bs-BA\",\"@id\":\"https:\/\/tuzlainfo.ba\/#\/schema\/logo\/image\/\",\"url\":\"https:\/\/tuzlainfo.ba\/wp-content\/uploads\/2021\/03\/logo-ver-3-1.png\",\"contentUrl\":\"https:\/\/tuzlainfo.ba\/wp-content\/uploads\/2021\/03\/logo-ver-3-1.png\",\"width\":350,\"height\":95,\"caption\":\"TuzlaInfo.ba\"},\"image\":{\"@id\":\"https:\/\/tuzlainfo.ba\/#\/schema\/logo\/image\/\"},\"sameAs\":[\"https:\/\/www.facebook.com\/tuzlainfo.ba\/\"]},{\"@type\":\"Person\",\"@id\":\"https:\/\/tuzlainfo.ba\/#\/schema\/person\/46cad4c57790cbc50781edd14870825a\",\"name\":\"Tuzla Info\",\"image\":{\"@type\":\"ImageObject\",\"inLanguage\":\"bs-BA\",\"@id\":\"https:\/\/tuzlainfo.ba\/#\/schema\/person\/image\/\",\"url\":\"https:\/\/tuzlainfo.ba\/wp-content\/litespeed\/avatar\/b6c453a6c38e3654f2e4416c643fc25c.jpg?ver=1777656712\",\"contentUrl\":\"https:\/\/tuzlainfo.ba\/wp-content\/litespeed\/avatar\/b6c453a6c38e3654f2e4416c643fc25c.jpg?ver=1777656712\",\"caption\":\"Tuzla Info\"}}]}<\/script>\n<!-- \/ Yoast SEO plugin. -->","yoast_head_json":{"title":"Dodik nakon sastanka: Idemo u vra\u0107anje nadle\u017enosti RS-a, to nije secesija - TuzlaInfo.ba","robots":{"index":"index","follow":"follow","max-snippet":"max-snippet:-1","max-image-preview":"max-image-preview:large","max-video-preview":"max-video-preview:-1"},"canonical":"https:\/\/tuzlainfo.ba\/index.php\/bosna-i-hercegovina\/item\/150916-dodik-nakon-sastanka-idemo-u-vracanje-nadleznosti-rs-a-to-nije-secesija\/","og_locale":"bs_BA","og_type":"article","og_title":"Dodik nakon sastanka: Idemo u vra\u0107anje nadle\u017enosti RS-a, to nije secesija - TuzlaInfo.ba","og_description":"Predsjednik SNSD-a Milorad Dodik obratio se novinarima nakon dana\u0161njeg sastanka sa predstavnicima pojedinih zemalja EU&hellip;","og_url":"https:\/\/tuzlainfo.ba\/index.php\/bosna-i-hercegovina\/item\/150916-dodik-nakon-sastanka-idemo-u-vracanje-nadleznosti-rs-a-to-nije-secesija\/","og_site_name":"TuzlaInfo.ba","article_publisher":"https:\/\/www.facebook.com\/tuzlainfo.ba\/","article_published_time":"2021-10-14T16:20:48+00:00","og_image":[{"width":720,"height":480,"url":"https:\/\/tuzlainfo.ba\/wp-content\/uploads\/2021\/10\/inbound8459560148603934516.jpg","type":"image\/jpeg"}],"author":"Tuzla Info","twitter_card":"summary_large_image","twitter_misc":{"Written by":"Tuzla Info","Est. reading time":"1 minuta"},"schema":{"@context":"https:\/\/schema.org","@graph":[{"@type":"Article","@id":"https:\/\/tuzlainfo.ba\/index.php\/bosna-i-hercegovina\/item\/150916-dodik-nakon-sastanka-idemo-u-vracanje-nadleznosti-rs-a-to-nije-secesija\/#article","isPartOf":{"@id":"https:\/\/tuzlainfo.ba\/index.php\/bosna-i-hercegovina\/item\/150916-dodik-nakon-sastanka-idemo-u-vracanje-nadleznosti-rs-a-to-nije-secesija\/"},"author":{"name":"Tuzla Info","@id":"https:\/\/tuzlainfo.ba\/#\/schema\/person\/46cad4c57790cbc50781edd14870825a"},"headline":"Dodik nakon sastanka: Idemo u vra\u0107anje nadle\u017enosti RS-a, to nije secesija","datePublished":"2021-10-14T16:20:48+00:00","dateModified":"2021-10-14T16:20:48+00:00","mainEntityOfPage":{"@id":"https:\/\/tuzlainfo.ba\/index.php\/bosna-i-hercegovina\/item\/150916-dodik-nakon-sastanka-idemo-u-vracanje-nadleznosti-rs-a-to-nije-secesija\/"},"wordCount":270,"commentCount":0,"publisher":{"@id":"https:\/\/tuzlainfo.ba\/#organization"},"image":{"@id":"https:\/\/tuzlainfo.ba\/index.php\/bosna-i-hercegovina\/item\/150916-dodik-nakon-sastanka-idemo-u-vracanje-nadleznosti-rs-a-to-nije-secesija\/#primaryimage"},"thumbnailUrl":"https:\/\/tuzlainfo.ba\/wp-content\/uploads\/2021\/10\/inbound8459560148603934516.jpg","keywords":["ambasadori","milorad dodik","sastanak"],"articleSection":["Bosna i Hercegovina"],"inLanguage":"bs-BA"},{"@type":"WebPage","@id":"https:\/\/tuzlainfo.ba\/index.php\/bosna-i-hercegovina\/item\/150916-dodik-nakon-sastanka-idemo-u-vracanje-nadleznosti-rs-a-to-nije-secesija\/","url":"https:\/\/tuzlainfo.ba\/index.php\/bosna-i-hercegovina\/item\/150916-dodik-nakon-sastanka-idemo-u-vracanje-nadleznosti-rs-a-to-nije-secesija\/","name":"Dodik nakon sastanka: Idemo u vra\u0107anje nadle\u017enosti RS-a, to nije secesija - TuzlaInfo.ba","isPartOf":{"@id":"https:\/\/tuzlainfo.ba\/#website"},"primaryImageOfPage":{"@id":"https:\/\/tuzlainfo.ba\/index.php\/bosna-i-hercegovina\/item\/150916-dodik-nakon-sastanka-idemo-u-vracanje-nadleznosti-rs-a-to-nije-secesija\/#primaryimage"},"image":{"@id":"https:\/\/tuzlainfo.ba\/index.php\/bosna-i-hercegovina\/item\/150916-dodik-nakon-sastanka-idemo-u-vracanje-nadleznosti-rs-a-to-nije-secesija\/#primaryimage"},"thumbnailUrl":"https:\/\/tuzlainfo.ba\/wp-content\/uploads\/2021\/10\/inbound8459560148603934516.jpg","datePublished":"2021-10-14T16:20:48+00:00","dateModified":"2021-10-14T16:20:48+00:00","breadcrumb":{"@id":"https:\/\/tuzlainfo.ba\/index.php\/bosna-i-hercegovina\/item\/150916-dodik-nakon-sastanka-idemo-u-vracanje-nadleznosti-rs-a-to-nije-secesija\/#breadcrumb"},"inLanguage":"bs-BA","potentialAction":[{"@type":"ReadAction","target":["https:\/\/tuzlainfo.ba\/index.php\/bosna-i-hercegovina\/item\/150916-dodik-nakon-sastanka-idemo-u-vracanje-nadleznosti-rs-a-to-nije-secesija\/"]}]},{"@type":"ImageObject","inLanguage":"bs-BA","@id":"https:\/\/tuzlainfo.ba\/index.php\/bosna-i-hercegovina\/item\/150916-dodik-nakon-sastanka-idemo-u-vracanje-nadleznosti-rs-a-to-nije-secesija\/#primaryimage","url":"https:\/\/tuzlainfo.ba\/wp-content\/uploads\/2021\/10\/inbound8459560148603934516.jpg","contentUrl":"https:\/\/tuzlainfo.ba\/wp-content\/uploads\/2021\/10\/inbound8459560148603934516.jpg","width":720,"height":480},{"@type":"BreadcrumbList","@id":"https:\/\/tuzlainfo.ba\/index.php\/bosna-i-hercegovina\/item\/150916-dodik-nakon-sastanka-idemo-u-vracanje-nadleznosti-rs-a-to-nije-secesija\/#breadcrumb","itemListElement":[{"@type":"ListItem","position":1,"name":"Home","item":"https:\/\/tuzlainfo.ba\/"},{"@type":"ListItem","position":2,"name":"Dodik nakon sastanka: Idemo u vra\u0107anje nadle\u017enosti RS-a, to nije secesija"}]},{"@type":"WebSite","@id":"https:\/\/tuzlainfo.ba\/#website","url":"https:\/\/tuzlainfo.ba\/","name":"TuzlaInfo.ba","description":"Tuzla info, gradski informator - Tuzla na dlanu","publisher":{"@id":"https:\/\/tuzlainfo.ba\/#organization"},"potentialAction":[{"@type":"SearchAction","target":{"@type":"EntryPoint","urlTemplate":"https:\/\/tuzlainfo.ba\/?s={search_term_string}"},"query-input":{"@type":"PropertyValueSpecification","valueRequired":true,"valueName":"search_term_string"}}],"inLanguage":"bs-BA"},{"@type":"Organization","@id":"https:\/\/tuzlainfo.ba\/#organization","name":"TuzlaInfo.ba","url":"https:\/\/tuzlainfo.ba\/","logo":{"@type":"ImageObject","inLanguage":"bs-BA","@id":"https:\/\/tuzlainfo.ba\/#\/schema\/logo\/image\/","url":"https:\/\/tuzlainfo.ba\/wp-content\/uploads\/2021\/03\/logo-ver-3-1.png","contentUrl":"https:\/\/tuzlainfo.ba\/wp-content\/uploads\/2021\/03\/logo-ver-3-1.png","width":350,"height":95,"caption":"TuzlaInfo.ba"},"image":{"@id":"https:\/\/tuzlainfo.ba\/#\/schema\/logo\/image\/"},"sameAs":["https:\/\/www.facebook.com\/tuzlainfo.ba\/"]},{"@type":"Person","@id":"https:\/\/tuzlainfo.ba\/#\/schema\/person\/46cad4c57790cbc50781edd14870825a","name":"Tuzla Info","image":{"@type":"ImageObject","inLanguage":"bs-BA","@id":"https:\/\/tuzlainfo.ba\/#\/schema\/person\/image\/","url":"https:\/\/tuzlainfo.ba\/wp-content\/litespeed\/avatar\/b6c453a6c38e3654f2e4416c643fc25c.jpg?ver=1777656712","contentUrl":"https:\/\/tuzlainfo.ba\/wp-content\/litespeed\/avatar\/b6c453a6c38e3654f2e4416c643fc25c.jpg?ver=1777656712","caption":"Tuzla Info"}}]}},"_links":{"self":[{"href":"https:\/\/tuzlainfo.ba\/index.php\/wp-json\/wp\/v2\/posts\/150916"}],"collection":[{"href":"https:\/\/tuzlainfo.ba\/index.php\/wp-json\/wp\/v2\/posts"}],"about":[{"href":"https:\/\/tuzlainfo.ba\/index.php\/wp-json\/wp\/v2\/types\/post"}],"author":[{"embeddable":true,"href":"https:\/\/tuzlainfo.ba\/index.php\/wp-json\/wp\/v2\/users\/4"}],"replies":[{"embeddable":true,"href":"https:\/\/tuzlainfo.ba\/index.php\/wp-json\/wp\/v2\/comments?post=150916"}],"version-history":[{"count":0,"href":"https:\/\/tuzlainfo.ba\/index.php\/wp-json\/wp\/v2\/posts\/150916\/revisions"}],"wp:featuredmedia":[{"embeddable":true,"href":"https:\/\/tuzlainfo.ba\/index.php\/wp-json\/wp\/v2\/media\/150917"}],"wp:attachment":[{"href":"https:\/\/tuzlainfo.ba\/index.php\/wp-json\/wp\/v2\/media?parent=150916"}],"wp:term":[{"taxonomy":"category","embeddable":true,"href":"https:\/\/tuzlainfo.ba\/index.php\/wp-json\/wp\/v2\/categories?post=150916"},{"taxonomy":"post_tag","embeddable":true,"href":"https:\/\/tuzlainfo.ba\/index.php\/wp-json\/wp\/v2\/tags?post=150916"}],"curies":[{"name":"wp","href":"https:\/\/api.w.org\/{rel}","templated":true}]}}