{"id":150712,"date":"2021-10-13T10:53:12","date_gmt":"2021-10-13T08:53:12","guid":{"rendered":"https:\/\/tuzlainfo.ba\/?p=150712"},"modified":"2021-10-13T11:08:56","modified_gmt":"2021-10-13T09:08:56","slug":"medijski-transferi-kasim-softic-novi-urednik-televizije-bir","status":"publish","type":"post","link":"https:\/\/tuzlainfo.ba\/index.php\/novosti\/item\/150712-medijski-transferi-kasim-softic-novi-urednik-televizije-bir\/","title":{"rendered":"Medijski transferi: Kasim Softi\u0107 novi urednik Televizije BIR"},"content":{"rendered":"<p>U prostorijama nove zgrade Media centra Islamske zajednice (IZ) u Bosni i Hercegovini ju\u010der je odr\u017ean redakcijski sastanak na kojem je predstavljen novi urednik programa Televizije BIR Kasim Softi\u0107, ranije novinar, urednik i direktor RTV Tuzlanskog kantona.<\/p>\n<p>On je izrazio zahvalnost i zadovoljstvo \u0161to je dio tima BIR televizije, te istakao da ima obavezu da radi na afirmaciji vrijednosti svega onoga \u0161to je misija Televizije BIR na medijskom tr\u017ei\u0161tu u Bosni i Hercegovini.<\/p>\n<p>&#8211; BIR televizija u dosada\u0161njem radu je napravila golem korak u smislu u kojem je ona pozicionirana i kako je njena uloga definirana osniva\u010dkim aktima. Pred svima nama je u nastavku obaveza da napravimo golemi iskorak, i kavlitativno i kvantitativno, a za \u0161ta posjedujemo i ljudske i materijalne i evo, stvaramo i tehni\u010dke preduvjete, da to i ostvarimo &#8211; kazao je Softi\u0107 za Televiziju BIR.<\/p>\n<p>Kao novi urednik govorio i o budu\u0107im planovima razvoja BIR televizije.<\/p>\n<p>&#8211; Prvi od koraka koje imamo u planu je pro\u0161irenje na\u0161eg programa, odnosno, prelazak na cjelodnevno emitiranje. Dakle, na 24 sata emitiranja programa BIR televizije, \u0161to je, kao \u0161to rekoh, golemi iskorak u odnosu na sada\u0161nju poziciju. Ve\u0107 smo napravili potrebne pripreme i evo, uveliko radimo na realizaciji tih na\u0161ih planova. U najskorije vrijeme na\u0161i gledatelji \u0107e mo\u0107i u svako doba dana i no\u0107i pratiti program BIR televizije &#8211; kazao je Softi\u0107.<\/p>\n<p>Direktor Media centra Islamske zajednice u Bosni i Hercegovini Amir Saki\u0107 izrazio je zadovoljstvo izborom novog urednika koji ima bogato iskustvo iza sebe i koji \u0107e zna\u010dajno osna\u017eiti tim Televizije BIR.<\/p>\n<p>Televizija BIR je porodi\u010dna televizija sa islamskim vrijednostima i platforma putem koje Islamska zajednica u Bosni i Hercegovini ostvaruje kontakt sa muslimanskom i bosanskohercegova\u010dkom javno\u0161\u0107u, pi\u0161e Preporod.info.<\/p>\n<p>(Preporod.info)<\/p>\n","protected":false},"excerpt":{"rendered":"<p>U prostorijama nove zgrade Media centra Islamske zajednice (IZ) u Bosni i Hercegovini ju\u010der je&hellip;<\/p>\n","protected":false},"author":2,"featured_media":150713,"comment_status":"open","ping_status":"closed","sticky":false,"template":"","format":"standard","meta":{"_acf_changed":false,"footnotes":""},"categories":[304,12],"tags":[2968,806,414],"acf":[],"yoast_head":"<!-- This site is optimized with the Yoast SEO plugin v23.5 - https:\/\/yoast.com\/wordpress\/plugins\/seo\/ -->\n<title>Medijski transferi: Kasim Softi\u0107 novi urednik Televizije BIR - TuzlaInfo.ba<\/title>\n<meta name=\"robots\" content=\"index, follow, max-snippet:-1, max-image-preview:large, max-video-preview:-1\" \/>\n<link rel=\"canonical\" href=\"https:\/\/tuzlainfo.ba\/index.php\/novosti\/item\/150712-medijski-transferi-kasim-softic-novi-urednik-televizije-bir\/\" \/>\n<meta property=\"og:locale\" content=\"bs_BA\" \/>\n<meta property=\"og:type\" content=\"article\" \/>\n<meta property=\"og:title\" content=\"Medijski transferi: Kasim Softi\u0107 novi urednik Televizije BIR - TuzlaInfo.ba\" \/>\n<meta property=\"og:description\" content=\"U prostorijama nove zgrade Media centra Islamske zajednice (IZ) u Bosni i Hercegovini ju\u010der je&hellip;\" \/>\n<meta property=\"og:url\" content=\"https:\/\/tuzlainfo.ba\/index.php\/novosti\/item\/150712-medijski-transferi-kasim-softic-novi-urednik-televizije-bir\/\" \/>\n<meta property=\"og:site_name\" content=\"TuzlaInfo.ba\" \/>\n<meta property=\"article:publisher\" content=\"https:\/\/www.facebook.com\/tuzlainfo.ba\/\" \/>\n<meta property=\"article:published_time\" content=\"2021-10-13T08:53:12+00:00\" \/>\n<meta property=\"article:modified_time\" content=\"2021-10-13T09:08:56+00:00\" \/>\n<meta property=\"og:image\" content=\"https:\/\/tuzlainfo.ba\/wp-content\/uploads\/2021\/10\/1310_kasim_softic.jpg\" \/>\n\t<meta property=\"og:image:width\" content=\"996\" \/>\n\t<meta property=\"og:image:height\" content=\"560\" \/>\n\t<meta property=\"og:image:type\" content=\"image\/jpeg\" \/>\n<meta name=\"author\" content=\"nedim\" \/>\n<meta name=\"twitter:card\" content=\"summary_large_image\" \/>\n<meta name=\"twitter:label1\" content=\"Written by\" \/>\n\t<meta name=\"twitter:data1\" content=\"nedim\" \/>\n\t<meta name=\"twitter:label2\" content=\"Est. reading time\" \/>\n\t<meta name=\"twitter:data2\" content=\"2 minute\" \/>\n<script type=\"application\/ld+json\" class=\"yoast-schema-graph\">{\"@context\":\"https:\/\/schema.org\",\"@graph\":[{\"@type\":\"Article\",\"@id\":\"https:\/\/tuzlainfo.ba\/index.php\/novosti\/item\/150712-medijski-transferi-kasim-softic-novi-urednik-televizije-bir\/#article\",\"isPartOf\":{\"@id\":\"https:\/\/tuzlainfo.ba\/index.php\/novosti\/item\/150712-medijski-transferi-kasim-softic-novi-urednik-televizije-bir\/\"},\"author\":{\"name\":\"nedim\",\"@id\":\"https:\/\/tuzlainfo.ba\/#\/schema\/person\/f434e20dc27ea133923aab08451b7f7f\"},\"headline\":\"Medijski transferi: Kasim Softi\u0107 novi urednik Televizije BIR\",\"datePublished\":\"2021-10-13T08:53:12+00:00\",\"dateModified\":\"2021-10-13T09:08:56+00:00\",\"mainEntityOfPage\":{\"@id\":\"https:\/\/tuzlainfo.ba\/index.php\/novosti\/item\/150712-medijski-transferi-kasim-softic-novi-urednik-televizije-bir\/\"},\"wordCount\":310,\"commentCount\":0,\"publisher\":{\"@id\":\"https:\/\/tuzlainfo.ba\/#organization\"},\"image\":{\"@id\":\"https:\/\/tuzlainfo.ba\/index.php\/novosti\/item\/150712-medijski-transferi-kasim-softic-novi-urednik-televizije-bir\/#primaryimage\"},\"thumbnailUrl\":\"https:\/\/tuzlainfo.ba\/wp-content\/uploads\/2021\/10\/1310_kasim_softic.jpg\",\"keywords\":[\"BIR TV\",\"kasim softi\u0107\",\"RTVTK\"],\"articleSection\":[\"Istaknuto\",\"Novosti\"],\"inLanguage\":\"bs-BA\"},{\"@type\":\"WebPage\",\"@id\":\"https:\/\/tuzlainfo.ba\/index.php\/novosti\/item\/150712-medijski-transferi-kasim-softic-novi-urednik-televizije-bir\/\",\"url\":\"https:\/\/tuzlainfo.ba\/index.php\/novosti\/item\/150712-medijski-transferi-kasim-softic-novi-urednik-televizije-bir\/\",\"name\":\"Medijski transferi: Kasim Softi\u0107 novi urednik Televizije BIR - TuzlaInfo.ba\",\"isPartOf\":{\"@id\":\"https:\/\/tuzlainfo.ba\/#website\"},\"primaryImageOfPage\":{\"@id\":\"https:\/\/tuzlainfo.ba\/index.php\/novosti\/item\/150712-medijski-transferi-kasim-softic-novi-urednik-televizije-bir\/#primaryimage\"},\"image\":{\"@id\":\"https:\/\/tuzlainfo.ba\/index.php\/novosti\/item\/150712-medijski-transferi-kasim-softic-novi-urednik-televizije-bir\/#primaryimage\"},\"thumbnailUrl\":\"https:\/\/tuzlainfo.ba\/wp-content\/uploads\/2021\/10\/1310_kasim_softic.jpg\",\"datePublished\":\"2021-10-13T08:53:12+00:00\",\"dateModified\":\"2021-10-13T09:08:56+00:00\",\"breadcrumb\":{\"@id\":\"https:\/\/tuzlainfo.ba\/index.php\/novosti\/item\/150712-medijski-transferi-kasim-softic-novi-urednik-televizije-bir\/#breadcrumb\"},\"inLanguage\":\"bs-BA\",\"potentialAction\":[{\"@type\":\"ReadAction\",\"target\":[\"https:\/\/tuzlainfo.ba\/index.php\/novosti\/item\/150712-medijski-transferi-kasim-softic-novi-urednik-televizije-bir\/\"]}]},{\"@type\":\"ImageObject\",\"inLanguage\":\"bs-BA\",\"@id\":\"https:\/\/tuzlainfo.ba\/index.php\/novosti\/item\/150712-medijski-transferi-kasim-softic-novi-urednik-televizije-bir\/#primaryimage\",\"url\":\"https:\/\/tuzlainfo.ba\/wp-content\/uploads\/2021\/10\/1310_kasim_softic.jpg\",\"contentUrl\":\"https:\/\/tuzlainfo.ba\/wp-content\/uploads\/2021\/10\/1310_kasim_softic.jpg\",\"width\":996,\"height\":560},{\"@type\":\"BreadcrumbList\",\"@id\":\"https:\/\/tuzlainfo.ba\/index.php\/novosti\/item\/150712-medijski-transferi-kasim-softic-novi-urednik-televizije-bir\/#breadcrumb\",\"itemListElement\":[{\"@type\":\"ListItem\",\"position\":1,\"name\":\"Home\",\"item\":\"https:\/\/tuzlainfo.ba\/\"},{\"@type\":\"ListItem\",\"position\":2,\"name\":\"Medijski transferi: Kasim Softi\u0107 novi urednik Televizije BIR\"}]},{\"@type\":\"WebSite\",\"@id\":\"https:\/\/tuzlainfo.ba\/#website\",\"url\":\"https:\/\/tuzlainfo.ba\/\",\"name\":\"TuzlaInfo.ba\",\"description\":\"Tuzla info, gradski informator - Tuzla na dlanu\",\"publisher\":{\"@id\":\"https:\/\/tuzlainfo.ba\/#organization\"},\"potentialAction\":[{\"@type\":\"SearchAction\",\"target\":{\"@type\":\"EntryPoint\",\"urlTemplate\":\"https:\/\/tuzlainfo.ba\/?s={search_term_string}\"},\"query-input\":{\"@type\":\"PropertyValueSpecification\",\"valueRequired\":true,\"valueName\":\"search_term_string\"}}],\"inLanguage\":\"bs-BA\"},{\"@type\":\"Organization\",\"@id\":\"https:\/\/tuzlainfo.ba\/#organization\",\"name\":\"TuzlaInfo.ba\",\"url\":\"https:\/\/tuzlainfo.ba\/\",\"logo\":{\"@type\":\"ImageObject\",\"inLanguage\":\"bs-BA\",\"@id\":\"https:\/\/tuzlainfo.ba\/#\/schema\/logo\/image\/\",\"url\":\"https:\/\/tuzlainfo.ba\/wp-content\/uploads\/2021\/03\/logo-ver-3-1.png\",\"contentUrl\":\"https:\/\/tuzlainfo.ba\/wp-content\/uploads\/2021\/03\/logo-ver-3-1.png\",\"width\":350,\"height\":95,\"caption\":\"TuzlaInfo.ba\"},\"image\":{\"@id\":\"https:\/\/tuzlainfo.ba\/#\/schema\/logo\/image\/\"},\"sameAs\":[\"https:\/\/www.facebook.com\/tuzlainfo.ba\/\"]},{\"@type\":\"Person\",\"@id\":\"https:\/\/tuzlainfo.ba\/#\/schema\/person\/f434e20dc27ea133923aab08451b7f7f\",\"name\":\"nedim\",\"image\":{\"@type\":\"ImageObject\",\"inLanguage\":\"bs-BA\",\"@id\":\"https:\/\/tuzlainfo.ba\/#\/schema\/person\/image\/\",\"url\":\"https:\/\/tuzlainfo.ba\/wp-content\/litespeed\/avatar\/aabad687af24844af817603ac1cbdc4f.jpg?ver=1776702173\",\"contentUrl\":\"https:\/\/tuzlainfo.ba\/wp-content\/litespeed\/avatar\/aabad687af24844af817603ac1cbdc4f.jpg?ver=1776702173\",\"caption\":\"nedim\"},\"description\":\"Tuzlainfo.ba pratite na dru\u0161tvenim mre\u017eama: Facebook, Instagram i Youtube. Svoje pri\u010de, upite i fotografije \u0161aljite na na\u0161u e-mail adresu.\"}]}<\/script>\n<!-- \/ Yoast SEO plugin. -->","yoast_head_json":{"title":"Medijski transferi: Kasim Softi\u0107 novi urednik Televizije BIR - TuzlaInfo.ba","robots":{"index":"index","follow":"follow","max-snippet":"max-snippet:-1","max-image-preview":"max-image-preview:large","max-video-preview":"max-video-preview:-1"},"canonical":"https:\/\/tuzlainfo.ba\/index.php\/novosti\/item\/150712-medijski-transferi-kasim-softic-novi-urednik-televizije-bir\/","og_locale":"bs_BA","og_type":"article","og_title":"Medijski transferi: Kasim Softi\u0107 novi urednik Televizije BIR - TuzlaInfo.ba","og_description":"U prostorijama nove zgrade Media centra Islamske zajednice (IZ) u Bosni i Hercegovini ju\u010der je&hellip;","og_url":"https:\/\/tuzlainfo.ba\/index.php\/novosti\/item\/150712-medijski-transferi-kasim-softic-novi-urednik-televizije-bir\/","og_site_name":"TuzlaInfo.ba","article_publisher":"https:\/\/www.facebook.com\/tuzlainfo.ba\/","article_published_time":"2021-10-13T08:53:12+00:00","article_modified_time":"2021-10-13T09:08:56+00:00","og_image":[{"width":996,"height":560,"url":"https:\/\/tuzlainfo.ba\/wp-content\/uploads\/2021\/10\/1310_kasim_softic.jpg","type":"image\/jpeg"}],"author":"nedim","twitter_card":"summary_large_image","twitter_misc":{"Written by":"nedim","Est. reading time":"2 minute"},"schema":{"@context":"https:\/\/schema.org","@graph":[{"@type":"Article","@id":"https:\/\/tuzlainfo.ba\/index.php\/novosti\/item\/150712-medijski-transferi-kasim-softic-novi-urednik-televizije-bir\/#article","isPartOf":{"@id":"https:\/\/tuzlainfo.ba\/index.php\/novosti\/item\/150712-medijski-transferi-kasim-softic-novi-urednik-televizije-bir\/"},"author":{"name":"nedim","@id":"https:\/\/tuzlainfo.ba\/#\/schema\/person\/f434e20dc27ea133923aab08451b7f7f"},"headline":"Medijski transferi: Kasim Softi\u0107 novi urednik Televizije BIR","datePublished":"2021-10-13T08:53:12+00:00","dateModified":"2021-10-13T09:08:56+00:00","mainEntityOfPage":{"@id":"https:\/\/tuzlainfo.ba\/index.php\/novosti\/item\/150712-medijski-transferi-kasim-softic-novi-urednik-televizije-bir\/"},"wordCount":310,"commentCount":0,"publisher":{"@id":"https:\/\/tuzlainfo.ba\/#organization"},"image":{"@id":"https:\/\/tuzlainfo.ba\/index.php\/novosti\/item\/150712-medijski-transferi-kasim-softic-novi-urednik-televizije-bir\/#primaryimage"},"thumbnailUrl":"https:\/\/tuzlainfo.ba\/wp-content\/uploads\/2021\/10\/1310_kasim_softic.jpg","keywords":["BIR TV","kasim softi\u0107","RTVTK"],"articleSection":["Istaknuto","Novosti"],"inLanguage":"bs-BA"},{"@type":"WebPage","@id":"https:\/\/tuzlainfo.ba\/index.php\/novosti\/item\/150712-medijski-transferi-kasim-softic-novi-urednik-televizije-bir\/","url":"https:\/\/tuzlainfo.ba\/index.php\/novosti\/item\/150712-medijski-transferi-kasim-softic-novi-urednik-televizije-bir\/","name":"Medijski transferi: Kasim Softi\u0107 novi urednik Televizije BIR - TuzlaInfo.ba","isPartOf":{"@id":"https:\/\/tuzlainfo.ba\/#website"},"primaryImageOfPage":{"@id":"https:\/\/tuzlainfo.ba\/index.php\/novosti\/item\/150712-medijski-transferi-kasim-softic-novi-urednik-televizije-bir\/#primaryimage"},"image":{"@id":"https:\/\/tuzlainfo.ba\/index.php\/novosti\/item\/150712-medijski-transferi-kasim-softic-novi-urednik-televizije-bir\/#primaryimage"},"thumbnailUrl":"https:\/\/tuzlainfo.ba\/wp-content\/uploads\/2021\/10\/1310_kasim_softic.jpg","datePublished":"2021-10-13T08:53:12+00:00","dateModified":"2021-10-13T09:08:56+00:00","breadcrumb":{"@id":"https:\/\/tuzlainfo.ba\/index.php\/novosti\/item\/150712-medijski-transferi-kasim-softic-novi-urednik-televizije-bir\/#breadcrumb"},"inLanguage":"bs-BA","potentialAction":[{"@type":"ReadAction","target":["https:\/\/tuzlainfo.ba\/index.php\/novosti\/item\/150712-medijski-transferi-kasim-softic-novi-urednik-televizije-bir\/"]}]},{"@type":"ImageObject","inLanguage":"bs-BA","@id":"https:\/\/tuzlainfo.ba\/index.php\/novosti\/item\/150712-medijski-transferi-kasim-softic-novi-urednik-televizije-bir\/#primaryimage","url":"https:\/\/tuzlainfo.ba\/wp-content\/uploads\/2021\/10\/1310_kasim_softic.jpg","contentUrl":"https:\/\/tuzlainfo.ba\/wp-content\/uploads\/2021\/10\/1310_kasim_softic.jpg","width":996,"height":560},{"@type":"BreadcrumbList","@id":"https:\/\/tuzlainfo.ba\/index.php\/novosti\/item\/150712-medijski-transferi-kasim-softic-novi-urednik-televizije-bir\/#breadcrumb","itemListElement":[{"@type":"ListItem","position":1,"name":"Home","item":"https:\/\/tuzlainfo.ba\/"},{"@type":"ListItem","position":2,"name":"Medijski transferi: Kasim Softi\u0107 novi urednik Televizije BIR"}]},{"@type":"WebSite","@id":"https:\/\/tuzlainfo.ba\/#website","url":"https:\/\/tuzlainfo.ba\/","name":"TuzlaInfo.ba","description":"Tuzla info, gradski informator - Tuzla na dlanu","publisher":{"@id":"https:\/\/tuzlainfo.ba\/#organization"},"potentialAction":[{"@type":"SearchAction","target":{"@type":"EntryPoint","urlTemplate":"https:\/\/tuzlainfo.ba\/?s={search_term_string}"},"query-input":{"@type":"PropertyValueSpecification","valueRequired":true,"valueName":"search_term_string"}}],"inLanguage":"bs-BA"},{"@type":"Organization","@id":"https:\/\/tuzlainfo.ba\/#organization","name":"TuzlaInfo.ba","url":"https:\/\/tuzlainfo.ba\/","logo":{"@type":"ImageObject","inLanguage":"bs-BA","@id":"https:\/\/tuzlainfo.ba\/#\/schema\/logo\/image\/","url":"https:\/\/tuzlainfo.ba\/wp-content\/uploads\/2021\/03\/logo-ver-3-1.png","contentUrl":"https:\/\/tuzlainfo.ba\/wp-content\/uploads\/2021\/03\/logo-ver-3-1.png","width":350,"height":95,"caption":"TuzlaInfo.ba"},"image":{"@id":"https:\/\/tuzlainfo.ba\/#\/schema\/logo\/image\/"},"sameAs":["https:\/\/www.facebook.com\/tuzlainfo.ba\/"]},{"@type":"Person","@id":"https:\/\/tuzlainfo.ba\/#\/schema\/person\/f434e20dc27ea133923aab08451b7f7f","name":"nedim","image":{"@type":"ImageObject","inLanguage":"bs-BA","@id":"https:\/\/tuzlainfo.ba\/#\/schema\/person\/image\/","url":"https:\/\/tuzlainfo.ba\/wp-content\/litespeed\/avatar\/aabad687af24844af817603ac1cbdc4f.jpg?ver=1776702173","contentUrl":"https:\/\/tuzlainfo.ba\/wp-content\/litespeed\/avatar\/aabad687af24844af817603ac1cbdc4f.jpg?ver=1776702173","caption":"nedim"},"description":"Tuzlainfo.ba pratite na dru\u0161tvenim mre\u017eama: Facebook, Instagram i Youtube. Svoje pri\u010de, upite i fotografije \u0161aljite na na\u0161u e-mail adresu."}]}},"_links":{"self":[{"href":"https:\/\/tuzlainfo.ba\/index.php\/wp-json\/wp\/v2\/posts\/150712"}],"collection":[{"href":"https:\/\/tuzlainfo.ba\/index.php\/wp-json\/wp\/v2\/posts"}],"about":[{"href":"https:\/\/tuzlainfo.ba\/index.php\/wp-json\/wp\/v2\/types\/post"}],"author":[{"embeddable":true,"href":"https:\/\/tuzlainfo.ba\/index.php\/wp-json\/wp\/v2\/users\/2"}],"replies":[{"embeddable":true,"href":"https:\/\/tuzlainfo.ba\/index.php\/wp-json\/wp\/v2\/comments?post=150712"}],"version-history":[{"count":0,"href":"https:\/\/tuzlainfo.ba\/index.php\/wp-json\/wp\/v2\/posts\/150712\/revisions"}],"wp:featuredmedia":[{"embeddable":true,"href":"https:\/\/tuzlainfo.ba\/index.php\/wp-json\/wp\/v2\/media\/150713"}],"wp:attachment":[{"href":"https:\/\/tuzlainfo.ba\/index.php\/wp-json\/wp\/v2\/media?parent=150712"}],"wp:term":[{"taxonomy":"category","embeddable":true,"href":"https:\/\/tuzlainfo.ba\/index.php\/wp-json\/wp\/v2\/categories?post=150712"},{"taxonomy":"post_tag","embeddable":true,"href":"https:\/\/tuzlainfo.ba\/index.php\/wp-json\/wp\/v2\/tags?post=150712"}],"curies":[{"name":"wp","href":"https:\/\/api.w.org\/{rel}","templated":true}]}}