{"id":150700,"date":"2021-10-13T09:12:51","date_gmt":"2021-10-13T07:12:51","guid":{"rendered":"https:\/\/tuzlainfo.ba\/?p=150700"},"modified":"2021-10-13T09:12:51","modified_gmt":"2021-10-13T07:12:51","slug":"hapsenja-po-sarajevu-i-rs-zbog-fingiranja-saobracajnih-nesreca-upetljana-i-policija","status":"publish","type":"post","link":"https:\/\/tuzlainfo.ba\/index.php\/bosna-i-hercegovina\/item\/150700-hapsenja-po-sarajevu-i-rs-zbog-fingiranja-saobracajnih-nesreca-upetljana-i-policija\/","title":{"rendered":"Hap\u0161enja po Sarajevu i RS zbog fingiranja saobra\u0107ajnih nesre\u0107a, &#8216;upetljana&#8217; i policija"},"content":{"rendered":"<p>Pripadnici Ministarstva unutra\u0161njih poslova Kantona Sarajevo, u saradnji sa kolegama iz RS, od ranih jutarnjih sati izvode akciju kodnog naziva &#8220;Kontakt&#8221; u cilju razbijanja grupe koja se bavila fingiranjem saobra\u0107ajnih nezgoda.<\/p>\n<p>Akcija se izvodi po nalogu Kantonalnog tu\u017eila\u0161tva u Sarajevu, potvrdila je za portal \u201eAvaza\u201c Azra Bav\u010di\u0107, portparol spomenute pravosudne institucije.<\/p>\n<p>Osumnji\u010deni se terete za vi\u0161e krivi\u010dnih djela kao \u0161to su zloupotreba osiguranja, zloupotreba polo\u017eaja, krivotvorenje isprava, prevara, primanje dara i drugih oblika koristi.<\/p>\n<p>Osobe koje su meta ove akcije su osumnji\u010dene da su se udru\u017eile u grupu koja je u proteklom periodu fingirala saobra\u0107ajne nezgode s ciljem naplate \u0161tete od osiguravaju\u0107ih dru\u0161tava, a pri \u010demu su imali i pomo\u0107 policijskih slu\u017ebenika MUP-a Kantona Sarajevo.<\/p>\n<p>Tako\u0111er, odre\u0111eni policajci se sumnji\u010de da su za vrijeme trajanja posebnih istra\u017enih radnji uzimali i mito za saobra\u0107ajne prekr\u0161aje u Kantonu Sarajevo.<\/p>\n<p>Trenutno se pretresi odvijaju na vi\u0161e od 20 lokacija na podru\u010dju Sarajeva, Isto\u010dnog Sarajeva, Pala, Sokoca i drugih lokacija.<\/p>\n<p>&nbsp;<\/p>\n<p>&nbsp;<\/p>\n<p>&nbsp;<\/p>\n<p>&nbsp;<\/p>\n<p>&nbsp;<\/p>\n","protected":false},"excerpt":{"rendered":"<p>Pripadnici Ministarstva unutra\u0161njih poslova Kantona Sarajevo, u saradnji sa kolegama iz RS, od ranih jutarnjih&hellip;<\/p>\n","protected":false},"author":4,"featured_media":147311,"comment_status":"open","ping_status":"closed","sticky":false,"template":"","format":"standard","meta":{"_acf_changed":false,"footnotes":""},"categories":[291],"tags":[2109,2967],"acf":[],"yoast_head":"<!-- This site is optimized with the Yoast SEO plugin v23.5 - https:\/\/yoast.com\/wordpress\/plugins\/seo\/ -->\n<title>Hap\u0161enja po Sarajevu i RS zbog fingiranja saobra\u0107ajnih nesre\u0107a, &#039;upetljana&#039; i policija - TuzlaInfo.ba<\/title>\n<meta name=\"robots\" content=\"index, follow, max-snippet:-1, max-image-preview:large, max-video-preview:-1\" \/>\n<link rel=\"canonical\" href=\"https:\/\/tuzlainfo.ba\/index.php\/bosna-i-hercegovina\/item\/150700-hapsenja-po-sarajevu-i-rs-zbog-fingiranja-saobracajnih-nesreca-upetljana-i-policija\/\" \/>\n<meta property=\"og:locale\" content=\"bs_BA\" \/>\n<meta property=\"og:type\" content=\"article\" \/>\n<meta property=\"og:title\" content=\"Hap\u0161enja po Sarajevu i RS zbog fingiranja saobra\u0107ajnih nesre\u0107a, &#039;upetljana&#039; i policija - TuzlaInfo.ba\" \/>\n<meta property=\"og:description\" content=\"Pripadnici Ministarstva unutra\u0161njih poslova Kantona Sarajevo, u saradnji sa kolegama iz RS, od ranih jutarnjih&hellip;\" \/>\n<meta property=\"og:url\" content=\"https:\/\/tuzlainfo.ba\/index.php\/bosna-i-hercegovina\/item\/150700-hapsenja-po-sarajevu-i-rs-zbog-fingiranja-saobracajnih-nesreca-upetljana-i-policija\/\" \/>\n<meta property=\"og:site_name\" content=\"TuzlaInfo.ba\" \/>\n<meta property=\"article:publisher\" content=\"https:\/\/www.facebook.com\/tuzlainfo.ba\/\" \/>\n<meta property=\"article:published_time\" content=\"2021-10-13T07:12:51+00:00\" \/>\n<meta property=\"og:image\" content=\"https:\/\/tuzlainfo.ba\/wp-content\/uploads\/2021\/09\/0809_saobracajna_nesreca_djurdjevik.jpg\" \/>\n\t<meta property=\"og:image:width\" content=\"1000\" \/>\n\t<meta property=\"og:image:height\" content=\"569\" \/>\n\t<meta property=\"og:image:type\" content=\"image\/jpeg\" \/>\n<meta name=\"author\" content=\"Tuzla Info\" \/>\n<meta name=\"twitter:card\" content=\"summary_large_image\" \/>\n<meta name=\"twitter:label1\" content=\"Written by\" \/>\n\t<meta name=\"twitter:data1\" content=\"Tuzla Info\" \/>\n\t<meta name=\"twitter:label2\" content=\"Est. reading time\" \/>\n\t<meta name=\"twitter:data2\" content=\"1 minuta\" \/>\n<script type=\"application\/ld+json\" class=\"yoast-schema-graph\">{\"@context\":\"https:\/\/schema.org\",\"@graph\":[{\"@type\":\"Article\",\"@id\":\"https:\/\/tuzlainfo.ba\/index.php\/bosna-i-hercegovina\/item\/150700-hapsenja-po-sarajevu-i-rs-zbog-fingiranja-saobracajnih-nesreca-upetljana-i-policija\/#article\",\"isPartOf\":{\"@id\":\"https:\/\/tuzlainfo.ba\/index.php\/bosna-i-hercegovina\/item\/150700-hapsenja-po-sarajevu-i-rs-zbog-fingiranja-saobracajnih-nesreca-upetljana-i-policija\/\"},\"author\":{\"name\":\"Tuzla Info\",\"@id\":\"https:\/\/tuzlainfo.ba\/#\/schema\/person\/46cad4c57790cbc50781edd14870825a\"},\"headline\":\"Hap\u0161enja po Sarajevu i RS zbog fingiranja saobra\u0107ajnih nesre\u0107a, &#8216;upetljana&#8217; i policija\",\"datePublished\":\"2021-10-13T07:12:51+00:00\",\"dateModified\":\"2021-10-13T07:12:51+00:00\",\"mainEntityOfPage\":{\"@id\":\"https:\/\/tuzlainfo.ba\/index.php\/bosna-i-hercegovina\/item\/150700-hapsenja-po-sarajevu-i-rs-zbog-fingiranja-saobracajnih-nesreca-upetljana-i-policija\/\"},\"wordCount\":199,\"commentCount\":0,\"publisher\":{\"@id\":\"https:\/\/tuzlainfo.ba\/#organization\"},\"image\":{\"@id\":\"https:\/\/tuzlainfo.ba\/index.php\/bosna-i-hercegovina\/item\/150700-hapsenja-po-sarajevu-i-rs-zbog-fingiranja-saobracajnih-nesreca-upetljana-i-policija\/#primaryimage\"},\"thumbnailUrl\":\"https:\/\/tuzlainfo.ba\/wp-content\/uploads\/2021\/09\/0809_saobracajna_nesreca_djurdjevik.jpg\",\"keywords\":[\"hap\u0161enje\",\"Saobra\u0107ajne nesre\u0107e\"],\"articleSection\":[\"Bosna i Hercegovina\"],\"inLanguage\":\"bs-BA\"},{\"@type\":\"WebPage\",\"@id\":\"https:\/\/tuzlainfo.ba\/index.php\/bosna-i-hercegovina\/item\/150700-hapsenja-po-sarajevu-i-rs-zbog-fingiranja-saobracajnih-nesreca-upetljana-i-policija\/\",\"url\":\"https:\/\/tuzlainfo.ba\/index.php\/bosna-i-hercegovina\/item\/150700-hapsenja-po-sarajevu-i-rs-zbog-fingiranja-saobracajnih-nesreca-upetljana-i-policija\/\",\"name\":\"Hap\u0161enja po Sarajevu i RS zbog fingiranja saobra\u0107ajnih nesre\u0107a, 'upetljana' i policija - TuzlaInfo.ba\",\"isPartOf\":{\"@id\":\"https:\/\/tuzlainfo.ba\/#website\"},\"primaryImageOfPage\":{\"@id\":\"https:\/\/tuzlainfo.ba\/index.php\/bosna-i-hercegovina\/item\/150700-hapsenja-po-sarajevu-i-rs-zbog-fingiranja-saobracajnih-nesreca-upetljana-i-policija\/#primaryimage\"},\"image\":{\"@id\":\"https:\/\/tuzlainfo.ba\/index.php\/bosna-i-hercegovina\/item\/150700-hapsenja-po-sarajevu-i-rs-zbog-fingiranja-saobracajnih-nesreca-upetljana-i-policija\/#primaryimage\"},\"thumbnailUrl\":\"https:\/\/tuzlainfo.ba\/wp-content\/uploads\/2021\/09\/0809_saobracajna_nesreca_djurdjevik.jpg\",\"datePublished\":\"2021-10-13T07:12:51+00:00\",\"dateModified\":\"2021-10-13T07:12:51+00:00\",\"breadcrumb\":{\"@id\":\"https:\/\/tuzlainfo.ba\/index.php\/bosna-i-hercegovina\/item\/150700-hapsenja-po-sarajevu-i-rs-zbog-fingiranja-saobracajnih-nesreca-upetljana-i-policija\/#breadcrumb\"},\"inLanguage\":\"bs-BA\",\"potentialAction\":[{\"@type\":\"ReadAction\",\"target\":[\"https:\/\/tuzlainfo.ba\/index.php\/bosna-i-hercegovina\/item\/150700-hapsenja-po-sarajevu-i-rs-zbog-fingiranja-saobracajnih-nesreca-upetljana-i-policija\/\"]}]},{\"@type\":\"ImageObject\",\"inLanguage\":\"bs-BA\",\"@id\":\"https:\/\/tuzlainfo.ba\/index.php\/bosna-i-hercegovina\/item\/150700-hapsenja-po-sarajevu-i-rs-zbog-fingiranja-saobracajnih-nesreca-upetljana-i-policija\/#primaryimage\",\"url\":\"https:\/\/tuzlainfo.ba\/wp-content\/uploads\/2021\/09\/0809_saobracajna_nesreca_djurdjevik.jpg\",\"contentUrl\":\"https:\/\/tuzlainfo.ba\/wp-content\/uploads\/2021\/09\/0809_saobracajna_nesreca_djurdjevik.jpg\",\"width\":1000,\"height\":569,\"caption\":\"Foto: Facebook \/D\u017e. D\u017eihanovi\u0107\"},{\"@type\":\"BreadcrumbList\",\"@id\":\"https:\/\/tuzlainfo.ba\/index.php\/bosna-i-hercegovina\/item\/150700-hapsenja-po-sarajevu-i-rs-zbog-fingiranja-saobracajnih-nesreca-upetljana-i-policija\/#breadcrumb\",\"itemListElement\":[{\"@type\":\"ListItem\",\"position\":1,\"name\":\"Home\",\"item\":\"https:\/\/tuzlainfo.ba\/\"},{\"@type\":\"ListItem\",\"position\":2,\"name\":\"Hap\u0161enja po Sarajevu i RS zbog fingiranja saobra\u0107ajnih nesre\u0107a, &#8216;upetljana&#8217; i policija\"}]},{\"@type\":\"WebSite\",\"@id\":\"https:\/\/tuzlainfo.ba\/#website\",\"url\":\"https:\/\/tuzlainfo.ba\/\",\"name\":\"TuzlaInfo.ba\",\"description\":\"Tuzla info, gradski informator - Tuzla na dlanu\",\"publisher\":{\"@id\":\"https:\/\/tuzlainfo.ba\/#organization\"},\"potentialAction\":[{\"@type\":\"SearchAction\",\"target\":{\"@type\":\"EntryPoint\",\"urlTemplate\":\"https:\/\/tuzlainfo.ba\/?s={search_term_string}\"},\"query-input\":{\"@type\":\"PropertyValueSpecification\",\"valueRequired\":true,\"valueName\":\"search_term_string\"}}],\"inLanguage\":\"bs-BA\"},{\"@type\":\"Organization\",\"@id\":\"https:\/\/tuzlainfo.ba\/#organization\",\"name\":\"TuzlaInfo.ba\",\"url\":\"https:\/\/tuzlainfo.ba\/\",\"logo\":{\"@type\":\"ImageObject\",\"inLanguage\":\"bs-BA\",\"@id\":\"https:\/\/tuzlainfo.ba\/#\/schema\/logo\/image\/\",\"url\":\"https:\/\/tuzlainfo.ba\/wp-content\/uploads\/2021\/03\/logo-ver-3-1.png\",\"contentUrl\":\"https:\/\/tuzlainfo.ba\/wp-content\/uploads\/2021\/03\/logo-ver-3-1.png\",\"width\":350,\"height\":95,\"caption\":\"TuzlaInfo.ba\"},\"image\":{\"@id\":\"https:\/\/tuzlainfo.ba\/#\/schema\/logo\/image\/\"},\"sameAs\":[\"https:\/\/www.facebook.com\/tuzlainfo.ba\/\"]},{\"@type\":\"Person\",\"@id\":\"https:\/\/tuzlainfo.ba\/#\/schema\/person\/46cad4c57790cbc50781edd14870825a\",\"name\":\"Tuzla Info\",\"image\":{\"@type\":\"ImageObject\",\"inLanguage\":\"bs-BA\",\"@id\":\"https:\/\/tuzlainfo.ba\/#\/schema\/person\/image\/\",\"url\":\"https:\/\/tuzlainfo.ba\/wp-content\/litespeed\/avatar\/b6c453a6c38e3654f2e4416c643fc25c.jpg?ver=1777656712\",\"contentUrl\":\"https:\/\/tuzlainfo.ba\/wp-content\/litespeed\/avatar\/b6c453a6c38e3654f2e4416c643fc25c.jpg?ver=1777656712\",\"caption\":\"Tuzla Info\"}}]}<\/script>\n<!-- \/ Yoast SEO plugin. -->","yoast_head_json":{"title":"Hap\u0161enja po Sarajevu i RS zbog fingiranja saobra\u0107ajnih nesre\u0107a, 'upetljana' i policija - TuzlaInfo.ba","robots":{"index":"index","follow":"follow","max-snippet":"max-snippet:-1","max-image-preview":"max-image-preview:large","max-video-preview":"max-video-preview:-1"},"canonical":"https:\/\/tuzlainfo.ba\/index.php\/bosna-i-hercegovina\/item\/150700-hapsenja-po-sarajevu-i-rs-zbog-fingiranja-saobracajnih-nesreca-upetljana-i-policija\/","og_locale":"bs_BA","og_type":"article","og_title":"Hap\u0161enja po Sarajevu i RS zbog fingiranja saobra\u0107ajnih nesre\u0107a, 'upetljana' i policija - TuzlaInfo.ba","og_description":"Pripadnici Ministarstva unutra\u0161njih poslova Kantona Sarajevo, u saradnji sa kolegama iz RS, od ranih jutarnjih&hellip;","og_url":"https:\/\/tuzlainfo.ba\/index.php\/bosna-i-hercegovina\/item\/150700-hapsenja-po-sarajevu-i-rs-zbog-fingiranja-saobracajnih-nesreca-upetljana-i-policija\/","og_site_name":"TuzlaInfo.ba","article_publisher":"https:\/\/www.facebook.com\/tuzlainfo.ba\/","article_published_time":"2021-10-13T07:12:51+00:00","og_image":[{"width":1000,"height":569,"url":"https:\/\/tuzlainfo.ba\/wp-content\/uploads\/2021\/09\/0809_saobracajna_nesreca_djurdjevik.jpg","type":"image\/jpeg"}],"author":"Tuzla Info","twitter_card":"summary_large_image","twitter_misc":{"Written by":"Tuzla Info","Est. reading time":"1 minuta"},"schema":{"@context":"https:\/\/schema.org","@graph":[{"@type":"Article","@id":"https:\/\/tuzlainfo.ba\/index.php\/bosna-i-hercegovina\/item\/150700-hapsenja-po-sarajevu-i-rs-zbog-fingiranja-saobracajnih-nesreca-upetljana-i-policija\/#article","isPartOf":{"@id":"https:\/\/tuzlainfo.ba\/index.php\/bosna-i-hercegovina\/item\/150700-hapsenja-po-sarajevu-i-rs-zbog-fingiranja-saobracajnih-nesreca-upetljana-i-policija\/"},"author":{"name":"Tuzla Info","@id":"https:\/\/tuzlainfo.ba\/#\/schema\/person\/46cad4c57790cbc50781edd14870825a"},"headline":"Hap\u0161enja po Sarajevu i RS zbog fingiranja saobra\u0107ajnih nesre\u0107a, &#8216;upetljana&#8217; i policija","datePublished":"2021-10-13T07:12:51+00:00","dateModified":"2021-10-13T07:12:51+00:00","mainEntityOfPage":{"@id":"https:\/\/tuzlainfo.ba\/index.php\/bosna-i-hercegovina\/item\/150700-hapsenja-po-sarajevu-i-rs-zbog-fingiranja-saobracajnih-nesreca-upetljana-i-policija\/"},"wordCount":199,"commentCount":0,"publisher":{"@id":"https:\/\/tuzlainfo.ba\/#organization"},"image":{"@id":"https:\/\/tuzlainfo.ba\/index.php\/bosna-i-hercegovina\/item\/150700-hapsenja-po-sarajevu-i-rs-zbog-fingiranja-saobracajnih-nesreca-upetljana-i-policija\/#primaryimage"},"thumbnailUrl":"https:\/\/tuzlainfo.ba\/wp-content\/uploads\/2021\/09\/0809_saobracajna_nesreca_djurdjevik.jpg","keywords":["hap\u0161enje","Saobra\u0107ajne nesre\u0107e"],"articleSection":["Bosna i Hercegovina"],"inLanguage":"bs-BA"},{"@type":"WebPage","@id":"https:\/\/tuzlainfo.ba\/index.php\/bosna-i-hercegovina\/item\/150700-hapsenja-po-sarajevu-i-rs-zbog-fingiranja-saobracajnih-nesreca-upetljana-i-policija\/","url":"https:\/\/tuzlainfo.ba\/index.php\/bosna-i-hercegovina\/item\/150700-hapsenja-po-sarajevu-i-rs-zbog-fingiranja-saobracajnih-nesreca-upetljana-i-policija\/","name":"Hap\u0161enja po Sarajevu i RS zbog fingiranja saobra\u0107ajnih nesre\u0107a, 'upetljana' i policija - TuzlaInfo.ba","isPartOf":{"@id":"https:\/\/tuzlainfo.ba\/#website"},"primaryImageOfPage":{"@id":"https:\/\/tuzlainfo.ba\/index.php\/bosna-i-hercegovina\/item\/150700-hapsenja-po-sarajevu-i-rs-zbog-fingiranja-saobracajnih-nesreca-upetljana-i-policija\/#primaryimage"},"image":{"@id":"https:\/\/tuzlainfo.ba\/index.php\/bosna-i-hercegovina\/item\/150700-hapsenja-po-sarajevu-i-rs-zbog-fingiranja-saobracajnih-nesreca-upetljana-i-policija\/#primaryimage"},"thumbnailUrl":"https:\/\/tuzlainfo.ba\/wp-content\/uploads\/2021\/09\/0809_saobracajna_nesreca_djurdjevik.jpg","datePublished":"2021-10-13T07:12:51+00:00","dateModified":"2021-10-13T07:12:51+00:00","breadcrumb":{"@id":"https:\/\/tuzlainfo.ba\/index.php\/bosna-i-hercegovina\/item\/150700-hapsenja-po-sarajevu-i-rs-zbog-fingiranja-saobracajnih-nesreca-upetljana-i-policija\/#breadcrumb"},"inLanguage":"bs-BA","potentialAction":[{"@type":"ReadAction","target":["https:\/\/tuzlainfo.ba\/index.php\/bosna-i-hercegovina\/item\/150700-hapsenja-po-sarajevu-i-rs-zbog-fingiranja-saobracajnih-nesreca-upetljana-i-policija\/"]}]},{"@type":"ImageObject","inLanguage":"bs-BA","@id":"https:\/\/tuzlainfo.ba\/index.php\/bosna-i-hercegovina\/item\/150700-hapsenja-po-sarajevu-i-rs-zbog-fingiranja-saobracajnih-nesreca-upetljana-i-policija\/#primaryimage","url":"https:\/\/tuzlainfo.ba\/wp-content\/uploads\/2021\/09\/0809_saobracajna_nesreca_djurdjevik.jpg","contentUrl":"https:\/\/tuzlainfo.ba\/wp-content\/uploads\/2021\/09\/0809_saobracajna_nesreca_djurdjevik.jpg","width":1000,"height":569,"caption":"Foto: Facebook \/D\u017e. D\u017eihanovi\u0107"},{"@type":"BreadcrumbList","@id":"https:\/\/tuzlainfo.ba\/index.php\/bosna-i-hercegovina\/item\/150700-hapsenja-po-sarajevu-i-rs-zbog-fingiranja-saobracajnih-nesreca-upetljana-i-policija\/#breadcrumb","itemListElement":[{"@type":"ListItem","position":1,"name":"Home","item":"https:\/\/tuzlainfo.ba\/"},{"@type":"ListItem","position":2,"name":"Hap\u0161enja po Sarajevu i RS zbog fingiranja saobra\u0107ajnih nesre\u0107a, &#8216;upetljana&#8217; i policija"}]},{"@type":"WebSite","@id":"https:\/\/tuzlainfo.ba\/#website","url":"https:\/\/tuzlainfo.ba\/","name":"TuzlaInfo.ba","description":"Tuzla info, gradski informator - Tuzla na dlanu","publisher":{"@id":"https:\/\/tuzlainfo.ba\/#organization"},"potentialAction":[{"@type":"SearchAction","target":{"@type":"EntryPoint","urlTemplate":"https:\/\/tuzlainfo.ba\/?s={search_term_string}"},"query-input":{"@type":"PropertyValueSpecification","valueRequired":true,"valueName":"search_term_string"}}],"inLanguage":"bs-BA"},{"@type":"Organization","@id":"https:\/\/tuzlainfo.ba\/#organization","name":"TuzlaInfo.ba","url":"https:\/\/tuzlainfo.ba\/","logo":{"@type":"ImageObject","inLanguage":"bs-BA","@id":"https:\/\/tuzlainfo.ba\/#\/schema\/logo\/image\/","url":"https:\/\/tuzlainfo.ba\/wp-content\/uploads\/2021\/03\/logo-ver-3-1.png","contentUrl":"https:\/\/tuzlainfo.ba\/wp-content\/uploads\/2021\/03\/logo-ver-3-1.png","width":350,"height":95,"caption":"TuzlaInfo.ba"},"image":{"@id":"https:\/\/tuzlainfo.ba\/#\/schema\/logo\/image\/"},"sameAs":["https:\/\/www.facebook.com\/tuzlainfo.ba\/"]},{"@type":"Person","@id":"https:\/\/tuzlainfo.ba\/#\/schema\/person\/46cad4c57790cbc50781edd14870825a","name":"Tuzla Info","image":{"@type":"ImageObject","inLanguage":"bs-BA","@id":"https:\/\/tuzlainfo.ba\/#\/schema\/person\/image\/","url":"https:\/\/tuzlainfo.ba\/wp-content\/litespeed\/avatar\/b6c453a6c38e3654f2e4416c643fc25c.jpg?ver=1777656712","contentUrl":"https:\/\/tuzlainfo.ba\/wp-content\/litespeed\/avatar\/b6c453a6c38e3654f2e4416c643fc25c.jpg?ver=1777656712","caption":"Tuzla Info"}}]}},"_links":{"self":[{"href":"https:\/\/tuzlainfo.ba\/index.php\/wp-json\/wp\/v2\/posts\/150700"}],"collection":[{"href":"https:\/\/tuzlainfo.ba\/index.php\/wp-json\/wp\/v2\/posts"}],"about":[{"href":"https:\/\/tuzlainfo.ba\/index.php\/wp-json\/wp\/v2\/types\/post"}],"author":[{"embeddable":true,"href":"https:\/\/tuzlainfo.ba\/index.php\/wp-json\/wp\/v2\/users\/4"}],"replies":[{"embeddable":true,"href":"https:\/\/tuzlainfo.ba\/index.php\/wp-json\/wp\/v2\/comments?post=150700"}],"version-history":[{"count":0,"href":"https:\/\/tuzlainfo.ba\/index.php\/wp-json\/wp\/v2\/posts\/150700\/revisions"}],"wp:featuredmedia":[{"embeddable":true,"href":"https:\/\/tuzlainfo.ba\/index.php\/wp-json\/wp\/v2\/media\/147311"}],"wp:attachment":[{"href":"https:\/\/tuzlainfo.ba\/index.php\/wp-json\/wp\/v2\/media?parent=150700"}],"wp:term":[{"taxonomy":"category","embeddable":true,"href":"https:\/\/tuzlainfo.ba\/index.php\/wp-json\/wp\/v2\/categories?post=150700"},{"taxonomy":"post_tag","embeddable":true,"href":"https:\/\/tuzlainfo.ba\/index.php\/wp-json\/wp\/v2\/tags?post=150700"}],"curies":[{"name":"wp","href":"https:\/\/api.w.org\/{rel}","templated":true}]}}