{"id":150644,"date":"2021-10-12T15:19:28","date_gmt":"2021-10-12T13:19:28","guid":{"rendered":"https:\/\/tuzlainfo.ba\/?p=150644"},"modified":"2021-10-12T15:19:28","modified_gmt":"2021-10-12T13:19:28","slug":"hoce-li-poskupjeti-el-energija-za-bh-privredu-desetak-kupaca-trosi-70-posto-energije","status":"publish","type":"post","link":"https:\/\/tuzlainfo.ba\/index.php\/bosna-i-hercegovina\/item\/150644-hoce-li-poskupjeti-el-energija-za-bh-privredu-desetak-kupaca-trosi-70-posto-energije\/","title":{"rendered":"Ho\u0107e li poskupjeti el. energija za bh. privredu: Desetak kupaca tro\u0161i 70 posto energije"},"content":{"rendered":"<p>U sjedi\u0161tu Vlade Federacije BiH ju\u010der je odr\u017ean sastanak premijera Federacije BiH Fadila Novali\u0107a i federalnog ministra energije, rudarstva i industrije Nermina D\u017eindi\u0107a s predstavnicima JP Elektroprivreda BiH d.d. Sarajevo, JP Elektroprivreda HZHB d.d. Mostar, te Udru\u017eenja poslodavaca Federacije BiH.<\/p>\n<p>Sastanak je organiziran s ciljem nastavka razgovora koji su zapo\u010deli pro\u0161le sedmice o formiranju cijena elektri\u010dne energije za privredna dru\u0161tva.<\/p>\n<p>Ministar D\u017eindi\u0107 je u izjavi za medije nakon odr\u017eanog sastanka najavio odr\u017eavanje tematske sjednice Vlade FBiH o formiranju cijena elektri\u010dne energije za privredna dru\u0161tva, u narednih 15 dana. Dodao je da se razgovaralo i o \u010detiri uvjeta koja su dovela do poskupljenja u Evropi.<\/p>\n<p>&#8211; Organizirat \u0107e se tematska sjednica Vlade Federacije BiH. Tu \u0107e obje elektroprivrede dostaviti svoje analize. Razmotrit \u0107emo kakva \u0107e biti budu\u0107a cijena prema privrednicima. Predlo\u017eit \u0107emo mjere kako pomo\u0107i i promijeniti ako treba odre\u0111ene zakone. Razmotrit \u0107emo i naknadu za CO2 jer je EP BiH ve\u0107 u\u0161la u taj sistem &#8211; kazao je ministar D\u017eindi\u0107.<\/p>\n<p>Tako\u0111er je rekao da su napravljene odgovaraju\u0107e analize i dodao da postoji mogu\u0107nost uvo\u0111enja diferencirane stope za formiranje cijene za razli\u010dite sektore privrede, ako analize poka\u017eu opravdanost takvog pristupa.<\/p>\n<p>&#8211; Prosje\u010dna cijena prema privremenim dru\u0161tvima je oko 51 euro po megavat satu. \u0160to se ti\u010de snadbijevanja prihod je iznad 400 miliona KM. To je sve dio analize. EP BiH izvozi oko 250 miliona elektri\u010dne energije. Desetak kupaca tro\u0161i 70 posto energije i to je jedan podatak koji govori da treba uraditi detaljnu analizu i analizu pomo\u0107i privrednicima &#8211; kazao je ministar D\u017eindi\u0107.<\/p>\n<p>Dodao je da \u0107e se cijene usporediti s dr\u017eavama u region, kako bi se mogle donijeti kratkoro\u010dne mjere pomo\u0107i privrednicima.<\/p>\n<p>&#8211; Bit \u0107e to sveobuhvatna analiza i mo\u017eda uvesti neku stopu pomo\u0107i, a ako analiza to poka\u017ee. Nije lako do\u0107i do kona\u010dnog rje\u0161enja. Vlada FBIH ne mo\u017ee dozvoliti da ne\u0161to uradi na brzinu &#8211; zaklju\u010dio je D\u017eindi\u0107.<\/p>\n<p>Predsjednik Udru\u017eenja poslodavaca FBiH Adnan Smailbegovi\u0107 izjavio je da se radi o kompleksnoj materiji i da elektroprivrede imaju argumente za svoje zahtjeve.<\/p>\n<p>Ipak, on o\u010dekuje da udar izazvan pove\u0107anjem cijena bude smanjen kako ne bi do\u0161lo do negativnih posljedica po privredu.<\/p>\n<p>&#8211; Nije lako. Privreda o\u010dekuje da se udar smanji kako ne bi do\u0161lo do negativnih efekata. Vlada FBIH \u0107e morati da uradi presjek. Ne vidim problem da se sa\u010deka desetak dana. Dosad je bilo konstruktivno i nadam se da \u0107e se ovo rije\u0161iti u naredne dvije sedmice &#8211; istakao je Smailbegovi\u0107.<\/p>\n<p>Smailbegovi\u0107 je naveo da su razgovori dosad bili konstruktivni i izrazio nadu da \u0107e biti postignuto optimalno rje\u0161enje.<\/p>\n","protected":false},"excerpt":{"rendered":"<p>U sjedi\u0161tu Vlade Federacije BiH ju\u010der je odr\u017ean sastanak premijera Federacije BiH Fadila Novali\u0107a i&hellip;<\/p>\n","protected":false},"author":2,"featured_media":81183,"comment_status":"open","ping_status":"closed","sticky":false,"template":"","format":"standard","meta":{"_acf_changed":false,"footnotes":""},"categories":[291],"tags":[2148,502],"acf":[],"yoast_head":"<!-- This site is optimized with the Yoast SEO plugin v23.5 - https:\/\/yoast.com\/wordpress\/plugins\/seo\/ -->\n<title>Ho\u0107e li poskupjeti el. energija za bh. privredu: Desetak kupaca tro\u0161i 70 posto energije - TuzlaInfo.ba<\/title>\n<meta name=\"robots\" content=\"index, follow, max-snippet:-1, max-image-preview:large, max-video-preview:-1\" \/>\n<link rel=\"canonical\" href=\"https:\/\/tuzlainfo.ba\/index.php\/bosna-i-hercegovina\/item\/150644-hoce-li-poskupjeti-el-energija-za-bh-privredu-desetak-kupaca-trosi-70-posto-energije\/\" \/>\n<meta property=\"og:locale\" content=\"bs_BA\" \/>\n<meta property=\"og:type\" content=\"article\" \/>\n<meta property=\"og:title\" content=\"Ho\u0107e li poskupjeti el. energija za bh. privredu: Desetak kupaca tro\u0161i 70 posto energije - TuzlaInfo.ba\" \/>\n<meta property=\"og:description\" content=\"U sjedi\u0161tu Vlade Federacije BiH ju\u010der je odr\u017ean sastanak premijera Federacije BiH Fadila Novali\u0107a i&hellip;\" \/>\n<meta property=\"og:url\" content=\"https:\/\/tuzlainfo.ba\/index.php\/bosna-i-hercegovina\/item\/150644-hoce-li-poskupjeti-el-energija-za-bh-privredu-desetak-kupaca-trosi-70-posto-energije\/\" \/>\n<meta property=\"og:site_name\" content=\"TuzlaInfo.ba\" \/>\n<meta property=\"article:publisher\" content=\"https:\/\/www.facebook.com\/tuzlainfo.ba\/\" \/>\n<meta property=\"article:published_time\" content=\"2021-10-12T13:19:28+00:00\" \/>\n<meta property=\"og:image\" content=\"https:\/\/tuzlainfo.ba\/wp-content\/uploads\/2020\/07\/sadrzaj_2020_20200101_01012020_elektro1.jpg\" \/>\n\t<meta property=\"og:image:width\" content=\"770\" \/>\n\t<meta property=\"og:image:height\" content=\"531\" \/>\n\t<meta property=\"og:image:type\" content=\"image\/jpeg\" \/>\n<meta name=\"author\" content=\"nedim\" \/>\n<meta name=\"twitter:card\" content=\"summary_large_image\" \/>\n<meta name=\"twitter:label1\" content=\"Written by\" \/>\n\t<meta name=\"twitter:data1\" content=\"nedim\" \/>\n\t<meta name=\"twitter:label2\" content=\"Est. reading time\" \/>\n\t<meta name=\"twitter:data2\" content=\"2 minute\" \/>\n<script type=\"application\/ld+json\" class=\"yoast-schema-graph\">{\"@context\":\"https:\/\/schema.org\",\"@graph\":[{\"@type\":\"Article\",\"@id\":\"https:\/\/tuzlainfo.ba\/index.php\/bosna-i-hercegovina\/item\/150644-hoce-li-poskupjeti-el-energija-za-bh-privredu-desetak-kupaca-trosi-70-posto-energije\/#article\",\"isPartOf\":{\"@id\":\"https:\/\/tuzlainfo.ba\/index.php\/bosna-i-hercegovina\/item\/150644-hoce-li-poskupjeti-el-energija-za-bh-privredu-desetak-kupaca-trosi-70-posto-energije\/\"},\"author\":{\"name\":\"nedim\",\"@id\":\"https:\/\/tuzlainfo.ba\/#\/schema\/person\/f434e20dc27ea133923aab08451b7f7f\"},\"headline\":\"Ho\u0107e li poskupjeti el. energija za bh. privredu: Desetak kupaca tro\u0161i 70 posto energije\",\"datePublished\":\"2021-10-12T13:19:28+00:00\",\"dateModified\":\"2021-10-12T13:19:28+00:00\",\"mainEntityOfPage\":{\"@id\":\"https:\/\/tuzlainfo.ba\/index.php\/bosna-i-hercegovina\/item\/150644-hoce-li-poskupjeti-el-energija-za-bh-privredu-desetak-kupaca-trosi-70-posto-energije\/\"},\"wordCount\":488,\"commentCount\":0,\"publisher\":{\"@id\":\"https:\/\/tuzlainfo.ba\/#organization\"},\"image\":{\"@id\":\"https:\/\/tuzlainfo.ba\/index.php\/bosna-i-hercegovina\/item\/150644-hoce-li-poskupjeti-el-energija-za-bh-privredu-desetak-kupaca-trosi-70-posto-energije\/#primaryimage\"},\"thumbnailUrl\":\"https:\/\/tuzlainfo.ba\/wp-content\/uploads\/2020\/07\/sadrzaj_2020_20200101_01012020_elektro1.jpg\",\"keywords\":[\"elektri\u010dna energija\",\"vlada fbih\"],\"articleSection\":[\"Bosna i Hercegovina\"],\"inLanguage\":\"bs-BA\"},{\"@type\":\"WebPage\",\"@id\":\"https:\/\/tuzlainfo.ba\/index.php\/bosna-i-hercegovina\/item\/150644-hoce-li-poskupjeti-el-energija-za-bh-privredu-desetak-kupaca-trosi-70-posto-energije\/\",\"url\":\"https:\/\/tuzlainfo.ba\/index.php\/bosna-i-hercegovina\/item\/150644-hoce-li-poskupjeti-el-energija-za-bh-privredu-desetak-kupaca-trosi-70-posto-energije\/\",\"name\":\"Ho\u0107e li poskupjeti el. energija za bh. privredu: Desetak kupaca tro\u0161i 70 posto energije - TuzlaInfo.ba\",\"isPartOf\":{\"@id\":\"https:\/\/tuzlainfo.ba\/#website\"},\"primaryImageOfPage\":{\"@id\":\"https:\/\/tuzlainfo.ba\/index.php\/bosna-i-hercegovina\/item\/150644-hoce-li-poskupjeti-el-energija-za-bh-privredu-desetak-kupaca-trosi-70-posto-energije\/#primaryimage\"},\"image\":{\"@id\":\"https:\/\/tuzlainfo.ba\/index.php\/bosna-i-hercegovina\/item\/150644-hoce-li-poskupjeti-el-energija-za-bh-privredu-desetak-kupaca-trosi-70-posto-energije\/#primaryimage\"},\"thumbnailUrl\":\"https:\/\/tuzlainfo.ba\/wp-content\/uploads\/2020\/07\/sadrzaj_2020_20200101_01012020_elektro1.jpg\",\"datePublished\":\"2021-10-12T13:19:28+00:00\",\"dateModified\":\"2021-10-12T13:19:28+00:00\",\"breadcrumb\":{\"@id\":\"https:\/\/tuzlainfo.ba\/index.php\/bosna-i-hercegovina\/item\/150644-hoce-li-poskupjeti-el-energija-za-bh-privredu-desetak-kupaca-trosi-70-posto-energije\/#breadcrumb\"},\"inLanguage\":\"bs-BA\",\"potentialAction\":[{\"@type\":\"ReadAction\",\"target\":[\"https:\/\/tuzlainfo.ba\/index.php\/bosna-i-hercegovina\/item\/150644-hoce-li-poskupjeti-el-energija-za-bh-privredu-desetak-kupaca-trosi-70-posto-energije\/\"]}]},{\"@type\":\"ImageObject\",\"inLanguage\":\"bs-BA\",\"@id\":\"https:\/\/tuzlainfo.ba\/index.php\/bosna-i-hercegovina\/item\/150644-hoce-li-poskupjeti-el-energija-za-bh-privredu-desetak-kupaca-trosi-70-posto-energije\/#primaryimage\",\"url\":\"https:\/\/tuzlainfo.ba\/wp-content\/uploads\/2020\/07\/sadrzaj_2020_20200101_01012020_elektro1.jpg\",\"contentUrl\":\"https:\/\/tuzlainfo.ba\/wp-content\/uploads\/2020\/07\/sadrzaj_2020_20200101_01012020_elektro1.jpg\",\"width\":770,\"height\":531,\"caption\":\"01012020 elektro1\"},{\"@type\":\"BreadcrumbList\",\"@id\":\"https:\/\/tuzlainfo.ba\/index.php\/bosna-i-hercegovina\/item\/150644-hoce-li-poskupjeti-el-energija-za-bh-privredu-desetak-kupaca-trosi-70-posto-energije\/#breadcrumb\",\"itemListElement\":[{\"@type\":\"ListItem\",\"position\":1,\"name\":\"Home\",\"item\":\"https:\/\/tuzlainfo.ba\/\"},{\"@type\":\"ListItem\",\"position\":2,\"name\":\"Ho\u0107e li poskupjeti el. energija za bh. privredu: Desetak kupaca tro\u0161i 70 posto energije\"}]},{\"@type\":\"WebSite\",\"@id\":\"https:\/\/tuzlainfo.ba\/#website\",\"url\":\"https:\/\/tuzlainfo.ba\/\",\"name\":\"TuzlaInfo.ba\",\"description\":\"Tuzla info, gradski informator - Tuzla na dlanu\",\"publisher\":{\"@id\":\"https:\/\/tuzlainfo.ba\/#organization\"},\"potentialAction\":[{\"@type\":\"SearchAction\",\"target\":{\"@type\":\"EntryPoint\",\"urlTemplate\":\"https:\/\/tuzlainfo.ba\/?s={search_term_string}\"},\"query-input\":{\"@type\":\"PropertyValueSpecification\",\"valueRequired\":true,\"valueName\":\"search_term_string\"}}],\"inLanguage\":\"bs-BA\"},{\"@type\":\"Organization\",\"@id\":\"https:\/\/tuzlainfo.ba\/#organization\",\"name\":\"TuzlaInfo.ba\",\"url\":\"https:\/\/tuzlainfo.ba\/\",\"logo\":{\"@type\":\"ImageObject\",\"inLanguage\":\"bs-BA\",\"@id\":\"https:\/\/tuzlainfo.ba\/#\/schema\/logo\/image\/\",\"url\":\"https:\/\/tuzlainfo.ba\/wp-content\/uploads\/2021\/03\/logo-ver-3-1.png\",\"contentUrl\":\"https:\/\/tuzlainfo.ba\/wp-content\/uploads\/2021\/03\/logo-ver-3-1.png\",\"width\":350,\"height\":95,\"caption\":\"TuzlaInfo.ba\"},\"image\":{\"@id\":\"https:\/\/tuzlainfo.ba\/#\/schema\/logo\/image\/\"},\"sameAs\":[\"https:\/\/www.facebook.com\/tuzlainfo.ba\/\"]},{\"@type\":\"Person\",\"@id\":\"https:\/\/tuzlainfo.ba\/#\/schema\/person\/f434e20dc27ea133923aab08451b7f7f\",\"name\":\"nedim\",\"image\":{\"@type\":\"ImageObject\",\"inLanguage\":\"bs-BA\",\"@id\":\"https:\/\/tuzlainfo.ba\/#\/schema\/person\/image\/\",\"url\":\"https:\/\/tuzlainfo.ba\/wp-content\/litespeed\/avatar\/aabad687af24844af817603ac1cbdc4f.jpg?ver=1776702173\",\"contentUrl\":\"https:\/\/tuzlainfo.ba\/wp-content\/litespeed\/avatar\/aabad687af24844af817603ac1cbdc4f.jpg?ver=1776702173\",\"caption\":\"nedim\"},\"description\":\"Tuzlainfo.ba pratite na dru\u0161tvenim mre\u017eama: Facebook, Instagram i Youtube. Svoje pri\u010de, upite i fotografije \u0161aljite na na\u0161u e-mail adresu.\"}]}<\/script>\n<!-- \/ Yoast SEO plugin. -->","yoast_head_json":{"title":"Ho\u0107e li poskupjeti el. energija za bh. privredu: Desetak kupaca tro\u0161i 70 posto energije - TuzlaInfo.ba","robots":{"index":"index","follow":"follow","max-snippet":"max-snippet:-1","max-image-preview":"max-image-preview:large","max-video-preview":"max-video-preview:-1"},"canonical":"https:\/\/tuzlainfo.ba\/index.php\/bosna-i-hercegovina\/item\/150644-hoce-li-poskupjeti-el-energija-za-bh-privredu-desetak-kupaca-trosi-70-posto-energije\/","og_locale":"bs_BA","og_type":"article","og_title":"Ho\u0107e li poskupjeti el. energija za bh. privredu: Desetak kupaca tro\u0161i 70 posto energije - TuzlaInfo.ba","og_description":"U sjedi\u0161tu Vlade Federacije BiH ju\u010der je odr\u017ean sastanak premijera Federacije BiH Fadila Novali\u0107a i&hellip;","og_url":"https:\/\/tuzlainfo.ba\/index.php\/bosna-i-hercegovina\/item\/150644-hoce-li-poskupjeti-el-energija-za-bh-privredu-desetak-kupaca-trosi-70-posto-energije\/","og_site_name":"TuzlaInfo.ba","article_publisher":"https:\/\/www.facebook.com\/tuzlainfo.ba\/","article_published_time":"2021-10-12T13:19:28+00:00","og_image":[{"width":770,"height":531,"url":"https:\/\/tuzlainfo.ba\/wp-content\/uploads\/2020\/07\/sadrzaj_2020_20200101_01012020_elektro1.jpg","type":"image\/jpeg"}],"author":"nedim","twitter_card":"summary_large_image","twitter_misc":{"Written by":"nedim","Est. reading time":"2 minute"},"schema":{"@context":"https:\/\/schema.org","@graph":[{"@type":"Article","@id":"https:\/\/tuzlainfo.ba\/index.php\/bosna-i-hercegovina\/item\/150644-hoce-li-poskupjeti-el-energija-za-bh-privredu-desetak-kupaca-trosi-70-posto-energije\/#article","isPartOf":{"@id":"https:\/\/tuzlainfo.ba\/index.php\/bosna-i-hercegovina\/item\/150644-hoce-li-poskupjeti-el-energija-za-bh-privredu-desetak-kupaca-trosi-70-posto-energije\/"},"author":{"name":"nedim","@id":"https:\/\/tuzlainfo.ba\/#\/schema\/person\/f434e20dc27ea133923aab08451b7f7f"},"headline":"Ho\u0107e li poskupjeti el. energija za bh. privredu: Desetak kupaca tro\u0161i 70 posto energije","datePublished":"2021-10-12T13:19:28+00:00","dateModified":"2021-10-12T13:19:28+00:00","mainEntityOfPage":{"@id":"https:\/\/tuzlainfo.ba\/index.php\/bosna-i-hercegovina\/item\/150644-hoce-li-poskupjeti-el-energija-za-bh-privredu-desetak-kupaca-trosi-70-posto-energije\/"},"wordCount":488,"commentCount":0,"publisher":{"@id":"https:\/\/tuzlainfo.ba\/#organization"},"image":{"@id":"https:\/\/tuzlainfo.ba\/index.php\/bosna-i-hercegovina\/item\/150644-hoce-li-poskupjeti-el-energija-za-bh-privredu-desetak-kupaca-trosi-70-posto-energije\/#primaryimage"},"thumbnailUrl":"https:\/\/tuzlainfo.ba\/wp-content\/uploads\/2020\/07\/sadrzaj_2020_20200101_01012020_elektro1.jpg","keywords":["elektri\u010dna energija","vlada fbih"],"articleSection":["Bosna i Hercegovina"],"inLanguage":"bs-BA"},{"@type":"WebPage","@id":"https:\/\/tuzlainfo.ba\/index.php\/bosna-i-hercegovina\/item\/150644-hoce-li-poskupjeti-el-energija-za-bh-privredu-desetak-kupaca-trosi-70-posto-energije\/","url":"https:\/\/tuzlainfo.ba\/index.php\/bosna-i-hercegovina\/item\/150644-hoce-li-poskupjeti-el-energija-za-bh-privredu-desetak-kupaca-trosi-70-posto-energije\/","name":"Ho\u0107e li poskupjeti el. energija za bh. privredu: Desetak kupaca tro\u0161i 70 posto energije - TuzlaInfo.ba","isPartOf":{"@id":"https:\/\/tuzlainfo.ba\/#website"},"primaryImageOfPage":{"@id":"https:\/\/tuzlainfo.ba\/index.php\/bosna-i-hercegovina\/item\/150644-hoce-li-poskupjeti-el-energija-za-bh-privredu-desetak-kupaca-trosi-70-posto-energije\/#primaryimage"},"image":{"@id":"https:\/\/tuzlainfo.ba\/index.php\/bosna-i-hercegovina\/item\/150644-hoce-li-poskupjeti-el-energija-za-bh-privredu-desetak-kupaca-trosi-70-posto-energije\/#primaryimage"},"thumbnailUrl":"https:\/\/tuzlainfo.ba\/wp-content\/uploads\/2020\/07\/sadrzaj_2020_20200101_01012020_elektro1.jpg","datePublished":"2021-10-12T13:19:28+00:00","dateModified":"2021-10-12T13:19:28+00:00","breadcrumb":{"@id":"https:\/\/tuzlainfo.ba\/index.php\/bosna-i-hercegovina\/item\/150644-hoce-li-poskupjeti-el-energija-za-bh-privredu-desetak-kupaca-trosi-70-posto-energije\/#breadcrumb"},"inLanguage":"bs-BA","potentialAction":[{"@type":"ReadAction","target":["https:\/\/tuzlainfo.ba\/index.php\/bosna-i-hercegovina\/item\/150644-hoce-li-poskupjeti-el-energija-za-bh-privredu-desetak-kupaca-trosi-70-posto-energije\/"]}]},{"@type":"ImageObject","inLanguage":"bs-BA","@id":"https:\/\/tuzlainfo.ba\/index.php\/bosna-i-hercegovina\/item\/150644-hoce-li-poskupjeti-el-energija-za-bh-privredu-desetak-kupaca-trosi-70-posto-energije\/#primaryimage","url":"https:\/\/tuzlainfo.ba\/wp-content\/uploads\/2020\/07\/sadrzaj_2020_20200101_01012020_elektro1.jpg","contentUrl":"https:\/\/tuzlainfo.ba\/wp-content\/uploads\/2020\/07\/sadrzaj_2020_20200101_01012020_elektro1.jpg","width":770,"height":531,"caption":"01012020 elektro1"},{"@type":"BreadcrumbList","@id":"https:\/\/tuzlainfo.ba\/index.php\/bosna-i-hercegovina\/item\/150644-hoce-li-poskupjeti-el-energija-za-bh-privredu-desetak-kupaca-trosi-70-posto-energije\/#breadcrumb","itemListElement":[{"@type":"ListItem","position":1,"name":"Home","item":"https:\/\/tuzlainfo.ba\/"},{"@type":"ListItem","position":2,"name":"Ho\u0107e li poskupjeti el. energija za bh. privredu: Desetak kupaca tro\u0161i 70 posto energije"}]},{"@type":"WebSite","@id":"https:\/\/tuzlainfo.ba\/#website","url":"https:\/\/tuzlainfo.ba\/","name":"TuzlaInfo.ba","description":"Tuzla info, gradski informator - Tuzla na dlanu","publisher":{"@id":"https:\/\/tuzlainfo.ba\/#organization"},"potentialAction":[{"@type":"SearchAction","target":{"@type":"EntryPoint","urlTemplate":"https:\/\/tuzlainfo.ba\/?s={search_term_string}"},"query-input":{"@type":"PropertyValueSpecification","valueRequired":true,"valueName":"search_term_string"}}],"inLanguage":"bs-BA"},{"@type":"Organization","@id":"https:\/\/tuzlainfo.ba\/#organization","name":"TuzlaInfo.ba","url":"https:\/\/tuzlainfo.ba\/","logo":{"@type":"ImageObject","inLanguage":"bs-BA","@id":"https:\/\/tuzlainfo.ba\/#\/schema\/logo\/image\/","url":"https:\/\/tuzlainfo.ba\/wp-content\/uploads\/2021\/03\/logo-ver-3-1.png","contentUrl":"https:\/\/tuzlainfo.ba\/wp-content\/uploads\/2021\/03\/logo-ver-3-1.png","width":350,"height":95,"caption":"TuzlaInfo.ba"},"image":{"@id":"https:\/\/tuzlainfo.ba\/#\/schema\/logo\/image\/"},"sameAs":["https:\/\/www.facebook.com\/tuzlainfo.ba\/"]},{"@type":"Person","@id":"https:\/\/tuzlainfo.ba\/#\/schema\/person\/f434e20dc27ea133923aab08451b7f7f","name":"nedim","image":{"@type":"ImageObject","inLanguage":"bs-BA","@id":"https:\/\/tuzlainfo.ba\/#\/schema\/person\/image\/","url":"https:\/\/tuzlainfo.ba\/wp-content\/litespeed\/avatar\/aabad687af24844af817603ac1cbdc4f.jpg?ver=1776702173","contentUrl":"https:\/\/tuzlainfo.ba\/wp-content\/litespeed\/avatar\/aabad687af24844af817603ac1cbdc4f.jpg?ver=1776702173","caption":"nedim"},"description":"Tuzlainfo.ba pratite na dru\u0161tvenim mre\u017eama: Facebook, Instagram i Youtube. Svoje pri\u010de, upite i fotografije \u0161aljite na na\u0161u e-mail adresu."}]}},"_links":{"self":[{"href":"https:\/\/tuzlainfo.ba\/index.php\/wp-json\/wp\/v2\/posts\/150644"}],"collection":[{"href":"https:\/\/tuzlainfo.ba\/index.php\/wp-json\/wp\/v2\/posts"}],"about":[{"href":"https:\/\/tuzlainfo.ba\/index.php\/wp-json\/wp\/v2\/types\/post"}],"author":[{"embeddable":true,"href":"https:\/\/tuzlainfo.ba\/index.php\/wp-json\/wp\/v2\/users\/2"}],"replies":[{"embeddable":true,"href":"https:\/\/tuzlainfo.ba\/index.php\/wp-json\/wp\/v2\/comments?post=150644"}],"version-history":[{"count":0,"href":"https:\/\/tuzlainfo.ba\/index.php\/wp-json\/wp\/v2\/posts\/150644\/revisions"}],"wp:featuredmedia":[{"embeddable":true,"href":"https:\/\/tuzlainfo.ba\/index.php\/wp-json\/wp\/v2\/media\/81183"}],"wp:attachment":[{"href":"https:\/\/tuzlainfo.ba\/index.php\/wp-json\/wp\/v2\/media?parent=150644"}],"wp:term":[{"taxonomy":"category","embeddable":true,"href":"https:\/\/tuzlainfo.ba\/index.php\/wp-json\/wp\/v2\/categories?post=150644"},{"taxonomy":"post_tag","embeddable":true,"href":"https:\/\/tuzlainfo.ba\/index.php\/wp-json\/wp\/v2\/tags?post=150644"}],"curies":[{"name":"wp","href":"https:\/\/api.w.org\/{rel}","templated":true}]}}