{"id":150635,"date":"2021-10-12T16:59:49","date_gmt":"2021-10-12T14:59:49","guid":{"rendered":"https:\/\/tuzlainfo.ba\/?p=150635"},"modified":"2021-10-12T14:30:16","modified_gmt":"2021-10-12T12:30:16","slug":"manje-upisanih-srednjoskolaca-u-tk-za-godinu-dana-nestalo-deset-odjeljanja","status":"publish","type":"post","link":"https:\/\/tuzlainfo.ba\/index.php\/novosti\/item\/150635-manje-upisanih-srednjoskolaca-u-tk-za-godinu-dana-nestalo-deset-odjeljanja\/","title":{"rendered":"Manje upisanih srednjo\u0161kolaca u TK: Za godinu dana &#8220;nestalo&#8221; deset odjeljanja"},"content":{"rendered":"<p>U 87 javnih i jednu privatnu osnovnu \u0161kolu, u prvi razred u \u0161kolskoj 2021\/2022. godini upisano je ukupno 3.728 u\u010denika. Od tog broja upisano je 1.859 ili 49,86% djevoj\u010dica i 1.869 ili 50,14% dje\u010daka. Od ukupnog broja u redovne osnovne \u0161kole upisano je 3.721 u\u010denik, dok je 7 u\u010denika upisano u dvije ustanove za specijalni odgoj i obrazovanje &#8211; navodi se izme\u0111u ostalog\u00a0 u Izvje\u0161taju o upisu u\u010denika u prvi razred osnovnih i srednjih \u0161kola za \u0161kolsku 2021\/2022. godinu, koji je Vlada TK danas prihvatila.<\/p>\n<p>Najve\u0107i obuhvat upisanih u\u010denika zabilje\u017een je u gradu Tuzla 958 u\u010denika, a zatim slijede grad \u017divinice 534 u\u010denika, grad Gra\u010danica 392 u\u010denika, grad Grada\u010dac 341 u\u010denika, grad Srebrenik 337 u\u010denika, op\u0107ina Lukavac 320 u\u010denika, op\u0107ina Kalesija 275 u\u010denika, op\u0107ina Banovi\u0107i 219 u\u010denika, op\u0107ina Doboj Istok 99 u\u010denika, op\u0107ina Kladanj 74 u\u010denika, op\u0107ina \u010celi\u0107 73 u\u010denika, op\u0107ina Sapna 62 u\u010denika i op\u0107ina Teo\u010dak 37 u\u010denika.<\/p>\n<p>U odnosu na pro\u0161logodi\u0161nji upis u\u010denika u prve razrede, ovogodi\u0161nji upis u\u010denika smanjen je za 278 u\u010denika. Porast upisanih u\u010denika zabilje\u017een je u Banovi\u0107ima, Kladnju, Grada\u010dcu i Teo\u010daku, dok je u ostalim lokalnim zajednicama zabilje\u017een pad upisanih u\u010denika. U prve razrede paralelnih osnovnih muzi\u010dkih \u0161kola i baletske \u0161kole ukupno je upisano 196 u\u010denika.<\/p>\n<p>Upis u\u010denika u srednje \u0161kole se vr\u0161io u tri upisna roka. U prve razrede srednjih \u0161kola u Tuzlanskom kantonu upisano je ukupno 3.889 u\u010denika, od \u010dega najvi\u0161e u srednje tehni\u010dke \u0161kole (50,45%).<\/p>\n<p>U odnosu na broj u\u010denika koji je upisan u tehni\u010dke \u0161kole, 534 u\u010denika je upisano u medicinske tehni\u010dke \u0161kole, a \u0161to iznosi 27,22% od ukupnog broja u\u010denika upisanih u tehni\u010dke \u0161kole. Osnovnu \u0161kolu na podru\u010dju Tuzlanskog kantona u \u0161kolskoj 2020\/2021. godini zavr\u0161io je 3.891 u\u010denik, a prvi razred srednje \u0161kole upisalo 3.889 u\u010denika, na osnovu \u010dega se mo\u017ee zaklju\u010diti da su svi u\u010denici koji su zavr\u0161ili osnovno obrazovanje nastavili dalje da se obrazuju u srednjim \u0161kolama.<\/p>\n<p>U odnosu na prethodnu \u0161kolsku godinu u \u0161kolsku 2020\/2021. godinu upisano 380 u\u010denika manje.<\/p>\n","protected":false},"excerpt":{"rendered":"<p>U 87 javnih i jednu privatnu osnovnu \u0161kolu, u prvi razred u \u0161kolskoj 2021\/2022. godini&hellip;<\/p>\n","protected":false},"author":2,"featured_media":138080,"comment_status":"open","ping_status":"closed","sticky":false,"template":"","format":"standard","meta":{"_acf_changed":false,"footnotes":""},"categories":[12],"tags":[1634,637,598],"acf":[],"yoast_head":"<!-- This site is optimized with the Yoast SEO plugin v23.5 - https:\/\/yoast.com\/wordpress\/plugins\/seo\/ -->\n<title>Manje upisanih srednjo\u0161kolaca u TK: Za godinu dana &quot;nestalo&quot; deset odjeljanja - TuzlaInfo.ba<\/title>\n<meta name=\"robots\" content=\"index, follow, max-snippet:-1, max-image-preview:large, max-video-preview:-1\" \/>\n<link rel=\"canonical\" href=\"https:\/\/tuzlainfo.ba\/index.php\/novosti\/item\/150635-manje-upisanih-srednjoskolaca-u-tk-za-godinu-dana-nestalo-deset-odjeljanja\/\" \/>\n<meta property=\"og:locale\" content=\"bs_BA\" \/>\n<meta property=\"og:type\" content=\"article\" \/>\n<meta property=\"og:title\" content=\"Manje upisanih srednjo\u0161kolaca u TK: Za godinu dana &quot;nestalo&quot; deset odjeljanja - TuzlaInfo.ba\" \/>\n<meta property=\"og:description\" content=\"U 87 javnih i jednu privatnu osnovnu \u0161kolu, u prvi razred u \u0161kolskoj 2021\/2022. godini&hellip;\" \/>\n<meta property=\"og:url\" content=\"https:\/\/tuzlainfo.ba\/index.php\/novosti\/item\/150635-manje-upisanih-srednjoskolaca-u-tk-za-godinu-dana-nestalo-deset-odjeljanja\/\" \/>\n<meta property=\"og:site_name\" content=\"TuzlaInfo.ba\" \/>\n<meta property=\"article:publisher\" content=\"https:\/\/www.facebook.com\/tuzlainfo.ba\/\" \/>\n<meta property=\"article:published_time\" content=\"2021-10-12T14:59:49+00:00\" \/>\n<meta property=\"article:modified_time\" content=\"2021-10-12T12:30:16+00:00\" \/>\n<meta property=\"og:image\" content=\"https:\/\/tuzlainfo.ba\/wp-content\/uploads\/2021\/05\/2305_ucenici_skola.jpg\" \/>\n\t<meta property=\"og:image:width\" content=\"1200\" \/>\n\t<meta property=\"og:image:height\" content=\"900\" \/>\n\t<meta property=\"og:image:type\" content=\"image\/jpeg\" \/>\n<meta name=\"author\" content=\"nedim\" \/>\n<meta name=\"twitter:card\" content=\"summary_large_image\" \/>\n<meta name=\"twitter:label1\" content=\"Written by\" \/>\n\t<meta name=\"twitter:data1\" content=\"nedim\" \/>\n\t<meta name=\"twitter:label2\" content=\"Est. reading time\" \/>\n\t<meta name=\"twitter:data2\" content=\"2 minute\" \/>\n<script type=\"application\/ld+json\" class=\"yoast-schema-graph\">{\"@context\":\"https:\/\/schema.org\",\"@graph\":[{\"@type\":\"Article\",\"@id\":\"https:\/\/tuzlainfo.ba\/index.php\/novosti\/item\/150635-manje-upisanih-srednjoskolaca-u-tk-za-godinu-dana-nestalo-deset-odjeljanja\/#article\",\"isPartOf\":{\"@id\":\"https:\/\/tuzlainfo.ba\/index.php\/novosti\/item\/150635-manje-upisanih-srednjoskolaca-u-tk-za-godinu-dana-nestalo-deset-odjeljanja\/\"},\"author\":{\"name\":\"nedim\",\"@id\":\"https:\/\/tuzlainfo.ba\/#\/schema\/person\/f434e20dc27ea133923aab08451b7f7f\"},\"headline\":\"Manje upisanih srednjo\u0161kolaca u TK: Za godinu dana &#8220;nestalo&#8221; deset odjeljanja\",\"datePublished\":\"2021-10-12T14:59:49+00:00\",\"dateModified\":\"2021-10-12T12:30:16+00:00\",\"mainEntityOfPage\":{\"@id\":\"https:\/\/tuzlainfo.ba\/index.php\/novosti\/item\/150635-manje-upisanih-srednjoskolaca-u-tk-za-godinu-dana-nestalo-deset-odjeljanja\/\"},\"wordCount\":373,\"commentCount\":0,\"publisher\":{\"@id\":\"https:\/\/tuzlainfo.ba\/#organization\"},\"image\":{\"@id\":\"https:\/\/tuzlainfo.ba\/index.php\/novosti\/item\/150635-manje-upisanih-srednjoskolaca-u-tk-za-godinu-dana-nestalo-deset-odjeljanja\/#primaryimage\"},\"thumbnailUrl\":\"https:\/\/tuzlainfo.ba\/wp-content\/uploads\/2021\/05\/2305_ucenici_skola.jpg\",\"keywords\":[\"obrazovanje\",\"\u0161kola\",\"ucenici\"],\"articleSection\":[\"Novosti\"],\"inLanguage\":\"bs-BA\"},{\"@type\":\"WebPage\",\"@id\":\"https:\/\/tuzlainfo.ba\/index.php\/novosti\/item\/150635-manje-upisanih-srednjoskolaca-u-tk-za-godinu-dana-nestalo-deset-odjeljanja\/\",\"url\":\"https:\/\/tuzlainfo.ba\/index.php\/novosti\/item\/150635-manje-upisanih-srednjoskolaca-u-tk-za-godinu-dana-nestalo-deset-odjeljanja\/\",\"name\":\"Manje upisanih srednjo\u0161kolaca u TK: Za godinu dana \\\"nestalo\\\" deset odjeljanja - TuzlaInfo.ba\",\"isPartOf\":{\"@id\":\"https:\/\/tuzlainfo.ba\/#website\"},\"primaryImageOfPage\":{\"@id\":\"https:\/\/tuzlainfo.ba\/index.php\/novosti\/item\/150635-manje-upisanih-srednjoskolaca-u-tk-za-godinu-dana-nestalo-deset-odjeljanja\/#primaryimage\"},\"image\":{\"@id\":\"https:\/\/tuzlainfo.ba\/index.php\/novosti\/item\/150635-manje-upisanih-srednjoskolaca-u-tk-za-godinu-dana-nestalo-deset-odjeljanja\/#primaryimage\"},\"thumbnailUrl\":\"https:\/\/tuzlainfo.ba\/wp-content\/uploads\/2021\/05\/2305_ucenici_skola.jpg\",\"datePublished\":\"2021-10-12T14:59:49+00:00\",\"dateModified\":\"2021-10-12T12:30:16+00:00\",\"breadcrumb\":{\"@id\":\"https:\/\/tuzlainfo.ba\/index.php\/novosti\/item\/150635-manje-upisanih-srednjoskolaca-u-tk-za-godinu-dana-nestalo-deset-odjeljanja\/#breadcrumb\"},\"inLanguage\":\"bs-BA\",\"potentialAction\":[{\"@type\":\"ReadAction\",\"target\":[\"https:\/\/tuzlainfo.ba\/index.php\/novosti\/item\/150635-manje-upisanih-srednjoskolaca-u-tk-za-godinu-dana-nestalo-deset-odjeljanja\/\"]}]},{\"@type\":\"ImageObject\",\"inLanguage\":\"bs-BA\",\"@id\":\"https:\/\/tuzlainfo.ba\/index.php\/novosti\/item\/150635-manje-upisanih-srednjoskolaca-u-tk-za-godinu-dana-nestalo-deset-odjeljanja\/#primaryimage\",\"url\":\"https:\/\/tuzlainfo.ba\/wp-content\/uploads\/2021\/05\/2305_ucenici_skola.jpg\",\"contentUrl\":\"https:\/\/tuzlainfo.ba\/wp-content\/uploads\/2021\/05\/2305_ucenici_skola.jpg\",\"width\":1200,\"height\":900,\"caption\":\"Foto: Ilustracija\"},{\"@type\":\"BreadcrumbList\",\"@id\":\"https:\/\/tuzlainfo.ba\/index.php\/novosti\/item\/150635-manje-upisanih-srednjoskolaca-u-tk-za-godinu-dana-nestalo-deset-odjeljanja\/#breadcrumb\",\"itemListElement\":[{\"@type\":\"ListItem\",\"position\":1,\"name\":\"Home\",\"item\":\"https:\/\/tuzlainfo.ba\/\"},{\"@type\":\"ListItem\",\"position\":2,\"name\":\"Manje upisanih srednjo\u0161kolaca u TK: Za godinu dana &#8220;nestalo&#8221; deset odjeljanja\"}]},{\"@type\":\"WebSite\",\"@id\":\"https:\/\/tuzlainfo.ba\/#website\",\"url\":\"https:\/\/tuzlainfo.ba\/\",\"name\":\"TuzlaInfo.ba\",\"description\":\"Tuzla info, gradski informator - Tuzla na dlanu\",\"publisher\":{\"@id\":\"https:\/\/tuzlainfo.ba\/#organization\"},\"potentialAction\":[{\"@type\":\"SearchAction\",\"target\":{\"@type\":\"EntryPoint\",\"urlTemplate\":\"https:\/\/tuzlainfo.ba\/?s={search_term_string}\"},\"query-input\":{\"@type\":\"PropertyValueSpecification\",\"valueRequired\":true,\"valueName\":\"search_term_string\"}}],\"inLanguage\":\"bs-BA\"},{\"@type\":\"Organization\",\"@id\":\"https:\/\/tuzlainfo.ba\/#organization\",\"name\":\"TuzlaInfo.ba\",\"url\":\"https:\/\/tuzlainfo.ba\/\",\"logo\":{\"@type\":\"ImageObject\",\"inLanguage\":\"bs-BA\",\"@id\":\"https:\/\/tuzlainfo.ba\/#\/schema\/logo\/image\/\",\"url\":\"https:\/\/tuzlainfo.ba\/wp-content\/uploads\/2021\/03\/logo-ver-3-1.png\",\"contentUrl\":\"https:\/\/tuzlainfo.ba\/wp-content\/uploads\/2021\/03\/logo-ver-3-1.png\",\"width\":350,\"height\":95,\"caption\":\"TuzlaInfo.ba\"},\"image\":{\"@id\":\"https:\/\/tuzlainfo.ba\/#\/schema\/logo\/image\/\"},\"sameAs\":[\"https:\/\/www.facebook.com\/tuzlainfo.ba\/\"]},{\"@type\":\"Person\",\"@id\":\"https:\/\/tuzlainfo.ba\/#\/schema\/person\/f434e20dc27ea133923aab08451b7f7f\",\"name\":\"nedim\",\"image\":{\"@type\":\"ImageObject\",\"inLanguage\":\"bs-BA\",\"@id\":\"https:\/\/tuzlainfo.ba\/#\/schema\/person\/image\/\",\"url\":\"https:\/\/tuzlainfo.ba\/wp-content\/litespeed\/avatar\/aabad687af24844af817603ac1cbdc4f.jpg?ver=1777306975\",\"contentUrl\":\"https:\/\/tuzlainfo.ba\/wp-content\/litespeed\/avatar\/aabad687af24844af817603ac1cbdc4f.jpg?ver=1777306975\",\"caption\":\"nedim\"},\"description\":\"Tuzlainfo.ba pratite na dru\u0161tvenim mre\u017eama: Facebook, Instagram i Youtube. Svoje pri\u010de, upite i fotografije \u0161aljite na na\u0161u e-mail adresu.\"}]}<\/script>\n<!-- \/ Yoast SEO plugin. -->","yoast_head_json":{"title":"Manje upisanih srednjo\u0161kolaca u TK: Za godinu dana \"nestalo\" deset odjeljanja - TuzlaInfo.ba","robots":{"index":"index","follow":"follow","max-snippet":"max-snippet:-1","max-image-preview":"max-image-preview:large","max-video-preview":"max-video-preview:-1"},"canonical":"https:\/\/tuzlainfo.ba\/index.php\/novosti\/item\/150635-manje-upisanih-srednjoskolaca-u-tk-za-godinu-dana-nestalo-deset-odjeljanja\/","og_locale":"bs_BA","og_type":"article","og_title":"Manje upisanih srednjo\u0161kolaca u TK: Za godinu dana \"nestalo\" deset odjeljanja - TuzlaInfo.ba","og_description":"U 87 javnih i jednu privatnu osnovnu \u0161kolu, u prvi razred u \u0161kolskoj 2021\/2022. godini&hellip;","og_url":"https:\/\/tuzlainfo.ba\/index.php\/novosti\/item\/150635-manje-upisanih-srednjoskolaca-u-tk-za-godinu-dana-nestalo-deset-odjeljanja\/","og_site_name":"TuzlaInfo.ba","article_publisher":"https:\/\/www.facebook.com\/tuzlainfo.ba\/","article_published_time":"2021-10-12T14:59:49+00:00","article_modified_time":"2021-10-12T12:30:16+00:00","og_image":[{"width":1200,"height":900,"url":"https:\/\/tuzlainfo.ba\/wp-content\/uploads\/2021\/05\/2305_ucenici_skola.jpg","type":"image\/jpeg"}],"author":"nedim","twitter_card":"summary_large_image","twitter_misc":{"Written by":"nedim","Est. reading time":"2 minute"},"schema":{"@context":"https:\/\/schema.org","@graph":[{"@type":"Article","@id":"https:\/\/tuzlainfo.ba\/index.php\/novosti\/item\/150635-manje-upisanih-srednjoskolaca-u-tk-za-godinu-dana-nestalo-deset-odjeljanja\/#article","isPartOf":{"@id":"https:\/\/tuzlainfo.ba\/index.php\/novosti\/item\/150635-manje-upisanih-srednjoskolaca-u-tk-za-godinu-dana-nestalo-deset-odjeljanja\/"},"author":{"name":"nedim","@id":"https:\/\/tuzlainfo.ba\/#\/schema\/person\/f434e20dc27ea133923aab08451b7f7f"},"headline":"Manje upisanih srednjo\u0161kolaca u TK: Za godinu dana &#8220;nestalo&#8221; deset odjeljanja","datePublished":"2021-10-12T14:59:49+00:00","dateModified":"2021-10-12T12:30:16+00:00","mainEntityOfPage":{"@id":"https:\/\/tuzlainfo.ba\/index.php\/novosti\/item\/150635-manje-upisanih-srednjoskolaca-u-tk-za-godinu-dana-nestalo-deset-odjeljanja\/"},"wordCount":373,"commentCount":0,"publisher":{"@id":"https:\/\/tuzlainfo.ba\/#organization"},"image":{"@id":"https:\/\/tuzlainfo.ba\/index.php\/novosti\/item\/150635-manje-upisanih-srednjoskolaca-u-tk-za-godinu-dana-nestalo-deset-odjeljanja\/#primaryimage"},"thumbnailUrl":"https:\/\/tuzlainfo.ba\/wp-content\/uploads\/2021\/05\/2305_ucenici_skola.jpg","keywords":["obrazovanje","\u0161kola","ucenici"],"articleSection":["Novosti"],"inLanguage":"bs-BA"},{"@type":"WebPage","@id":"https:\/\/tuzlainfo.ba\/index.php\/novosti\/item\/150635-manje-upisanih-srednjoskolaca-u-tk-za-godinu-dana-nestalo-deset-odjeljanja\/","url":"https:\/\/tuzlainfo.ba\/index.php\/novosti\/item\/150635-manje-upisanih-srednjoskolaca-u-tk-za-godinu-dana-nestalo-deset-odjeljanja\/","name":"Manje upisanih srednjo\u0161kolaca u TK: Za godinu dana \"nestalo\" deset odjeljanja - TuzlaInfo.ba","isPartOf":{"@id":"https:\/\/tuzlainfo.ba\/#website"},"primaryImageOfPage":{"@id":"https:\/\/tuzlainfo.ba\/index.php\/novosti\/item\/150635-manje-upisanih-srednjoskolaca-u-tk-za-godinu-dana-nestalo-deset-odjeljanja\/#primaryimage"},"image":{"@id":"https:\/\/tuzlainfo.ba\/index.php\/novosti\/item\/150635-manje-upisanih-srednjoskolaca-u-tk-za-godinu-dana-nestalo-deset-odjeljanja\/#primaryimage"},"thumbnailUrl":"https:\/\/tuzlainfo.ba\/wp-content\/uploads\/2021\/05\/2305_ucenici_skola.jpg","datePublished":"2021-10-12T14:59:49+00:00","dateModified":"2021-10-12T12:30:16+00:00","breadcrumb":{"@id":"https:\/\/tuzlainfo.ba\/index.php\/novosti\/item\/150635-manje-upisanih-srednjoskolaca-u-tk-za-godinu-dana-nestalo-deset-odjeljanja\/#breadcrumb"},"inLanguage":"bs-BA","potentialAction":[{"@type":"ReadAction","target":["https:\/\/tuzlainfo.ba\/index.php\/novosti\/item\/150635-manje-upisanih-srednjoskolaca-u-tk-za-godinu-dana-nestalo-deset-odjeljanja\/"]}]},{"@type":"ImageObject","inLanguage":"bs-BA","@id":"https:\/\/tuzlainfo.ba\/index.php\/novosti\/item\/150635-manje-upisanih-srednjoskolaca-u-tk-za-godinu-dana-nestalo-deset-odjeljanja\/#primaryimage","url":"https:\/\/tuzlainfo.ba\/wp-content\/uploads\/2021\/05\/2305_ucenici_skola.jpg","contentUrl":"https:\/\/tuzlainfo.ba\/wp-content\/uploads\/2021\/05\/2305_ucenici_skola.jpg","width":1200,"height":900,"caption":"Foto: Ilustracija"},{"@type":"BreadcrumbList","@id":"https:\/\/tuzlainfo.ba\/index.php\/novosti\/item\/150635-manje-upisanih-srednjoskolaca-u-tk-za-godinu-dana-nestalo-deset-odjeljanja\/#breadcrumb","itemListElement":[{"@type":"ListItem","position":1,"name":"Home","item":"https:\/\/tuzlainfo.ba\/"},{"@type":"ListItem","position":2,"name":"Manje upisanih srednjo\u0161kolaca u TK: Za godinu dana &#8220;nestalo&#8221; deset odjeljanja"}]},{"@type":"WebSite","@id":"https:\/\/tuzlainfo.ba\/#website","url":"https:\/\/tuzlainfo.ba\/","name":"TuzlaInfo.ba","description":"Tuzla info, gradski informator - Tuzla na dlanu","publisher":{"@id":"https:\/\/tuzlainfo.ba\/#organization"},"potentialAction":[{"@type":"SearchAction","target":{"@type":"EntryPoint","urlTemplate":"https:\/\/tuzlainfo.ba\/?s={search_term_string}"},"query-input":{"@type":"PropertyValueSpecification","valueRequired":true,"valueName":"search_term_string"}}],"inLanguage":"bs-BA"},{"@type":"Organization","@id":"https:\/\/tuzlainfo.ba\/#organization","name":"TuzlaInfo.ba","url":"https:\/\/tuzlainfo.ba\/","logo":{"@type":"ImageObject","inLanguage":"bs-BA","@id":"https:\/\/tuzlainfo.ba\/#\/schema\/logo\/image\/","url":"https:\/\/tuzlainfo.ba\/wp-content\/uploads\/2021\/03\/logo-ver-3-1.png","contentUrl":"https:\/\/tuzlainfo.ba\/wp-content\/uploads\/2021\/03\/logo-ver-3-1.png","width":350,"height":95,"caption":"TuzlaInfo.ba"},"image":{"@id":"https:\/\/tuzlainfo.ba\/#\/schema\/logo\/image\/"},"sameAs":["https:\/\/www.facebook.com\/tuzlainfo.ba\/"]},{"@type":"Person","@id":"https:\/\/tuzlainfo.ba\/#\/schema\/person\/f434e20dc27ea133923aab08451b7f7f","name":"nedim","image":{"@type":"ImageObject","inLanguage":"bs-BA","@id":"https:\/\/tuzlainfo.ba\/#\/schema\/person\/image\/","url":"https:\/\/tuzlainfo.ba\/wp-content\/litespeed\/avatar\/aabad687af24844af817603ac1cbdc4f.jpg?ver=1777306975","contentUrl":"https:\/\/tuzlainfo.ba\/wp-content\/litespeed\/avatar\/aabad687af24844af817603ac1cbdc4f.jpg?ver=1777306975","caption":"nedim"},"description":"Tuzlainfo.ba pratite na dru\u0161tvenim mre\u017eama: Facebook, Instagram i Youtube. Svoje pri\u010de, upite i fotografije \u0161aljite na na\u0161u e-mail adresu."}]}},"_links":{"self":[{"href":"https:\/\/tuzlainfo.ba\/index.php\/wp-json\/wp\/v2\/posts\/150635"}],"collection":[{"href":"https:\/\/tuzlainfo.ba\/index.php\/wp-json\/wp\/v2\/posts"}],"about":[{"href":"https:\/\/tuzlainfo.ba\/index.php\/wp-json\/wp\/v2\/types\/post"}],"author":[{"embeddable":true,"href":"https:\/\/tuzlainfo.ba\/index.php\/wp-json\/wp\/v2\/users\/2"}],"replies":[{"embeddable":true,"href":"https:\/\/tuzlainfo.ba\/index.php\/wp-json\/wp\/v2\/comments?post=150635"}],"version-history":[{"count":0,"href":"https:\/\/tuzlainfo.ba\/index.php\/wp-json\/wp\/v2\/posts\/150635\/revisions"}],"wp:featuredmedia":[{"embeddable":true,"href":"https:\/\/tuzlainfo.ba\/index.php\/wp-json\/wp\/v2\/media\/138080"}],"wp:attachment":[{"href":"https:\/\/tuzlainfo.ba\/index.php\/wp-json\/wp\/v2\/media?parent=150635"}],"wp:term":[{"taxonomy":"category","embeddable":true,"href":"https:\/\/tuzlainfo.ba\/index.php\/wp-json\/wp\/v2\/categories?post=150635"},{"taxonomy":"post_tag","embeddable":true,"href":"https:\/\/tuzlainfo.ba\/index.php\/wp-json\/wp\/v2\/tags?post=150635"}],"curies":[{"name":"wp","href":"https:\/\/api.w.org\/{rel}","templated":true}]}}