{"id":150615,"date":"2021-10-12T10:36:06","date_gmt":"2021-10-12T08:36:06","guid":{"rendered":"https:\/\/tuzlainfo.ba\/?p=150615"},"modified":"2021-10-12T10:36:06","modified_gmt":"2021-10-12T08:36:06","slug":"zmajevi-veceras-gostuju-u-ukrajini-petev-ostao-bez-vaznog-igraca","status":"publish","type":"post","link":"https:\/\/tuzlainfo.ba\/index.php\/bosna-i-hercegovina\/item\/150615-zmajevi-veceras-gostuju-u-ukrajini-petev-ostao-bez-vaznog-igraca\/","title":{"rendered":"Zmajevi ve\u010deras gostuju u Ukrajini, Petev ostao bez va\u017enog igra\u010da"},"content":{"rendered":"<p>Nogometna reprezentacija Bosne i Hercegovine ve\u010deras se u Lvivu sastaje sa selekcijom Ukrajine u osmom kolu\u00a0D-grupe kvalifikacija za Svjetsko prvenstvo 2022. u Kataru.<\/p>\n<p>Izabranici selektora Ivayla Peteva\u00a0uo\u010di ovog susreta zauzimaju tre\u0107e mjesto u grupi sa dva boda zaostatka za Ukrajincima koji imaju i utakmicu vi\u0161e. Pobjedom nad Kazahstanom u gostima reprezentacija BiH vratila se potpuno u utrku za drugo mjesto a dobila je i veliko samopouzdanje pred me\u010d koji bi mogao biti odlu\u010duju\u0107i u borbi za drugu poziciju.<\/p>\n<p>Reprezentacija BiH pobjedom bi\u00a0preuzela drugo mjesto i do\u0161la bi na korak do bara\u017ea. No, ni remi pa ni poraz ne zna\u010de kraj nadanja za bh. selekciju s obzirom na to da u posljednja dva kola do\u010dekuje Ukrajinu i Finsku te bi s eventualnim pobjedama u ta dva me\u010da do\u0161la do druge pozicije.<\/p>\n<p>Selektor Petev vjeruje u svoj tim i o\u010dekuje dobru utakmicu i povoljan rezultat.<\/p>\n<p>&#8211; Drago mi je jer imamo harmoniju u ekipi i da se svako bori za svakog. Naravno, ima i gre\u0161aka koje moramo ispraviti, ali idemo naprijed i bolji smo iz utakmice u utakmicu. Ne kalkuli\u0161emo, skoncentrisani smo na me\u010d i da\u0107emo sve od sebe da pobijedimo &#8211; rekao je Petev na pres-konferenciji uo\u010di me\u010da s Ukrajincima.<\/p>\n<p>Kapiten Edin D\u017eeko okarakterisao je ve\u010dera\u0161nju utakmicu kao najva\u017eniju u kvalifikacijama.<\/p>\n<p>&#8211; Nakon pobjede u Kazahstanu \u0161anse su nam ve\u0107e i otvorili smo sebi put ka drugom mjestu u grupi. Ipak, klju\u010dne su posljednje tri utakmice gdje igramo sa direktnim konkurentima, Ukrajinom i Finskom. Ovaj susret s Ukrajinom je najva\u017eniji do sada. Fali nam dosta bitnih igra\u010da. Me\u0111utim, pokazali smo u Kazahstanu, gdje nije lako igrati, da smo dobra ekipa. Smatram da je to zajedni\u0161tvo na\u0161 glavni adut &#8211; rekao je D\u017eeko.<\/p>\n<p>Ovo \u0107e biti prvi me\u0111usobni susret ova dva nacionalna tima.<\/p>\n<p>Lo\u0161a vijest koja sti\u017ee jutros je da ve\u010deras\u00a0 u sastavu ne\u0107e biti Gojka Cimirota.<\/p>\n<p>Cimorit je zadobio ne\u0161to te\u017eu povredu, a nakon ura\u0111ene magnetne rezonance, jutros je kod Cimirota definitivno potvr\u0111eno djelomi\u010dno napuknu\u0107e mi\u0161i\u0107a stra\u017enje lo\u017ee potkoljenice. Zbog ove povrede na\u0161 reprezentativac \u0107e odsustvovati sa terena oko tri sedmice, a samim tim propustit \u0107e i ve\u010dera\u0161nji me\u010d protiv Ukrajine. Svakako da \u0107e njegov izostanak utjecati na igru reprezentacije, po\u0161to je ve\u0107 du\u017ee vrijeme neizostavan \u010dlan udarne postave Zmajeva.<\/p>\n<p>Me\u010d, koji po\u010dinje u 20 sati i 45 minuta sudit \u0107e Nijemac Felix Zwayer, s pomo\u0107nicima Marcom Achm\u00fcllerom i Christianom Dietzom. \u010cetvrti sudija je Sven Jablonski, dok su VAR sudije Bastian Dankert (glavni) i Jan Seidel (asistent).<\/p>\n","protected":false},"excerpt":{"rendered":"<p>Nogometna reprezentacija Bosne i Hercegovine ve\u010deras se u Lvivu sastaje sa selekcijom Ukrajine u osmom&hellip;<\/p>\n","protected":false},"author":2,"featured_media":150618,"comment_status":"open","ping_status":"closed","sticky":false,"template":"","format":"standard","meta":{"_acf_changed":false,"footnotes":""},"categories":[291,304],"tags":[2444,915],"acf":[],"yoast_head":"<!-- This site is optimized with the Yoast SEO plugin v23.5 - https:\/\/yoast.com\/wordpress\/plugins\/seo\/ -->\n<title>Zmajevi ve\u010deras gostuju u Ukrajini, Petev ostao bez va\u017enog igra\u010da - TuzlaInfo.ba<\/title>\n<meta name=\"robots\" content=\"index, follow, max-snippet:-1, max-image-preview:large, max-video-preview:-1\" \/>\n<link rel=\"canonical\" href=\"https:\/\/tuzlainfo.ba\/index.php\/bosna-i-hercegovina\/item\/150615-zmajevi-veceras-gostuju-u-ukrajini-petev-ostao-bez-vaznog-igraca\/\" \/>\n<meta property=\"og:locale\" content=\"bs_BA\" \/>\n<meta property=\"og:type\" content=\"article\" \/>\n<meta property=\"og:title\" content=\"Zmajevi ve\u010deras gostuju u Ukrajini, Petev ostao bez va\u017enog igra\u010da - TuzlaInfo.ba\" \/>\n<meta property=\"og:description\" content=\"Nogometna reprezentacija Bosne i Hercegovine ve\u010deras se u Lvivu sastaje sa selekcijom Ukrajine u osmom&hellip;\" \/>\n<meta property=\"og:url\" content=\"https:\/\/tuzlainfo.ba\/index.php\/bosna-i-hercegovina\/item\/150615-zmajevi-veceras-gostuju-u-ukrajini-petev-ostao-bez-vaznog-igraca\/\" \/>\n<meta property=\"og:site_name\" content=\"TuzlaInfo.ba\" \/>\n<meta property=\"article:publisher\" content=\"https:\/\/www.facebook.com\/tuzlainfo.ba\/\" \/>\n<meta property=\"article:published_time\" content=\"2021-10-12T08:36:06+00:00\" \/>\n<meta property=\"og:image\" content=\"https:\/\/tuzlainfo.ba\/wp-content\/uploads\/2021\/10\/1205_petev_reprezentacija.jpg\" \/>\n\t<meta property=\"og:image:width\" content=\"1024\" \/>\n\t<meta property=\"og:image:height\" content=\"683\" \/>\n\t<meta property=\"og:image:type\" content=\"image\/jpeg\" \/>\n<meta name=\"author\" content=\"nedim\" \/>\n<meta name=\"twitter:card\" content=\"summary_large_image\" \/>\n<meta name=\"twitter:label1\" content=\"Written by\" \/>\n\t<meta name=\"twitter:data1\" content=\"nedim\" \/>\n\t<meta name=\"twitter:label2\" content=\"Est. reading time\" \/>\n\t<meta name=\"twitter:data2\" content=\"2 minute\" \/>\n<script type=\"application\/ld+json\" class=\"yoast-schema-graph\">{\"@context\":\"https:\/\/schema.org\",\"@graph\":[{\"@type\":\"Article\",\"@id\":\"https:\/\/tuzlainfo.ba\/index.php\/bosna-i-hercegovina\/item\/150615-zmajevi-veceras-gostuju-u-ukrajini-petev-ostao-bez-vaznog-igraca\/#article\",\"isPartOf\":{\"@id\":\"https:\/\/tuzlainfo.ba\/index.php\/bosna-i-hercegovina\/item\/150615-zmajevi-veceras-gostuju-u-ukrajini-petev-ostao-bez-vaznog-igraca\/\"},\"author\":{\"name\":\"nedim\",\"@id\":\"https:\/\/tuzlainfo.ba\/#\/schema\/person\/f434e20dc27ea133923aab08451b7f7f\"},\"headline\":\"Zmajevi ve\u010deras gostuju u Ukrajini, Petev ostao bez va\u017enog igra\u010da\",\"datePublished\":\"2021-10-12T08:36:06+00:00\",\"dateModified\":\"2021-10-12T08:36:06+00:00\",\"mainEntityOfPage\":{\"@id\":\"https:\/\/tuzlainfo.ba\/index.php\/bosna-i-hercegovina\/item\/150615-zmajevi-veceras-gostuju-u-ukrajini-petev-ostao-bez-vaznog-igraca\/\"},\"wordCount\":470,\"commentCount\":0,\"publisher\":{\"@id\":\"https:\/\/tuzlainfo.ba\/#organization\"},\"image\":{\"@id\":\"https:\/\/tuzlainfo.ba\/index.php\/bosna-i-hercegovina\/item\/150615-zmajevi-veceras-gostuju-u-ukrajini-petev-ostao-bez-vaznog-igraca\/#primaryimage\"},\"thumbnailUrl\":\"https:\/\/tuzlainfo.ba\/wp-content\/uploads\/2021\/10\/1205_petev_reprezentacija.jpg\",\"keywords\":[\"fudbalska reprezentacija\",\"sport\"],\"articleSection\":[\"Bosna i Hercegovina\",\"Istaknuto\"],\"inLanguage\":\"bs-BA\"},{\"@type\":\"WebPage\",\"@id\":\"https:\/\/tuzlainfo.ba\/index.php\/bosna-i-hercegovina\/item\/150615-zmajevi-veceras-gostuju-u-ukrajini-petev-ostao-bez-vaznog-igraca\/\",\"url\":\"https:\/\/tuzlainfo.ba\/index.php\/bosna-i-hercegovina\/item\/150615-zmajevi-veceras-gostuju-u-ukrajini-petev-ostao-bez-vaznog-igraca\/\",\"name\":\"Zmajevi ve\u010deras gostuju u Ukrajini, Petev ostao bez va\u017enog igra\u010da - TuzlaInfo.ba\",\"isPartOf\":{\"@id\":\"https:\/\/tuzlainfo.ba\/#website\"},\"primaryImageOfPage\":{\"@id\":\"https:\/\/tuzlainfo.ba\/index.php\/bosna-i-hercegovina\/item\/150615-zmajevi-veceras-gostuju-u-ukrajini-petev-ostao-bez-vaznog-igraca\/#primaryimage\"},\"image\":{\"@id\":\"https:\/\/tuzlainfo.ba\/index.php\/bosna-i-hercegovina\/item\/150615-zmajevi-veceras-gostuju-u-ukrajini-petev-ostao-bez-vaznog-igraca\/#primaryimage\"},\"thumbnailUrl\":\"https:\/\/tuzlainfo.ba\/wp-content\/uploads\/2021\/10\/1205_petev_reprezentacija.jpg\",\"datePublished\":\"2021-10-12T08:36:06+00:00\",\"dateModified\":\"2021-10-12T08:36:06+00:00\",\"breadcrumb\":{\"@id\":\"https:\/\/tuzlainfo.ba\/index.php\/bosna-i-hercegovina\/item\/150615-zmajevi-veceras-gostuju-u-ukrajini-petev-ostao-bez-vaznog-igraca\/#breadcrumb\"},\"inLanguage\":\"bs-BA\",\"potentialAction\":[{\"@type\":\"ReadAction\",\"target\":[\"https:\/\/tuzlainfo.ba\/index.php\/bosna-i-hercegovina\/item\/150615-zmajevi-veceras-gostuju-u-ukrajini-petev-ostao-bez-vaznog-igraca\/\"]}]},{\"@type\":\"ImageObject\",\"inLanguage\":\"bs-BA\",\"@id\":\"https:\/\/tuzlainfo.ba\/index.php\/bosna-i-hercegovina\/item\/150615-zmajevi-veceras-gostuju-u-ukrajini-petev-ostao-bez-vaznog-igraca\/#primaryimage\",\"url\":\"https:\/\/tuzlainfo.ba\/wp-content\/uploads\/2021\/10\/1205_petev_reprezentacija.jpg\",\"contentUrl\":\"https:\/\/tuzlainfo.ba\/wp-content\/uploads\/2021\/10\/1205_petev_reprezentacija.jpg\",\"width\":1024,\"height\":683},{\"@type\":\"BreadcrumbList\",\"@id\":\"https:\/\/tuzlainfo.ba\/index.php\/bosna-i-hercegovina\/item\/150615-zmajevi-veceras-gostuju-u-ukrajini-petev-ostao-bez-vaznog-igraca\/#breadcrumb\",\"itemListElement\":[{\"@type\":\"ListItem\",\"position\":1,\"name\":\"Home\",\"item\":\"https:\/\/tuzlainfo.ba\/\"},{\"@type\":\"ListItem\",\"position\":2,\"name\":\"Zmajevi ve\u010deras gostuju u Ukrajini, Petev ostao bez va\u017enog igra\u010da\"}]},{\"@type\":\"WebSite\",\"@id\":\"https:\/\/tuzlainfo.ba\/#website\",\"url\":\"https:\/\/tuzlainfo.ba\/\",\"name\":\"TuzlaInfo.ba\",\"description\":\"Tuzla info, gradski informator - Tuzla na dlanu\",\"publisher\":{\"@id\":\"https:\/\/tuzlainfo.ba\/#organization\"},\"potentialAction\":[{\"@type\":\"SearchAction\",\"target\":{\"@type\":\"EntryPoint\",\"urlTemplate\":\"https:\/\/tuzlainfo.ba\/?s={search_term_string}\"},\"query-input\":{\"@type\":\"PropertyValueSpecification\",\"valueRequired\":true,\"valueName\":\"search_term_string\"}}],\"inLanguage\":\"bs-BA\"},{\"@type\":\"Organization\",\"@id\":\"https:\/\/tuzlainfo.ba\/#organization\",\"name\":\"TuzlaInfo.ba\",\"url\":\"https:\/\/tuzlainfo.ba\/\",\"logo\":{\"@type\":\"ImageObject\",\"inLanguage\":\"bs-BA\",\"@id\":\"https:\/\/tuzlainfo.ba\/#\/schema\/logo\/image\/\",\"url\":\"https:\/\/tuzlainfo.ba\/wp-content\/uploads\/2021\/03\/logo-ver-3-1.png\",\"contentUrl\":\"https:\/\/tuzlainfo.ba\/wp-content\/uploads\/2021\/03\/logo-ver-3-1.png\",\"width\":350,\"height\":95,\"caption\":\"TuzlaInfo.ba\"},\"image\":{\"@id\":\"https:\/\/tuzlainfo.ba\/#\/schema\/logo\/image\/\"},\"sameAs\":[\"https:\/\/www.facebook.com\/tuzlainfo.ba\/\"]},{\"@type\":\"Person\",\"@id\":\"https:\/\/tuzlainfo.ba\/#\/schema\/person\/f434e20dc27ea133923aab08451b7f7f\",\"name\":\"nedim\",\"image\":{\"@type\":\"ImageObject\",\"inLanguage\":\"bs-BA\",\"@id\":\"https:\/\/tuzlainfo.ba\/#\/schema\/person\/image\/\",\"url\":\"https:\/\/tuzlainfo.ba\/wp-content\/litespeed\/avatar\/aabad687af24844af817603ac1cbdc4f.jpg?ver=1777306975\",\"contentUrl\":\"https:\/\/tuzlainfo.ba\/wp-content\/litespeed\/avatar\/aabad687af24844af817603ac1cbdc4f.jpg?ver=1777306975\",\"caption\":\"nedim\"},\"description\":\"Tuzlainfo.ba pratite na dru\u0161tvenim mre\u017eama: Facebook, Instagram i Youtube. Svoje pri\u010de, upite i fotografije \u0161aljite na na\u0161u e-mail adresu.\"}]}<\/script>\n<!-- \/ Yoast SEO plugin. -->","yoast_head_json":{"title":"Zmajevi ve\u010deras gostuju u Ukrajini, Petev ostao bez va\u017enog igra\u010da - TuzlaInfo.ba","robots":{"index":"index","follow":"follow","max-snippet":"max-snippet:-1","max-image-preview":"max-image-preview:large","max-video-preview":"max-video-preview:-1"},"canonical":"https:\/\/tuzlainfo.ba\/index.php\/bosna-i-hercegovina\/item\/150615-zmajevi-veceras-gostuju-u-ukrajini-petev-ostao-bez-vaznog-igraca\/","og_locale":"bs_BA","og_type":"article","og_title":"Zmajevi ve\u010deras gostuju u Ukrajini, Petev ostao bez va\u017enog igra\u010da - TuzlaInfo.ba","og_description":"Nogometna reprezentacija Bosne i Hercegovine ve\u010deras se u Lvivu sastaje sa selekcijom Ukrajine u osmom&hellip;","og_url":"https:\/\/tuzlainfo.ba\/index.php\/bosna-i-hercegovina\/item\/150615-zmajevi-veceras-gostuju-u-ukrajini-petev-ostao-bez-vaznog-igraca\/","og_site_name":"TuzlaInfo.ba","article_publisher":"https:\/\/www.facebook.com\/tuzlainfo.ba\/","article_published_time":"2021-10-12T08:36:06+00:00","og_image":[{"width":1024,"height":683,"url":"https:\/\/tuzlainfo.ba\/wp-content\/uploads\/2021\/10\/1205_petev_reprezentacija.jpg","type":"image\/jpeg"}],"author":"nedim","twitter_card":"summary_large_image","twitter_misc":{"Written by":"nedim","Est. reading time":"2 minute"},"schema":{"@context":"https:\/\/schema.org","@graph":[{"@type":"Article","@id":"https:\/\/tuzlainfo.ba\/index.php\/bosna-i-hercegovina\/item\/150615-zmajevi-veceras-gostuju-u-ukrajini-petev-ostao-bez-vaznog-igraca\/#article","isPartOf":{"@id":"https:\/\/tuzlainfo.ba\/index.php\/bosna-i-hercegovina\/item\/150615-zmajevi-veceras-gostuju-u-ukrajini-petev-ostao-bez-vaznog-igraca\/"},"author":{"name":"nedim","@id":"https:\/\/tuzlainfo.ba\/#\/schema\/person\/f434e20dc27ea133923aab08451b7f7f"},"headline":"Zmajevi ve\u010deras gostuju u Ukrajini, Petev ostao bez va\u017enog igra\u010da","datePublished":"2021-10-12T08:36:06+00:00","dateModified":"2021-10-12T08:36:06+00:00","mainEntityOfPage":{"@id":"https:\/\/tuzlainfo.ba\/index.php\/bosna-i-hercegovina\/item\/150615-zmajevi-veceras-gostuju-u-ukrajini-petev-ostao-bez-vaznog-igraca\/"},"wordCount":470,"commentCount":0,"publisher":{"@id":"https:\/\/tuzlainfo.ba\/#organization"},"image":{"@id":"https:\/\/tuzlainfo.ba\/index.php\/bosna-i-hercegovina\/item\/150615-zmajevi-veceras-gostuju-u-ukrajini-petev-ostao-bez-vaznog-igraca\/#primaryimage"},"thumbnailUrl":"https:\/\/tuzlainfo.ba\/wp-content\/uploads\/2021\/10\/1205_petev_reprezentacija.jpg","keywords":["fudbalska reprezentacija","sport"],"articleSection":["Bosna i Hercegovina","Istaknuto"],"inLanguage":"bs-BA"},{"@type":"WebPage","@id":"https:\/\/tuzlainfo.ba\/index.php\/bosna-i-hercegovina\/item\/150615-zmajevi-veceras-gostuju-u-ukrajini-petev-ostao-bez-vaznog-igraca\/","url":"https:\/\/tuzlainfo.ba\/index.php\/bosna-i-hercegovina\/item\/150615-zmajevi-veceras-gostuju-u-ukrajini-petev-ostao-bez-vaznog-igraca\/","name":"Zmajevi ve\u010deras gostuju u Ukrajini, Petev ostao bez va\u017enog igra\u010da - TuzlaInfo.ba","isPartOf":{"@id":"https:\/\/tuzlainfo.ba\/#website"},"primaryImageOfPage":{"@id":"https:\/\/tuzlainfo.ba\/index.php\/bosna-i-hercegovina\/item\/150615-zmajevi-veceras-gostuju-u-ukrajini-petev-ostao-bez-vaznog-igraca\/#primaryimage"},"image":{"@id":"https:\/\/tuzlainfo.ba\/index.php\/bosna-i-hercegovina\/item\/150615-zmajevi-veceras-gostuju-u-ukrajini-petev-ostao-bez-vaznog-igraca\/#primaryimage"},"thumbnailUrl":"https:\/\/tuzlainfo.ba\/wp-content\/uploads\/2021\/10\/1205_petev_reprezentacija.jpg","datePublished":"2021-10-12T08:36:06+00:00","dateModified":"2021-10-12T08:36:06+00:00","breadcrumb":{"@id":"https:\/\/tuzlainfo.ba\/index.php\/bosna-i-hercegovina\/item\/150615-zmajevi-veceras-gostuju-u-ukrajini-petev-ostao-bez-vaznog-igraca\/#breadcrumb"},"inLanguage":"bs-BA","potentialAction":[{"@type":"ReadAction","target":["https:\/\/tuzlainfo.ba\/index.php\/bosna-i-hercegovina\/item\/150615-zmajevi-veceras-gostuju-u-ukrajini-petev-ostao-bez-vaznog-igraca\/"]}]},{"@type":"ImageObject","inLanguage":"bs-BA","@id":"https:\/\/tuzlainfo.ba\/index.php\/bosna-i-hercegovina\/item\/150615-zmajevi-veceras-gostuju-u-ukrajini-petev-ostao-bez-vaznog-igraca\/#primaryimage","url":"https:\/\/tuzlainfo.ba\/wp-content\/uploads\/2021\/10\/1205_petev_reprezentacija.jpg","contentUrl":"https:\/\/tuzlainfo.ba\/wp-content\/uploads\/2021\/10\/1205_petev_reprezentacija.jpg","width":1024,"height":683},{"@type":"BreadcrumbList","@id":"https:\/\/tuzlainfo.ba\/index.php\/bosna-i-hercegovina\/item\/150615-zmajevi-veceras-gostuju-u-ukrajini-petev-ostao-bez-vaznog-igraca\/#breadcrumb","itemListElement":[{"@type":"ListItem","position":1,"name":"Home","item":"https:\/\/tuzlainfo.ba\/"},{"@type":"ListItem","position":2,"name":"Zmajevi ve\u010deras gostuju u Ukrajini, Petev ostao bez va\u017enog igra\u010da"}]},{"@type":"WebSite","@id":"https:\/\/tuzlainfo.ba\/#website","url":"https:\/\/tuzlainfo.ba\/","name":"TuzlaInfo.ba","description":"Tuzla info, gradski informator - Tuzla na dlanu","publisher":{"@id":"https:\/\/tuzlainfo.ba\/#organization"},"potentialAction":[{"@type":"SearchAction","target":{"@type":"EntryPoint","urlTemplate":"https:\/\/tuzlainfo.ba\/?s={search_term_string}"},"query-input":{"@type":"PropertyValueSpecification","valueRequired":true,"valueName":"search_term_string"}}],"inLanguage":"bs-BA"},{"@type":"Organization","@id":"https:\/\/tuzlainfo.ba\/#organization","name":"TuzlaInfo.ba","url":"https:\/\/tuzlainfo.ba\/","logo":{"@type":"ImageObject","inLanguage":"bs-BA","@id":"https:\/\/tuzlainfo.ba\/#\/schema\/logo\/image\/","url":"https:\/\/tuzlainfo.ba\/wp-content\/uploads\/2021\/03\/logo-ver-3-1.png","contentUrl":"https:\/\/tuzlainfo.ba\/wp-content\/uploads\/2021\/03\/logo-ver-3-1.png","width":350,"height":95,"caption":"TuzlaInfo.ba"},"image":{"@id":"https:\/\/tuzlainfo.ba\/#\/schema\/logo\/image\/"},"sameAs":["https:\/\/www.facebook.com\/tuzlainfo.ba\/"]},{"@type":"Person","@id":"https:\/\/tuzlainfo.ba\/#\/schema\/person\/f434e20dc27ea133923aab08451b7f7f","name":"nedim","image":{"@type":"ImageObject","inLanguage":"bs-BA","@id":"https:\/\/tuzlainfo.ba\/#\/schema\/person\/image\/","url":"https:\/\/tuzlainfo.ba\/wp-content\/litespeed\/avatar\/aabad687af24844af817603ac1cbdc4f.jpg?ver=1777306975","contentUrl":"https:\/\/tuzlainfo.ba\/wp-content\/litespeed\/avatar\/aabad687af24844af817603ac1cbdc4f.jpg?ver=1777306975","caption":"nedim"},"description":"Tuzlainfo.ba pratite na dru\u0161tvenim mre\u017eama: Facebook, Instagram i Youtube. Svoje pri\u010de, upite i fotografije \u0161aljite na na\u0161u e-mail adresu."}]}},"_links":{"self":[{"href":"https:\/\/tuzlainfo.ba\/index.php\/wp-json\/wp\/v2\/posts\/150615"}],"collection":[{"href":"https:\/\/tuzlainfo.ba\/index.php\/wp-json\/wp\/v2\/posts"}],"about":[{"href":"https:\/\/tuzlainfo.ba\/index.php\/wp-json\/wp\/v2\/types\/post"}],"author":[{"embeddable":true,"href":"https:\/\/tuzlainfo.ba\/index.php\/wp-json\/wp\/v2\/users\/2"}],"replies":[{"embeddable":true,"href":"https:\/\/tuzlainfo.ba\/index.php\/wp-json\/wp\/v2\/comments?post=150615"}],"version-history":[{"count":0,"href":"https:\/\/tuzlainfo.ba\/index.php\/wp-json\/wp\/v2\/posts\/150615\/revisions"}],"wp:featuredmedia":[{"embeddable":true,"href":"https:\/\/tuzlainfo.ba\/index.php\/wp-json\/wp\/v2\/media\/150618"}],"wp:attachment":[{"href":"https:\/\/tuzlainfo.ba\/index.php\/wp-json\/wp\/v2\/media?parent=150615"}],"wp:term":[{"taxonomy":"category","embeddable":true,"href":"https:\/\/tuzlainfo.ba\/index.php\/wp-json\/wp\/v2\/categories?post=150615"},{"taxonomy":"post_tag","embeddable":true,"href":"https:\/\/tuzlainfo.ba\/index.php\/wp-json\/wp\/v2\/tags?post=150615"}],"curies":[{"name":"wp","href":"https:\/\/api.w.org\/{rel}","templated":true}]}}