{"id":150581,"date":"2021-10-11T21:00:50","date_gmt":"2021-10-11T19:00:50","guid":{"rendered":"https:\/\/tuzlainfo.ba\/?p=150581"},"modified":"2021-10-11T20:13:04","modified_gmt":"2021-10-11T18:13:04","slug":"video-tuzla-bez-poplava-i-klizista-civilna-zastita-uputila-apel-gradjanima","status":"publish","type":"post","link":"https:\/\/tuzlainfo.ba\/index.php\/novosti\/item\/150581-video-tuzla-bez-poplava-i-klizista-civilna-zastita-uputila-apel-gradjanima\/","title":{"rendered":"VIDEO \/ Tuzla bez poplava i klizi\u0161ta, Civilna za\u0161tita uputila apel gra\u0111anima"},"content":{"rendered":"<p>U Tuzli trenutno nema prijavljenih poplava i klizi\u0161ta zbog neprekidnih padavina.<\/p>\n<p>Ki\u0161a je najavljena i u narednom periodu, ali ukoliko ovakvim intenzitetom bude padala nebi trebala napraviti ve\u0107u \u0161tetu. Me\u0111utim, ukoliko do\u0111e do obilnijih padavina mogu\u0107i su problemi i odroni.<\/p>\n<p>Ove godine je ura\u0111eno pet interventnih sanacija klizi\u0161ta i radi se na \u010di\u0161\u0107enju vodotoka. Iz Odjeljenja za upravljanje rizicima od katastrofa u Slu\u017ebi Civilne za\u0161tite Grada Tuzle apeluju na gra\u0111ane da \u010diste svoje odvode kako ne bi do\u0161lo do plavljenja, a u planu je \u010di\u0161\u0107enje Molu\u0161kog i Tu\u0161anjskog potoka, koji su slo\u017eeniji i koji su i ranije pravili dosta problema mje\u0161tanima.<\/p>\n<p>Vi\u0161e o ovoj temi u video prilogu RTV7:<\/p>\n<p><iframe title=\"U Tuzli nema prijavljenih poplava i klizi\u0161ta, mogu\u0107i problemi u slu\u010daju obilnijih padavina\" width=\"1170\" height=\"658\" src=\"https:\/\/www.youtube.com\/embed\/Iny-S7PB5n8?feature=oembed\" frameborder=\"0\" allow=\"accelerometer; autoplay; clipboard-write; encrypted-media; gyroscope; picture-in-picture\" allowfullscreen><\/iframe><\/p>\n","protected":false},"excerpt":{"rendered":"<p>U Tuzli trenutno nema prijavljenih poplava i klizi\u0161ta zbog neprekidnih padavina. Ki\u0161a je najavljena i&hellip;<\/p>\n","protected":false},"author":2,"featured_media":70058,"comment_status":"open","ping_status":"closed","sticky":false,"template":"","format":"standard","meta":{"_acf_changed":false,"footnotes":""},"categories":[304,12],"tags":[2954,331,2955,1508],"acf":[],"yoast_head":"<!-- This site is optimized with the Yoast SEO plugin v23.5 - https:\/\/yoast.com\/wordpress\/plugins\/seo\/ -->\n<title>VIDEO \/ Tuzla bez poplava i klizi\u0161ta, Civilna za\u0161tita uputila apel gra\u0111anima - TuzlaInfo.ba<\/title>\n<meta name=\"robots\" content=\"index, follow, max-snippet:-1, max-image-preview:large, max-video-preview:-1\" \/>\n<link rel=\"canonical\" href=\"https:\/\/tuzlainfo.ba\/index.php\/novosti\/item\/150581-video-tuzla-bez-poplava-i-klizista-civilna-zastita-uputila-apel-gradjanima\/\" \/>\n<meta property=\"og:locale\" content=\"bs_BA\" \/>\n<meta property=\"og:type\" content=\"article\" \/>\n<meta property=\"og:title\" content=\"VIDEO \/ Tuzla bez poplava i klizi\u0161ta, Civilna za\u0161tita uputila apel gra\u0111anima - TuzlaInfo.ba\" \/>\n<meta property=\"og:description\" content=\"U Tuzli trenutno nema prijavljenih poplava i klizi\u0161ta zbog neprekidnih padavina. Ki\u0161a je najavljena i&hellip;\" \/>\n<meta property=\"og:url\" content=\"https:\/\/tuzlainfo.ba\/index.php\/novosti\/item\/150581-video-tuzla-bez-poplava-i-klizista-civilna-zastita-uputila-apel-gradjanima\/\" \/>\n<meta property=\"og:site_name\" content=\"TuzlaInfo.ba\" \/>\n<meta property=\"article:publisher\" content=\"https:\/\/www.facebook.com\/tuzlainfo.ba\/\" \/>\n<meta property=\"article:published_time\" content=\"2021-10-11T19:00:50+00:00\" \/>\n<meta property=\"article:modified_time\" content=\"2021-10-11T18:13:04+00:00\" \/>\n<meta property=\"og:image\" content=\"https:\/\/tuzlainfo.ba\/wp-content\/uploads\/2019\/05\/sadrzaj_2019_20190501_1405_jala.jpg\" \/>\n\t<meta property=\"og:image:width\" content=\"770\" \/>\n\t<meta property=\"og:image:height\" content=\"578\" \/>\n\t<meta property=\"og:image:type\" content=\"image\/jpeg\" \/>\n<meta name=\"author\" content=\"nedim\" \/>\n<meta name=\"twitter:card\" content=\"summary_large_image\" \/>\n<meta name=\"twitter:label1\" content=\"Written by\" \/>\n\t<meta name=\"twitter:data1\" content=\"nedim\" \/>\n\t<meta name=\"twitter:label2\" content=\"Est. reading time\" \/>\n\t<meta name=\"twitter:data2\" content=\"1 minuta\" \/>\n<script type=\"application\/ld+json\" class=\"yoast-schema-graph\">{\"@context\":\"https:\/\/schema.org\",\"@graph\":[{\"@type\":\"Article\",\"@id\":\"https:\/\/tuzlainfo.ba\/index.php\/novosti\/item\/150581-video-tuzla-bez-poplava-i-klizista-civilna-zastita-uputila-apel-gradjanima\/#article\",\"isPartOf\":{\"@id\":\"https:\/\/tuzlainfo.ba\/index.php\/novosti\/item\/150581-video-tuzla-bez-poplava-i-klizista-civilna-zastita-uputila-apel-gradjanima\/\"},\"author\":{\"name\":\"nedim\",\"@id\":\"https:\/\/tuzlainfo.ba\/#\/schema\/person\/f434e20dc27ea133923aab08451b7f7f\"},\"headline\":\"VIDEO \/ Tuzla bez poplava i klizi\u0161ta, Civilna za\u0161tita uputila apel gra\u0111anima\",\"datePublished\":\"2021-10-11T19:00:50+00:00\",\"dateModified\":\"2021-10-11T18:13:04+00:00\",\"mainEntityOfPage\":{\"@id\":\"https:\/\/tuzlainfo.ba\/index.php\/novosti\/item\/150581-video-tuzla-bez-poplava-i-klizista-civilna-zastita-uputila-apel-gradjanima\/\"},\"wordCount\":148,\"commentCount\":0,\"publisher\":{\"@id\":\"https:\/\/tuzlainfo.ba\/#organization\"},\"image\":{\"@id\":\"https:\/\/tuzlainfo.ba\/index.php\/novosti\/item\/150581-video-tuzla-bez-poplava-i-klizista-civilna-zastita-uputila-apel-gradjanima\/#primaryimage\"},\"thumbnailUrl\":\"https:\/\/tuzlainfo.ba\/wp-content\/uploads\/2019\/05\/sadrzaj_2019_20190501_1405_jala.jpg\",\"keywords\":[\"civilna za\u0161tita tuzla\",\"grad tuzla\",\"klizi\u0161ta\",\"poplave\"],\"articleSection\":[\"Istaknuto\",\"Novosti\"],\"inLanguage\":\"bs-BA\"},{\"@type\":\"WebPage\",\"@id\":\"https:\/\/tuzlainfo.ba\/index.php\/novosti\/item\/150581-video-tuzla-bez-poplava-i-klizista-civilna-zastita-uputila-apel-gradjanima\/\",\"url\":\"https:\/\/tuzlainfo.ba\/index.php\/novosti\/item\/150581-video-tuzla-bez-poplava-i-klizista-civilna-zastita-uputila-apel-gradjanima\/\",\"name\":\"VIDEO \/ Tuzla bez poplava i klizi\u0161ta, Civilna za\u0161tita uputila apel gra\u0111anima - TuzlaInfo.ba\",\"isPartOf\":{\"@id\":\"https:\/\/tuzlainfo.ba\/#website\"},\"primaryImageOfPage\":{\"@id\":\"https:\/\/tuzlainfo.ba\/index.php\/novosti\/item\/150581-video-tuzla-bez-poplava-i-klizista-civilna-zastita-uputila-apel-gradjanima\/#primaryimage\"},\"image\":{\"@id\":\"https:\/\/tuzlainfo.ba\/index.php\/novosti\/item\/150581-video-tuzla-bez-poplava-i-klizista-civilna-zastita-uputila-apel-gradjanima\/#primaryimage\"},\"thumbnailUrl\":\"https:\/\/tuzlainfo.ba\/wp-content\/uploads\/2019\/05\/sadrzaj_2019_20190501_1405_jala.jpg\",\"datePublished\":\"2021-10-11T19:00:50+00:00\",\"dateModified\":\"2021-10-11T18:13:04+00:00\",\"breadcrumb\":{\"@id\":\"https:\/\/tuzlainfo.ba\/index.php\/novosti\/item\/150581-video-tuzla-bez-poplava-i-klizista-civilna-zastita-uputila-apel-gradjanima\/#breadcrumb\"},\"inLanguage\":\"bs-BA\",\"potentialAction\":[{\"@type\":\"ReadAction\",\"target\":[\"https:\/\/tuzlainfo.ba\/index.php\/novosti\/item\/150581-video-tuzla-bez-poplava-i-klizista-civilna-zastita-uputila-apel-gradjanima\/\"]}]},{\"@type\":\"ImageObject\",\"inLanguage\":\"bs-BA\",\"@id\":\"https:\/\/tuzlainfo.ba\/index.php\/novosti\/item\/150581-video-tuzla-bez-poplava-i-klizista-civilna-zastita-uputila-apel-gradjanima\/#primaryimage\",\"url\":\"https:\/\/tuzlainfo.ba\/wp-content\/uploads\/2019\/05\/sadrzaj_2019_20190501_1405_jala.jpg\",\"contentUrl\":\"https:\/\/tuzlainfo.ba\/wp-content\/uploads\/2019\/05\/sadrzaj_2019_20190501_1405_jala.jpg\",\"width\":770,\"height\":578,\"caption\":\"Foto: Arhiv\"},{\"@type\":\"BreadcrumbList\",\"@id\":\"https:\/\/tuzlainfo.ba\/index.php\/novosti\/item\/150581-video-tuzla-bez-poplava-i-klizista-civilna-zastita-uputila-apel-gradjanima\/#breadcrumb\",\"itemListElement\":[{\"@type\":\"ListItem\",\"position\":1,\"name\":\"Home\",\"item\":\"https:\/\/tuzlainfo.ba\/\"},{\"@type\":\"ListItem\",\"position\":2,\"name\":\"VIDEO \/ Tuzla bez poplava i klizi\u0161ta, Civilna za\u0161tita uputila apel gra\u0111anima\"}]},{\"@type\":\"WebSite\",\"@id\":\"https:\/\/tuzlainfo.ba\/#website\",\"url\":\"https:\/\/tuzlainfo.ba\/\",\"name\":\"TuzlaInfo.ba\",\"description\":\"Tuzla info, gradski informator - Tuzla na dlanu\",\"publisher\":{\"@id\":\"https:\/\/tuzlainfo.ba\/#organization\"},\"potentialAction\":[{\"@type\":\"SearchAction\",\"target\":{\"@type\":\"EntryPoint\",\"urlTemplate\":\"https:\/\/tuzlainfo.ba\/?s={search_term_string}\"},\"query-input\":{\"@type\":\"PropertyValueSpecification\",\"valueRequired\":true,\"valueName\":\"search_term_string\"}}],\"inLanguage\":\"bs-BA\"},{\"@type\":\"Organization\",\"@id\":\"https:\/\/tuzlainfo.ba\/#organization\",\"name\":\"TuzlaInfo.ba\",\"url\":\"https:\/\/tuzlainfo.ba\/\",\"logo\":{\"@type\":\"ImageObject\",\"inLanguage\":\"bs-BA\",\"@id\":\"https:\/\/tuzlainfo.ba\/#\/schema\/logo\/image\/\",\"url\":\"https:\/\/tuzlainfo.ba\/wp-content\/uploads\/2021\/03\/logo-ver-3-1.png\",\"contentUrl\":\"https:\/\/tuzlainfo.ba\/wp-content\/uploads\/2021\/03\/logo-ver-3-1.png\",\"width\":350,\"height\":95,\"caption\":\"TuzlaInfo.ba\"},\"image\":{\"@id\":\"https:\/\/tuzlainfo.ba\/#\/schema\/logo\/image\/\"},\"sameAs\":[\"https:\/\/www.facebook.com\/tuzlainfo.ba\/\"]},{\"@type\":\"Person\",\"@id\":\"https:\/\/tuzlainfo.ba\/#\/schema\/person\/f434e20dc27ea133923aab08451b7f7f\",\"name\":\"nedim\",\"image\":{\"@type\":\"ImageObject\",\"inLanguage\":\"bs-BA\",\"@id\":\"https:\/\/tuzlainfo.ba\/#\/schema\/person\/image\/\",\"url\":\"https:\/\/tuzlainfo.ba\/wp-content\/litespeed\/avatar\/aabad687af24844af817603ac1cbdc4f.jpg?ver=1776702173\",\"contentUrl\":\"https:\/\/tuzlainfo.ba\/wp-content\/litespeed\/avatar\/aabad687af24844af817603ac1cbdc4f.jpg?ver=1776702173\",\"caption\":\"nedim\"},\"description\":\"Tuzlainfo.ba pratite na dru\u0161tvenim mre\u017eama: Facebook, Instagram i Youtube. Svoje pri\u010de, upite i fotografije \u0161aljite na na\u0161u e-mail adresu.\"}]}<\/script>\n<!-- \/ Yoast SEO plugin. -->","yoast_head_json":{"title":"VIDEO \/ Tuzla bez poplava i klizi\u0161ta, Civilna za\u0161tita uputila apel gra\u0111anima - TuzlaInfo.ba","robots":{"index":"index","follow":"follow","max-snippet":"max-snippet:-1","max-image-preview":"max-image-preview:large","max-video-preview":"max-video-preview:-1"},"canonical":"https:\/\/tuzlainfo.ba\/index.php\/novosti\/item\/150581-video-tuzla-bez-poplava-i-klizista-civilna-zastita-uputila-apel-gradjanima\/","og_locale":"bs_BA","og_type":"article","og_title":"VIDEO \/ Tuzla bez poplava i klizi\u0161ta, Civilna za\u0161tita uputila apel gra\u0111anima - TuzlaInfo.ba","og_description":"U Tuzli trenutno nema prijavljenih poplava i klizi\u0161ta zbog neprekidnih padavina. Ki\u0161a je najavljena i&hellip;","og_url":"https:\/\/tuzlainfo.ba\/index.php\/novosti\/item\/150581-video-tuzla-bez-poplava-i-klizista-civilna-zastita-uputila-apel-gradjanima\/","og_site_name":"TuzlaInfo.ba","article_publisher":"https:\/\/www.facebook.com\/tuzlainfo.ba\/","article_published_time":"2021-10-11T19:00:50+00:00","article_modified_time":"2021-10-11T18:13:04+00:00","og_image":[{"width":770,"height":578,"url":"https:\/\/tuzlainfo.ba\/wp-content\/uploads\/2019\/05\/sadrzaj_2019_20190501_1405_jala.jpg","type":"image\/jpeg"}],"author":"nedim","twitter_card":"summary_large_image","twitter_misc":{"Written by":"nedim","Est. reading time":"1 minuta"},"schema":{"@context":"https:\/\/schema.org","@graph":[{"@type":"Article","@id":"https:\/\/tuzlainfo.ba\/index.php\/novosti\/item\/150581-video-tuzla-bez-poplava-i-klizista-civilna-zastita-uputila-apel-gradjanima\/#article","isPartOf":{"@id":"https:\/\/tuzlainfo.ba\/index.php\/novosti\/item\/150581-video-tuzla-bez-poplava-i-klizista-civilna-zastita-uputila-apel-gradjanima\/"},"author":{"name":"nedim","@id":"https:\/\/tuzlainfo.ba\/#\/schema\/person\/f434e20dc27ea133923aab08451b7f7f"},"headline":"VIDEO \/ Tuzla bez poplava i klizi\u0161ta, Civilna za\u0161tita uputila apel gra\u0111anima","datePublished":"2021-10-11T19:00:50+00:00","dateModified":"2021-10-11T18:13:04+00:00","mainEntityOfPage":{"@id":"https:\/\/tuzlainfo.ba\/index.php\/novosti\/item\/150581-video-tuzla-bez-poplava-i-klizista-civilna-zastita-uputila-apel-gradjanima\/"},"wordCount":148,"commentCount":0,"publisher":{"@id":"https:\/\/tuzlainfo.ba\/#organization"},"image":{"@id":"https:\/\/tuzlainfo.ba\/index.php\/novosti\/item\/150581-video-tuzla-bez-poplava-i-klizista-civilna-zastita-uputila-apel-gradjanima\/#primaryimage"},"thumbnailUrl":"https:\/\/tuzlainfo.ba\/wp-content\/uploads\/2019\/05\/sadrzaj_2019_20190501_1405_jala.jpg","keywords":["civilna za\u0161tita tuzla","grad tuzla","klizi\u0161ta","poplave"],"articleSection":["Istaknuto","Novosti"],"inLanguage":"bs-BA"},{"@type":"WebPage","@id":"https:\/\/tuzlainfo.ba\/index.php\/novosti\/item\/150581-video-tuzla-bez-poplava-i-klizista-civilna-zastita-uputila-apel-gradjanima\/","url":"https:\/\/tuzlainfo.ba\/index.php\/novosti\/item\/150581-video-tuzla-bez-poplava-i-klizista-civilna-zastita-uputila-apel-gradjanima\/","name":"VIDEO \/ Tuzla bez poplava i klizi\u0161ta, Civilna za\u0161tita uputila apel gra\u0111anima - TuzlaInfo.ba","isPartOf":{"@id":"https:\/\/tuzlainfo.ba\/#website"},"primaryImageOfPage":{"@id":"https:\/\/tuzlainfo.ba\/index.php\/novosti\/item\/150581-video-tuzla-bez-poplava-i-klizista-civilna-zastita-uputila-apel-gradjanima\/#primaryimage"},"image":{"@id":"https:\/\/tuzlainfo.ba\/index.php\/novosti\/item\/150581-video-tuzla-bez-poplava-i-klizista-civilna-zastita-uputila-apel-gradjanima\/#primaryimage"},"thumbnailUrl":"https:\/\/tuzlainfo.ba\/wp-content\/uploads\/2019\/05\/sadrzaj_2019_20190501_1405_jala.jpg","datePublished":"2021-10-11T19:00:50+00:00","dateModified":"2021-10-11T18:13:04+00:00","breadcrumb":{"@id":"https:\/\/tuzlainfo.ba\/index.php\/novosti\/item\/150581-video-tuzla-bez-poplava-i-klizista-civilna-zastita-uputila-apel-gradjanima\/#breadcrumb"},"inLanguage":"bs-BA","potentialAction":[{"@type":"ReadAction","target":["https:\/\/tuzlainfo.ba\/index.php\/novosti\/item\/150581-video-tuzla-bez-poplava-i-klizista-civilna-zastita-uputila-apel-gradjanima\/"]}]},{"@type":"ImageObject","inLanguage":"bs-BA","@id":"https:\/\/tuzlainfo.ba\/index.php\/novosti\/item\/150581-video-tuzla-bez-poplava-i-klizista-civilna-zastita-uputila-apel-gradjanima\/#primaryimage","url":"https:\/\/tuzlainfo.ba\/wp-content\/uploads\/2019\/05\/sadrzaj_2019_20190501_1405_jala.jpg","contentUrl":"https:\/\/tuzlainfo.ba\/wp-content\/uploads\/2019\/05\/sadrzaj_2019_20190501_1405_jala.jpg","width":770,"height":578,"caption":"Foto: Arhiv"},{"@type":"BreadcrumbList","@id":"https:\/\/tuzlainfo.ba\/index.php\/novosti\/item\/150581-video-tuzla-bez-poplava-i-klizista-civilna-zastita-uputila-apel-gradjanima\/#breadcrumb","itemListElement":[{"@type":"ListItem","position":1,"name":"Home","item":"https:\/\/tuzlainfo.ba\/"},{"@type":"ListItem","position":2,"name":"VIDEO \/ Tuzla bez poplava i klizi\u0161ta, Civilna za\u0161tita uputila apel gra\u0111anima"}]},{"@type":"WebSite","@id":"https:\/\/tuzlainfo.ba\/#website","url":"https:\/\/tuzlainfo.ba\/","name":"TuzlaInfo.ba","description":"Tuzla info, gradski informator - Tuzla na dlanu","publisher":{"@id":"https:\/\/tuzlainfo.ba\/#organization"},"potentialAction":[{"@type":"SearchAction","target":{"@type":"EntryPoint","urlTemplate":"https:\/\/tuzlainfo.ba\/?s={search_term_string}"},"query-input":{"@type":"PropertyValueSpecification","valueRequired":true,"valueName":"search_term_string"}}],"inLanguage":"bs-BA"},{"@type":"Organization","@id":"https:\/\/tuzlainfo.ba\/#organization","name":"TuzlaInfo.ba","url":"https:\/\/tuzlainfo.ba\/","logo":{"@type":"ImageObject","inLanguage":"bs-BA","@id":"https:\/\/tuzlainfo.ba\/#\/schema\/logo\/image\/","url":"https:\/\/tuzlainfo.ba\/wp-content\/uploads\/2021\/03\/logo-ver-3-1.png","contentUrl":"https:\/\/tuzlainfo.ba\/wp-content\/uploads\/2021\/03\/logo-ver-3-1.png","width":350,"height":95,"caption":"TuzlaInfo.ba"},"image":{"@id":"https:\/\/tuzlainfo.ba\/#\/schema\/logo\/image\/"},"sameAs":["https:\/\/www.facebook.com\/tuzlainfo.ba\/"]},{"@type":"Person","@id":"https:\/\/tuzlainfo.ba\/#\/schema\/person\/f434e20dc27ea133923aab08451b7f7f","name":"nedim","image":{"@type":"ImageObject","inLanguage":"bs-BA","@id":"https:\/\/tuzlainfo.ba\/#\/schema\/person\/image\/","url":"https:\/\/tuzlainfo.ba\/wp-content\/litespeed\/avatar\/aabad687af24844af817603ac1cbdc4f.jpg?ver=1776702173","contentUrl":"https:\/\/tuzlainfo.ba\/wp-content\/litespeed\/avatar\/aabad687af24844af817603ac1cbdc4f.jpg?ver=1776702173","caption":"nedim"},"description":"Tuzlainfo.ba pratite na dru\u0161tvenim mre\u017eama: Facebook, Instagram i Youtube. Svoje pri\u010de, upite i fotografije \u0161aljite na na\u0161u e-mail adresu."}]}},"_links":{"self":[{"href":"https:\/\/tuzlainfo.ba\/index.php\/wp-json\/wp\/v2\/posts\/150581"}],"collection":[{"href":"https:\/\/tuzlainfo.ba\/index.php\/wp-json\/wp\/v2\/posts"}],"about":[{"href":"https:\/\/tuzlainfo.ba\/index.php\/wp-json\/wp\/v2\/types\/post"}],"author":[{"embeddable":true,"href":"https:\/\/tuzlainfo.ba\/index.php\/wp-json\/wp\/v2\/users\/2"}],"replies":[{"embeddable":true,"href":"https:\/\/tuzlainfo.ba\/index.php\/wp-json\/wp\/v2\/comments?post=150581"}],"version-history":[{"count":0,"href":"https:\/\/tuzlainfo.ba\/index.php\/wp-json\/wp\/v2\/posts\/150581\/revisions"}],"wp:featuredmedia":[{"embeddable":true,"href":"https:\/\/tuzlainfo.ba\/index.php\/wp-json\/wp\/v2\/media\/70058"}],"wp:attachment":[{"href":"https:\/\/tuzlainfo.ba\/index.php\/wp-json\/wp\/v2\/media?parent=150581"}],"wp:term":[{"taxonomy":"category","embeddable":true,"href":"https:\/\/tuzlainfo.ba\/index.php\/wp-json\/wp\/v2\/categories?post=150581"},{"taxonomy":"post_tag","embeddable":true,"href":"https:\/\/tuzlainfo.ba\/index.php\/wp-json\/wp\/v2\/tags?post=150581"}],"curies":[{"name":"wp","href":"https:\/\/api.w.org\/{rel}","templated":true}]}}