{"id":150450,"date":"2021-10-10T16:59:20","date_gmt":"2021-10-10T14:59:20","guid":{"rendered":"https:\/\/tuzlainfo.ba\/?p=150450"},"modified":"2021-10-10T16:21:15","modified_gmt":"2021-10-10T14:21:15","slug":"neki-kazu-da-smo-vec-u-barazu-sta-zmajevima-treba-za-doigravanje-u-kvalifikacijama","status":"publish","type":"post","link":"https:\/\/tuzlainfo.ba\/index.php\/bosna-i-hercegovina\/item\/150450-neki-kazu-da-smo-vec-u-barazu-sta-zmajevima-treba-za-doigravanje-u-kvalifikacijama\/","title":{"rendered":"Neki ka\u017eu da smo ve\u0107 u bara\u017eu: \u0160ta Zmajevima treba za doigravanje u kvalifikacijama?"},"content":{"rendered":"<p>Fudbalska reprezentacija BiH nalazi se u vrlo zanimljivoj borbi za drugo mjesto sa selekcijom Ukrajine u okviru kvalifikacija za Svjetsko prvenstvo.<\/p>\n<p>Do kraja kvalifikacija na\u0161 tim \u0107e odigrati jo\u0161 tri utakmice, a postoje dva scenarija po kojima bi izabranici Ivayla Peteva mogli izboriti drugo mjesto, odnosno plasman u bara\u017e.<\/p>\n<div class=\"itemFullText\">\n<p>Pobjeda u Ukrajini bi nam ve\u0107 sada garantovala da pobjedom nad Finskom u novembru imamo sigurno drugo mjesto, a bod protiv Ukrajine zna\u010dio bi da nam je potrebno da osvojimo bod i u drugoj utakmici protiv Ukrajine, te da pobijedimo Finsku.<\/p>\n<div class=\"item__ad-center position_item_center_02_top\">\n<div id=\"div-gpt-ad-1617617300959-0\" class=\"ad--align\"><\/div>\n<\/div>\n<p>U igri smo i u slu\u010daju poraza, s tim da bismo morali pobijediti u novembru i Finsku i Ukrajinu na doma\u0107em terenu.<\/p>\n<p>Pojedini mediji danas su objavili da je reprezentacija BiH ve\u0107 osigurala bara\u017e, a to je zapravo obi\u010dna dezinformacija.<\/p>\n<p>Prema zvani\u010dnim UEFA podacima i pravilima kvalifikacija za Svjetsko prvenstvo 2022. godine, plasman na Svjetsko prvenstvo sa evropskog kontinenta ostvarit \u0107e 13 selekcija, i to na sljede\u0107i na\u010din:<\/p>\n<p>&#8211; Pobjednici 10 kvalifikacionih grupa u UEFA kvalifikacionoj regiji<\/p>\n<p>&#8211; 3 pobjednika u bara\u017eu koji \u0107e igrati 12 selekcija<\/p>\n<p>Kako \u0107e se odabrati 12 selekcija koje \u0107e igrati bara\u017e? UEFA je i to vrlo podrobno objasnila.<\/p>\n<p>10 mjesta zauzet \u0107e selekcije koje osvoje druga mjesta u svojim kvalifikacionim grupama. Preostala dva mjesta \u0107e pripasti selekcijama koje su ostvarile najbolji uspjeh u Ligi nacija, ali po specifi\u010dnim kriterijima, koji se zna\u010dajno razlikuju od kriterija primijenjenih u kvalifikacijama za Evropsko prvenstvo.<\/p>\n<p>Dakle, dva najbolje rangirana pobjednika grupa u svojim divizijama u Ligi nacija, koji se nisu plasirali na prvenstvo kroz kvalifikacije niti su osigurali drugo mjesto u svojim kvalifikacionim grupama, dobit \u0107e poziciju u bara\u017eu za Svjetsko prvenstvo.<\/p>\n<p>U obzir su, dakle, uzeti, ISKLJU\u010cIVO POBJEDNICI grupa. Bosni i Hercegovini \u010dinjenica da je igrala u Ligi A Lige nacija ne zna\u010di mnogo u ovom kontekstu, jer je zauzela posljednje mjesto u svojoj grupi.<\/p>\n<p>Ovo su selekcije koje su uop\u0161te uzete u razmatranje za bara\u017e kroz Ligu nacija:<\/p>\n<p>Francuska<br \/>\n\u0160panija<br \/>\nBelgija<br \/>\nItalija<br \/>\nVels<br \/>\nAustrija<br \/>\n\u010ce\u0161ka<br \/>\nMa\u0111arska<br \/>\nSlovenija<br \/>\nCrna Gora<br \/>\nAlbanija<br \/>\nArmenija<br \/>\nGibraltar<br \/>\nFarska Ostrva<\/p>\n<p>Francuska, \u0160panija, Belgija i Italija \u0107e skoro sigurno plasman na prvenstvo izboriti kroz kvalifikacije, a u najgorem slu\u010daju, zavr\u0161it \u0107e drugoplasirane u svojim grupama, te \u0107e i\u0107i u bara\u017e kao drugoplasirane selekcije. Vels i \u010ce\u0161ka se nalaze u direktnoj borbi za drugo mjesto u svojoj kvalifikacionoj grupi, te \u0107e obje ove selekcije biti u\u010desnici bara\u017ea, a to se mo\u017ee prognozirati ve\u0107 sa gotovo stopostotnom sigurno\u0161\u0107u. Drugo mjesto u bara\u017eu ispred Lige nacija uzet \u0107e selekcija Austrije, koja ima jako male \u0161anse da se kroz kvalifikacije probije u bara\u017e, pi\u0161e <a href=\"https:\/\/sport1.oslobodjenje.ba\/s1\/fudbal\/reprezentacija\/reprezentacija-bih-jos-nije-u-barazu-evo-i-zasto-697692\"><strong>Sport1<\/strong><\/a>.<\/p>\n<\/div>\n<div class=\"position_item_center_06_top\">\n<div id=\"div-gpt-ad-1612780139967-0\" class=\"ad--align\"><\/div>\n<\/div>\n<div class=\"position_item_center_06_bottom\"><\/div>\n<div class=\"item__fbcomments\">\n<div class=\"fb-comments fb_iframe_widget fb_iframe_widget_fluid_desktop\" data-href=\"https:\/\/www.oslobodjenje.ba\/s1\/fudbal\/reprezentacija\/reprezentacija-bih-jos-nije-u-barazu-evo-i-zasto-697692\" data-numposts=\"5\" data-mobile=\"true\" data-width=\"100%\"><\/div>\n<\/div>\n","protected":false},"excerpt":{"rendered":"<p>Fudbalska reprezentacija BiH nalazi se u vrlo zanimljivoj borbi za drugo mjesto sa selekcijom Ukrajine&hellip;<\/p>\n","protected":false},"author":2,"featured_media":150452,"comment_status":"open","ping_status":"closed","sticky":false,"template":"","format":"standard","meta":{"_acf_changed":false,"footnotes":""},"categories":[291],"tags":[2444,915],"acf":[],"yoast_head":"<!-- This site is optimized with the Yoast SEO plugin v23.5 - https:\/\/yoast.com\/wordpress\/plugins\/seo\/ -->\n<title>Neki ka\u017eu da smo ve\u0107 u bara\u017eu: \u0160ta Zmajevima treba za doigravanje u kvalifikacijama? - TuzlaInfo.ba<\/title>\n<meta name=\"robots\" content=\"index, follow, max-snippet:-1, max-image-preview:large, max-video-preview:-1\" \/>\n<link rel=\"canonical\" href=\"https:\/\/tuzlainfo.ba\/index.php\/bosna-i-hercegovina\/item\/150450-neki-kazu-da-smo-vec-u-barazu-sta-zmajevima-treba-za-doigravanje-u-kvalifikacijama\/\" \/>\n<meta property=\"og:locale\" content=\"bs_BA\" \/>\n<meta property=\"og:type\" content=\"article\" \/>\n<meta property=\"og:title\" content=\"Neki ka\u017eu da smo ve\u0107 u bara\u017eu: \u0160ta Zmajevima treba za doigravanje u kvalifikacijama? - TuzlaInfo.ba\" \/>\n<meta property=\"og:description\" content=\"Fudbalska reprezentacija BiH nalazi se u vrlo zanimljivoj borbi za drugo mjesto sa selekcijom Ukrajine&hellip;\" \/>\n<meta property=\"og:url\" content=\"https:\/\/tuzlainfo.ba\/index.php\/bosna-i-hercegovina\/item\/150450-neki-kazu-da-smo-vec-u-barazu-sta-zmajevima-treba-za-doigravanje-u-kvalifikacijama\/\" \/>\n<meta property=\"og:site_name\" content=\"TuzlaInfo.ba\" \/>\n<meta property=\"article:publisher\" content=\"https:\/\/www.facebook.com\/tuzlainfo.ba\/\" \/>\n<meta property=\"article:published_time\" content=\"2021-10-10T14:59:20+00:00\" \/>\n<meta property=\"article:modified_time\" content=\"2021-10-10T14:21:15+00:00\" \/>\n<meta property=\"og:image\" content=\"https:\/\/tuzlainfo.ba\/wp-content\/uploads\/2021\/10\/1010_dzeko_kazahstan.jpg\" \/>\n\t<meta property=\"og:image:width\" content=\"1024\" \/>\n\t<meta property=\"og:image:height\" content=\"683\" \/>\n\t<meta property=\"og:image:type\" content=\"image\/jpeg\" \/>\n<meta name=\"author\" content=\"nedim\" \/>\n<meta name=\"twitter:card\" content=\"summary_large_image\" \/>\n<meta name=\"twitter:label1\" content=\"Written by\" \/>\n\t<meta name=\"twitter:data1\" content=\"nedim\" \/>\n\t<meta name=\"twitter:label2\" content=\"Est. reading time\" \/>\n\t<meta name=\"twitter:data2\" content=\"2 minute\" \/>\n<script type=\"application\/ld+json\" class=\"yoast-schema-graph\">{\"@context\":\"https:\/\/schema.org\",\"@graph\":[{\"@type\":\"Article\",\"@id\":\"https:\/\/tuzlainfo.ba\/index.php\/bosna-i-hercegovina\/item\/150450-neki-kazu-da-smo-vec-u-barazu-sta-zmajevima-treba-za-doigravanje-u-kvalifikacijama\/#article\",\"isPartOf\":{\"@id\":\"https:\/\/tuzlainfo.ba\/index.php\/bosna-i-hercegovina\/item\/150450-neki-kazu-da-smo-vec-u-barazu-sta-zmajevima-treba-za-doigravanje-u-kvalifikacijama\/\"},\"author\":{\"name\":\"nedim\",\"@id\":\"https:\/\/tuzlainfo.ba\/#\/schema\/person\/f434e20dc27ea133923aab08451b7f7f\"},\"headline\":\"Neki ka\u017eu da smo ve\u0107 u bara\u017eu: \u0160ta Zmajevima treba za doigravanje u kvalifikacijama?\",\"datePublished\":\"2021-10-10T14:59:20+00:00\",\"dateModified\":\"2021-10-10T14:21:15+00:00\",\"mainEntityOfPage\":{\"@id\":\"https:\/\/tuzlainfo.ba\/index.php\/bosna-i-hercegovina\/item\/150450-neki-kazu-da-smo-vec-u-barazu-sta-zmajevima-treba-za-doigravanje-u-kvalifikacijama\/\"},\"wordCount\":463,\"commentCount\":0,\"publisher\":{\"@id\":\"https:\/\/tuzlainfo.ba\/#organization\"},\"image\":{\"@id\":\"https:\/\/tuzlainfo.ba\/index.php\/bosna-i-hercegovina\/item\/150450-neki-kazu-da-smo-vec-u-barazu-sta-zmajevima-treba-za-doigravanje-u-kvalifikacijama\/#primaryimage\"},\"thumbnailUrl\":\"https:\/\/tuzlainfo.ba\/wp-content\/uploads\/2021\/10\/1010_dzeko_kazahstan.jpg\",\"keywords\":[\"fudbalska reprezentacija\",\"sport\"],\"articleSection\":[\"Bosna i Hercegovina\"],\"inLanguage\":\"bs-BA\"},{\"@type\":\"WebPage\",\"@id\":\"https:\/\/tuzlainfo.ba\/index.php\/bosna-i-hercegovina\/item\/150450-neki-kazu-da-smo-vec-u-barazu-sta-zmajevima-treba-za-doigravanje-u-kvalifikacijama\/\",\"url\":\"https:\/\/tuzlainfo.ba\/index.php\/bosna-i-hercegovina\/item\/150450-neki-kazu-da-smo-vec-u-barazu-sta-zmajevima-treba-za-doigravanje-u-kvalifikacijama\/\",\"name\":\"Neki ka\u017eu da smo ve\u0107 u bara\u017eu: \u0160ta Zmajevima treba za doigravanje u kvalifikacijama? - TuzlaInfo.ba\",\"isPartOf\":{\"@id\":\"https:\/\/tuzlainfo.ba\/#website\"},\"primaryImageOfPage\":{\"@id\":\"https:\/\/tuzlainfo.ba\/index.php\/bosna-i-hercegovina\/item\/150450-neki-kazu-da-smo-vec-u-barazu-sta-zmajevima-treba-za-doigravanje-u-kvalifikacijama\/#primaryimage\"},\"image\":{\"@id\":\"https:\/\/tuzlainfo.ba\/index.php\/bosna-i-hercegovina\/item\/150450-neki-kazu-da-smo-vec-u-barazu-sta-zmajevima-treba-za-doigravanje-u-kvalifikacijama\/#primaryimage\"},\"thumbnailUrl\":\"https:\/\/tuzlainfo.ba\/wp-content\/uploads\/2021\/10\/1010_dzeko_kazahstan.jpg\",\"datePublished\":\"2021-10-10T14:59:20+00:00\",\"dateModified\":\"2021-10-10T14:21:15+00:00\",\"breadcrumb\":{\"@id\":\"https:\/\/tuzlainfo.ba\/index.php\/bosna-i-hercegovina\/item\/150450-neki-kazu-da-smo-vec-u-barazu-sta-zmajevima-treba-za-doigravanje-u-kvalifikacijama\/#breadcrumb\"},\"inLanguage\":\"bs-BA\",\"potentialAction\":[{\"@type\":\"ReadAction\",\"target\":[\"https:\/\/tuzlainfo.ba\/index.php\/bosna-i-hercegovina\/item\/150450-neki-kazu-da-smo-vec-u-barazu-sta-zmajevima-treba-za-doigravanje-u-kvalifikacijama\/\"]}]},{\"@type\":\"ImageObject\",\"inLanguage\":\"bs-BA\",\"@id\":\"https:\/\/tuzlainfo.ba\/index.php\/bosna-i-hercegovina\/item\/150450-neki-kazu-da-smo-vec-u-barazu-sta-zmajevima-treba-za-doigravanje-u-kvalifikacijama\/#primaryimage\",\"url\":\"https:\/\/tuzlainfo.ba\/wp-content\/uploads\/2021\/10\/1010_dzeko_kazahstan.jpg\",\"contentUrl\":\"https:\/\/tuzlainfo.ba\/wp-content\/uploads\/2021\/10\/1010_dzeko_kazahstan.jpg\",\"width\":1024,\"height\":683},{\"@type\":\"BreadcrumbList\",\"@id\":\"https:\/\/tuzlainfo.ba\/index.php\/bosna-i-hercegovina\/item\/150450-neki-kazu-da-smo-vec-u-barazu-sta-zmajevima-treba-za-doigravanje-u-kvalifikacijama\/#breadcrumb\",\"itemListElement\":[{\"@type\":\"ListItem\",\"position\":1,\"name\":\"Home\",\"item\":\"https:\/\/tuzlainfo.ba\/\"},{\"@type\":\"ListItem\",\"position\":2,\"name\":\"Neki ka\u017eu da smo ve\u0107 u bara\u017eu: \u0160ta Zmajevima treba za doigravanje u kvalifikacijama?\"}]},{\"@type\":\"WebSite\",\"@id\":\"https:\/\/tuzlainfo.ba\/#website\",\"url\":\"https:\/\/tuzlainfo.ba\/\",\"name\":\"TuzlaInfo.ba\",\"description\":\"Tuzla info, gradski informator - Tuzla na dlanu\",\"publisher\":{\"@id\":\"https:\/\/tuzlainfo.ba\/#organization\"},\"potentialAction\":[{\"@type\":\"SearchAction\",\"target\":{\"@type\":\"EntryPoint\",\"urlTemplate\":\"https:\/\/tuzlainfo.ba\/?s={search_term_string}\"},\"query-input\":{\"@type\":\"PropertyValueSpecification\",\"valueRequired\":true,\"valueName\":\"search_term_string\"}}],\"inLanguage\":\"bs-BA\"},{\"@type\":\"Organization\",\"@id\":\"https:\/\/tuzlainfo.ba\/#organization\",\"name\":\"TuzlaInfo.ba\",\"url\":\"https:\/\/tuzlainfo.ba\/\",\"logo\":{\"@type\":\"ImageObject\",\"inLanguage\":\"bs-BA\",\"@id\":\"https:\/\/tuzlainfo.ba\/#\/schema\/logo\/image\/\",\"url\":\"https:\/\/tuzlainfo.ba\/wp-content\/uploads\/2021\/03\/logo-ver-3-1.png\",\"contentUrl\":\"https:\/\/tuzlainfo.ba\/wp-content\/uploads\/2021\/03\/logo-ver-3-1.png\",\"width\":350,\"height\":95,\"caption\":\"TuzlaInfo.ba\"},\"image\":{\"@id\":\"https:\/\/tuzlainfo.ba\/#\/schema\/logo\/image\/\"},\"sameAs\":[\"https:\/\/www.facebook.com\/tuzlainfo.ba\/\"]},{\"@type\":\"Person\",\"@id\":\"https:\/\/tuzlainfo.ba\/#\/schema\/person\/f434e20dc27ea133923aab08451b7f7f\",\"name\":\"nedim\",\"image\":{\"@type\":\"ImageObject\",\"inLanguage\":\"bs-BA\",\"@id\":\"https:\/\/tuzlainfo.ba\/#\/schema\/person\/image\/\",\"url\":\"https:\/\/tuzlainfo.ba\/wp-content\/litespeed\/avatar\/aabad687af24844af817603ac1cbdc4f.jpg?ver=1777306975\",\"contentUrl\":\"https:\/\/tuzlainfo.ba\/wp-content\/litespeed\/avatar\/aabad687af24844af817603ac1cbdc4f.jpg?ver=1777306975\",\"caption\":\"nedim\"},\"description\":\"Tuzlainfo.ba pratite na dru\u0161tvenim mre\u017eama: Facebook, Instagram i Youtube. Svoje pri\u010de, upite i fotografije \u0161aljite na na\u0161u e-mail adresu.\"}]}<\/script>\n<!-- \/ Yoast SEO plugin. -->","yoast_head_json":{"title":"Neki ka\u017eu da smo ve\u0107 u bara\u017eu: \u0160ta Zmajevima treba za doigravanje u kvalifikacijama? - TuzlaInfo.ba","robots":{"index":"index","follow":"follow","max-snippet":"max-snippet:-1","max-image-preview":"max-image-preview:large","max-video-preview":"max-video-preview:-1"},"canonical":"https:\/\/tuzlainfo.ba\/index.php\/bosna-i-hercegovina\/item\/150450-neki-kazu-da-smo-vec-u-barazu-sta-zmajevima-treba-za-doigravanje-u-kvalifikacijama\/","og_locale":"bs_BA","og_type":"article","og_title":"Neki ka\u017eu da smo ve\u0107 u bara\u017eu: \u0160ta Zmajevima treba za doigravanje u kvalifikacijama? - TuzlaInfo.ba","og_description":"Fudbalska reprezentacija BiH nalazi se u vrlo zanimljivoj borbi za drugo mjesto sa selekcijom Ukrajine&hellip;","og_url":"https:\/\/tuzlainfo.ba\/index.php\/bosna-i-hercegovina\/item\/150450-neki-kazu-da-smo-vec-u-barazu-sta-zmajevima-treba-za-doigravanje-u-kvalifikacijama\/","og_site_name":"TuzlaInfo.ba","article_publisher":"https:\/\/www.facebook.com\/tuzlainfo.ba\/","article_published_time":"2021-10-10T14:59:20+00:00","article_modified_time":"2021-10-10T14:21:15+00:00","og_image":[{"width":1024,"height":683,"url":"https:\/\/tuzlainfo.ba\/wp-content\/uploads\/2021\/10\/1010_dzeko_kazahstan.jpg","type":"image\/jpeg"}],"author":"nedim","twitter_card":"summary_large_image","twitter_misc":{"Written by":"nedim","Est. reading time":"2 minute"},"schema":{"@context":"https:\/\/schema.org","@graph":[{"@type":"Article","@id":"https:\/\/tuzlainfo.ba\/index.php\/bosna-i-hercegovina\/item\/150450-neki-kazu-da-smo-vec-u-barazu-sta-zmajevima-treba-za-doigravanje-u-kvalifikacijama\/#article","isPartOf":{"@id":"https:\/\/tuzlainfo.ba\/index.php\/bosna-i-hercegovina\/item\/150450-neki-kazu-da-smo-vec-u-barazu-sta-zmajevima-treba-za-doigravanje-u-kvalifikacijama\/"},"author":{"name":"nedim","@id":"https:\/\/tuzlainfo.ba\/#\/schema\/person\/f434e20dc27ea133923aab08451b7f7f"},"headline":"Neki ka\u017eu da smo ve\u0107 u bara\u017eu: \u0160ta Zmajevima treba za doigravanje u kvalifikacijama?","datePublished":"2021-10-10T14:59:20+00:00","dateModified":"2021-10-10T14:21:15+00:00","mainEntityOfPage":{"@id":"https:\/\/tuzlainfo.ba\/index.php\/bosna-i-hercegovina\/item\/150450-neki-kazu-da-smo-vec-u-barazu-sta-zmajevima-treba-za-doigravanje-u-kvalifikacijama\/"},"wordCount":463,"commentCount":0,"publisher":{"@id":"https:\/\/tuzlainfo.ba\/#organization"},"image":{"@id":"https:\/\/tuzlainfo.ba\/index.php\/bosna-i-hercegovina\/item\/150450-neki-kazu-da-smo-vec-u-barazu-sta-zmajevima-treba-za-doigravanje-u-kvalifikacijama\/#primaryimage"},"thumbnailUrl":"https:\/\/tuzlainfo.ba\/wp-content\/uploads\/2021\/10\/1010_dzeko_kazahstan.jpg","keywords":["fudbalska reprezentacija","sport"],"articleSection":["Bosna i Hercegovina"],"inLanguage":"bs-BA"},{"@type":"WebPage","@id":"https:\/\/tuzlainfo.ba\/index.php\/bosna-i-hercegovina\/item\/150450-neki-kazu-da-smo-vec-u-barazu-sta-zmajevima-treba-za-doigravanje-u-kvalifikacijama\/","url":"https:\/\/tuzlainfo.ba\/index.php\/bosna-i-hercegovina\/item\/150450-neki-kazu-da-smo-vec-u-barazu-sta-zmajevima-treba-za-doigravanje-u-kvalifikacijama\/","name":"Neki ka\u017eu da smo ve\u0107 u bara\u017eu: \u0160ta Zmajevima treba za doigravanje u kvalifikacijama? - TuzlaInfo.ba","isPartOf":{"@id":"https:\/\/tuzlainfo.ba\/#website"},"primaryImageOfPage":{"@id":"https:\/\/tuzlainfo.ba\/index.php\/bosna-i-hercegovina\/item\/150450-neki-kazu-da-smo-vec-u-barazu-sta-zmajevima-treba-za-doigravanje-u-kvalifikacijama\/#primaryimage"},"image":{"@id":"https:\/\/tuzlainfo.ba\/index.php\/bosna-i-hercegovina\/item\/150450-neki-kazu-da-smo-vec-u-barazu-sta-zmajevima-treba-za-doigravanje-u-kvalifikacijama\/#primaryimage"},"thumbnailUrl":"https:\/\/tuzlainfo.ba\/wp-content\/uploads\/2021\/10\/1010_dzeko_kazahstan.jpg","datePublished":"2021-10-10T14:59:20+00:00","dateModified":"2021-10-10T14:21:15+00:00","breadcrumb":{"@id":"https:\/\/tuzlainfo.ba\/index.php\/bosna-i-hercegovina\/item\/150450-neki-kazu-da-smo-vec-u-barazu-sta-zmajevima-treba-za-doigravanje-u-kvalifikacijama\/#breadcrumb"},"inLanguage":"bs-BA","potentialAction":[{"@type":"ReadAction","target":["https:\/\/tuzlainfo.ba\/index.php\/bosna-i-hercegovina\/item\/150450-neki-kazu-da-smo-vec-u-barazu-sta-zmajevima-treba-za-doigravanje-u-kvalifikacijama\/"]}]},{"@type":"ImageObject","inLanguage":"bs-BA","@id":"https:\/\/tuzlainfo.ba\/index.php\/bosna-i-hercegovina\/item\/150450-neki-kazu-da-smo-vec-u-barazu-sta-zmajevima-treba-za-doigravanje-u-kvalifikacijama\/#primaryimage","url":"https:\/\/tuzlainfo.ba\/wp-content\/uploads\/2021\/10\/1010_dzeko_kazahstan.jpg","contentUrl":"https:\/\/tuzlainfo.ba\/wp-content\/uploads\/2021\/10\/1010_dzeko_kazahstan.jpg","width":1024,"height":683},{"@type":"BreadcrumbList","@id":"https:\/\/tuzlainfo.ba\/index.php\/bosna-i-hercegovina\/item\/150450-neki-kazu-da-smo-vec-u-barazu-sta-zmajevima-treba-za-doigravanje-u-kvalifikacijama\/#breadcrumb","itemListElement":[{"@type":"ListItem","position":1,"name":"Home","item":"https:\/\/tuzlainfo.ba\/"},{"@type":"ListItem","position":2,"name":"Neki ka\u017eu da smo ve\u0107 u bara\u017eu: \u0160ta Zmajevima treba za doigravanje u kvalifikacijama?"}]},{"@type":"WebSite","@id":"https:\/\/tuzlainfo.ba\/#website","url":"https:\/\/tuzlainfo.ba\/","name":"TuzlaInfo.ba","description":"Tuzla info, gradski informator - Tuzla na dlanu","publisher":{"@id":"https:\/\/tuzlainfo.ba\/#organization"},"potentialAction":[{"@type":"SearchAction","target":{"@type":"EntryPoint","urlTemplate":"https:\/\/tuzlainfo.ba\/?s={search_term_string}"},"query-input":{"@type":"PropertyValueSpecification","valueRequired":true,"valueName":"search_term_string"}}],"inLanguage":"bs-BA"},{"@type":"Organization","@id":"https:\/\/tuzlainfo.ba\/#organization","name":"TuzlaInfo.ba","url":"https:\/\/tuzlainfo.ba\/","logo":{"@type":"ImageObject","inLanguage":"bs-BA","@id":"https:\/\/tuzlainfo.ba\/#\/schema\/logo\/image\/","url":"https:\/\/tuzlainfo.ba\/wp-content\/uploads\/2021\/03\/logo-ver-3-1.png","contentUrl":"https:\/\/tuzlainfo.ba\/wp-content\/uploads\/2021\/03\/logo-ver-3-1.png","width":350,"height":95,"caption":"TuzlaInfo.ba"},"image":{"@id":"https:\/\/tuzlainfo.ba\/#\/schema\/logo\/image\/"},"sameAs":["https:\/\/www.facebook.com\/tuzlainfo.ba\/"]},{"@type":"Person","@id":"https:\/\/tuzlainfo.ba\/#\/schema\/person\/f434e20dc27ea133923aab08451b7f7f","name":"nedim","image":{"@type":"ImageObject","inLanguage":"bs-BA","@id":"https:\/\/tuzlainfo.ba\/#\/schema\/person\/image\/","url":"https:\/\/tuzlainfo.ba\/wp-content\/litespeed\/avatar\/aabad687af24844af817603ac1cbdc4f.jpg?ver=1777306975","contentUrl":"https:\/\/tuzlainfo.ba\/wp-content\/litespeed\/avatar\/aabad687af24844af817603ac1cbdc4f.jpg?ver=1777306975","caption":"nedim"},"description":"Tuzlainfo.ba pratite na dru\u0161tvenim mre\u017eama: Facebook, Instagram i Youtube. Svoje pri\u010de, upite i fotografije \u0161aljite na na\u0161u e-mail adresu."}]}},"_links":{"self":[{"href":"https:\/\/tuzlainfo.ba\/index.php\/wp-json\/wp\/v2\/posts\/150450"}],"collection":[{"href":"https:\/\/tuzlainfo.ba\/index.php\/wp-json\/wp\/v2\/posts"}],"about":[{"href":"https:\/\/tuzlainfo.ba\/index.php\/wp-json\/wp\/v2\/types\/post"}],"author":[{"embeddable":true,"href":"https:\/\/tuzlainfo.ba\/index.php\/wp-json\/wp\/v2\/users\/2"}],"replies":[{"embeddable":true,"href":"https:\/\/tuzlainfo.ba\/index.php\/wp-json\/wp\/v2\/comments?post=150450"}],"version-history":[{"count":0,"href":"https:\/\/tuzlainfo.ba\/index.php\/wp-json\/wp\/v2\/posts\/150450\/revisions"}],"wp:featuredmedia":[{"embeddable":true,"href":"https:\/\/tuzlainfo.ba\/index.php\/wp-json\/wp\/v2\/media\/150452"}],"wp:attachment":[{"href":"https:\/\/tuzlainfo.ba\/index.php\/wp-json\/wp\/v2\/media?parent=150450"}],"wp:term":[{"taxonomy":"category","embeddable":true,"href":"https:\/\/tuzlainfo.ba\/index.php\/wp-json\/wp\/v2\/categories?post=150450"},{"taxonomy":"post_tag","embeddable":true,"href":"https:\/\/tuzlainfo.ba\/index.php\/wp-json\/wp\/v2\/tags?post=150450"}],"curies":[{"name":"wp","href":"https:\/\/api.w.org\/{rel}","templated":true}]}}