{"id":150343,"date":"2021-10-09T08:15:13","date_gmt":"2021-10-09T06:15:13","guid":{"rendered":"https:\/\/tuzlainfo.ba\/?p=150343"},"modified":"2021-10-09T07:32:14","modified_gmt":"2021-10-09T05:32:14","slug":"beba-rodjena-na-tramvajskoj-stanici-u-sarajevu-dobila-dozivotnu-kartu-za-gradski-prevoz","status":"publish","type":"post","link":"https:\/\/tuzlainfo.ba\/index.php\/uncategorized\/item\/150343-beba-rodjena-na-tramvajskoj-stanici-u-sarajevu-dobila-dozivotnu-kartu-za-gradski-prevoz\/","title":{"rendered":"Beba ro\u0111ena na tramvajskoj stanici u Sarajevu dobila do\u017eivotnu kartu za gradski prevoz"},"content":{"rendered":"<p>\u017dena koja se nedavno porodila u automobilu na tramvajskoj stanici kod Katedrale u Sarajevu, kao i njena novoro\u0111ena k\u0107erka, dobit \u0107e do\u017eivotne karte za gradski prevoz.<\/p>\n<p>Majka \u017eene koja se porodila oglasila se na Facebooku povodom ovog doga\u0111aja te je otkrila kako se porod tako brzo desio da njena k\u0107erka i zet nisu uspjeli sti\u0107i do bolnice te je pohvalila k\u0107erkinu hrabrost i snagu.<\/p>\n<p>Pohvalila je i brzu reakciju hitne pomo\u0107i koja je na mjesto doga\u0111aja stigla za tri minuta nakon poziva te kazala da su i majka i beba zdrave i dobro.<\/p>\n<p>Otkrila je da je ministar saobra\u0107aja Kantona Sarajevo Adnan \u0160teta uputio \u010destitku hrabroj \u017eeni te je njoj i novoro\u0111enoj bebi poklonio do\u017eivotne karte za gradski prevoz, prenosi Klix.<\/p>\n<p>&nbsp;<\/p>\n<p>Gospo\u0111a je istakla kako bi htjela napraviti album fotografija za svoju unuku te je zamolila sve koji su se zatekli na tramvajskoj stanici tokom doga\u0111aja i imaju fotografije neobi\u010dnih scena &#8211; da ih proslijede.<\/p>\n","protected":false},"excerpt":{"rendered":"<p>\u017dena koja se nedavno porodila u automobilu na tramvajskoj stanici kod Katedrale u Sarajevu, kao&hellip;<\/p>\n","protected":false},"author":4,"featured_media":149824,"comment_status":"open","ping_status":"closed","sticky":false,"template":"","format":"standard","meta":{"_acf_changed":false,"footnotes":""},"categories":[291,1],"tags":[2933,2858,2859],"acf":[],"yoast_head":"<!-- This site is optimized with the Yoast SEO plugin v23.5 - https:\/\/yoast.com\/wordpress\/plugins\/seo\/ -->\n<title>Beba ro\u0111ena na tramvajskoj stanici u Sarajevu dobila do\u017eivotnu kartu za gradski prevoz - TuzlaInfo.ba<\/title>\n<meta name=\"robots\" content=\"index, follow, max-snippet:-1, max-image-preview:large, max-video-preview:-1\" \/>\n<link rel=\"canonical\" href=\"https:\/\/tuzlainfo.ba\/index.php\/uncategorized\/item\/150343-beba-rodjena-na-tramvajskoj-stanici-u-sarajevu-dobila-dozivotnu-kartu-za-gradski-prevoz\/\" \/>\n<meta property=\"og:locale\" content=\"bs_BA\" \/>\n<meta property=\"og:type\" content=\"article\" \/>\n<meta property=\"og:title\" content=\"Beba ro\u0111ena na tramvajskoj stanici u Sarajevu dobila do\u017eivotnu kartu za gradski prevoz - TuzlaInfo.ba\" \/>\n<meta property=\"og:description\" content=\"\u017dena koja se nedavno porodila u automobilu na tramvajskoj stanici kod Katedrale u Sarajevu, kao&hellip;\" \/>\n<meta property=\"og:url\" content=\"https:\/\/tuzlainfo.ba\/index.php\/uncategorized\/item\/150343-beba-rodjena-na-tramvajskoj-stanici-u-sarajevu-dobila-dozivotnu-kartu-za-gradski-prevoz\/\" \/>\n<meta property=\"og:site_name\" content=\"TuzlaInfo.ba\" \/>\n<meta property=\"article:publisher\" content=\"https:\/\/www.facebook.com\/tuzlainfo.ba\/\" \/>\n<meta property=\"article:published_time\" content=\"2021-10-09T06:15:13+00:00\" \/>\n<meta property=\"article:modified_time\" content=\"2021-10-09T05:32:14+00:00\" \/>\n<meta property=\"og:image\" content=\"https:\/\/tuzlainfo.ba\/wp-content\/uploads\/2021\/10\/0410_tramvaj.jpg\" \/>\n\t<meta property=\"og:image:width\" content=\"1000\" \/>\n\t<meta property=\"og:image:height\" content=\"750\" \/>\n\t<meta property=\"og:image:type\" content=\"image\/jpeg\" \/>\n<meta name=\"author\" content=\"Tuzla Info\" \/>\n<meta name=\"twitter:card\" content=\"summary_large_image\" \/>\n<meta name=\"twitter:label1\" content=\"Written by\" \/>\n\t<meta name=\"twitter:data1\" content=\"Tuzla Info\" \/>\n\t<meta name=\"twitter:label2\" content=\"Est. reading time\" \/>\n\t<meta name=\"twitter:data2\" content=\"1 minuta\" \/>\n<script type=\"application\/ld+json\" class=\"yoast-schema-graph\">{\"@context\":\"https:\/\/schema.org\",\"@graph\":[{\"@type\":\"Article\",\"@id\":\"https:\/\/tuzlainfo.ba\/index.php\/uncategorized\/item\/150343-beba-rodjena-na-tramvajskoj-stanici-u-sarajevu-dobila-dozivotnu-kartu-za-gradski-prevoz\/#article\",\"isPartOf\":{\"@id\":\"https:\/\/tuzlainfo.ba\/index.php\/uncategorized\/item\/150343-beba-rodjena-na-tramvajskoj-stanici-u-sarajevu-dobila-dozivotnu-kartu-za-gradski-prevoz\/\"},\"author\":{\"name\":\"Tuzla Info\",\"@id\":\"https:\/\/tuzlainfo.ba\/#\/schema\/person\/46cad4c57790cbc50781edd14870825a\"},\"headline\":\"Beba ro\u0111ena na tramvajskoj stanici u Sarajevu dobila do\u017eivotnu kartu za gradski prevoz\",\"datePublished\":\"2021-10-09T06:15:13+00:00\",\"dateModified\":\"2021-10-09T05:32:14+00:00\",\"mainEntityOfPage\":{\"@id\":\"https:\/\/tuzlainfo.ba\/index.php\/uncategorized\/item\/150343-beba-rodjena-na-tramvajskoj-stanici-u-sarajevu-dobila-dozivotnu-kartu-za-gradski-prevoz\/\"},\"wordCount\":186,\"commentCount\":0,\"publisher\":{\"@id\":\"https:\/\/tuzlainfo.ba\/#organization\"},\"image\":{\"@id\":\"https:\/\/tuzlainfo.ba\/index.php\/uncategorized\/item\/150343-beba-rodjena-na-tramvajskoj-stanici-u-sarajevu-dobila-dozivotnu-kartu-za-gradski-prevoz\/#primaryimage\"},\"thumbnailUrl\":\"https:\/\/tuzlainfo.ba\/wp-content\/uploads\/2021\/10\/0410_tramvaj.jpg\",\"keywords\":[\"beba\",\"poro\u0111aj\",\"tramvajska stanica\"],\"articleSection\":[\"Bosna i Hercegovina\",\"Uncategorized\"],\"inLanguage\":\"bs-BA\"},{\"@type\":\"WebPage\",\"@id\":\"https:\/\/tuzlainfo.ba\/index.php\/uncategorized\/item\/150343-beba-rodjena-na-tramvajskoj-stanici-u-sarajevu-dobila-dozivotnu-kartu-za-gradski-prevoz\/\",\"url\":\"https:\/\/tuzlainfo.ba\/index.php\/uncategorized\/item\/150343-beba-rodjena-na-tramvajskoj-stanici-u-sarajevu-dobila-dozivotnu-kartu-za-gradski-prevoz\/\",\"name\":\"Beba ro\u0111ena na tramvajskoj stanici u Sarajevu dobila do\u017eivotnu kartu za gradski prevoz - TuzlaInfo.ba\",\"isPartOf\":{\"@id\":\"https:\/\/tuzlainfo.ba\/#website\"},\"primaryImageOfPage\":{\"@id\":\"https:\/\/tuzlainfo.ba\/index.php\/uncategorized\/item\/150343-beba-rodjena-na-tramvajskoj-stanici-u-sarajevu-dobila-dozivotnu-kartu-za-gradski-prevoz\/#primaryimage\"},\"image\":{\"@id\":\"https:\/\/tuzlainfo.ba\/index.php\/uncategorized\/item\/150343-beba-rodjena-na-tramvajskoj-stanici-u-sarajevu-dobila-dozivotnu-kartu-za-gradski-prevoz\/#primaryimage\"},\"thumbnailUrl\":\"https:\/\/tuzlainfo.ba\/wp-content\/uploads\/2021\/10\/0410_tramvaj.jpg\",\"datePublished\":\"2021-10-09T06:15:13+00:00\",\"dateModified\":\"2021-10-09T05:32:14+00:00\",\"breadcrumb\":{\"@id\":\"https:\/\/tuzlainfo.ba\/index.php\/uncategorized\/item\/150343-beba-rodjena-na-tramvajskoj-stanici-u-sarajevu-dobila-dozivotnu-kartu-za-gradski-prevoz\/#breadcrumb\"},\"inLanguage\":\"bs-BA\",\"potentialAction\":[{\"@type\":\"ReadAction\",\"target\":[\"https:\/\/tuzlainfo.ba\/index.php\/uncategorized\/item\/150343-beba-rodjena-na-tramvajskoj-stanici-u-sarajevu-dobila-dozivotnu-kartu-za-gradski-prevoz\/\"]}]},{\"@type\":\"ImageObject\",\"inLanguage\":\"bs-BA\",\"@id\":\"https:\/\/tuzlainfo.ba\/index.php\/uncategorized\/item\/150343-beba-rodjena-na-tramvajskoj-stanici-u-sarajevu-dobila-dozivotnu-kartu-za-gradski-prevoz\/#primaryimage\",\"url\":\"https:\/\/tuzlainfo.ba\/wp-content\/uploads\/2021\/10\/0410_tramvaj.jpg\",\"contentUrl\":\"https:\/\/tuzlainfo.ba\/wp-content\/uploads\/2021\/10\/0410_tramvaj.jpg\",\"width\":1000,\"height\":750},{\"@type\":\"BreadcrumbList\",\"@id\":\"https:\/\/tuzlainfo.ba\/index.php\/uncategorized\/item\/150343-beba-rodjena-na-tramvajskoj-stanici-u-sarajevu-dobila-dozivotnu-kartu-za-gradski-prevoz\/#breadcrumb\",\"itemListElement\":[{\"@type\":\"ListItem\",\"position\":1,\"name\":\"Home\",\"item\":\"https:\/\/tuzlainfo.ba\/\"},{\"@type\":\"ListItem\",\"position\":2,\"name\":\"Beba ro\u0111ena na tramvajskoj stanici u Sarajevu dobila do\u017eivotnu kartu za gradski prevoz\"}]},{\"@type\":\"WebSite\",\"@id\":\"https:\/\/tuzlainfo.ba\/#website\",\"url\":\"https:\/\/tuzlainfo.ba\/\",\"name\":\"TuzlaInfo.ba\",\"description\":\"Tuzla info, gradski informator - Tuzla na dlanu\",\"publisher\":{\"@id\":\"https:\/\/tuzlainfo.ba\/#organization\"},\"potentialAction\":[{\"@type\":\"SearchAction\",\"target\":{\"@type\":\"EntryPoint\",\"urlTemplate\":\"https:\/\/tuzlainfo.ba\/?s={search_term_string}\"},\"query-input\":{\"@type\":\"PropertyValueSpecification\",\"valueRequired\":true,\"valueName\":\"search_term_string\"}}],\"inLanguage\":\"bs-BA\"},{\"@type\":\"Organization\",\"@id\":\"https:\/\/tuzlainfo.ba\/#organization\",\"name\":\"TuzlaInfo.ba\",\"url\":\"https:\/\/tuzlainfo.ba\/\",\"logo\":{\"@type\":\"ImageObject\",\"inLanguage\":\"bs-BA\",\"@id\":\"https:\/\/tuzlainfo.ba\/#\/schema\/logo\/image\/\",\"url\":\"https:\/\/tuzlainfo.ba\/wp-content\/uploads\/2021\/03\/logo-ver-3-1.png\",\"contentUrl\":\"https:\/\/tuzlainfo.ba\/wp-content\/uploads\/2021\/03\/logo-ver-3-1.png\",\"width\":350,\"height\":95,\"caption\":\"TuzlaInfo.ba\"},\"image\":{\"@id\":\"https:\/\/tuzlainfo.ba\/#\/schema\/logo\/image\/\"},\"sameAs\":[\"https:\/\/www.facebook.com\/tuzlainfo.ba\/\"]},{\"@type\":\"Person\",\"@id\":\"https:\/\/tuzlainfo.ba\/#\/schema\/person\/46cad4c57790cbc50781edd14870825a\",\"name\":\"Tuzla Info\",\"image\":{\"@type\":\"ImageObject\",\"inLanguage\":\"bs-BA\",\"@id\":\"https:\/\/tuzlainfo.ba\/#\/schema\/person\/image\/\",\"url\":\"https:\/\/tuzlainfo.ba\/wp-content\/litespeed\/avatar\/b6c453a6c38e3654f2e4416c643fc25c.jpg?ver=1777051911\",\"contentUrl\":\"https:\/\/tuzlainfo.ba\/wp-content\/litespeed\/avatar\/b6c453a6c38e3654f2e4416c643fc25c.jpg?ver=1777051911\",\"caption\":\"Tuzla Info\"}}]}<\/script>\n<!-- \/ Yoast SEO plugin. -->","yoast_head_json":{"title":"Beba ro\u0111ena na tramvajskoj stanici u Sarajevu dobila do\u017eivotnu kartu za gradski prevoz - TuzlaInfo.ba","robots":{"index":"index","follow":"follow","max-snippet":"max-snippet:-1","max-image-preview":"max-image-preview:large","max-video-preview":"max-video-preview:-1"},"canonical":"https:\/\/tuzlainfo.ba\/index.php\/uncategorized\/item\/150343-beba-rodjena-na-tramvajskoj-stanici-u-sarajevu-dobila-dozivotnu-kartu-za-gradski-prevoz\/","og_locale":"bs_BA","og_type":"article","og_title":"Beba ro\u0111ena na tramvajskoj stanici u Sarajevu dobila do\u017eivotnu kartu za gradski prevoz - TuzlaInfo.ba","og_description":"\u017dena koja se nedavno porodila u automobilu na tramvajskoj stanici kod Katedrale u Sarajevu, kao&hellip;","og_url":"https:\/\/tuzlainfo.ba\/index.php\/uncategorized\/item\/150343-beba-rodjena-na-tramvajskoj-stanici-u-sarajevu-dobila-dozivotnu-kartu-za-gradski-prevoz\/","og_site_name":"TuzlaInfo.ba","article_publisher":"https:\/\/www.facebook.com\/tuzlainfo.ba\/","article_published_time":"2021-10-09T06:15:13+00:00","article_modified_time":"2021-10-09T05:32:14+00:00","og_image":[{"width":1000,"height":750,"url":"https:\/\/tuzlainfo.ba\/wp-content\/uploads\/2021\/10\/0410_tramvaj.jpg","type":"image\/jpeg"}],"author":"Tuzla Info","twitter_card":"summary_large_image","twitter_misc":{"Written by":"Tuzla Info","Est. reading time":"1 minuta"},"schema":{"@context":"https:\/\/schema.org","@graph":[{"@type":"Article","@id":"https:\/\/tuzlainfo.ba\/index.php\/uncategorized\/item\/150343-beba-rodjena-na-tramvajskoj-stanici-u-sarajevu-dobila-dozivotnu-kartu-za-gradski-prevoz\/#article","isPartOf":{"@id":"https:\/\/tuzlainfo.ba\/index.php\/uncategorized\/item\/150343-beba-rodjena-na-tramvajskoj-stanici-u-sarajevu-dobila-dozivotnu-kartu-za-gradski-prevoz\/"},"author":{"name":"Tuzla Info","@id":"https:\/\/tuzlainfo.ba\/#\/schema\/person\/46cad4c57790cbc50781edd14870825a"},"headline":"Beba ro\u0111ena na tramvajskoj stanici u Sarajevu dobila do\u017eivotnu kartu za gradski prevoz","datePublished":"2021-10-09T06:15:13+00:00","dateModified":"2021-10-09T05:32:14+00:00","mainEntityOfPage":{"@id":"https:\/\/tuzlainfo.ba\/index.php\/uncategorized\/item\/150343-beba-rodjena-na-tramvajskoj-stanici-u-sarajevu-dobila-dozivotnu-kartu-za-gradski-prevoz\/"},"wordCount":186,"commentCount":0,"publisher":{"@id":"https:\/\/tuzlainfo.ba\/#organization"},"image":{"@id":"https:\/\/tuzlainfo.ba\/index.php\/uncategorized\/item\/150343-beba-rodjena-na-tramvajskoj-stanici-u-sarajevu-dobila-dozivotnu-kartu-za-gradski-prevoz\/#primaryimage"},"thumbnailUrl":"https:\/\/tuzlainfo.ba\/wp-content\/uploads\/2021\/10\/0410_tramvaj.jpg","keywords":["beba","poro\u0111aj","tramvajska stanica"],"articleSection":["Bosna i Hercegovina","Uncategorized"],"inLanguage":"bs-BA"},{"@type":"WebPage","@id":"https:\/\/tuzlainfo.ba\/index.php\/uncategorized\/item\/150343-beba-rodjena-na-tramvajskoj-stanici-u-sarajevu-dobila-dozivotnu-kartu-za-gradski-prevoz\/","url":"https:\/\/tuzlainfo.ba\/index.php\/uncategorized\/item\/150343-beba-rodjena-na-tramvajskoj-stanici-u-sarajevu-dobila-dozivotnu-kartu-za-gradski-prevoz\/","name":"Beba ro\u0111ena na tramvajskoj stanici u Sarajevu dobila do\u017eivotnu kartu za gradski prevoz - TuzlaInfo.ba","isPartOf":{"@id":"https:\/\/tuzlainfo.ba\/#website"},"primaryImageOfPage":{"@id":"https:\/\/tuzlainfo.ba\/index.php\/uncategorized\/item\/150343-beba-rodjena-na-tramvajskoj-stanici-u-sarajevu-dobila-dozivotnu-kartu-za-gradski-prevoz\/#primaryimage"},"image":{"@id":"https:\/\/tuzlainfo.ba\/index.php\/uncategorized\/item\/150343-beba-rodjena-na-tramvajskoj-stanici-u-sarajevu-dobila-dozivotnu-kartu-za-gradski-prevoz\/#primaryimage"},"thumbnailUrl":"https:\/\/tuzlainfo.ba\/wp-content\/uploads\/2021\/10\/0410_tramvaj.jpg","datePublished":"2021-10-09T06:15:13+00:00","dateModified":"2021-10-09T05:32:14+00:00","breadcrumb":{"@id":"https:\/\/tuzlainfo.ba\/index.php\/uncategorized\/item\/150343-beba-rodjena-na-tramvajskoj-stanici-u-sarajevu-dobila-dozivotnu-kartu-za-gradski-prevoz\/#breadcrumb"},"inLanguage":"bs-BA","potentialAction":[{"@type":"ReadAction","target":["https:\/\/tuzlainfo.ba\/index.php\/uncategorized\/item\/150343-beba-rodjena-na-tramvajskoj-stanici-u-sarajevu-dobila-dozivotnu-kartu-za-gradski-prevoz\/"]}]},{"@type":"ImageObject","inLanguage":"bs-BA","@id":"https:\/\/tuzlainfo.ba\/index.php\/uncategorized\/item\/150343-beba-rodjena-na-tramvajskoj-stanici-u-sarajevu-dobila-dozivotnu-kartu-za-gradski-prevoz\/#primaryimage","url":"https:\/\/tuzlainfo.ba\/wp-content\/uploads\/2021\/10\/0410_tramvaj.jpg","contentUrl":"https:\/\/tuzlainfo.ba\/wp-content\/uploads\/2021\/10\/0410_tramvaj.jpg","width":1000,"height":750},{"@type":"BreadcrumbList","@id":"https:\/\/tuzlainfo.ba\/index.php\/uncategorized\/item\/150343-beba-rodjena-na-tramvajskoj-stanici-u-sarajevu-dobila-dozivotnu-kartu-za-gradski-prevoz\/#breadcrumb","itemListElement":[{"@type":"ListItem","position":1,"name":"Home","item":"https:\/\/tuzlainfo.ba\/"},{"@type":"ListItem","position":2,"name":"Beba ro\u0111ena na tramvajskoj stanici u Sarajevu dobila do\u017eivotnu kartu za gradski prevoz"}]},{"@type":"WebSite","@id":"https:\/\/tuzlainfo.ba\/#website","url":"https:\/\/tuzlainfo.ba\/","name":"TuzlaInfo.ba","description":"Tuzla info, gradski informator - Tuzla na dlanu","publisher":{"@id":"https:\/\/tuzlainfo.ba\/#organization"},"potentialAction":[{"@type":"SearchAction","target":{"@type":"EntryPoint","urlTemplate":"https:\/\/tuzlainfo.ba\/?s={search_term_string}"},"query-input":{"@type":"PropertyValueSpecification","valueRequired":true,"valueName":"search_term_string"}}],"inLanguage":"bs-BA"},{"@type":"Organization","@id":"https:\/\/tuzlainfo.ba\/#organization","name":"TuzlaInfo.ba","url":"https:\/\/tuzlainfo.ba\/","logo":{"@type":"ImageObject","inLanguage":"bs-BA","@id":"https:\/\/tuzlainfo.ba\/#\/schema\/logo\/image\/","url":"https:\/\/tuzlainfo.ba\/wp-content\/uploads\/2021\/03\/logo-ver-3-1.png","contentUrl":"https:\/\/tuzlainfo.ba\/wp-content\/uploads\/2021\/03\/logo-ver-3-1.png","width":350,"height":95,"caption":"TuzlaInfo.ba"},"image":{"@id":"https:\/\/tuzlainfo.ba\/#\/schema\/logo\/image\/"},"sameAs":["https:\/\/www.facebook.com\/tuzlainfo.ba\/"]},{"@type":"Person","@id":"https:\/\/tuzlainfo.ba\/#\/schema\/person\/46cad4c57790cbc50781edd14870825a","name":"Tuzla Info","image":{"@type":"ImageObject","inLanguage":"bs-BA","@id":"https:\/\/tuzlainfo.ba\/#\/schema\/person\/image\/","url":"https:\/\/tuzlainfo.ba\/wp-content\/litespeed\/avatar\/b6c453a6c38e3654f2e4416c643fc25c.jpg?ver=1777051911","contentUrl":"https:\/\/tuzlainfo.ba\/wp-content\/litespeed\/avatar\/b6c453a6c38e3654f2e4416c643fc25c.jpg?ver=1777051911","caption":"Tuzla Info"}}]}},"_links":{"self":[{"href":"https:\/\/tuzlainfo.ba\/index.php\/wp-json\/wp\/v2\/posts\/150343"}],"collection":[{"href":"https:\/\/tuzlainfo.ba\/index.php\/wp-json\/wp\/v2\/posts"}],"about":[{"href":"https:\/\/tuzlainfo.ba\/index.php\/wp-json\/wp\/v2\/types\/post"}],"author":[{"embeddable":true,"href":"https:\/\/tuzlainfo.ba\/index.php\/wp-json\/wp\/v2\/users\/4"}],"replies":[{"embeddable":true,"href":"https:\/\/tuzlainfo.ba\/index.php\/wp-json\/wp\/v2\/comments?post=150343"}],"version-history":[{"count":0,"href":"https:\/\/tuzlainfo.ba\/index.php\/wp-json\/wp\/v2\/posts\/150343\/revisions"}],"wp:featuredmedia":[{"embeddable":true,"href":"https:\/\/tuzlainfo.ba\/index.php\/wp-json\/wp\/v2\/media\/149824"}],"wp:attachment":[{"href":"https:\/\/tuzlainfo.ba\/index.php\/wp-json\/wp\/v2\/media?parent=150343"}],"wp:term":[{"taxonomy":"category","embeddable":true,"href":"https:\/\/tuzlainfo.ba\/index.php\/wp-json\/wp\/v2\/categories?post=150343"},{"taxonomy":"post_tag","embeddable":true,"href":"https:\/\/tuzlainfo.ba\/index.php\/wp-json\/wp\/v2\/tags?post=150343"}],"curies":[{"name":"wp","href":"https:\/\/api.w.org\/{rel}","templated":true}]}}