{"id":150258,"date":"2021-10-08T19:00:34","date_gmt":"2021-10-08T17:00:34","guid":{"rendered":"https:\/\/tuzlainfo.ba\/?p=150258"},"modified":"2021-10-08T20:33:51","modified_gmt":"2021-10-08T18:33:51","slug":"ukc-tuzla-pocela-peta-postdiplomska-skola-ultrazvucne-dijagnostike-vrata","status":"publish","type":"post","link":"https:\/\/tuzlainfo.ba\/index.php\/novosti\/item\/150258-ukc-tuzla-pocela-peta-postdiplomska-skola-ultrazvucne-dijagnostike-vrata\/","title":{"rendered":"UKC Tuzla: Po\u010dela peta postdiplomska \u0161kola ultrazvu\u010dne dijagnostike vrata"},"content":{"rendered":"<p>U organizaciji JZU UKC Tuzla i Ljekarske komore Tuzlanskog kantona u periodu od 8. do 15. oktobra 2021. godine, u prostorijama Univerzitetskog klini\u010dkog centru Tuzla, odr\u017eat \u0107e se peta postdiplomska \u0161kola ultrazvu\u010dne dijagnostike vrata.<\/p>\n<p>Voditelj \u0161kole je prim. mr. sc. Izi\u0107 dr. Belkisa, specijalista nuklearne medicine, a predava\u010di su specijalisti iz oblasti nuklearne medicine sa dugogodi\u0161njim iskustvom u oblasti ultrasonografije.<\/p>\n<p>Petnaest polaznika \u0161kole pro\u0107i \u0107e teorijsku, a potom i prakti\u010dnu obuku, nakon \u010dega \u0107e biti osposobljeni za samostalni rad.<\/p>\n<p>Cilj organizatora \u0161kole ultrazvu\u010dne dijagnostike vrata je da se osavremeni i pobolj\u0161a nivo ultrasonografije, kao i da se omogu\u0107i kvalitetnija edukacija ljekara.<\/p>\n<p>Prema rije\u010dima pomo\u0107nika direktora za nastavu i nau\u010dnoistra\u017eiva\u010dki rad, akademika, prof. dr. \u0160efika Hasuki\u0107a, plan Sektora za nau\u010dnoistra\u017eiva\u010dki rad i stru\u010dno usavr\u0161avanje UKC Tuzla je da pokrene \u0161to vi\u0161e te\u010daja i drugih vidova edukacije koji su za vrijeme pandemije bili u zastoju.<br \/>\n\u201cCilj nam je intenzivirati saradnju sa Ljekarskom komorom Tuzlanskog kantona i pove\u0107ati broj edukacija. Pored te\u010daja ultrazvuka vrata koji zapo\u010dinje danas nedavno je uspje\u0161no zavr\u0161en te\u010daj ultrazvuka abdomena, a u zavr\u0161noj fazi je i priprema te\u010daja iz elektromiografije\u201d, kazao je u svom obra\u0107anju prof. dr. Hasuki\u0107.<\/p>\n<p>Voditelj \u0161kole prim. mr. med. sc. Izi\u0107 dr. Belkisa je istakla da se u posljednje vrijeme javlja sve ve\u0107i broj pacijenata sa oboljenjima \u0161titne \u017elijezde te da je od izuzetnog zna\u010daja da ljekari primarne zdravstvene za\u0161tite budu upu\u0107eni u problematiku ovog oboljenja. \u201cSve bolesti koje ne zahtjevaju tretman specijaliste nuklearne medicine mogu se tretirati na nivou domova zdravlja, s toga je jako bitna kontinuirana medicinska edukacija\u201d, rekla je dr. Izi\u0107.<\/p>\n","protected":false},"excerpt":{"rendered":"<p>U organizaciji JZU UKC Tuzla i Ljekarske komore Tuzlanskog kantona u periodu od 8. do&hellip;<\/p>\n","protected":false},"author":4,"featured_media":150263,"comment_status":"open","ping_status":"closed","sticky":false,"template":"","format":"standard","meta":{"_acf_changed":false,"footnotes":""},"categories":[12],"tags":[2924,458],"acf":[],"yoast_head":"<!-- This site is optimized with the Yoast SEO plugin v23.5 - https:\/\/yoast.com\/wordpress\/plugins\/seo\/ -->\n<title>UKC Tuzla: Po\u010dela peta postdiplomska \u0161kola ultrazvu\u010dne dijagnostike vrata - TuzlaInfo.ba<\/title>\n<meta name=\"robots\" content=\"index, follow, max-snippet:-1, max-image-preview:large, max-video-preview:-1\" \/>\n<link rel=\"canonical\" href=\"https:\/\/tuzlainfo.ba\/index.php\/novosti\/item\/150258-ukc-tuzla-pocela-peta-postdiplomska-skola-ultrazvucne-dijagnostike-vrata\/\" \/>\n<meta property=\"og:locale\" content=\"bs_BA\" \/>\n<meta property=\"og:type\" content=\"article\" \/>\n<meta property=\"og:title\" content=\"UKC Tuzla: Po\u010dela peta postdiplomska \u0161kola ultrazvu\u010dne dijagnostike vrata - TuzlaInfo.ba\" \/>\n<meta property=\"og:description\" content=\"U organizaciji JZU UKC Tuzla i Ljekarske komore Tuzlanskog kantona u periodu od 8. do&hellip;\" \/>\n<meta property=\"og:url\" content=\"https:\/\/tuzlainfo.ba\/index.php\/novosti\/item\/150258-ukc-tuzla-pocela-peta-postdiplomska-skola-ultrazvucne-dijagnostike-vrata\/\" \/>\n<meta property=\"og:site_name\" content=\"TuzlaInfo.ba\" \/>\n<meta property=\"article:publisher\" content=\"https:\/\/www.facebook.com\/tuzlainfo.ba\/\" \/>\n<meta property=\"article:published_time\" content=\"2021-10-08T17:00:34+00:00\" \/>\n<meta property=\"article:modified_time\" content=\"2021-10-08T18:33:51+00:00\" \/>\n<meta property=\"og:image\" content=\"https:\/\/tuzlainfo.ba\/wp-content\/uploads\/2021\/10\/Tecaj-UZ-vrata8102021-1-848x400-1-696x328-1.jpg\" \/>\n\t<meta property=\"og:image:width\" content=\"770\" \/>\n\t<meta property=\"og:image:height\" content=\"362\" \/>\n\t<meta property=\"og:image:type\" content=\"image\/jpeg\" \/>\n<meta name=\"author\" content=\"Tuzla Info\" \/>\n<meta name=\"twitter:card\" content=\"summary_large_image\" \/>\n<meta name=\"twitter:label1\" content=\"Written by\" \/>\n\t<meta name=\"twitter:data1\" content=\"Tuzla Info\" \/>\n\t<meta name=\"twitter:label2\" content=\"Est. reading time\" \/>\n\t<meta name=\"twitter:data2\" content=\"1 minuta\" \/>\n<script type=\"application\/ld+json\" class=\"yoast-schema-graph\">{\"@context\":\"https:\/\/schema.org\",\"@graph\":[{\"@type\":\"Article\",\"@id\":\"https:\/\/tuzlainfo.ba\/index.php\/novosti\/item\/150258-ukc-tuzla-pocela-peta-postdiplomska-skola-ultrazvucne-dijagnostike-vrata\/#article\",\"isPartOf\":{\"@id\":\"https:\/\/tuzlainfo.ba\/index.php\/novosti\/item\/150258-ukc-tuzla-pocela-peta-postdiplomska-skola-ultrazvucne-dijagnostike-vrata\/\"},\"author\":{\"name\":\"Tuzla Info\",\"@id\":\"https:\/\/tuzlainfo.ba\/#\/schema\/person\/46cad4c57790cbc50781edd14870825a\"},\"headline\":\"UKC Tuzla: Po\u010dela peta postdiplomska \u0161kola ultrazvu\u010dne dijagnostike vrata\",\"datePublished\":\"2021-10-08T17:00:34+00:00\",\"dateModified\":\"2021-10-08T18:33:51+00:00\",\"mainEntityOfPage\":{\"@id\":\"https:\/\/tuzlainfo.ba\/index.php\/novosti\/item\/150258-ukc-tuzla-pocela-peta-postdiplomska-skola-ultrazvucne-dijagnostike-vrata\/\"},\"wordCount\":303,\"commentCount\":0,\"publisher\":{\"@id\":\"https:\/\/tuzlainfo.ba\/#organization\"},\"image\":{\"@id\":\"https:\/\/tuzlainfo.ba\/index.php\/novosti\/item\/150258-ukc-tuzla-pocela-peta-postdiplomska-skola-ultrazvucne-dijagnostike-vrata\/#primaryimage\"},\"thumbnailUrl\":\"https:\/\/tuzlainfo.ba\/wp-content\/uploads\/2021\/10\/Tecaj-UZ-vrata8102021-1-848x400-1-696x328-1.jpg\",\"keywords\":[\"\u0161kola ultrazvu\u010dne dijagnostike\",\"ukc tuzla\"],\"articleSection\":[\"Novosti\"],\"inLanguage\":\"bs-BA\"},{\"@type\":\"WebPage\",\"@id\":\"https:\/\/tuzlainfo.ba\/index.php\/novosti\/item\/150258-ukc-tuzla-pocela-peta-postdiplomska-skola-ultrazvucne-dijagnostike-vrata\/\",\"url\":\"https:\/\/tuzlainfo.ba\/index.php\/novosti\/item\/150258-ukc-tuzla-pocela-peta-postdiplomska-skola-ultrazvucne-dijagnostike-vrata\/\",\"name\":\"UKC Tuzla: Po\u010dela peta postdiplomska \u0161kola ultrazvu\u010dne dijagnostike vrata - TuzlaInfo.ba\",\"isPartOf\":{\"@id\":\"https:\/\/tuzlainfo.ba\/#website\"},\"primaryImageOfPage\":{\"@id\":\"https:\/\/tuzlainfo.ba\/index.php\/novosti\/item\/150258-ukc-tuzla-pocela-peta-postdiplomska-skola-ultrazvucne-dijagnostike-vrata\/#primaryimage\"},\"image\":{\"@id\":\"https:\/\/tuzlainfo.ba\/index.php\/novosti\/item\/150258-ukc-tuzla-pocela-peta-postdiplomska-skola-ultrazvucne-dijagnostike-vrata\/#primaryimage\"},\"thumbnailUrl\":\"https:\/\/tuzlainfo.ba\/wp-content\/uploads\/2021\/10\/Tecaj-UZ-vrata8102021-1-848x400-1-696x328-1.jpg\",\"datePublished\":\"2021-10-08T17:00:34+00:00\",\"dateModified\":\"2021-10-08T18:33:51+00:00\",\"breadcrumb\":{\"@id\":\"https:\/\/tuzlainfo.ba\/index.php\/novosti\/item\/150258-ukc-tuzla-pocela-peta-postdiplomska-skola-ultrazvucne-dijagnostike-vrata\/#breadcrumb\"},\"inLanguage\":\"bs-BA\",\"potentialAction\":[{\"@type\":\"ReadAction\",\"target\":[\"https:\/\/tuzlainfo.ba\/index.php\/novosti\/item\/150258-ukc-tuzla-pocela-peta-postdiplomska-skola-ultrazvucne-dijagnostike-vrata\/\"]}]},{\"@type\":\"ImageObject\",\"inLanguage\":\"bs-BA\",\"@id\":\"https:\/\/tuzlainfo.ba\/index.php\/novosti\/item\/150258-ukc-tuzla-pocela-peta-postdiplomska-skola-ultrazvucne-dijagnostike-vrata\/#primaryimage\",\"url\":\"https:\/\/tuzlainfo.ba\/wp-content\/uploads\/2021\/10\/Tecaj-UZ-vrata8102021-1-848x400-1-696x328-1.jpg\",\"contentUrl\":\"https:\/\/tuzlainfo.ba\/wp-content\/uploads\/2021\/10\/Tecaj-UZ-vrata8102021-1-848x400-1-696x328-1.jpg\",\"width\":770,\"height\":362},{\"@type\":\"BreadcrumbList\",\"@id\":\"https:\/\/tuzlainfo.ba\/index.php\/novosti\/item\/150258-ukc-tuzla-pocela-peta-postdiplomska-skola-ultrazvucne-dijagnostike-vrata\/#breadcrumb\",\"itemListElement\":[{\"@type\":\"ListItem\",\"position\":1,\"name\":\"Home\",\"item\":\"https:\/\/tuzlainfo.ba\/\"},{\"@type\":\"ListItem\",\"position\":2,\"name\":\"UKC Tuzla: Po\u010dela peta postdiplomska \u0161kola ultrazvu\u010dne dijagnostike vrata\"}]},{\"@type\":\"WebSite\",\"@id\":\"https:\/\/tuzlainfo.ba\/#website\",\"url\":\"https:\/\/tuzlainfo.ba\/\",\"name\":\"TuzlaInfo.ba\",\"description\":\"Tuzla info, gradski informator - Tuzla na dlanu\",\"publisher\":{\"@id\":\"https:\/\/tuzlainfo.ba\/#organization\"},\"potentialAction\":[{\"@type\":\"SearchAction\",\"target\":{\"@type\":\"EntryPoint\",\"urlTemplate\":\"https:\/\/tuzlainfo.ba\/?s={search_term_string}\"},\"query-input\":{\"@type\":\"PropertyValueSpecification\",\"valueRequired\":true,\"valueName\":\"search_term_string\"}}],\"inLanguage\":\"bs-BA\"},{\"@type\":\"Organization\",\"@id\":\"https:\/\/tuzlainfo.ba\/#organization\",\"name\":\"TuzlaInfo.ba\",\"url\":\"https:\/\/tuzlainfo.ba\/\",\"logo\":{\"@type\":\"ImageObject\",\"inLanguage\":\"bs-BA\",\"@id\":\"https:\/\/tuzlainfo.ba\/#\/schema\/logo\/image\/\",\"url\":\"https:\/\/tuzlainfo.ba\/wp-content\/uploads\/2021\/03\/logo-ver-3-1.png\",\"contentUrl\":\"https:\/\/tuzlainfo.ba\/wp-content\/uploads\/2021\/03\/logo-ver-3-1.png\",\"width\":350,\"height\":95,\"caption\":\"TuzlaInfo.ba\"},\"image\":{\"@id\":\"https:\/\/tuzlainfo.ba\/#\/schema\/logo\/image\/\"},\"sameAs\":[\"https:\/\/www.facebook.com\/tuzlainfo.ba\/\"]},{\"@type\":\"Person\",\"@id\":\"https:\/\/tuzlainfo.ba\/#\/schema\/person\/46cad4c57790cbc50781edd14870825a\",\"name\":\"Tuzla Info\",\"image\":{\"@type\":\"ImageObject\",\"inLanguage\":\"bs-BA\",\"@id\":\"https:\/\/tuzlainfo.ba\/#\/schema\/person\/image\/\",\"url\":\"https:\/\/tuzlainfo.ba\/wp-content\/litespeed\/avatar\/b6c453a6c38e3654f2e4416c643fc25c.jpg?ver=1777051911\",\"contentUrl\":\"https:\/\/tuzlainfo.ba\/wp-content\/litespeed\/avatar\/b6c453a6c38e3654f2e4416c643fc25c.jpg?ver=1777051911\",\"caption\":\"Tuzla Info\"}}]}<\/script>\n<!-- \/ Yoast SEO plugin. -->","yoast_head_json":{"title":"UKC Tuzla: Po\u010dela peta postdiplomska \u0161kola ultrazvu\u010dne dijagnostike vrata - TuzlaInfo.ba","robots":{"index":"index","follow":"follow","max-snippet":"max-snippet:-1","max-image-preview":"max-image-preview:large","max-video-preview":"max-video-preview:-1"},"canonical":"https:\/\/tuzlainfo.ba\/index.php\/novosti\/item\/150258-ukc-tuzla-pocela-peta-postdiplomska-skola-ultrazvucne-dijagnostike-vrata\/","og_locale":"bs_BA","og_type":"article","og_title":"UKC Tuzla: Po\u010dela peta postdiplomska \u0161kola ultrazvu\u010dne dijagnostike vrata - TuzlaInfo.ba","og_description":"U organizaciji JZU UKC Tuzla i Ljekarske komore Tuzlanskog kantona u periodu od 8. do&hellip;","og_url":"https:\/\/tuzlainfo.ba\/index.php\/novosti\/item\/150258-ukc-tuzla-pocela-peta-postdiplomska-skola-ultrazvucne-dijagnostike-vrata\/","og_site_name":"TuzlaInfo.ba","article_publisher":"https:\/\/www.facebook.com\/tuzlainfo.ba\/","article_published_time":"2021-10-08T17:00:34+00:00","article_modified_time":"2021-10-08T18:33:51+00:00","og_image":[{"width":770,"height":362,"url":"https:\/\/tuzlainfo.ba\/wp-content\/uploads\/2021\/10\/Tecaj-UZ-vrata8102021-1-848x400-1-696x328-1.jpg","type":"image\/jpeg"}],"author":"Tuzla Info","twitter_card":"summary_large_image","twitter_misc":{"Written by":"Tuzla Info","Est. reading time":"1 minuta"},"schema":{"@context":"https:\/\/schema.org","@graph":[{"@type":"Article","@id":"https:\/\/tuzlainfo.ba\/index.php\/novosti\/item\/150258-ukc-tuzla-pocela-peta-postdiplomska-skola-ultrazvucne-dijagnostike-vrata\/#article","isPartOf":{"@id":"https:\/\/tuzlainfo.ba\/index.php\/novosti\/item\/150258-ukc-tuzla-pocela-peta-postdiplomska-skola-ultrazvucne-dijagnostike-vrata\/"},"author":{"name":"Tuzla Info","@id":"https:\/\/tuzlainfo.ba\/#\/schema\/person\/46cad4c57790cbc50781edd14870825a"},"headline":"UKC Tuzla: Po\u010dela peta postdiplomska \u0161kola ultrazvu\u010dne dijagnostike vrata","datePublished":"2021-10-08T17:00:34+00:00","dateModified":"2021-10-08T18:33:51+00:00","mainEntityOfPage":{"@id":"https:\/\/tuzlainfo.ba\/index.php\/novosti\/item\/150258-ukc-tuzla-pocela-peta-postdiplomska-skola-ultrazvucne-dijagnostike-vrata\/"},"wordCount":303,"commentCount":0,"publisher":{"@id":"https:\/\/tuzlainfo.ba\/#organization"},"image":{"@id":"https:\/\/tuzlainfo.ba\/index.php\/novosti\/item\/150258-ukc-tuzla-pocela-peta-postdiplomska-skola-ultrazvucne-dijagnostike-vrata\/#primaryimage"},"thumbnailUrl":"https:\/\/tuzlainfo.ba\/wp-content\/uploads\/2021\/10\/Tecaj-UZ-vrata8102021-1-848x400-1-696x328-1.jpg","keywords":["\u0161kola ultrazvu\u010dne dijagnostike","ukc tuzla"],"articleSection":["Novosti"],"inLanguage":"bs-BA"},{"@type":"WebPage","@id":"https:\/\/tuzlainfo.ba\/index.php\/novosti\/item\/150258-ukc-tuzla-pocela-peta-postdiplomska-skola-ultrazvucne-dijagnostike-vrata\/","url":"https:\/\/tuzlainfo.ba\/index.php\/novosti\/item\/150258-ukc-tuzla-pocela-peta-postdiplomska-skola-ultrazvucne-dijagnostike-vrata\/","name":"UKC Tuzla: Po\u010dela peta postdiplomska \u0161kola ultrazvu\u010dne dijagnostike vrata - TuzlaInfo.ba","isPartOf":{"@id":"https:\/\/tuzlainfo.ba\/#website"},"primaryImageOfPage":{"@id":"https:\/\/tuzlainfo.ba\/index.php\/novosti\/item\/150258-ukc-tuzla-pocela-peta-postdiplomska-skola-ultrazvucne-dijagnostike-vrata\/#primaryimage"},"image":{"@id":"https:\/\/tuzlainfo.ba\/index.php\/novosti\/item\/150258-ukc-tuzla-pocela-peta-postdiplomska-skola-ultrazvucne-dijagnostike-vrata\/#primaryimage"},"thumbnailUrl":"https:\/\/tuzlainfo.ba\/wp-content\/uploads\/2021\/10\/Tecaj-UZ-vrata8102021-1-848x400-1-696x328-1.jpg","datePublished":"2021-10-08T17:00:34+00:00","dateModified":"2021-10-08T18:33:51+00:00","breadcrumb":{"@id":"https:\/\/tuzlainfo.ba\/index.php\/novosti\/item\/150258-ukc-tuzla-pocela-peta-postdiplomska-skola-ultrazvucne-dijagnostike-vrata\/#breadcrumb"},"inLanguage":"bs-BA","potentialAction":[{"@type":"ReadAction","target":["https:\/\/tuzlainfo.ba\/index.php\/novosti\/item\/150258-ukc-tuzla-pocela-peta-postdiplomska-skola-ultrazvucne-dijagnostike-vrata\/"]}]},{"@type":"ImageObject","inLanguage":"bs-BA","@id":"https:\/\/tuzlainfo.ba\/index.php\/novosti\/item\/150258-ukc-tuzla-pocela-peta-postdiplomska-skola-ultrazvucne-dijagnostike-vrata\/#primaryimage","url":"https:\/\/tuzlainfo.ba\/wp-content\/uploads\/2021\/10\/Tecaj-UZ-vrata8102021-1-848x400-1-696x328-1.jpg","contentUrl":"https:\/\/tuzlainfo.ba\/wp-content\/uploads\/2021\/10\/Tecaj-UZ-vrata8102021-1-848x400-1-696x328-1.jpg","width":770,"height":362},{"@type":"BreadcrumbList","@id":"https:\/\/tuzlainfo.ba\/index.php\/novosti\/item\/150258-ukc-tuzla-pocela-peta-postdiplomska-skola-ultrazvucne-dijagnostike-vrata\/#breadcrumb","itemListElement":[{"@type":"ListItem","position":1,"name":"Home","item":"https:\/\/tuzlainfo.ba\/"},{"@type":"ListItem","position":2,"name":"UKC Tuzla: Po\u010dela peta postdiplomska \u0161kola ultrazvu\u010dne dijagnostike vrata"}]},{"@type":"WebSite","@id":"https:\/\/tuzlainfo.ba\/#website","url":"https:\/\/tuzlainfo.ba\/","name":"TuzlaInfo.ba","description":"Tuzla info, gradski informator - Tuzla na dlanu","publisher":{"@id":"https:\/\/tuzlainfo.ba\/#organization"},"potentialAction":[{"@type":"SearchAction","target":{"@type":"EntryPoint","urlTemplate":"https:\/\/tuzlainfo.ba\/?s={search_term_string}"},"query-input":{"@type":"PropertyValueSpecification","valueRequired":true,"valueName":"search_term_string"}}],"inLanguage":"bs-BA"},{"@type":"Organization","@id":"https:\/\/tuzlainfo.ba\/#organization","name":"TuzlaInfo.ba","url":"https:\/\/tuzlainfo.ba\/","logo":{"@type":"ImageObject","inLanguage":"bs-BA","@id":"https:\/\/tuzlainfo.ba\/#\/schema\/logo\/image\/","url":"https:\/\/tuzlainfo.ba\/wp-content\/uploads\/2021\/03\/logo-ver-3-1.png","contentUrl":"https:\/\/tuzlainfo.ba\/wp-content\/uploads\/2021\/03\/logo-ver-3-1.png","width":350,"height":95,"caption":"TuzlaInfo.ba"},"image":{"@id":"https:\/\/tuzlainfo.ba\/#\/schema\/logo\/image\/"},"sameAs":["https:\/\/www.facebook.com\/tuzlainfo.ba\/"]},{"@type":"Person","@id":"https:\/\/tuzlainfo.ba\/#\/schema\/person\/46cad4c57790cbc50781edd14870825a","name":"Tuzla Info","image":{"@type":"ImageObject","inLanguage":"bs-BA","@id":"https:\/\/tuzlainfo.ba\/#\/schema\/person\/image\/","url":"https:\/\/tuzlainfo.ba\/wp-content\/litespeed\/avatar\/b6c453a6c38e3654f2e4416c643fc25c.jpg?ver=1777051911","contentUrl":"https:\/\/tuzlainfo.ba\/wp-content\/litespeed\/avatar\/b6c453a6c38e3654f2e4416c643fc25c.jpg?ver=1777051911","caption":"Tuzla Info"}}]}},"_links":{"self":[{"href":"https:\/\/tuzlainfo.ba\/index.php\/wp-json\/wp\/v2\/posts\/150258"}],"collection":[{"href":"https:\/\/tuzlainfo.ba\/index.php\/wp-json\/wp\/v2\/posts"}],"about":[{"href":"https:\/\/tuzlainfo.ba\/index.php\/wp-json\/wp\/v2\/types\/post"}],"author":[{"embeddable":true,"href":"https:\/\/tuzlainfo.ba\/index.php\/wp-json\/wp\/v2\/users\/4"}],"replies":[{"embeddable":true,"href":"https:\/\/tuzlainfo.ba\/index.php\/wp-json\/wp\/v2\/comments?post=150258"}],"version-history":[{"count":0,"href":"https:\/\/tuzlainfo.ba\/index.php\/wp-json\/wp\/v2\/posts\/150258\/revisions"}],"wp:featuredmedia":[{"embeddable":true,"href":"https:\/\/tuzlainfo.ba\/index.php\/wp-json\/wp\/v2\/media\/150263"}],"wp:attachment":[{"href":"https:\/\/tuzlainfo.ba\/index.php\/wp-json\/wp\/v2\/media?parent=150258"}],"wp:term":[{"taxonomy":"category","embeddable":true,"href":"https:\/\/tuzlainfo.ba\/index.php\/wp-json\/wp\/v2\/categories?post=150258"},{"taxonomy":"post_tag","embeddable":true,"href":"https:\/\/tuzlainfo.ba\/index.php\/wp-json\/wp\/v2\/tags?post=150258"}],"curies":[{"name":"wp","href":"https:\/\/api.w.org\/{rel}","templated":true}]}}