{"id":150061,"date":"2021-10-06T13:58:56","date_gmt":"2021-10-06T11:58:56","guid":{"rendered":"https:\/\/tuzlainfo.ba\/?p=150061"},"modified":"2021-10-06T13:58:56","modified_gmt":"2021-10-06T11:58:56","slug":"radijatori-topli-centralano-grijanje-tuzla-pocelo-tehnolosku-probu","status":"publish","type":"post","link":"https:\/\/tuzlainfo.ba\/index.php\/novosti\/item\/150061-radijatori-topli-centralano-grijanje-tuzla-pocelo-tehnolosku-probu\/","title":{"rendered":"Radijatori topli: Centralano grijanje Tuzla po\u010delo tehnolo\u0161ku probu"},"content":{"rendered":"<p>Iz Centralnog grijanja su obavijestili svoje korisnike da su u zavr\u0161nim pripremama za sezonu grijanja 2021\/2022.<\/p>\n<p>&#8211; Vrelovodni sistem je ispitan u cjelosti i spremni smo za po\u010detak sezone grijanja. Tehnolo\u0161ka proba \u0107e po\u010deti 6. oktobra i toplina \u0107e se osjetiti u prvim objektima u poslijepodnevnim satima. Dijelovi grada Tuzla \u0107e se zagrijavati po proceduri tehnolo\u0161ke probe sistema daljinskog grijanja, pokretanjem cirkulacije mre\u017ene vode kroz magistralni vrelovod i dio vrelovodne i toplovodne mre\u017ee, te toplinske podstanice. U narednih nekoliko dana vr\u0161i\u0107e se provjera re\u017eima u toplom stanju, te \u0107e svi objekti, u kojima su ispravne instalacije centralnog grijanja, biti testirani u toplom stanju navode iz Centralnog grijanja.<\/p>\n<p>U saradnji sa upraviteljima u gradu Tuzla instalacije centralnog grijanja u objektima kolektivnog stanovanja, u tehnolo\u0161koj probi, bi\u0107e definitivno ispitane i u toplom stanju.<\/p>\n<p>&#8211; Korisnici, vlasnici vrelovodnih toplinskih podstanica i mjerno regulacionih stanica, ukoliko uo\u010de cirkulaciju u primarnom dijelu podstanice, mogu pozvati svoje servisere da adekvatno izvr\u0161e pu\u0161tanje podstanice. Tako\u0111er obavje\u0161tavamo korisnike da predstavnici Centralnog grijanja Tuzla prate slu\u017ebene podatke o vanjskim temperaturama za Grad Tuzla u 21:00 i kada se ispune uslovi za po\u010detak sezone grijanja definisani \u010dlanom 24. \u201eOp\u0161tih uslova za priklju\u010denje na sistem daljinskog grijanja i isporuku toplinske energije\u201c za Grad Tuzla bi\u0107e progla\u0161en i zvani\u010dni po\u010detak sezone grijanja &#8211; istaknuto je.<\/p>\n<p>Prema Zakonu o kori\u0161tenju, upravljanju i odr\u017eavanju zajedni\u010dkih dijelova i ure\u0111aja zgrada TK, obaveza predstavnika eta\u017enih vlasnika i svih eta\u017enih vlasnika u saradnji sa upraviteljem zgrada odr\u017eavanje zajedni\u010dkih dijelova instalacija centralnog grijanja.<\/p>\n","protected":false},"excerpt":{"rendered":"<p>Iz Centralnog grijanja su obavijestili svoje korisnike da su u zavr\u0161nim pripremama za sezonu grijanja&hellip;<\/p>\n","protected":false},"author":2,"featured_media":73722,"comment_status":"open","ping_status":"closed","sticky":false,"template":"","format":"standard","meta":{"_acf_changed":false,"footnotes":""},"categories":[304,12],"tags":[351,2902],"acf":[],"yoast_head":"<!-- This site is optimized with the Yoast SEO plugin v23.5 - https:\/\/yoast.com\/wordpress\/plugins\/seo\/ -->\n<title>Radijatori topli: Centralano grijanje Tuzla po\u010delo tehnolo\u0161ku probu - TuzlaInfo.ba<\/title>\n<meta name=\"robots\" content=\"index, follow, max-snippet:-1, max-image-preview:large, max-video-preview:-1\" \/>\n<link rel=\"canonical\" href=\"https:\/\/tuzlainfo.ba\/index.php\/novosti\/item\/150061-radijatori-topli-centralano-grijanje-tuzla-pocelo-tehnolosku-probu\/\" \/>\n<meta property=\"og:locale\" content=\"bs_BA\" \/>\n<meta property=\"og:type\" content=\"article\" \/>\n<meta property=\"og:title\" content=\"Radijatori topli: Centralano grijanje Tuzla po\u010delo tehnolo\u0161ku probu - TuzlaInfo.ba\" \/>\n<meta property=\"og:description\" content=\"Iz Centralnog grijanja su obavijestili svoje korisnike da su u zavr\u0161nim pripremama za sezonu grijanja&hellip;\" \/>\n<meta property=\"og:url\" content=\"https:\/\/tuzlainfo.ba\/index.php\/novosti\/item\/150061-radijatori-topli-centralano-grijanje-tuzla-pocelo-tehnolosku-probu\/\" \/>\n<meta property=\"og:site_name\" content=\"TuzlaInfo.ba\" \/>\n<meta property=\"article:publisher\" content=\"https:\/\/www.facebook.com\/tuzlainfo.ba\/\" \/>\n<meta property=\"article:published_time\" content=\"2021-10-06T11:58:56+00:00\" \/>\n<meta property=\"og:image\" content=\"https:\/\/tuzlainfo.ba\/wp-content\/uploads\/2019\/10\/sadrzaj_2019_20190101_01012019_grijanje.jpg\" \/>\n\t<meta property=\"og:image:width\" content=\"770\" \/>\n\t<meta property=\"og:image:height\" content=\"577\" \/>\n\t<meta property=\"og:image:type\" content=\"image\/jpeg\" \/>\n<meta name=\"author\" content=\"nedim\" \/>\n<meta name=\"twitter:card\" content=\"summary_large_image\" \/>\n<meta name=\"twitter:label1\" content=\"Written by\" \/>\n\t<meta name=\"twitter:data1\" content=\"nedim\" \/>\n\t<meta name=\"twitter:label2\" content=\"Est. reading time\" \/>\n\t<meta name=\"twitter:data2\" content=\"1 minuta\" \/>\n<script type=\"application\/ld+json\" class=\"yoast-schema-graph\">{\"@context\":\"https:\/\/schema.org\",\"@graph\":[{\"@type\":\"Article\",\"@id\":\"https:\/\/tuzlainfo.ba\/index.php\/novosti\/item\/150061-radijatori-topli-centralano-grijanje-tuzla-pocelo-tehnolosku-probu\/#article\",\"isPartOf\":{\"@id\":\"https:\/\/tuzlainfo.ba\/index.php\/novosti\/item\/150061-radijatori-topli-centralano-grijanje-tuzla-pocelo-tehnolosku-probu\/\"},\"author\":{\"name\":\"nedim\",\"@id\":\"https:\/\/tuzlainfo.ba\/#\/schema\/person\/f434e20dc27ea133923aab08451b7f7f\"},\"headline\":\"Radijatori topli: Centralano grijanje Tuzla po\u010delo tehnolo\u0161ku probu\",\"datePublished\":\"2021-10-06T11:58:56+00:00\",\"dateModified\":\"2021-10-06T11:58:56+00:00\",\"mainEntityOfPage\":{\"@id\":\"https:\/\/tuzlainfo.ba\/index.php\/novosti\/item\/150061-radijatori-topli-centralano-grijanje-tuzla-pocelo-tehnolosku-probu\/\"},\"wordCount\":284,\"commentCount\":0,\"publisher\":{\"@id\":\"https:\/\/tuzlainfo.ba\/#organization\"},\"image\":{\"@id\":\"https:\/\/tuzlainfo.ba\/index.php\/novosti\/item\/150061-radijatori-topli-centralano-grijanje-tuzla-pocelo-tehnolosku-probu\/#primaryimage\"},\"thumbnailUrl\":\"https:\/\/tuzlainfo.ba\/wp-content\/uploads\/2019\/10\/sadrzaj_2019_20190101_01012019_grijanje.jpg\",\"keywords\":[\"centralno grijanje\",\"grijanje tuzla\"],\"articleSection\":[\"Istaknuto\",\"Novosti\"],\"inLanguage\":\"bs-BA\"},{\"@type\":\"WebPage\",\"@id\":\"https:\/\/tuzlainfo.ba\/index.php\/novosti\/item\/150061-radijatori-topli-centralano-grijanje-tuzla-pocelo-tehnolosku-probu\/\",\"url\":\"https:\/\/tuzlainfo.ba\/index.php\/novosti\/item\/150061-radijatori-topli-centralano-grijanje-tuzla-pocelo-tehnolosku-probu\/\",\"name\":\"Radijatori topli: Centralano grijanje Tuzla po\u010delo tehnolo\u0161ku probu - TuzlaInfo.ba\",\"isPartOf\":{\"@id\":\"https:\/\/tuzlainfo.ba\/#website\"},\"primaryImageOfPage\":{\"@id\":\"https:\/\/tuzlainfo.ba\/index.php\/novosti\/item\/150061-radijatori-topli-centralano-grijanje-tuzla-pocelo-tehnolosku-probu\/#primaryimage\"},\"image\":{\"@id\":\"https:\/\/tuzlainfo.ba\/index.php\/novosti\/item\/150061-radijatori-topli-centralano-grijanje-tuzla-pocelo-tehnolosku-probu\/#primaryimage\"},\"thumbnailUrl\":\"https:\/\/tuzlainfo.ba\/wp-content\/uploads\/2019\/10\/sadrzaj_2019_20190101_01012019_grijanje.jpg\",\"datePublished\":\"2021-10-06T11:58:56+00:00\",\"dateModified\":\"2021-10-06T11:58:56+00:00\",\"breadcrumb\":{\"@id\":\"https:\/\/tuzlainfo.ba\/index.php\/novosti\/item\/150061-radijatori-topli-centralano-grijanje-tuzla-pocelo-tehnolosku-probu\/#breadcrumb\"},\"inLanguage\":\"bs-BA\",\"potentialAction\":[{\"@type\":\"ReadAction\",\"target\":[\"https:\/\/tuzlainfo.ba\/index.php\/novosti\/item\/150061-radijatori-topli-centralano-grijanje-tuzla-pocelo-tehnolosku-probu\/\"]}]},{\"@type\":\"ImageObject\",\"inLanguage\":\"bs-BA\",\"@id\":\"https:\/\/tuzlainfo.ba\/index.php\/novosti\/item\/150061-radijatori-topli-centralano-grijanje-tuzla-pocelo-tehnolosku-probu\/#primaryimage\",\"url\":\"https:\/\/tuzlainfo.ba\/wp-content\/uploads\/2019\/10\/sadrzaj_2019_20190101_01012019_grijanje.jpg\",\"contentUrl\":\"https:\/\/tuzlainfo.ba\/wp-content\/uploads\/2019\/10\/sadrzaj_2019_20190101_01012019_grijanje.jpg\",\"width\":770,\"height\":577,\"caption\":\"01012019 grijanje\"},{\"@type\":\"BreadcrumbList\",\"@id\":\"https:\/\/tuzlainfo.ba\/index.php\/novosti\/item\/150061-radijatori-topli-centralano-grijanje-tuzla-pocelo-tehnolosku-probu\/#breadcrumb\",\"itemListElement\":[{\"@type\":\"ListItem\",\"position\":1,\"name\":\"Home\",\"item\":\"https:\/\/tuzlainfo.ba\/\"},{\"@type\":\"ListItem\",\"position\":2,\"name\":\"Radijatori topli: Centralano grijanje Tuzla po\u010delo tehnolo\u0161ku probu\"}]},{\"@type\":\"WebSite\",\"@id\":\"https:\/\/tuzlainfo.ba\/#website\",\"url\":\"https:\/\/tuzlainfo.ba\/\",\"name\":\"TuzlaInfo.ba\",\"description\":\"Tuzla info, gradski informator - Tuzla na dlanu\",\"publisher\":{\"@id\":\"https:\/\/tuzlainfo.ba\/#organization\"},\"potentialAction\":[{\"@type\":\"SearchAction\",\"target\":{\"@type\":\"EntryPoint\",\"urlTemplate\":\"https:\/\/tuzlainfo.ba\/?s={search_term_string}\"},\"query-input\":{\"@type\":\"PropertyValueSpecification\",\"valueRequired\":true,\"valueName\":\"search_term_string\"}}],\"inLanguage\":\"bs-BA\"},{\"@type\":\"Organization\",\"@id\":\"https:\/\/tuzlainfo.ba\/#organization\",\"name\":\"TuzlaInfo.ba\",\"url\":\"https:\/\/tuzlainfo.ba\/\",\"logo\":{\"@type\":\"ImageObject\",\"inLanguage\":\"bs-BA\",\"@id\":\"https:\/\/tuzlainfo.ba\/#\/schema\/logo\/image\/\",\"url\":\"https:\/\/tuzlainfo.ba\/wp-content\/uploads\/2021\/03\/logo-ver-3-1.png\",\"contentUrl\":\"https:\/\/tuzlainfo.ba\/wp-content\/uploads\/2021\/03\/logo-ver-3-1.png\",\"width\":350,\"height\":95,\"caption\":\"TuzlaInfo.ba\"},\"image\":{\"@id\":\"https:\/\/tuzlainfo.ba\/#\/schema\/logo\/image\/\"},\"sameAs\":[\"https:\/\/www.facebook.com\/tuzlainfo.ba\/\"]},{\"@type\":\"Person\",\"@id\":\"https:\/\/tuzlainfo.ba\/#\/schema\/person\/f434e20dc27ea133923aab08451b7f7f\",\"name\":\"nedim\",\"image\":{\"@type\":\"ImageObject\",\"inLanguage\":\"bs-BA\",\"@id\":\"https:\/\/tuzlainfo.ba\/#\/schema\/person\/image\/\",\"url\":\"https:\/\/tuzlainfo.ba\/wp-content\/litespeed\/avatar\/aabad687af24844af817603ac1cbdc4f.jpg?ver=1777306975\",\"contentUrl\":\"https:\/\/tuzlainfo.ba\/wp-content\/litespeed\/avatar\/aabad687af24844af817603ac1cbdc4f.jpg?ver=1777306975\",\"caption\":\"nedim\"},\"description\":\"Tuzlainfo.ba pratite na dru\u0161tvenim mre\u017eama: Facebook, Instagram i Youtube. Svoje pri\u010de, upite i fotografije \u0161aljite na na\u0161u e-mail adresu.\"}]}<\/script>\n<!-- \/ Yoast SEO plugin. -->","yoast_head_json":{"title":"Radijatori topli: Centralano grijanje Tuzla po\u010delo tehnolo\u0161ku probu - TuzlaInfo.ba","robots":{"index":"index","follow":"follow","max-snippet":"max-snippet:-1","max-image-preview":"max-image-preview:large","max-video-preview":"max-video-preview:-1"},"canonical":"https:\/\/tuzlainfo.ba\/index.php\/novosti\/item\/150061-radijatori-topli-centralano-grijanje-tuzla-pocelo-tehnolosku-probu\/","og_locale":"bs_BA","og_type":"article","og_title":"Radijatori topli: Centralano grijanje Tuzla po\u010delo tehnolo\u0161ku probu - TuzlaInfo.ba","og_description":"Iz Centralnog grijanja su obavijestili svoje korisnike da su u zavr\u0161nim pripremama za sezonu grijanja&hellip;","og_url":"https:\/\/tuzlainfo.ba\/index.php\/novosti\/item\/150061-radijatori-topli-centralano-grijanje-tuzla-pocelo-tehnolosku-probu\/","og_site_name":"TuzlaInfo.ba","article_publisher":"https:\/\/www.facebook.com\/tuzlainfo.ba\/","article_published_time":"2021-10-06T11:58:56+00:00","og_image":[{"width":770,"height":577,"url":"https:\/\/tuzlainfo.ba\/wp-content\/uploads\/2019\/10\/sadrzaj_2019_20190101_01012019_grijanje.jpg","type":"image\/jpeg"}],"author":"nedim","twitter_card":"summary_large_image","twitter_misc":{"Written by":"nedim","Est. reading time":"1 minuta"},"schema":{"@context":"https:\/\/schema.org","@graph":[{"@type":"Article","@id":"https:\/\/tuzlainfo.ba\/index.php\/novosti\/item\/150061-radijatori-topli-centralano-grijanje-tuzla-pocelo-tehnolosku-probu\/#article","isPartOf":{"@id":"https:\/\/tuzlainfo.ba\/index.php\/novosti\/item\/150061-radijatori-topli-centralano-grijanje-tuzla-pocelo-tehnolosku-probu\/"},"author":{"name":"nedim","@id":"https:\/\/tuzlainfo.ba\/#\/schema\/person\/f434e20dc27ea133923aab08451b7f7f"},"headline":"Radijatori topli: Centralano grijanje Tuzla po\u010delo tehnolo\u0161ku probu","datePublished":"2021-10-06T11:58:56+00:00","dateModified":"2021-10-06T11:58:56+00:00","mainEntityOfPage":{"@id":"https:\/\/tuzlainfo.ba\/index.php\/novosti\/item\/150061-radijatori-topli-centralano-grijanje-tuzla-pocelo-tehnolosku-probu\/"},"wordCount":284,"commentCount":0,"publisher":{"@id":"https:\/\/tuzlainfo.ba\/#organization"},"image":{"@id":"https:\/\/tuzlainfo.ba\/index.php\/novosti\/item\/150061-radijatori-topli-centralano-grijanje-tuzla-pocelo-tehnolosku-probu\/#primaryimage"},"thumbnailUrl":"https:\/\/tuzlainfo.ba\/wp-content\/uploads\/2019\/10\/sadrzaj_2019_20190101_01012019_grijanje.jpg","keywords":["centralno grijanje","grijanje tuzla"],"articleSection":["Istaknuto","Novosti"],"inLanguage":"bs-BA"},{"@type":"WebPage","@id":"https:\/\/tuzlainfo.ba\/index.php\/novosti\/item\/150061-radijatori-topli-centralano-grijanje-tuzla-pocelo-tehnolosku-probu\/","url":"https:\/\/tuzlainfo.ba\/index.php\/novosti\/item\/150061-radijatori-topli-centralano-grijanje-tuzla-pocelo-tehnolosku-probu\/","name":"Radijatori topli: Centralano grijanje Tuzla po\u010delo tehnolo\u0161ku probu - TuzlaInfo.ba","isPartOf":{"@id":"https:\/\/tuzlainfo.ba\/#website"},"primaryImageOfPage":{"@id":"https:\/\/tuzlainfo.ba\/index.php\/novosti\/item\/150061-radijatori-topli-centralano-grijanje-tuzla-pocelo-tehnolosku-probu\/#primaryimage"},"image":{"@id":"https:\/\/tuzlainfo.ba\/index.php\/novosti\/item\/150061-radijatori-topli-centralano-grijanje-tuzla-pocelo-tehnolosku-probu\/#primaryimage"},"thumbnailUrl":"https:\/\/tuzlainfo.ba\/wp-content\/uploads\/2019\/10\/sadrzaj_2019_20190101_01012019_grijanje.jpg","datePublished":"2021-10-06T11:58:56+00:00","dateModified":"2021-10-06T11:58:56+00:00","breadcrumb":{"@id":"https:\/\/tuzlainfo.ba\/index.php\/novosti\/item\/150061-radijatori-topli-centralano-grijanje-tuzla-pocelo-tehnolosku-probu\/#breadcrumb"},"inLanguage":"bs-BA","potentialAction":[{"@type":"ReadAction","target":["https:\/\/tuzlainfo.ba\/index.php\/novosti\/item\/150061-radijatori-topli-centralano-grijanje-tuzla-pocelo-tehnolosku-probu\/"]}]},{"@type":"ImageObject","inLanguage":"bs-BA","@id":"https:\/\/tuzlainfo.ba\/index.php\/novosti\/item\/150061-radijatori-topli-centralano-grijanje-tuzla-pocelo-tehnolosku-probu\/#primaryimage","url":"https:\/\/tuzlainfo.ba\/wp-content\/uploads\/2019\/10\/sadrzaj_2019_20190101_01012019_grijanje.jpg","contentUrl":"https:\/\/tuzlainfo.ba\/wp-content\/uploads\/2019\/10\/sadrzaj_2019_20190101_01012019_grijanje.jpg","width":770,"height":577,"caption":"01012019 grijanje"},{"@type":"BreadcrumbList","@id":"https:\/\/tuzlainfo.ba\/index.php\/novosti\/item\/150061-radijatori-topli-centralano-grijanje-tuzla-pocelo-tehnolosku-probu\/#breadcrumb","itemListElement":[{"@type":"ListItem","position":1,"name":"Home","item":"https:\/\/tuzlainfo.ba\/"},{"@type":"ListItem","position":2,"name":"Radijatori topli: Centralano grijanje Tuzla po\u010delo tehnolo\u0161ku probu"}]},{"@type":"WebSite","@id":"https:\/\/tuzlainfo.ba\/#website","url":"https:\/\/tuzlainfo.ba\/","name":"TuzlaInfo.ba","description":"Tuzla info, gradski informator - Tuzla na dlanu","publisher":{"@id":"https:\/\/tuzlainfo.ba\/#organization"},"potentialAction":[{"@type":"SearchAction","target":{"@type":"EntryPoint","urlTemplate":"https:\/\/tuzlainfo.ba\/?s={search_term_string}"},"query-input":{"@type":"PropertyValueSpecification","valueRequired":true,"valueName":"search_term_string"}}],"inLanguage":"bs-BA"},{"@type":"Organization","@id":"https:\/\/tuzlainfo.ba\/#organization","name":"TuzlaInfo.ba","url":"https:\/\/tuzlainfo.ba\/","logo":{"@type":"ImageObject","inLanguage":"bs-BA","@id":"https:\/\/tuzlainfo.ba\/#\/schema\/logo\/image\/","url":"https:\/\/tuzlainfo.ba\/wp-content\/uploads\/2021\/03\/logo-ver-3-1.png","contentUrl":"https:\/\/tuzlainfo.ba\/wp-content\/uploads\/2021\/03\/logo-ver-3-1.png","width":350,"height":95,"caption":"TuzlaInfo.ba"},"image":{"@id":"https:\/\/tuzlainfo.ba\/#\/schema\/logo\/image\/"},"sameAs":["https:\/\/www.facebook.com\/tuzlainfo.ba\/"]},{"@type":"Person","@id":"https:\/\/tuzlainfo.ba\/#\/schema\/person\/f434e20dc27ea133923aab08451b7f7f","name":"nedim","image":{"@type":"ImageObject","inLanguage":"bs-BA","@id":"https:\/\/tuzlainfo.ba\/#\/schema\/person\/image\/","url":"https:\/\/tuzlainfo.ba\/wp-content\/litespeed\/avatar\/aabad687af24844af817603ac1cbdc4f.jpg?ver=1777306975","contentUrl":"https:\/\/tuzlainfo.ba\/wp-content\/litespeed\/avatar\/aabad687af24844af817603ac1cbdc4f.jpg?ver=1777306975","caption":"nedim"},"description":"Tuzlainfo.ba pratite na dru\u0161tvenim mre\u017eama: Facebook, Instagram i Youtube. Svoje pri\u010de, upite i fotografije \u0161aljite na na\u0161u e-mail adresu."}]}},"_links":{"self":[{"href":"https:\/\/tuzlainfo.ba\/index.php\/wp-json\/wp\/v2\/posts\/150061"}],"collection":[{"href":"https:\/\/tuzlainfo.ba\/index.php\/wp-json\/wp\/v2\/posts"}],"about":[{"href":"https:\/\/tuzlainfo.ba\/index.php\/wp-json\/wp\/v2\/types\/post"}],"author":[{"embeddable":true,"href":"https:\/\/tuzlainfo.ba\/index.php\/wp-json\/wp\/v2\/users\/2"}],"replies":[{"embeddable":true,"href":"https:\/\/tuzlainfo.ba\/index.php\/wp-json\/wp\/v2\/comments?post=150061"}],"version-history":[{"count":0,"href":"https:\/\/tuzlainfo.ba\/index.php\/wp-json\/wp\/v2\/posts\/150061\/revisions"}],"wp:featuredmedia":[{"embeddable":true,"href":"https:\/\/tuzlainfo.ba\/index.php\/wp-json\/wp\/v2\/media\/73722"}],"wp:attachment":[{"href":"https:\/\/tuzlainfo.ba\/index.php\/wp-json\/wp\/v2\/media?parent=150061"}],"wp:term":[{"taxonomy":"category","embeddable":true,"href":"https:\/\/tuzlainfo.ba\/index.php\/wp-json\/wp\/v2\/categories?post=150061"},{"taxonomy":"post_tag","embeddable":true,"href":"https:\/\/tuzlainfo.ba\/index.php\/wp-json\/wp\/v2\/tags?post=150061"}],"curies":[{"name":"wp","href":"https:\/\/api.w.org\/{rel}","templated":true}]}}