{"id":149744,"date":"2021-10-03T19:40:48","date_gmt":"2021-10-03T17:40:48","guid":{"rendered":"https:\/\/tuzlainfo.ba\/?p=149744"},"modified":"2021-10-03T19:40:48","modified_gmt":"2021-10-03T17:40:48","slug":"dodikov-savjetnik-glumi-vulina-policija-rs-ima-puno-pravo-biti-na-entitetskoj-liniji","status":"publish","type":"post","link":"https:\/\/tuzlainfo.ba\/index.php\/bosna-i-hercegovina\/item\/149744-dodikov-savjetnik-glumi-vulina-policija-rs-ima-puno-pravo-biti-na-entitetskoj-liniji\/","title":{"rendered":"Dodikov savjetnik glumi Vulina: Policija RS ima puno pravo biti na entitetskoj liniji"},"content":{"rendered":"<p>Savjetnik \u010dlana Predsjedni\u0161tva BiH Radovan Kova\u010devi\u0107 rekao je kako je vrijeme da me\u0111unarodna zajednica napokon reaguje na ratnohu\u0161ka\u010dke izjave pojedinaca iz Sarajeva. Njegova izjava dolazi nakon \u0161to je Konakovi\u0107 ju\u010der rekao da \u201cne\u0107e mirno posmatrati secesionisti\u010dke te\u017enje Milorada Dodika ako izvede vojsku i policiju na granicu sa Federacijom BiH\u201d.<\/p>\n<p>Kova\u010devi\u0107 isti\u010de da je politika SNSD, politika Republike Srpske, u potpunosti za mirno rje\u0161enje i da konstantno ponavljaju da ne planiraju da gra\u0111ane i narod Srpske vode u bilo kakvu avanturu.<\/p>\n<p>\u2013 Ali, to ne zna\u010di da ne tra\u017eimo po\u0161tovanje za Republiku Srpsku i za njen narod i gra\u0111ane. To, naravno, ne zna\u010di i da ukoliko nekome od tih ratnih hu\u0161ka\u010da padne na pamet da na bilo koji na\u010din krene na Srpsku, da ne\u0107emo odbraniti i Republiku Srpsku, ali i sve na\u0161e gra\u0111ane i narod u Srpskoj. To je ne\u0161to na \u0161ta svi apsolutno mogu da ra\u010dunaju \u2013 poru\u010dio je Kova\u010devi\u0107.<\/p>\n<p>On je ponovio da Republika Srpska konstantno insistira na mirnim rje\u0161enjima za BiH s koji \u0107e svi biti zadovoljno. Prema njemu, Daytonski sporazum je startna ta\u010dka i on je minimum od kojeg mogu po\u010deti da razgovaraju.<\/p>\n<p>\u2013 Ukoliko ne bude povratka na te pozicije na koje smo jedino pristali bez bilo kakvih nametanja, onda \u0107emo, naravno, mi morati tra\u017eiti druga rje\u0161enja. I druga rje\u0161enja \u0107e u potpunosti da budu mirna kad se pita Republika Srpska \u2013 rekao je Kova\u010devi\u0107.<\/p>\n<div>\n<p>On je poru\u010dio da Konakovi\u0107 mora da zna da su entitetske linije razgrani\u010denja, da je sve ono \u0161to je na strani Republike Srpske teritorija RS-a.<\/p>\n<p>\u2013 Policija RS ima puno pravo da bude na bilo kojoj ta\u010dki u RS, uklju\u010duju\u0107i i onu koja se nalazi na entitetskoj liniji razgrani\u010denja \u2013 rekao je Kova\u010devi\u0107.<\/p>\n<p>Ukoliko, ne daj Bo\u017ee, te njihove strategije i ti njihovi planovi budu i\u0161li u tom pravcu da se pribli\u017eavaju entitetskoj liniji, ka\u017ee Kova\u010devi\u0107, te entitetske linije sigurno ne\u0107e prije\u0107i tako lako, prenosi Srpskainfo.<\/p>\n<p>\u2013 Mi ne planiramo nikada da idemo na bilo kakve tu\u0111e teritorije ve\u0107 \u0107emo ostati na teritoriji Republike Srpske i brani\u0107emo i nju i njene gra\u0111ane \u2013 istakao je Kova\u010devi\u0107.<\/p>\n<\/div>\n","protected":false},"excerpt":{"rendered":"<p>Savjetnik \u010dlana Predsjedni\u0161tva BiH Radovan Kova\u010devi\u0107 rekao je kako je vrijeme da me\u0111unarodna zajednica napokon&hellip;<\/p>\n","protected":false},"author":2,"featured_media":142505,"comment_status":"open","ping_status":"closed","sticky":false,"template":"","format":"standard","meta":{"_acf_changed":false,"footnotes":""},"categories":[291],"tags":[2569],"acf":[],"yoast_head":"<!-- This site is optimized with the Yoast SEO plugin v23.5 - https:\/\/yoast.com\/wordpress\/plugins\/seo\/ -->\n<title>Dodikov savjetnik glumi Vulina: Policija RS ima puno pravo biti na entitetskoj liniji - TuzlaInfo.ba<\/title>\n<meta name=\"robots\" content=\"index, follow, max-snippet:-1, max-image-preview:large, max-video-preview:-1\" \/>\n<link rel=\"canonical\" href=\"https:\/\/tuzlainfo.ba\/index.php\/bosna-i-hercegovina\/item\/149744-dodikov-savjetnik-glumi-vulina-policija-rs-ima-puno-pravo-biti-na-entitetskoj-liniji\/\" \/>\n<meta property=\"og:locale\" content=\"bs_BA\" \/>\n<meta property=\"og:type\" content=\"article\" \/>\n<meta property=\"og:title\" content=\"Dodikov savjetnik glumi Vulina: Policija RS ima puno pravo biti na entitetskoj liniji - TuzlaInfo.ba\" \/>\n<meta property=\"og:description\" content=\"Savjetnik \u010dlana Predsjedni\u0161tva BiH Radovan Kova\u010devi\u0107 rekao je kako je vrijeme da me\u0111unarodna zajednica napokon&hellip;\" \/>\n<meta property=\"og:url\" content=\"https:\/\/tuzlainfo.ba\/index.php\/bosna-i-hercegovina\/item\/149744-dodikov-savjetnik-glumi-vulina-policija-rs-ima-puno-pravo-biti-na-entitetskoj-liniji\/\" \/>\n<meta property=\"og:site_name\" content=\"TuzlaInfo.ba\" \/>\n<meta property=\"article:publisher\" content=\"https:\/\/www.facebook.com\/tuzlainfo.ba\/\" \/>\n<meta property=\"article:published_time\" content=\"2021-10-03T17:40:48+00:00\" \/>\n<meta property=\"og:image\" content=\"https:\/\/tuzlainfo.ba\/wp-content\/uploads\/2021\/07\/2107radovankovacevic.jpg\" \/>\n\t<meta property=\"og:image:width\" content=\"850\" \/>\n\t<meta property=\"og:image:height\" content=\"567\" \/>\n\t<meta property=\"og:image:type\" content=\"image\/jpeg\" \/>\n<meta name=\"author\" content=\"nedim\" \/>\n<meta name=\"twitter:card\" content=\"summary_large_image\" \/>\n<meta name=\"twitter:label1\" content=\"Written by\" \/>\n\t<meta name=\"twitter:data1\" content=\"nedim\" \/>\n\t<meta name=\"twitter:label2\" content=\"Est. reading time\" \/>\n\t<meta name=\"twitter:data2\" content=\"2 minute\" \/>\n<script type=\"application\/ld+json\" class=\"yoast-schema-graph\">{\"@context\":\"https:\/\/schema.org\",\"@graph\":[{\"@type\":\"Article\",\"@id\":\"https:\/\/tuzlainfo.ba\/index.php\/bosna-i-hercegovina\/item\/149744-dodikov-savjetnik-glumi-vulina-policija-rs-ima-puno-pravo-biti-na-entitetskoj-liniji\/#article\",\"isPartOf\":{\"@id\":\"https:\/\/tuzlainfo.ba\/index.php\/bosna-i-hercegovina\/item\/149744-dodikov-savjetnik-glumi-vulina-policija-rs-ima-puno-pravo-biti-na-entitetskoj-liniji\/\"},\"author\":{\"name\":\"nedim\",\"@id\":\"https:\/\/tuzlainfo.ba\/#\/schema\/person\/f434e20dc27ea133923aab08451b7f7f\"},\"headline\":\"Dodikov savjetnik glumi Vulina: Policija RS ima puno pravo biti na entitetskoj liniji\",\"datePublished\":\"2021-10-03T17:40:48+00:00\",\"dateModified\":\"2021-10-03T17:40:48+00:00\",\"mainEntityOfPage\":{\"@id\":\"https:\/\/tuzlainfo.ba\/index.php\/bosna-i-hercegovina\/item\/149744-dodikov-savjetnik-glumi-vulina-policija-rs-ima-puno-pravo-biti-na-entitetskoj-liniji\/\"},\"wordCount\":403,\"commentCount\":0,\"publisher\":{\"@id\":\"https:\/\/tuzlainfo.ba\/#organization\"},\"image\":{\"@id\":\"https:\/\/tuzlainfo.ba\/index.php\/bosna-i-hercegovina\/item\/149744-dodikov-savjetnik-glumi-vulina-policija-rs-ima-puno-pravo-biti-na-entitetskoj-liniji\/#primaryimage\"},\"thumbnailUrl\":\"https:\/\/tuzlainfo.ba\/wp-content\/uploads\/2021\/07\/2107radovankovacevic.jpg\",\"keywords\":[\"radovan kova\u010devi\u0107\"],\"articleSection\":[\"Bosna i Hercegovina\"],\"inLanguage\":\"bs-BA\"},{\"@type\":\"WebPage\",\"@id\":\"https:\/\/tuzlainfo.ba\/index.php\/bosna-i-hercegovina\/item\/149744-dodikov-savjetnik-glumi-vulina-policija-rs-ima-puno-pravo-biti-na-entitetskoj-liniji\/\",\"url\":\"https:\/\/tuzlainfo.ba\/index.php\/bosna-i-hercegovina\/item\/149744-dodikov-savjetnik-glumi-vulina-policija-rs-ima-puno-pravo-biti-na-entitetskoj-liniji\/\",\"name\":\"Dodikov savjetnik glumi Vulina: Policija RS ima puno pravo biti na entitetskoj liniji - TuzlaInfo.ba\",\"isPartOf\":{\"@id\":\"https:\/\/tuzlainfo.ba\/#website\"},\"primaryImageOfPage\":{\"@id\":\"https:\/\/tuzlainfo.ba\/index.php\/bosna-i-hercegovina\/item\/149744-dodikov-savjetnik-glumi-vulina-policija-rs-ima-puno-pravo-biti-na-entitetskoj-liniji\/#primaryimage\"},\"image\":{\"@id\":\"https:\/\/tuzlainfo.ba\/index.php\/bosna-i-hercegovina\/item\/149744-dodikov-savjetnik-glumi-vulina-policija-rs-ima-puno-pravo-biti-na-entitetskoj-liniji\/#primaryimage\"},\"thumbnailUrl\":\"https:\/\/tuzlainfo.ba\/wp-content\/uploads\/2021\/07\/2107radovankovacevic.jpg\",\"datePublished\":\"2021-10-03T17:40:48+00:00\",\"dateModified\":\"2021-10-03T17:40:48+00:00\",\"breadcrumb\":{\"@id\":\"https:\/\/tuzlainfo.ba\/index.php\/bosna-i-hercegovina\/item\/149744-dodikov-savjetnik-glumi-vulina-policija-rs-ima-puno-pravo-biti-na-entitetskoj-liniji\/#breadcrumb\"},\"inLanguage\":\"bs-BA\",\"potentialAction\":[{\"@type\":\"ReadAction\",\"target\":[\"https:\/\/tuzlainfo.ba\/index.php\/bosna-i-hercegovina\/item\/149744-dodikov-savjetnik-glumi-vulina-policija-rs-ima-puno-pravo-biti-na-entitetskoj-liniji\/\"]}]},{\"@type\":\"ImageObject\",\"inLanguage\":\"bs-BA\",\"@id\":\"https:\/\/tuzlainfo.ba\/index.php\/bosna-i-hercegovina\/item\/149744-dodikov-savjetnik-glumi-vulina-policija-rs-ima-puno-pravo-biti-na-entitetskoj-liniji\/#primaryimage\",\"url\":\"https:\/\/tuzlainfo.ba\/wp-content\/uploads\/2021\/07\/2107radovankovacevic.jpg\",\"contentUrl\":\"https:\/\/tuzlainfo.ba\/wp-content\/uploads\/2021\/07\/2107radovankovacevic.jpg\",\"width\":850,\"height\":567},{\"@type\":\"BreadcrumbList\",\"@id\":\"https:\/\/tuzlainfo.ba\/index.php\/bosna-i-hercegovina\/item\/149744-dodikov-savjetnik-glumi-vulina-policija-rs-ima-puno-pravo-biti-na-entitetskoj-liniji\/#breadcrumb\",\"itemListElement\":[{\"@type\":\"ListItem\",\"position\":1,\"name\":\"Home\",\"item\":\"https:\/\/tuzlainfo.ba\/\"},{\"@type\":\"ListItem\",\"position\":2,\"name\":\"Dodikov savjetnik glumi Vulina: Policija RS ima puno pravo biti na entitetskoj liniji\"}]},{\"@type\":\"WebSite\",\"@id\":\"https:\/\/tuzlainfo.ba\/#website\",\"url\":\"https:\/\/tuzlainfo.ba\/\",\"name\":\"TuzlaInfo.ba\",\"description\":\"Tuzla info, gradski informator - Tuzla na dlanu\",\"publisher\":{\"@id\":\"https:\/\/tuzlainfo.ba\/#organization\"},\"potentialAction\":[{\"@type\":\"SearchAction\",\"target\":{\"@type\":\"EntryPoint\",\"urlTemplate\":\"https:\/\/tuzlainfo.ba\/?s={search_term_string}\"},\"query-input\":{\"@type\":\"PropertyValueSpecification\",\"valueRequired\":true,\"valueName\":\"search_term_string\"}}],\"inLanguage\":\"bs-BA\"},{\"@type\":\"Organization\",\"@id\":\"https:\/\/tuzlainfo.ba\/#organization\",\"name\":\"TuzlaInfo.ba\",\"url\":\"https:\/\/tuzlainfo.ba\/\",\"logo\":{\"@type\":\"ImageObject\",\"inLanguage\":\"bs-BA\",\"@id\":\"https:\/\/tuzlainfo.ba\/#\/schema\/logo\/image\/\",\"url\":\"https:\/\/tuzlainfo.ba\/wp-content\/uploads\/2021\/03\/logo-ver-3-1.png\",\"contentUrl\":\"https:\/\/tuzlainfo.ba\/wp-content\/uploads\/2021\/03\/logo-ver-3-1.png\",\"width\":350,\"height\":95,\"caption\":\"TuzlaInfo.ba\"},\"image\":{\"@id\":\"https:\/\/tuzlainfo.ba\/#\/schema\/logo\/image\/\"},\"sameAs\":[\"https:\/\/www.facebook.com\/tuzlainfo.ba\/\"]},{\"@type\":\"Person\",\"@id\":\"https:\/\/tuzlainfo.ba\/#\/schema\/person\/f434e20dc27ea133923aab08451b7f7f\",\"name\":\"nedim\",\"image\":{\"@type\":\"ImageObject\",\"inLanguage\":\"bs-BA\",\"@id\":\"https:\/\/tuzlainfo.ba\/#\/schema\/person\/image\/\",\"url\":\"https:\/\/tuzlainfo.ba\/wp-content\/litespeed\/avatar\/aabad687af24844af817603ac1cbdc4f.jpg?ver=1777306975\",\"contentUrl\":\"https:\/\/tuzlainfo.ba\/wp-content\/litespeed\/avatar\/aabad687af24844af817603ac1cbdc4f.jpg?ver=1777306975\",\"caption\":\"nedim\"},\"description\":\"Tuzlainfo.ba pratite na dru\u0161tvenim mre\u017eama: Facebook, Instagram i Youtube. Svoje pri\u010de, upite i fotografije \u0161aljite na na\u0161u e-mail adresu.\"}]}<\/script>\n<!-- \/ Yoast SEO plugin. -->","yoast_head_json":{"title":"Dodikov savjetnik glumi Vulina: Policija RS ima puno pravo biti na entitetskoj liniji - TuzlaInfo.ba","robots":{"index":"index","follow":"follow","max-snippet":"max-snippet:-1","max-image-preview":"max-image-preview:large","max-video-preview":"max-video-preview:-1"},"canonical":"https:\/\/tuzlainfo.ba\/index.php\/bosna-i-hercegovina\/item\/149744-dodikov-savjetnik-glumi-vulina-policija-rs-ima-puno-pravo-biti-na-entitetskoj-liniji\/","og_locale":"bs_BA","og_type":"article","og_title":"Dodikov savjetnik glumi Vulina: Policija RS ima puno pravo biti na entitetskoj liniji - TuzlaInfo.ba","og_description":"Savjetnik \u010dlana Predsjedni\u0161tva BiH Radovan Kova\u010devi\u0107 rekao je kako je vrijeme da me\u0111unarodna zajednica napokon&hellip;","og_url":"https:\/\/tuzlainfo.ba\/index.php\/bosna-i-hercegovina\/item\/149744-dodikov-savjetnik-glumi-vulina-policija-rs-ima-puno-pravo-biti-na-entitetskoj-liniji\/","og_site_name":"TuzlaInfo.ba","article_publisher":"https:\/\/www.facebook.com\/tuzlainfo.ba\/","article_published_time":"2021-10-03T17:40:48+00:00","og_image":[{"width":850,"height":567,"url":"https:\/\/tuzlainfo.ba\/wp-content\/uploads\/2021\/07\/2107radovankovacevic.jpg","type":"image\/jpeg"}],"author":"nedim","twitter_card":"summary_large_image","twitter_misc":{"Written by":"nedim","Est. reading time":"2 minute"},"schema":{"@context":"https:\/\/schema.org","@graph":[{"@type":"Article","@id":"https:\/\/tuzlainfo.ba\/index.php\/bosna-i-hercegovina\/item\/149744-dodikov-savjetnik-glumi-vulina-policija-rs-ima-puno-pravo-biti-na-entitetskoj-liniji\/#article","isPartOf":{"@id":"https:\/\/tuzlainfo.ba\/index.php\/bosna-i-hercegovina\/item\/149744-dodikov-savjetnik-glumi-vulina-policija-rs-ima-puno-pravo-biti-na-entitetskoj-liniji\/"},"author":{"name":"nedim","@id":"https:\/\/tuzlainfo.ba\/#\/schema\/person\/f434e20dc27ea133923aab08451b7f7f"},"headline":"Dodikov savjetnik glumi Vulina: Policija RS ima puno pravo biti na entitetskoj liniji","datePublished":"2021-10-03T17:40:48+00:00","dateModified":"2021-10-03T17:40:48+00:00","mainEntityOfPage":{"@id":"https:\/\/tuzlainfo.ba\/index.php\/bosna-i-hercegovina\/item\/149744-dodikov-savjetnik-glumi-vulina-policija-rs-ima-puno-pravo-biti-na-entitetskoj-liniji\/"},"wordCount":403,"commentCount":0,"publisher":{"@id":"https:\/\/tuzlainfo.ba\/#organization"},"image":{"@id":"https:\/\/tuzlainfo.ba\/index.php\/bosna-i-hercegovina\/item\/149744-dodikov-savjetnik-glumi-vulina-policija-rs-ima-puno-pravo-biti-na-entitetskoj-liniji\/#primaryimage"},"thumbnailUrl":"https:\/\/tuzlainfo.ba\/wp-content\/uploads\/2021\/07\/2107radovankovacevic.jpg","keywords":["radovan kova\u010devi\u0107"],"articleSection":["Bosna i Hercegovina"],"inLanguage":"bs-BA"},{"@type":"WebPage","@id":"https:\/\/tuzlainfo.ba\/index.php\/bosna-i-hercegovina\/item\/149744-dodikov-savjetnik-glumi-vulina-policija-rs-ima-puno-pravo-biti-na-entitetskoj-liniji\/","url":"https:\/\/tuzlainfo.ba\/index.php\/bosna-i-hercegovina\/item\/149744-dodikov-savjetnik-glumi-vulina-policija-rs-ima-puno-pravo-biti-na-entitetskoj-liniji\/","name":"Dodikov savjetnik glumi Vulina: Policija RS ima puno pravo biti na entitetskoj liniji - TuzlaInfo.ba","isPartOf":{"@id":"https:\/\/tuzlainfo.ba\/#website"},"primaryImageOfPage":{"@id":"https:\/\/tuzlainfo.ba\/index.php\/bosna-i-hercegovina\/item\/149744-dodikov-savjetnik-glumi-vulina-policija-rs-ima-puno-pravo-biti-na-entitetskoj-liniji\/#primaryimage"},"image":{"@id":"https:\/\/tuzlainfo.ba\/index.php\/bosna-i-hercegovina\/item\/149744-dodikov-savjetnik-glumi-vulina-policija-rs-ima-puno-pravo-biti-na-entitetskoj-liniji\/#primaryimage"},"thumbnailUrl":"https:\/\/tuzlainfo.ba\/wp-content\/uploads\/2021\/07\/2107radovankovacevic.jpg","datePublished":"2021-10-03T17:40:48+00:00","dateModified":"2021-10-03T17:40:48+00:00","breadcrumb":{"@id":"https:\/\/tuzlainfo.ba\/index.php\/bosna-i-hercegovina\/item\/149744-dodikov-savjetnik-glumi-vulina-policija-rs-ima-puno-pravo-biti-na-entitetskoj-liniji\/#breadcrumb"},"inLanguage":"bs-BA","potentialAction":[{"@type":"ReadAction","target":["https:\/\/tuzlainfo.ba\/index.php\/bosna-i-hercegovina\/item\/149744-dodikov-savjetnik-glumi-vulina-policija-rs-ima-puno-pravo-biti-na-entitetskoj-liniji\/"]}]},{"@type":"ImageObject","inLanguage":"bs-BA","@id":"https:\/\/tuzlainfo.ba\/index.php\/bosna-i-hercegovina\/item\/149744-dodikov-savjetnik-glumi-vulina-policija-rs-ima-puno-pravo-biti-na-entitetskoj-liniji\/#primaryimage","url":"https:\/\/tuzlainfo.ba\/wp-content\/uploads\/2021\/07\/2107radovankovacevic.jpg","contentUrl":"https:\/\/tuzlainfo.ba\/wp-content\/uploads\/2021\/07\/2107radovankovacevic.jpg","width":850,"height":567},{"@type":"BreadcrumbList","@id":"https:\/\/tuzlainfo.ba\/index.php\/bosna-i-hercegovina\/item\/149744-dodikov-savjetnik-glumi-vulina-policija-rs-ima-puno-pravo-biti-na-entitetskoj-liniji\/#breadcrumb","itemListElement":[{"@type":"ListItem","position":1,"name":"Home","item":"https:\/\/tuzlainfo.ba\/"},{"@type":"ListItem","position":2,"name":"Dodikov savjetnik glumi Vulina: Policija RS ima puno pravo biti na entitetskoj liniji"}]},{"@type":"WebSite","@id":"https:\/\/tuzlainfo.ba\/#website","url":"https:\/\/tuzlainfo.ba\/","name":"TuzlaInfo.ba","description":"Tuzla info, gradski informator - Tuzla na dlanu","publisher":{"@id":"https:\/\/tuzlainfo.ba\/#organization"},"potentialAction":[{"@type":"SearchAction","target":{"@type":"EntryPoint","urlTemplate":"https:\/\/tuzlainfo.ba\/?s={search_term_string}"},"query-input":{"@type":"PropertyValueSpecification","valueRequired":true,"valueName":"search_term_string"}}],"inLanguage":"bs-BA"},{"@type":"Organization","@id":"https:\/\/tuzlainfo.ba\/#organization","name":"TuzlaInfo.ba","url":"https:\/\/tuzlainfo.ba\/","logo":{"@type":"ImageObject","inLanguage":"bs-BA","@id":"https:\/\/tuzlainfo.ba\/#\/schema\/logo\/image\/","url":"https:\/\/tuzlainfo.ba\/wp-content\/uploads\/2021\/03\/logo-ver-3-1.png","contentUrl":"https:\/\/tuzlainfo.ba\/wp-content\/uploads\/2021\/03\/logo-ver-3-1.png","width":350,"height":95,"caption":"TuzlaInfo.ba"},"image":{"@id":"https:\/\/tuzlainfo.ba\/#\/schema\/logo\/image\/"},"sameAs":["https:\/\/www.facebook.com\/tuzlainfo.ba\/"]},{"@type":"Person","@id":"https:\/\/tuzlainfo.ba\/#\/schema\/person\/f434e20dc27ea133923aab08451b7f7f","name":"nedim","image":{"@type":"ImageObject","inLanguage":"bs-BA","@id":"https:\/\/tuzlainfo.ba\/#\/schema\/person\/image\/","url":"https:\/\/tuzlainfo.ba\/wp-content\/litespeed\/avatar\/aabad687af24844af817603ac1cbdc4f.jpg?ver=1777306975","contentUrl":"https:\/\/tuzlainfo.ba\/wp-content\/litespeed\/avatar\/aabad687af24844af817603ac1cbdc4f.jpg?ver=1777306975","caption":"nedim"},"description":"Tuzlainfo.ba pratite na dru\u0161tvenim mre\u017eama: Facebook, Instagram i Youtube. Svoje pri\u010de, upite i fotografije \u0161aljite na na\u0161u e-mail adresu."}]}},"_links":{"self":[{"href":"https:\/\/tuzlainfo.ba\/index.php\/wp-json\/wp\/v2\/posts\/149744"}],"collection":[{"href":"https:\/\/tuzlainfo.ba\/index.php\/wp-json\/wp\/v2\/posts"}],"about":[{"href":"https:\/\/tuzlainfo.ba\/index.php\/wp-json\/wp\/v2\/types\/post"}],"author":[{"embeddable":true,"href":"https:\/\/tuzlainfo.ba\/index.php\/wp-json\/wp\/v2\/users\/2"}],"replies":[{"embeddable":true,"href":"https:\/\/tuzlainfo.ba\/index.php\/wp-json\/wp\/v2\/comments?post=149744"}],"version-history":[{"count":0,"href":"https:\/\/tuzlainfo.ba\/index.php\/wp-json\/wp\/v2\/posts\/149744\/revisions"}],"wp:featuredmedia":[{"embeddable":true,"href":"https:\/\/tuzlainfo.ba\/index.php\/wp-json\/wp\/v2\/media\/142505"}],"wp:attachment":[{"href":"https:\/\/tuzlainfo.ba\/index.php\/wp-json\/wp\/v2\/media?parent=149744"}],"wp:term":[{"taxonomy":"category","embeddable":true,"href":"https:\/\/tuzlainfo.ba\/index.php\/wp-json\/wp\/v2\/categories?post=149744"},{"taxonomy":"post_tag","embeddable":true,"href":"https:\/\/tuzlainfo.ba\/index.php\/wp-json\/wp\/v2\/tags?post=149744"}],"curies":[{"name":"wp","href":"https:\/\/api.w.org\/{rel}","templated":true}]}}