{"id":149712,"date":"2021-10-03T15:25:26","date_gmt":"2021-10-03T13:25:26","guid":{"rendered":"https:\/\/tuzlainfo.ba\/?p=149712"},"modified":"2021-10-03T10:19:07","modified_gmt":"2021-10-03T08:19:07","slug":"tuzla-najava-kolektivne-izlozba-radova-nastalih-u-sklopu-artisticke-radne-akcije","status":"publish","type":"post","link":"https:\/\/tuzlainfo.ba\/index.php\/najava-dogadaja-2\/item\/149712-tuzla-najava-kolektivne-izlozba-radova-nastalih-u-sklopu-artisticke-radne-akcije\/","title":{"rendered":"Tuzla: Najava Kolektivne izlo\u017eba radova nastalih u sklopu Artisti\u010dke radne akcije"},"content":{"rendered":"<p>Kolektivna izlo\u017eba radova nastalih u sklopu Artisti\u010dke radne akcije, koju je organizovalo UG Oblik iz Tuzle biti sve\u010dano otvorena u ponedjeljak, 04.10.2021.godine u 19:00 sati u Ku\u0107i i ateljeu Ismet Mujezinovi\u0107 (Klosterska 19) , u sklopu JU Centar za kulturu Tuzla.<\/p>\n<p>Na likovnoj koloniji ARA 2021 u\u010destvovala su dvadeset i dva ve\u0107inom mlada umjetnika iz cijele Bosne i Hercegovine.<\/p>\n<p>Izlo\u017eba ostaje otvorena do 10.10.2021.godine.<\/p>\n","protected":false},"excerpt":{"rendered":"<p>Kolektivna izlo\u017eba radova nastalih u sklopu Artisti\u010dke radne akcije, koju je organizovalo UG Oblik iz&hellip;<\/p>\n","protected":false},"author":2,"featured_media":149713,"comment_status":"open","ping_status":"closed","sticky":false,"template":"","format":"standard","meta":{"_acf_changed":false,"footnotes":""},"categories":[11],"tags":[2188,1294],"acf":[],"yoast_head":"<!-- This site is optimized with the Yoast SEO plugin v23.5 - https:\/\/yoast.com\/wordpress\/plugins\/seo\/ -->\n<title>Tuzla: Najava Kolektivne izlo\u017eba radova nastalih u sklopu Artisti\u010dke radne akcije - TuzlaInfo.ba<\/title>\n<meta name=\"robots\" content=\"index, follow, max-snippet:-1, max-image-preview:large, max-video-preview:-1\" \/>\n<link rel=\"canonical\" href=\"https:\/\/tuzlainfo.ba\/index.php\/najava-dogadaja-2\/item\/149712-tuzla-najava-kolektivne-izlozba-radova-nastalih-u-sklopu-artisticke-radne-akcije\/\" \/>\n<meta property=\"og:locale\" content=\"bs_BA\" \/>\n<meta property=\"og:type\" content=\"article\" \/>\n<meta property=\"og:title\" content=\"Tuzla: Najava Kolektivne izlo\u017eba radova nastalih u sklopu Artisti\u010dke radne akcije - TuzlaInfo.ba\" \/>\n<meta property=\"og:description\" content=\"Kolektivna izlo\u017eba radova nastalih u sklopu Artisti\u010dke radne akcije, koju je organizovalo UG Oblik iz&hellip;\" \/>\n<meta property=\"og:url\" content=\"https:\/\/tuzlainfo.ba\/index.php\/najava-dogadaja-2\/item\/149712-tuzla-najava-kolektivne-izlozba-radova-nastalih-u-sklopu-artisticke-radne-akcije\/\" \/>\n<meta property=\"og:site_name\" content=\"TuzlaInfo.ba\" \/>\n<meta property=\"article:publisher\" content=\"https:\/\/www.facebook.com\/tuzlainfo.ba\/\" \/>\n<meta property=\"article:published_time\" content=\"2021-10-03T13:25:26+00:00\" \/>\n<meta property=\"article:modified_time\" content=\"2021-10-03T08:19:07+00:00\" \/>\n<meta property=\"og:image\" content=\"https:\/\/tuzlainfo.ba\/wp-content\/uploads\/2021\/10\/0310_artisticka.jpg\" \/>\n\t<meta property=\"og:image:width\" content=\"1200\" \/>\n\t<meta property=\"og:image:height\" content=\"798\" \/>\n\t<meta property=\"og:image:type\" content=\"image\/jpeg\" \/>\n<meta name=\"author\" content=\"nedim\" \/>\n<meta name=\"twitter:card\" content=\"summary_large_image\" \/>\n<meta name=\"twitter:label1\" content=\"Written by\" \/>\n\t<meta name=\"twitter:data1\" content=\"nedim\" \/>\n<script type=\"application\/ld+json\" class=\"yoast-schema-graph\">{\"@context\":\"https:\/\/schema.org\",\"@graph\":[{\"@type\":\"Article\",\"@id\":\"https:\/\/tuzlainfo.ba\/index.php\/najava-dogadaja-2\/item\/149712-tuzla-najava-kolektivne-izlozba-radova-nastalih-u-sklopu-artisticke-radne-akcije\/#article\",\"isPartOf\":{\"@id\":\"https:\/\/tuzlainfo.ba\/index.php\/najava-dogadaja-2\/item\/149712-tuzla-najava-kolektivne-izlozba-radova-nastalih-u-sklopu-artisticke-radne-akcije\/\"},\"author\":{\"name\":\"nedim\",\"@id\":\"https:\/\/tuzlainfo.ba\/#\/schema\/person\/f434e20dc27ea133923aab08451b7f7f\"},\"headline\":\"Tuzla: Najava Kolektivne izlo\u017eba radova nastalih u sklopu Artisti\u010dke radne akcije\",\"datePublished\":\"2021-10-03T13:25:26+00:00\",\"dateModified\":\"2021-10-03T08:19:07+00:00\",\"mainEntityOfPage\":{\"@id\":\"https:\/\/tuzlainfo.ba\/index.php\/najava-dogadaja-2\/item\/149712-tuzla-najava-kolektivne-izlozba-radova-nastalih-u-sklopu-artisticke-radne-akcije\/\"},\"wordCount\":80,\"commentCount\":0,\"publisher\":{\"@id\":\"https:\/\/tuzlainfo.ba\/#organization\"},\"image\":{\"@id\":\"https:\/\/tuzlainfo.ba\/index.php\/najava-dogadaja-2\/item\/149712-tuzla-najava-kolektivne-izlozba-radova-nastalih-u-sklopu-artisticke-radne-akcije\/#primaryimage\"},\"thumbnailUrl\":\"https:\/\/tuzlainfo.ba\/wp-content\/uploads\/2021\/10\/0310_artisticka.jpg\",\"keywords\":[\"centar za kulturu tuzla\",\"kultura\"],\"articleSection\":[\"Najave i doga\u0111aji\"],\"inLanguage\":\"bs-BA\"},{\"@type\":\"WebPage\",\"@id\":\"https:\/\/tuzlainfo.ba\/index.php\/najava-dogadaja-2\/item\/149712-tuzla-najava-kolektivne-izlozba-radova-nastalih-u-sklopu-artisticke-radne-akcije\/\",\"url\":\"https:\/\/tuzlainfo.ba\/index.php\/najava-dogadaja-2\/item\/149712-tuzla-najava-kolektivne-izlozba-radova-nastalih-u-sklopu-artisticke-radne-akcije\/\",\"name\":\"Tuzla: Najava Kolektivne izlo\u017eba radova nastalih u sklopu Artisti\u010dke radne akcije - TuzlaInfo.ba\",\"isPartOf\":{\"@id\":\"https:\/\/tuzlainfo.ba\/#website\"},\"primaryImageOfPage\":{\"@id\":\"https:\/\/tuzlainfo.ba\/index.php\/najava-dogadaja-2\/item\/149712-tuzla-najava-kolektivne-izlozba-radova-nastalih-u-sklopu-artisticke-radne-akcije\/#primaryimage\"},\"image\":{\"@id\":\"https:\/\/tuzlainfo.ba\/index.php\/najava-dogadaja-2\/item\/149712-tuzla-najava-kolektivne-izlozba-radova-nastalih-u-sklopu-artisticke-radne-akcije\/#primaryimage\"},\"thumbnailUrl\":\"https:\/\/tuzlainfo.ba\/wp-content\/uploads\/2021\/10\/0310_artisticka.jpg\",\"datePublished\":\"2021-10-03T13:25:26+00:00\",\"dateModified\":\"2021-10-03T08:19:07+00:00\",\"breadcrumb\":{\"@id\":\"https:\/\/tuzlainfo.ba\/index.php\/najava-dogadaja-2\/item\/149712-tuzla-najava-kolektivne-izlozba-radova-nastalih-u-sklopu-artisticke-radne-akcije\/#breadcrumb\"},\"inLanguage\":\"bs-BA\",\"potentialAction\":[{\"@type\":\"ReadAction\",\"target\":[\"https:\/\/tuzlainfo.ba\/index.php\/najava-dogadaja-2\/item\/149712-tuzla-najava-kolektivne-izlozba-radova-nastalih-u-sklopu-artisticke-radne-akcije\/\"]}]},{\"@type\":\"ImageObject\",\"inLanguage\":\"bs-BA\",\"@id\":\"https:\/\/tuzlainfo.ba\/index.php\/najava-dogadaja-2\/item\/149712-tuzla-najava-kolektivne-izlozba-radova-nastalih-u-sklopu-artisticke-radne-akcije\/#primaryimage\",\"url\":\"https:\/\/tuzlainfo.ba\/wp-content\/uploads\/2021\/10\/0310_artisticka.jpg\",\"contentUrl\":\"https:\/\/tuzlainfo.ba\/wp-content\/uploads\/2021\/10\/0310_artisticka.jpg\",\"width\":1200,\"height\":798},{\"@type\":\"BreadcrumbList\",\"@id\":\"https:\/\/tuzlainfo.ba\/index.php\/najava-dogadaja-2\/item\/149712-tuzla-najava-kolektivne-izlozba-radova-nastalih-u-sklopu-artisticke-radne-akcije\/#breadcrumb\",\"itemListElement\":[{\"@type\":\"ListItem\",\"position\":1,\"name\":\"Home\",\"item\":\"https:\/\/tuzlainfo.ba\/\"},{\"@type\":\"ListItem\",\"position\":2,\"name\":\"Tuzla: Najava Kolektivne izlo\u017eba radova nastalih u sklopu Artisti\u010dke radne akcije\"}]},{\"@type\":\"WebSite\",\"@id\":\"https:\/\/tuzlainfo.ba\/#website\",\"url\":\"https:\/\/tuzlainfo.ba\/\",\"name\":\"TuzlaInfo.ba\",\"description\":\"Tuzla info, gradski informator - Tuzla na dlanu\",\"publisher\":{\"@id\":\"https:\/\/tuzlainfo.ba\/#organization\"},\"potentialAction\":[{\"@type\":\"SearchAction\",\"target\":{\"@type\":\"EntryPoint\",\"urlTemplate\":\"https:\/\/tuzlainfo.ba\/?s={search_term_string}\"},\"query-input\":{\"@type\":\"PropertyValueSpecification\",\"valueRequired\":true,\"valueName\":\"search_term_string\"}}],\"inLanguage\":\"bs-BA\"},{\"@type\":\"Organization\",\"@id\":\"https:\/\/tuzlainfo.ba\/#organization\",\"name\":\"TuzlaInfo.ba\",\"url\":\"https:\/\/tuzlainfo.ba\/\",\"logo\":{\"@type\":\"ImageObject\",\"inLanguage\":\"bs-BA\",\"@id\":\"https:\/\/tuzlainfo.ba\/#\/schema\/logo\/image\/\",\"url\":\"https:\/\/tuzlainfo.ba\/wp-content\/uploads\/2021\/03\/logo-ver-3-1.png\",\"contentUrl\":\"https:\/\/tuzlainfo.ba\/wp-content\/uploads\/2021\/03\/logo-ver-3-1.png\",\"width\":350,\"height\":95,\"caption\":\"TuzlaInfo.ba\"},\"image\":{\"@id\":\"https:\/\/tuzlainfo.ba\/#\/schema\/logo\/image\/\"},\"sameAs\":[\"https:\/\/www.facebook.com\/tuzlainfo.ba\/\"]},{\"@type\":\"Person\",\"@id\":\"https:\/\/tuzlainfo.ba\/#\/schema\/person\/f434e20dc27ea133923aab08451b7f7f\",\"name\":\"nedim\",\"image\":{\"@type\":\"ImageObject\",\"inLanguage\":\"bs-BA\",\"@id\":\"https:\/\/tuzlainfo.ba\/#\/schema\/person\/image\/\",\"url\":\"https:\/\/tuzlainfo.ba\/wp-content\/litespeed\/avatar\/aabad687af24844af817603ac1cbdc4f.jpg?ver=1776702173\",\"contentUrl\":\"https:\/\/tuzlainfo.ba\/wp-content\/litespeed\/avatar\/aabad687af24844af817603ac1cbdc4f.jpg?ver=1776702173\",\"caption\":\"nedim\"},\"description\":\"Tuzlainfo.ba pratite na dru\u0161tvenim mre\u017eama: Facebook, Instagram i Youtube. Svoje pri\u010de, upite i fotografije \u0161aljite na na\u0161u e-mail adresu.\"}]}<\/script>\n<!-- \/ Yoast SEO plugin. -->","yoast_head_json":{"title":"Tuzla: Najava Kolektivne izlo\u017eba radova nastalih u sklopu Artisti\u010dke radne akcije - TuzlaInfo.ba","robots":{"index":"index","follow":"follow","max-snippet":"max-snippet:-1","max-image-preview":"max-image-preview:large","max-video-preview":"max-video-preview:-1"},"canonical":"https:\/\/tuzlainfo.ba\/index.php\/najava-dogadaja-2\/item\/149712-tuzla-najava-kolektivne-izlozba-radova-nastalih-u-sklopu-artisticke-radne-akcije\/","og_locale":"bs_BA","og_type":"article","og_title":"Tuzla: Najava Kolektivne izlo\u017eba radova nastalih u sklopu Artisti\u010dke radne akcije - TuzlaInfo.ba","og_description":"Kolektivna izlo\u017eba radova nastalih u sklopu Artisti\u010dke radne akcije, koju je organizovalo UG Oblik iz&hellip;","og_url":"https:\/\/tuzlainfo.ba\/index.php\/najava-dogadaja-2\/item\/149712-tuzla-najava-kolektivne-izlozba-radova-nastalih-u-sklopu-artisticke-radne-akcije\/","og_site_name":"TuzlaInfo.ba","article_publisher":"https:\/\/www.facebook.com\/tuzlainfo.ba\/","article_published_time":"2021-10-03T13:25:26+00:00","article_modified_time":"2021-10-03T08:19:07+00:00","og_image":[{"width":1200,"height":798,"url":"https:\/\/tuzlainfo.ba\/wp-content\/uploads\/2021\/10\/0310_artisticka.jpg","type":"image\/jpeg"}],"author":"nedim","twitter_card":"summary_large_image","twitter_misc":{"Written by":"nedim"},"schema":{"@context":"https:\/\/schema.org","@graph":[{"@type":"Article","@id":"https:\/\/tuzlainfo.ba\/index.php\/najava-dogadaja-2\/item\/149712-tuzla-najava-kolektivne-izlozba-radova-nastalih-u-sklopu-artisticke-radne-akcije\/#article","isPartOf":{"@id":"https:\/\/tuzlainfo.ba\/index.php\/najava-dogadaja-2\/item\/149712-tuzla-najava-kolektivne-izlozba-radova-nastalih-u-sklopu-artisticke-radne-akcije\/"},"author":{"name":"nedim","@id":"https:\/\/tuzlainfo.ba\/#\/schema\/person\/f434e20dc27ea133923aab08451b7f7f"},"headline":"Tuzla: Najava Kolektivne izlo\u017eba radova nastalih u sklopu Artisti\u010dke radne akcije","datePublished":"2021-10-03T13:25:26+00:00","dateModified":"2021-10-03T08:19:07+00:00","mainEntityOfPage":{"@id":"https:\/\/tuzlainfo.ba\/index.php\/najava-dogadaja-2\/item\/149712-tuzla-najava-kolektivne-izlozba-radova-nastalih-u-sklopu-artisticke-radne-akcije\/"},"wordCount":80,"commentCount":0,"publisher":{"@id":"https:\/\/tuzlainfo.ba\/#organization"},"image":{"@id":"https:\/\/tuzlainfo.ba\/index.php\/najava-dogadaja-2\/item\/149712-tuzla-najava-kolektivne-izlozba-radova-nastalih-u-sklopu-artisticke-radne-akcije\/#primaryimage"},"thumbnailUrl":"https:\/\/tuzlainfo.ba\/wp-content\/uploads\/2021\/10\/0310_artisticka.jpg","keywords":["centar za kulturu tuzla","kultura"],"articleSection":["Najave i doga\u0111aji"],"inLanguage":"bs-BA"},{"@type":"WebPage","@id":"https:\/\/tuzlainfo.ba\/index.php\/najava-dogadaja-2\/item\/149712-tuzla-najava-kolektivne-izlozba-radova-nastalih-u-sklopu-artisticke-radne-akcije\/","url":"https:\/\/tuzlainfo.ba\/index.php\/najava-dogadaja-2\/item\/149712-tuzla-najava-kolektivne-izlozba-radova-nastalih-u-sklopu-artisticke-radne-akcije\/","name":"Tuzla: Najava Kolektivne izlo\u017eba radova nastalih u sklopu Artisti\u010dke radne akcije - TuzlaInfo.ba","isPartOf":{"@id":"https:\/\/tuzlainfo.ba\/#website"},"primaryImageOfPage":{"@id":"https:\/\/tuzlainfo.ba\/index.php\/najava-dogadaja-2\/item\/149712-tuzla-najava-kolektivne-izlozba-radova-nastalih-u-sklopu-artisticke-radne-akcije\/#primaryimage"},"image":{"@id":"https:\/\/tuzlainfo.ba\/index.php\/najava-dogadaja-2\/item\/149712-tuzla-najava-kolektivne-izlozba-radova-nastalih-u-sklopu-artisticke-radne-akcije\/#primaryimage"},"thumbnailUrl":"https:\/\/tuzlainfo.ba\/wp-content\/uploads\/2021\/10\/0310_artisticka.jpg","datePublished":"2021-10-03T13:25:26+00:00","dateModified":"2021-10-03T08:19:07+00:00","breadcrumb":{"@id":"https:\/\/tuzlainfo.ba\/index.php\/najava-dogadaja-2\/item\/149712-tuzla-najava-kolektivne-izlozba-radova-nastalih-u-sklopu-artisticke-radne-akcije\/#breadcrumb"},"inLanguage":"bs-BA","potentialAction":[{"@type":"ReadAction","target":["https:\/\/tuzlainfo.ba\/index.php\/najava-dogadaja-2\/item\/149712-tuzla-najava-kolektivne-izlozba-radova-nastalih-u-sklopu-artisticke-radne-akcije\/"]}]},{"@type":"ImageObject","inLanguage":"bs-BA","@id":"https:\/\/tuzlainfo.ba\/index.php\/najava-dogadaja-2\/item\/149712-tuzla-najava-kolektivne-izlozba-radova-nastalih-u-sklopu-artisticke-radne-akcije\/#primaryimage","url":"https:\/\/tuzlainfo.ba\/wp-content\/uploads\/2021\/10\/0310_artisticka.jpg","contentUrl":"https:\/\/tuzlainfo.ba\/wp-content\/uploads\/2021\/10\/0310_artisticka.jpg","width":1200,"height":798},{"@type":"BreadcrumbList","@id":"https:\/\/tuzlainfo.ba\/index.php\/najava-dogadaja-2\/item\/149712-tuzla-najava-kolektivne-izlozba-radova-nastalih-u-sklopu-artisticke-radne-akcije\/#breadcrumb","itemListElement":[{"@type":"ListItem","position":1,"name":"Home","item":"https:\/\/tuzlainfo.ba\/"},{"@type":"ListItem","position":2,"name":"Tuzla: Najava Kolektivne izlo\u017eba radova nastalih u sklopu Artisti\u010dke radne akcije"}]},{"@type":"WebSite","@id":"https:\/\/tuzlainfo.ba\/#website","url":"https:\/\/tuzlainfo.ba\/","name":"TuzlaInfo.ba","description":"Tuzla info, gradski informator - Tuzla na dlanu","publisher":{"@id":"https:\/\/tuzlainfo.ba\/#organization"},"potentialAction":[{"@type":"SearchAction","target":{"@type":"EntryPoint","urlTemplate":"https:\/\/tuzlainfo.ba\/?s={search_term_string}"},"query-input":{"@type":"PropertyValueSpecification","valueRequired":true,"valueName":"search_term_string"}}],"inLanguage":"bs-BA"},{"@type":"Organization","@id":"https:\/\/tuzlainfo.ba\/#organization","name":"TuzlaInfo.ba","url":"https:\/\/tuzlainfo.ba\/","logo":{"@type":"ImageObject","inLanguage":"bs-BA","@id":"https:\/\/tuzlainfo.ba\/#\/schema\/logo\/image\/","url":"https:\/\/tuzlainfo.ba\/wp-content\/uploads\/2021\/03\/logo-ver-3-1.png","contentUrl":"https:\/\/tuzlainfo.ba\/wp-content\/uploads\/2021\/03\/logo-ver-3-1.png","width":350,"height":95,"caption":"TuzlaInfo.ba"},"image":{"@id":"https:\/\/tuzlainfo.ba\/#\/schema\/logo\/image\/"},"sameAs":["https:\/\/www.facebook.com\/tuzlainfo.ba\/"]},{"@type":"Person","@id":"https:\/\/tuzlainfo.ba\/#\/schema\/person\/f434e20dc27ea133923aab08451b7f7f","name":"nedim","image":{"@type":"ImageObject","inLanguage":"bs-BA","@id":"https:\/\/tuzlainfo.ba\/#\/schema\/person\/image\/","url":"https:\/\/tuzlainfo.ba\/wp-content\/litespeed\/avatar\/aabad687af24844af817603ac1cbdc4f.jpg?ver=1776702173","contentUrl":"https:\/\/tuzlainfo.ba\/wp-content\/litespeed\/avatar\/aabad687af24844af817603ac1cbdc4f.jpg?ver=1776702173","caption":"nedim"},"description":"Tuzlainfo.ba pratite na dru\u0161tvenim mre\u017eama: Facebook, Instagram i Youtube. Svoje pri\u010de, upite i fotografije \u0161aljite na na\u0161u e-mail adresu."}]}},"_links":{"self":[{"href":"https:\/\/tuzlainfo.ba\/index.php\/wp-json\/wp\/v2\/posts\/149712"}],"collection":[{"href":"https:\/\/tuzlainfo.ba\/index.php\/wp-json\/wp\/v2\/posts"}],"about":[{"href":"https:\/\/tuzlainfo.ba\/index.php\/wp-json\/wp\/v2\/types\/post"}],"author":[{"embeddable":true,"href":"https:\/\/tuzlainfo.ba\/index.php\/wp-json\/wp\/v2\/users\/2"}],"replies":[{"embeddable":true,"href":"https:\/\/tuzlainfo.ba\/index.php\/wp-json\/wp\/v2\/comments?post=149712"}],"version-history":[{"count":0,"href":"https:\/\/tuzlainfo.ba\/index.php\/wp-json\/wp\/v2\/posts\/149712\/revisions"}],"wp:featuredmedia":[{"embeddable":true,"href":"https:\/\/tuzlainfo.ba\/index.php\/wp-json\/wp\/v2\/media\/149713"}],"wp:attachment":[{"href":"https:\/\/tuzlainfo.ba\/index.php\/wp-json\/wp\/v2\/media?parent=149712"}],"wp:term":[{"taxonomy":"category","embeddable":true,"href":"https:\/\/tuzlainfo.ba\/index.php\/wp-json\/wp\/v2\/categories?post=149712"},{"taxonomy":"post_tag","embeddable":true,"href":"https:\/\/tuzlainfo.ba\/index.php\/wp-json\/wp\/v2\/tags?post=149712"}],"curies":[{"name":"wp","href":"https:\/\/api.w.org\/{rel}","templated":true}]}}