{"id":149668,"date":"2021-10-02T18:17:24","date_gmt":"2021-10-02T16:17:24","guid":{"rendered":"https:\/\/tuzlainfo.ba\/?p=149668"},"modified":"2021-10-02T18:18:43","modified_gmt":"2021-10-02T16:18:43","slug":"u-tuzli-obiljezen-2-oktobar-dan-oslobodjenja-grada-u-drugom-svjetskom-ratu","status":"publish","type":"post","link":"https:\/\/tuzlainfo.ba\/index.php\/novosti\/item\/149668-u-tuzli-obiljezen-2-oktobar-dan-oslobodjenja-grada-u-drugom-svjetskom-ratu\/","title":{"rendered":"U Tuzli obilje\u017een 2. oktobar, Dan oslobo\u0111enja grada u Drugom svjetskom ratu"},"content":{"rendered":"<p>Nakon ju\u010der zapo\u010detih aktivnosti, danas je nastavljeno obilje\u017eavanje 2.oktobra Dana oslobo\u0111enja Tuzle u 2. Svjetskom ratu.<\/p>\n<p>Na spomenicima na Slanoj Banji polo\u017eeni su vijenci i cvije\u0107e i odato po\u0161tovanje svima koji su dali \u017eivote na\u0161u domovinu BIH u Narodno oslobodila\u010dkom ratu 1942- 1945 i u odbrani od agresije 1992- 1995. godina kao i civilnim \u017ertvama rata, a u BKC TK Tuzla odr\u017eana je sve\u010dana sjednica Gradskog vije\u0107a Tuzla.<\/p>\n<p>Premijer Tuzlanskog kantona Kadrija Hod\u017ei\u0107 prilikom sve\u010danog obilje\u017eavanja Dana oslobo\u0111enja Tuzle izjavio je, da je 78 godina zajedni\u010dkog obrasca \u017eivljenja, \u00a0uporne borbe protiv razli\u010ditih oblika fa\u0161izma koji se javljaju i danas \u00a0sna\u017ean doprinos Tuzlanki i Tuzlaka op\u0107im civilizacijskim vrijednostima.<\/p>\n<p>\u201eAntifa\u0161isti\u010dki kontinuitet u Tuzli je me\u0111u jedinstvenim gradovima, gotovo da nema grada na Balkanu koji na ovako \u00a0kontinuiran \u00a0na\u010din promovira vrijednosti zajedni\u010dkog \u017eivljenja\u201c,kazao je premijer Hod\u017ei\u0107, napomenuv\u0161i da kontinuitet Tuzlaka u toj borbi traje proteklih 120 godina, kroz radni\u010dki i sindikalni pokret, kroz vrijednosti koje su zajedno promovirali Leonardo Banker, Mitar Trifunovi\u0107 U\u010do, Pa\u0161aga Mand\u017ei\u0107.<\/p>\n<p>Uputiv\u0161i Tuzlankama i Tuzlacima \u010destitke povodom dana\u0161njeg praznika premijer Hod\u017ei\u0107 je poru\u010dio, da trebaju biti ponosni na tako dugom kontinutetu \u00a0promoviranja i provo\u0111enja principa zajedni\u010dkog \u017eivljenja.<\/p>\n<p>Gradona\u010delnik Tuzle Jasmin Imamovi\u0107 ovom prilikom je kazao da je fa\u0161izam \u00a0vje\u010dita opasnost i da mu anfifa\u0161izam mora uvijek biti suprostavljen.<\/p>\n<p>\u201eGre\u0161ka je \u0161to se smatra da je fa\u0161izam pobije\u0111en 9. maja 1945. godine \u00a0za sva vremena. Mi smo 1992. godine bili \u017ertve novog fa\u0161izma u Evropi, \u0161kolskog primjera fa\u0161izma, agresije na zemlju, ubijanje civila, osnivanje logora. Tako da moramo biti odlu\u010dniji u odbrani principa antifa\u0161izma i njegovati to u spomeni\u010dkoj, manifestacionoj kulturi, \u0161kolskim programima, ne smijemo dopustiti da prevlada neistina\u201cporu\u010dio je Imamovi\u0107.<\/p>\n<p>Povodom 78. godi\u0161njice oslobo\u0111enja Tuzle, na dana\u0161nju sve\u010danost je do\u0161ao je\u00a0 po\u010dasni gra\u0111anin Stjepan Mesi\u0107.<\/p>\n<p>\u2013 Tuzla je grad koji je u\u0161ao u povijest, najve\u0107i grad koji je oslobo\u0111en u Evropi za vrijeme Drugog svjetskog rata. Ovo je grad koji se sam branio. Tuzla nastavlja svoje tradicije, ovdje \u0161ovinizam nema mjesta. Va\u017eno je da se sa ovakvih mjesta \u0161alje poruka koje su opasnosti od fa\u0161izma i na koji na\u010din mo\u017eemo zaustaviti tendencije koje se pojavljuju u Evropi \u2013 izjavio je Stjepan Mesi\u0107.<\/p>\n<p><iframe title=\"U Tuzli obilje\u017een 2. oktobar Dan oslobo\u0111enja u 2. Svjetskom ratu\" width=\"800\" height=\"450\" src=\"https:\/\/www.youtube.com\/embed\/Ky5qfETOTkE?feature=oembed\" frameborder=\"0\" allow=\"accelerometer; autoplay; clipboard-write; encrypted-media; gyroscope; picture-in-picture; web-share\" referrerpolicy=\"strict-origin-when-cross-origin\" allowfullscreen><\/iframe><\/p>\n","protected":false},"excerpt":{"rendered":"<p>Nakon ju\u010der zapo\u010detih aktivnosti, danas je nastavljeno obilje\u017eavanje 2.oktobra Dana oslobo\u0111enja Tuzle u 2. Svjetskom ratu. Na spomenicima na Slanoj Banji polo\u017eeni su vijenci i cvije\u0107e i odato po\u0161tovanje svima koji su dali \u017eivote na\u0161u domovinu BIH u Narodno oslobodila\u010dkom ratu 1942- 1945 i u odbrani od agresije 1992- 1995. godina kao i civilnim \u017ertvama [&hellip;]<\/p>\n","protected":false},"author":2,"featured_media":149669,"comment_status":"open","ping_status":"closed","sticky":false,"template":"","format":"standard","meta":{"footnotes":""},"categories":[304,12],"tags":[2826,331],"class_list":["post-149668","post","type-post","status-publish","format-standard","has-post-thumbnail","hentry","category-istaknuto","category-novosti","tag-2-oktobar","tag-grad-tuzla"],"yoast_head":"<!-- This site is optimized with the Yoast SEO plugin v28.4 - https:\/\/yoast.com\/product\/yoast-seo-wordpress\/ -->\n<title>U Tuzli obilje\u017een 2. oktobar, Dan oslobo\u0111enja grada u Drugom svjetskom ratu<\/title>\n<meta name=\"robots\" content=\"index, follow, max-snippet:-1, max-image-preview:large, max-video-preview:-1\" \/>\n<link rel=\"canonical\" href=\"https:\/\/tuzlainfo.ba\/index.php\/novosti\/item\/149668-u-tuzli-obiljezen-2-oktobar-dan-oslobodjenja-grada-u-drugom-svjetskom-ratu\/\" \/>\n<meta property=\"og:locale\" content=\"bs_BA\" \/>\n<meta property=\"og:type\" content=\"article\" \/>\n<meta property=\"og:title\" content=\"U Tuzli obilje\u017een 2. oktobar, Dan oslobo\u0111enja grada u Drugom svjetskom ratu\" \/>\n<meta property=\"og:description\" content=\"Nakon ju\u010der zapo\u010detih aktivnosti, danas je nastavljeno obilje\u017eavanje 2.oktobra Dana oslobo\u0111enja Tuzle u 2. Svjetskom ratu. Na spomenicima na Slanoj Banji polo\u017eeni su vijenci i cvije\u0107e i odato po\u0161tovanje svima koji su dali \u017eivote na\u0161u domovinu BIH u Narodno oslobodila\u010dkom ratu 1942- 1945 i u odbrani od agresije 1992- 1995. godina kao i civilnim \u017ertvama [&hellip;]\" \/>\n<meta property=\"og:url\" content=\"https:\/\/tuzlainfo.ba\/index.php\/novosti\/item\/149668-u-tuzli-obiljezen-2-oktobar-dan-oslobodjenja-grada-u-drugom-svjetskom-ratu\/\" \/>\n<meta property=\"og:site_name\" content=\"TuzlaInfo.ba\" \/>\n<meta property=\"article:publisher\" content=\"https:\/\/www.facebook.com\/tuzlainfo.ba\/\" \/>\n<meta property=\"article:published_time\" content=\"2021-10-02T16:17:24+00:00\" \/>\n<meta property=\"article:modified_time\" content=\"2021-10-02T16:18:43+00:00\" \/>\n<meta property=\"og:image\" content=\"https:\/\/tuzlainfo.ba\/wp-content\/uploads\/2021\/10\/0210_svecana_sjednica_2_oktobar.jpg\" \/>\n\t<meta property=\"og:image:width\" content=\"1200\" \/>\n\t<meta property=\"og:image:height\" content=\"750\" \/>\n\t<meta property=\"og:image:type\" content=\"image\/jpeg\" \/>\n<meta name=\"author\" content=\"nedim\" \/>\n<meta name=\"twitter:card\" content=\"summary_large_image\" \/>\n<meta name=\"twitter:label1\" content=\"Written by\" \/>\n\t<meta name=\"twitter:data1\" content=\"nedim\" \/>\n\t<meta name=\"twitter:label2\" content=\"Est. reading time\" \/>\n\t<meta name=\"twitter:data2\" content=\"2 minute\" \/>\n<script type=\"application\/ld+json\" class=\"yoast-schema-graph\">{\"@context\":\"https:\\\/\\\/schema.org\",\"@graph\":[{\"@type\":\"Article\",\"@id\":\"https:\\\/\\\/tuzlainfo.ba\\\/index.php\\\/novosti\\\/item\\\/149668-u-tuzli-obiljezen-2-oktobar-dan-oslobodjenja-grada-u-drugom-svjetskom-ratu\\\/#article\",\"isPartOf\":{\"@id\":\"https:\\\/\\\/tuzlainfo.ba\\\/index.php\\\/novosti\\\/item\\\/149668-u-tuzli-obiljezen-2-oktobar-dan-oslobodjenja-grada-u-drugom-svjetskom-ratu\\\/\"},\"author\":{\"name\":\"nedim\",\"@id\":\"https:\\\/\\\/tuzlainfo.ba\\\/#\\\/schema\\\/person\\\/f434e20dc27ea133923aab08451b7f7f\"},\"headline\":\"U Tuzli obilje\u017een 2. oktobar, Dan oslobo\u0111enja grada u Drugom svjetskom ratu\",\"datePublished\":\"2021-10-02T16:17:24+00:00\",\"dateModified\":\"2021-10-02T16:18:43+00:00\",\"mainEntityOfPage\":{\"@id\":\"https:\\\/\\\/tuzlainfo.ba\\\/index.php\\\/novosti\\\/item\\\/149668-u-tuzli-obiljezen-2-oktobar-dan-oslobodjenja-grada-u-drugom-svjetskom-ratu\\\/\"},\"wordCount\":427,\"commentCount\":0,\"publisher\":{\"@id\":\"https:\\\/\\\/tuzlainfo.ba\\\/#organization\"},\"image\":{\"@id\":\"https:\\\/\\\/tuzlainfo.ba\\\/index.php\\\/novosti\\\/item\\\/149668-u-tuzli-obiljezen-2-oktobar-dan-oslobodjenja-grada-u-drugom-svjetskom-ratu\\\/#primaryimage\"},\"thumbnailUrl\":\"https:\\\/\\\/tuzlainfo.ba\\\/wp-content\\\/uploads\\\/2021\\\/10\\\/0210_svecana_sjednica_2_oktobar.jpg\",\"keywords\":[\"2. Oktobar\",\"grad tuzla\"],\"articleSection\":[\"Istaknuto\",\"Novosti\"],\"inLanguage\":\"bs-BA\",\"copyrightYear\":\"2021\",\"copyrightHolder\":{\"@id\":\"https:\\\/\\\/tuzlainfo.ba\\\/#organization\"}},{\"@type\":\"WebPage\",\"@id\":\"https:\\\/\\\/tuzlainfo.ba\\\/index.php\\\/novosti\\\/item\\\/149668-u-tuzli-obiljezen-2-oktobar-dan-oslobodjenja-grada-u-drugom-svjetskom-ratu\\\/\",\"url\":\"https:\\\/\\\/tuzlainfo.ba\\\/index.php\\\/novosti\\\/item\\\/149668-u-tuzli-obiljezen-2-oktobar-dan-oslobodjenja-grada-u-drugom-svjetskom-ratu\\\/\",\"name\":\"U Tuzli obilje\u017een 2. oktobar, Dan oslobo\u0111enja grada u Drugom svjetskom ratu\",\"isPartOf\":{\"@id\":\"https:\\\/\\\/tuzlainfo.ba\\\/#website\"},\"primaryImageOfPage\":{\"@id\":\"https:\\\/\\\/tuzlainfo.ba\\\/index.php\\\/novosti\\\/item\\\/149668-u-tuzli-obiljezen-2-oktobar-dan-oslobodjenja-grada-u-drugom-svjetskom-ratu\\\/#primaryimage\"},\"image\":{\"@id\":\"https:\\\/\\\/tuzlainfo.ba\\\/index.php\\\/novosti\\\/item\\\/149668-u-tuzli-obiljezen-2-oktobar-dan-oslobodjenja-grada-u-drugom-svjetskom-ratu\\\/#primaryimage\"},\"thumbnailUrl\":\"https:\\\/\\\/tuzlainfo.ba\\\/wp-content\\\/uploads\\\/2021\\\/10\\\/0210_svecana_sjednica_2_oktobar.jpg\",\"datePublished\":\"2021-10-02T16:17:24+00:00\",\"dateModified\":\"2021-10-02T16:18:43+00:00\",\"breadcrumb\":{\"@id\":\"https:\\\/\\\/tuzlainfo.ba\\\/index.php\\\/novosti\\\/item\\\/149668-u-tuzli-obiljezen-2-oktobar-dan-oslobodjenja-grada-u-drugom-svjetskom-ratu\\\/#breadcrumb\"},\"inLanguage\":\"bs-BA\",\"potentialAction\":[{\"@type\":\"ReadAction\",\"target\":[\"https:\\\/\\\/tuzlainfo.ba\\\/index.php\\\/novosti\\\/item\\\/149668-u-tuzli-obiljezen-2-oktobar-dan-oslobodjenja-grada-u-drugom-svjetskom-ratu\\\/\"]}]},{\"@type\":\"ImageObject\",\"inLanguage\":\"bs-BA\",\"@id\":\"https:\\\/\\\/tuzlainfo.ba\\\/index.php\\\/novosti\\\/item\\\/149668-u-tuzli-obiljezen-2-oktobar-dan-oslobodjenja-grada-u-drugom-svjetskom-ratu\\\/#primaryimage\",\"url\":\"https:\\\/\\\/tuzlainfo.ba\\\/wp-content\\\/uploads\\\/2021\\\/10\\\/0210_svecana_sjednica_2_oktobar.jpg\",\"contentUrl\":\"https:\\\/\\\/tuzlainfo.ba\\\/wp-content\\\/uploads\\\/2021\\\/10\\\/0210_svecana_sjednica_2_oktobar.jpg\",\"width\":1200,\"height\":750},{\"@type\":\"BreadcrumbList\",\"@id\":\"https:\\\/\\\/tuzlainfo.ba\\\/index.php\\\/novosti\\\/item\\\/149668-u-tuzli-obiljezen-2-oktobar-dan-oslobodjenja-grada-u-drugom-svjetskom-ratu\\\/#breadcrumb\",\"itemListElement\":[{\"@type\":\"ListItem\",\"position\":1,\"name\":\"Home\",\"item\":\"https:\\\/\\\/tuzlainfo.ba\\\/\"},{\"@type\":\"ListItem\",\"position\":2,\"name\":\"U Tuzli obilje\u017een 2. oktobar, Dan oslobo\u0111enja grada u Drugom svjetskom ratu\"}]},{\"@type\":\"WebSite\",\"@id\":\"https:\\\/\\\/tuzlainfo.ba\\\/#website\",\"url\":\"https:\\\/\\\/tuzlainfo.ba\\\/\",\"name\":\"TuzlaInfo.ba\",\"description\":\"Tuzla info, gradski informator - Tuzla na dlanu\",\"publisher\":{\"@id\":\"https:\\\/\\\/tuzlainfo.ba\\\/#organization\"},\"potentialAction\":[{\"@type\":\"SearchAction\",\"target\":{\"@type\":\"EntryPoint\",\"urlTemplate\":\"https:\\\/\\\/tuzlainfo.ba\\\/?s={search_term_string}\"},\"query-input\":{\"@type\":\"PropertyValueSpecification\",\"valueRequired\":true,\"valueName\":\"search_term_string\"}}],\"inLanguage\":\"bs-BA\"},{\"@type\":\"Organization\",\"@id\":\"https:\\\/\\\/tuzlainfo.ba\\\/#organization\",\"name\":\"TuzlaInfo.ba\",\"url\":\"https:\\\/\\\/tuzlainfo.ba\\\/\",\"logo\":{\"@type\":\"ImageObject\",\"inLanguage\":\"bs-BA\",\"@id\":\"https:\\\/\\\/tuzlainfo.ba\\\/#\\\/schema\\\/logo\\\/image\\\/\",\"url\":\"https:\\\/\\\/tuzlainfo.ba\\\/wp-content\\\/uploads\\\/2021\\\/03\\\/logo-ver-3-1.png\",\"contentUrl\":\"https:\\\/\\\/tuzlainfo.ba\\\/wp-content\\\/uploads\\\/2021\\\/03\\\/logo-ver-3-1.png\",\"width\":350,\"height\":95,\"caption\":\"TuzlaInfo.ba\"},\"image\":{\"@id\":\"https:\\\/\\\/tuzlainfo.ba\\\/#\\\/schema\\\/logo\\\/image\\\/\"},\"sameAs\":[\"https:\\\/\\\/www.facebook.com\\\/tuzlainfo.ba\\\/\"]},{\"@type\":\"Person\",\"@id\":\"https:\\\/\\\/tuzlainfo.ba\\\/#\\\/schema\\\/person\\\/f434e20dc27ea133923aab08451b7f7f\",\"name\":\"nedim\",\"image\":{\"@type\":\"ImageObject\",\"inLanguage\":\"bs-BA\",\"@id\":\"https:\\\/\\\/secure.gravatar.com\\\/avatar\\\/5b928a2e7e70a54208d2eb6c1edcb75a5350d6ae97d5f0a701203d456823f6f3?s=96&d=mm&r=g\",\"url\":\"https:\\\/\\\/secure.gravatar.com\\\/avatar\\\/5b928a2e7e70a54208d2eb6c1edcb75a5350d6ae97d5f0a701203d456823f6f3?s=96&d=mm&r=g\",\"contentUrl\":\"https:\\\/\\\/secure.gravatar.com\\\/avatar\\\/5b928a2e7e70a54208d2eb6c1edcb75a5350d6ae97d5f0a701203d456823f6f3?s=96&d=mm&r=g\",\"caption\":\"nedim\"},\"description\":\"Tuzlainfo.ba pratite na dru\u0161tvenim mre\u017eama: Facebook, Instagram i Youtube. Svoje pri\u010de, upite i fotografije \u0161aljite na na\u0161u e-mail adresu.\"}]}<\/script>\n<!-- \/ Yoast SEO plugin. -->","yoast_head_json":{"title":"U Tuzli obilje\u017een 2. oktobar, Dan oslobo\u0111enja grada u Drugom svjetskom ratu","robots":{"index":"index","follow":"follow","max-snippet":"max-snippet:-1","max-image-preview":"max-image-preview:large","max-video-preview":"max-video-preview:-1"},"canonical":"https:\/\/tuzlainfo.ba\/index.php\/novosti\/item\/149668-u-tuzli-obiljezen-2-oktobar-dan-oslobodjenja-grada-u-drugom-svjetskom-ratu\/","og_locale":"bs_BA","og_type":"article","og_title":"U Tuzli obilje\u017een 2. oktobar, Dan oslobo\u0111enja grada u Drugom svjetskom ratu","og_description":"Nakon ju\u010der zapo\u010detih aktivnosti, danas je nastavljeno obilje\u017eavanje 2.oktobra Dana oslobo\u0111enja Tuzle u 2. Svjetskom ratu. Na spomenicima na Slanoj Banji polo\u017eeni su vijenci i cvije\u0107e i odato po\u0161tovanje svima koji su dali \u017eivote na\u0161u domovinu BIH u Narodno oslobodila\u010dkom ratu 1942- 1945 i u odbrani od agresije 1992- 1995. godina kao i civilnim \u017ertvama [&hellip;]","og_url":"https:\/\/tuzlainfo.ba\/index.php\/novosti\/item\/149668-u-tuzli-obiljezen-2-oktobar-dan-oslobodjenja-grada-u-drugom-svjetskom-ratu\/","og_site_name":"TuzlaInfo.ba","article_publisher":"https:\/\/www.facebook.com\/tuzlainfo.ba\/","article_published_time":"2021-10-02T16:17:24+00:00","article_modified_time":"2021-10-02T16:18:43+00:00","og_image":[{"width":1200,"height":750,"url":"https:\/\/tuzlainfo.ba\/wp-content\/uploads\/2021\/10\/0210_svecana_sjednica_2_oktobar.jpg","type":"image\/jpeg"}],"author":"nedim","twitter_card":"summary_large_image","twitter_misc":{"Written by":"nedim","Est. reading time":"2 minute"},"schema":{"@context":"https:\/\/schema.org","@graph":[{"@type":"Article","@id":"https:\/\/tuzlainfo.ba\/index.php\/novosti\/item\/149668-u-tuzli-obiljezen-2-oktobar-dan-oslobodjenja-grada-u-drugom-svjetskom-ratu\/#article","isPartOf":{"@id":"https:\/\/tuzlainfo.ba\/index.php\/novosti\/item\/149668-u-tuzli-obiljezen-2-oktobar-dan-oslobodjenja-grada-u-drugom-svjetskom-ratu\/"},"author":{"name":"nedim","@id":"https:\/\/tuzlainfo.ba\/#\/schema\/person\/f434e20dc27ea133923aab08451b7f7f"},"headline":"U Tuzli obilje\u017een 2. oktobar, Dan oslobo\u0111enja grada u Drugom svjetskom ratu","datePublished":"2021-10-02T16:17:24+00:00","dateModified":"2021-10-02T16:18:43+00:00","mainEntityOfPage":{"@id":"https:\/\/tuzlainfo.ba\/index.php\/novosti\/item\/149668-u-tuzli-obiljezen-2-oktobar-dan-oslobodjenja-grada-u-drugom-svjetskom-ratu\/"},"wordCount":427,"commentCount":0,"publisher":{"@id":"https:\/\/tuzlainfo.ba\/#organization"},"image":{"@id":"https:\/\/tuzlainfo.ba\/index.php\/novosti\/item\/149668-u-tuzli-obiljezen-2-oktobar-dan-oslobodjenja-grada-u-drugom-svjetskom-ratu\/#primaryimage"},"thumbnailUrl":"https:\/\/tuzlainfo.ba\/wp-content\/uploads\/2021\/10\/0210_svecana_sjednica_2_oktobar.jpg","keywords":["2. Oktobar","grad tuzla"],"articleSection":["Istaknuto","Novosti"],"inLanguage":"bs-BA","copyrightYear":"2021","copyrightHolder":{"@id":"https:\/\/tuzlainfo.ba\/#organization"}},{"@type":"WebPage","@id":"https:\/\/tuzlainfo.ba\/index.php\/novosti\/item\/149668-u-tuzli-obiljezen-2-oktobar-dan-oslobodjenja-grada-u-drugom-svjetskom-ratu\/","url":"https:\/\/tuzlainfo.ba\/index.php\/novosti\/item\/149668-u-tuzli-obiljezen-2-oktobar-dan-oslobodjenja-grada-u-drugom-svjetskom-ratu\/","name":"U Tuzli obilje\u017een 2. oktobar, Dan oslobo\u0111enja grada u Drugom svjetskom ratu","isPartOf":{"@id":"https:\/\/tuzlainfo.ba\/#website"},"primaryImageOfPage":{"@id":"https:\/\/tuzlainfo.ba\/index.php\/novosti\/item\/149668-u-tuzli-obiljezen-2-oktobar-dan-oslobodjenja-grada-u-drugom-svjetskom-ratu\/#primaryimage"},"image":{"@id":"https:\/\/tuzlainfo.ba\/index.php\/novosti\/item\/149668-u-tuzli-obiljezen-2-oktobar-dan-oslobodjenja-grada-u-drugom-svjetskom-ratu\/#primaryimage"},"thumbnailUrl":"https:\/\/tuzlainfo.ba\/wp-content\/uploads\/2021\/10\/0210_svecana_sjednica_2_oktobar.jpg","datePublished":"2021-10-02T16:17:24+00:00","dateModified":"2021-10-02T16:18:43+00:00","breadcrumb":{"@id":"https:\/\/tuzlainfo.ba\/index.php\/novosti\/item\/149668-u-tuzli-obiljezen-2-oktobar-dan-oslobodjenja-grada-u-drugom-svjetskom-ratu\/#breadcrumb"},"inLanguage":"bs-BA","potentialAction":[{"@type":"ReadAction","target":["https:\/\/tuzlainfo.ba\/index.php\/novosti\/item\/149668-u-tuzli-obiljezen-2-oktobar-dan-oslobodjenja-grada-u-drugom-svjetskom-ratu\/"]}]},{"@type":"ImageObject","inLanguage":"bs-BA","@id":"https:\/\/tuzlainfo.ba\/index.php\/novosti\/item\/149668-u-tuzli-obiljezen-2-oktobar-dan-oslobodjenja-grada-u-drugom-svjetskom-ratu\/#primaryimage","url":"https:\/\/tuzlainfo.ba\/wp-content\/uploads\/2021\/10\/0210_svecana_sjednica_2_oktobar.jpg","contentUrl":"https:\/\/tuzlainfo.ba\/wp-content\/uploads\/2021\/10\/0210_svecana_sjednica_2_oktobar.jpg","width":1200,"height":750},{"@type":"BreadcrumbList","@id":"https:\/\/tuzlainfo.ba\/index.php\/novosti\/item\/149668-u-tuzli-obiljezen-2-oktobar-dan-oslobodjenja-grada-u-drugom-svjetskom-ratu\/#breadcrumb","itemListElement":[{"@type":"ListItem","position":1,"name":"Home","item":"https:\/\/tuzlainfo.ba\/"},{"@type":"ListItem","position":2,"name":"U Tuzli obilje\u017een 2. oktobar, Dan oslobo\u0111enja grada u Drugom svjetskom ratu"}]},{"@type":"WebSite","@id":"https:\/\/tuzlainfo.ba\/#website","url":"https:\/\/tuzlainfo.ba\/","name":"TuzlaInfo.ba","description":"Tuzla info, gradski informator - Tuzla na dlanu","publisher":{"@id":"https:\/\/tuzlainfo.ba\/#organization"},"potentialAction":[{"@type":"SearchAction","target":{"@type":"EntryPoint","urlTemplate":"https:\/\/tuzlainfo.ba\/?s={search_term_string}"},"query-input":{"@type":"PropertyValueSpecification","valueRequired":true,"valueName":"search_term_string"}}],"inLanguage":"bs-BA"},{"@type":"Organization","@id":"https:\/\/tuzlainfo.ba\/#organization","name":"TuzlaInfo.ba","url":"https:\/\/tuzlainfo.ba\/","logo":{"@type":"ImageObject","inLanguage":"bs-BA","@id":"https:\/\/tuzlainfo.ba\/#\/schema\/logo\/image\/","url":"https:\/\/tuzlainfo.ba\/wp-content\/uploads\/2021\/03\/logo-ver-3-1.png","contentUrl":"https:\/\/tuzlainfo.ba\/wp-content\/uploads\/2021\/03\/logo-ver-3-1.png","width":350,"height":95,"caption":"TuzlaInfo.ba"},"image":{"@id":"https:\/\/tuzlainfo.ba\/#\/schema\/logo\/image\/"},"sameAs":["https:\/\/www.facebook.com\/tuzlainfo.ba\/"]},{"@type":"Person","@id":"https:\/\/tuzlainfo.ba\/#\/schema\/person\/f434e20dc27ea133923aab08451b7f7f","name":"nedim","image":{"@type":"ImageObject","inLanguage":"bs-BA","@id":"https:\/\/secure.gravatar.com\/avatar\/5b928a2e7e70a54208d2eb6c1edcb75a5350d6ae97d5f0a701203d456823f6f3?s=96&d=mm&r=g","url":"https:\/\/secure.gravatar.com\/avatar\/5b928a2e7e70a54208d2eb6c1edcb75a5350d6ae97d5f0a701203d456823f6f3?s=96&d=mm&r=g","contentUrl":"https:\/\/secure.gravatar.com\/avatar\/5b928a2e7e70a54208d2eb6c1edcb75a5350d6ae97d5f0a701203d456823f6f3?s=96&d=mm&r=g","caption":"nedim"},"description":"Tuzlainfo.ba pratite na dru\u0161tvenim mre\u017eama: Facebook, Instagram i Youtube. Svoje pri\u010de, upite i fotografije \u0161aljite na na\u0161u e-mail adresu."}]}},"_links":{"self":[{"href":"https:\/\/tuzlainfo.ba\/index.php\/wp-json\/wp\/v2\/posts\/149668","targetHints":{"allow":["GET"]}}],"collection":[{"href":"https:\/\/tuzlainfo.ba\/index.php\/wp-json\/wp\/v2\/posts"}],"about":[{"href":"https:\/\/tuzlainfo.ba\/index.php\/wp-json\/wp\/v2\/types\/post"}],"author":[{"embeddable":true,"href":"https:\/\/tuzlainfo.ba\/index.php\/wp-json\/wp\/v2\/users\/2"}],"replies":[{"embeddable":true,"href":"https:\/\/tuzlainfo.ba\/index.php\/wp-json\/wp\/v2\/comments?post=149668"}],"version-history":[{"count":0,"href":"https:\/\/tuzlainfo.ba\/index.php\/wp-json\/wp\/v2\/posts\/149668\/revisions"}],"wp:featuredmedia":[{"embeddable":true,"href":"https:\/\/tuzlainfo.ba\/index.php\/wp-json\/wp\/v2\/media\/149669"}],"wp:attachment":[{"href":"https:\/\/tuzlainfo.ba\/index.php\/wp-json\/wp\/v2\/media?parent=149668"}],"wp:term":[{"taxonomy":"category","embeddable":true,"href":"https:\/\/tuzlainfo.ba\/index.php\/wp-json\/wp\/v2\/categories?post=149668"},{"taxonomy":"post_tag","embeddable":true,"href":"https:\/\/tuzlainfo.ba\/index.php\/wp-json\/wp\/v2\/tags?post=149668"}],"curies":[{"name":"wp","href":"https:\/\/api.w.org\/{rel}","templated":true}]}}