{"id":149665,"date":"2021-10-02T16:55:21","date_gmt":"2021-10-02T14:55:21","guid":{"rendered":"https:\/\/tuzlainfo.ba\/?p=149665"},"modified":"2021-10-02T16:55:21","modified_gmt":"2021-10-02T14:55:21","slug":"sve-veca-misterija-nestanka-porodice-u-srbiji-nakon-pronalaska-tijela-istraga-ide-u-drugom-pravcu","status":"publish","type":"post","link":"https:\/\/tuzlainfo.ba\/index.php\/clanci\/sa-svih-strana\/item\/149665-sve-veca-misterija-nestanka-porodice-u-srbiji-nakon-pronalaska-tijela-istraga-ide-u-drugom-pravcu\/","title":{"rendered":"Sve ve\u0107a misterija nestanka porodice u Srbiji: Nakon pronalaska tijela istraga ide u drugom pravcu"},"content":{"rendered":"<p>Nakon \u0161to je policija u selu Te\u0161ica (Srbija) prona\u0161la spaljen automobil &#8220;pasat&#8221; koji je pripadao nestaloj porodici \u0110oki\u0107 i tijela prekrivena granjem, jake snage slu\u017ebi bezbjednosti iznenada su do\u0161le u selo Moravac koje je od tog mjesta udaljeno nekih osam kilometara.<\/p>\n<p>Na mjestu koje policija upravo pretra\u017euje prema najnovijim informacijama je i bratanica nestalog Gorana \u0110oki\u0107a.<\/p>\n<p>Prema navodima beogradskih medija u ataru sela Moravac danas je prona\u0111ena ruka koja viri iz \u0161ipra\u017eja, a sumnja se da ovo otkri\u0107e ima veze s nestakom porodice \u0110oki\u0107.<\/p>\n<p>Tro\u010dlanoj porodici se ina\u010de svaki trag izgubio u no\u0107i izme\u0111u nedjelje i ponedjeljka kad je iz Moravca krenula ka svojoj ku\u0107i u Aleksincu. Goran i Gordana \u0110oki\u0107 i njihova k\u0107erka Lidija krenuli su iz tog sela, gdje ina\u010de \u017eivi njegova majka, u ponedjeljak 00.20 sati.<\/p>\n<p>Me\u0111utim, nisu i\u0161li uobi\u010dajenim putem jer nisu skrenuli na prvoj raskrsnici, ve\u0107 su se zaputili kontraputem. Posljednji put ih je uo\u010dila kamera u selu Te\u0161ice koje je nekih osam kilometara od Moravca i to dva sata kasnije.<\/p>\n<p>Policija je jutros u ataru sela Te\u0161ica, podsjetimo, prona\u0161la spaljen \u201cpasat\u201d koji je pripadao \u0110oki\u0107ima. Automobil je prona\u0111en na nepristupa\u010dnom terenu na obali Morave do koga se dolazi zemljanim putem uz rijeku. Nedugo zatim policija je prona\u0161la i tijela prekrivena granjem.<\/p>\n<p>Tijela jo\u0161 nisu identifikovana jer policija \u010deka ekipu forenzi\u010dara da do\u0111e na lice mjesta i zapo\u010dne uvi\u0111aj kako se slu\u010dajno ne bi naru\u0161io ili uni\u0161tio neki trag, prenosi\u00a0<a class=\"rank-math-link\" href=\"https:\/\/www.blic.rs\/vesti\/hronika\/misterija-nestanka-porodice-djokic-sve-veca-policija-u-velikom-broju-selu-moravac\/mjc1h49\" target=\"_blank\" rel=\"noopener\">Blic<\/a>.<\/p>\n<p>Nestanak porodice prijavila je jedna ro\u0111aka u utorak kad je primjetila da ve\u0107 dva dana nisu otvorili svoju mjenja\u010dnicu. Li\u010dna dokumenta tro\u010dlane porodice stala su u stanu u kom su \u017eivjeli u Aleksincu.<\/p>\n<p>Beogradski mediji navode nezvani\u010dna saznanja da je Goran \u0110oki\u0107, koji je ina\u010de dr\u017eao mjenja\u010dnicu u Aleksincu, pozajmljivao novac na kamatu i da je jednoj osobi pozjamio 15.000 evra. Za sada nema nikakve potvrde da je to na neki na\u010din povezano sa njihovim nestankom, pi\u0161e Srpskainfo.<\/p>\n","protected":false},"excerpt":{"rendered":"<p>Nakon \u0161to je policija u selu Te\u0161ica (Srbija) prona\u0161la spaljen automobil &#8220;pasat&#8221; koji je pripadao&hellip;<\/p>\n","protected":false},"author":2,"featured_media":149666,"comment_status":"open","ping_status":"closed","sticky":false,"template":"","format":"standard","meta":{"_acf_changed":false,"footnotes":""},"categories":[16],"tags":[417,309],"acf":[],"yoast_head":"<!-- This site is optimized with the Yoast SEO plugin v23.5 - https:\/\/yoast.com\/wordpress\/plugins\/seo\/ -->\n<title>Sve ve\u0107a misterija nestanka porodice u Srbiji: Nakon pronalaska tijela istraga ide u drugom pravcu - TuzlaInfo.ba<\/title>\n<meta name=\"robots\" content=\"index, follow, max-snippet:-1, max-image-preview:large, max-video-preview:-1\" \/>\n<link rel=\"canonical\" href=\"https:\/\/tuzlainfo.ba\/index.php\/clanci\/sa-svih-strana\/item\/149665-sve-veca-misterija-nestanka-porodice-u-srbiji-nakon-pronalaska-tijela-istraga-ide-u-drugom-pravcu\/\" \/>\n<meta property=\"og:locale\" content=\"bs_BA\" \/>\n<meta property=\"og:type\" content=\"article\" \/>\n<meta property=\"og:title\" content=\"Sve ve\u0107a misterija nestanka porodice u Srbiji: Nakon pronalaska tijela istraga ide u drugom pravcu - TuzlaInfo.ba\" \/>\n<meta property=\"og:description\" content=\"Nakon \u0161to je policija u selu Te\u0161ica (Srbija) prona\u0161la spaljen automobil &#8220;pasat&#8221; koji je pripadao&hellip;\" \/>\n<meta property=\"og:url\" content=\"https:\/\/tuzlainfo.ba\/index.php\/clanci\/sa-svih-strana\/item\/149665-sve-veca-misterija-nestanka-porodice-u-srbiji-nakon-pronalaska-tijela-istraga-ide-u-drugom-pravcu\/\" \/>\n<meta property=\"og:site_name\" content=\"TuzlaInfo.ba\" \/>\n<meta property=\"article:publisher\" content=\"https:\/\/www.facebook.com\/tuzlainfo.ba\/\" \/>\n<meta property=\"article:published_time\" content=\"2021-10-02T14:55:21+00:00\" \/>\n<meta property=\"og:image\" content=\"https:\/\/tuzlainfo.ba\/wp-content\/uploads\/2021\/10\/0210_srbija_policija.jpg\" \/>\n\t<meta property=\"og:image:width\" content=\"880\" \/>\n\t<meta property=\"og:image:height\" content=\"533\" \/>\n\t<meta property=\"og:image:type\" content=\"image\/jpeg\" \/>\n<meta name=\"author\" content=\"nedim\" \/>\n<meta name=\"twitter:card\" content=\"summary_large_image\" \/>\n<meta name=\"twitter:label1\" content=\"Written by\" \/>\n\t<meta name=\"twitter:data1\" content=\"nedim\" \/>\n\t<meta name=\"twitter:label2\" content=\"Est. reading time\" \/>\n\t<meta name=\"twitter:data2\" content=\"2 minute\" \/>\n<script type=\"application\/ld+json\" class=\"yoast-schema-graph\">{\"@context\":\"https:\/\/schema.org\",\"@graph\":[{\"@type\":\"Article\",\"@id\":\"https:\/\/tuzlainfo.ba\/index.php\/clanci\/sa-svih-strana\/item\/149665-sve-veca-misterija-nestanka-porodice-u-srbiji-nakon-pronalaska-tijela-istraga-ide-u-drugom-pravcu\/#article\",\"isPartOf\":{\"@id\":\"https:\/\/tuzlainfo.ba\/index.php\/clanci\/sa-svih-strana\/item\/149665-sve-veca-misterija-nestanka-porodice-u-srbiji-nakon-pronalaska-tijela-istraga-ide-u-drugom-pravcu\/\"},\"author\":{\"name\":\"nedim\",\"@id\":\"https:\/\/tuzlainfo.ba\/#\/schema\/person\/f434e20dc27ea133923aab08451b7f7f\"},\"headline\":\"Sve ve\u0107a misterija nestanka porodice u Srbiji: Nakon pronalaska tijela istraga ide u drugom pravcu\",\"datePublished\":\"2021-10-02T14:55:21+00:00\",\"dateModified\":\"2021-10-02T14:55:21+00:00\",\"mainEntityOfPage\":{\"@id\":\"https:\/\/tuzlainfo.ba\/index.php\/clanci\/sa-svih-strana\/item\/149665-sve-veca-misterija-nestanka-porodice-u-srbiji-nakon-pronalaska-tijela-istraga-ide-u-drugom-pravcu\/\"},\"wordCount\":372,\"commentCount\":0,\"publisher\":{\"@id\":\"https:\/\/tuzlainfo.ba\/#organization\"},\"image\":{\"@id\":\"https:\/\/tuzlainfo.ba\/index.php\/clanci\/sa-svih-strana\/item\/149665-sve-veca-misterija-nestanka-porodice-u-srbiji-nakon-pronalaska-tijela-istraga-ide-u-drugom-pravcu\/#primaryimage\"},\"thumbnailUrl\":\"https:\/\/tuzlainfo.ba\/wp-content\/uploads\/2021\/10\/0210_srbija_policija.jpg\",\"keywords\":[\"crna hronika\",\"srbija\"],\"articleSection\":[\"Sa svih strana\"],\"inLanguage\":\"bs-BA\"},{\"@type\":\"WebPage\",\"@id\":\"https:\/\/tuzlainfo.ba\/index.php\/clanci\/sa-svih-strana\/item\/149665-sve-veca-misterija-nestanka-porodice-u-srbiji-nakon-pronalaska-tijela-istraga-ide-u-drugom-pravcu\/\",\"url\":\"https:\/\/tuzlainfo.ba\/index.php\/clanci\/sa-svih-strana\/item\/149665-sve-veca-misterija-nestanka-porodice-u-srbiji-nakon-pronalaska-tijela-istraga-ide-u-drugom-pravcu\/\",\"name\":\"Sve ve\u0107a misterija nestanka porodice u Srbiji: Nakon pronalaska tijela istraga ide u drugom pravcu - TuzlaInfo.ba\",\"isPartOf\":{\"@id\":\"https:\/\/tuzlainfo.ba\/#website\"},\"primaryImageOfPage\":{\"@id\":\"https:\/\/tuzlainfo.ba\/index.php\/clanci\/sa-svih-strana\/item\/149665-sve-veca-misterija-nestanka-porodice-u-srbiji-nakon-pronalaska-tijela-istraga-ide-u-drugom-pravcu\/#primaryimage\"},\"image\":{\"@id\":\"https:\/\/tuzlainfo.ba\/index.php\/clanci\/sa-svih-strana\/item\/149665-sve-veca-misterija-nestanka-porodice-u-srbiji-nakon-pronalaska-tijela-istraga-ide-u-drugom-pravcu\/#primaryimage\"},\"thumbnailUrl\":\"https:\/\/tuzlainfo.ba\/wp-content\/uploads\/2021\/10\/0210_srbija_policija.jpg\",\"datePublished\":\"2021-10-02T14:55:21+00:00\",\"dateModified\":\"2021-10-02T14:55:21+00:00\",\"breadcrumb\":{\"@id\":\"https:\/\/tuzlainfo.ba\/index.php\/clanci\/sa-svih-strana\/item\/149665-sve-veca-misterija-nestanka-porodice-u-srbiji-nakon-pronalaska-tijela-istraga-ide-u-drugom-pravcu\/#breadcrumb\"},\"inLanguage\":\"bs-BA\",\"potentialAction\":[{\"@type\":\"ReadAction\",\"target\":[\"https:\/\/tuzlainfo.ba\/index.php\/clanci\/sa-svih-strana\/item\/149665-sve-veca-misterija-nestanka-porodice-u-srbiji-nakon-pronalaska-tijela-istraga-ide-u-drugom-pravcu\/\"]}]},{\"@type\":\"ImageObject\",\"inLanguage\":\"bs-BA\",\"@id\":\"https:\/\/tuzlainfo.ba\/index.php\/clanci\/sa-svih-strana\/item\/149665-sve-veca-misterija-nestanka-porodice-u-srbiji-nakon-pronalaska-tijela-istraga-ide-u-drugom-pravcu\/#primaryimage\",\"url\":\"https:\/\/tuzlainfo.ba\/wp-content\/uploads\/2021\/10\/0210_srbija_policija.jpg\",\"contentUrl\":\"https:\/\/tuzlainfo.ba\/wp-content\/uploads\/2021\/10\/0210_srbija_policija.jpg\",\"width\":880,\"height\":533,\"caption\":\"Foto: Kurir.rs\"},{\"@type\":\"BreadcrumbList\",\"@id\":\"https:\/\/tuzlainfo.ba\/index.php\/clanci\/sa-svih-strana\/item\/149665-sve-veca-misterija-nestanka-porodice-u-srbiji-nakon-pronalaska-tijela-istraga-ide-u-drugom-pravcu\/#breadcrumb\",\"itemListElement\":[{\"@type\":\"ListItem\",\"position\":1,\"name\":\"Home\",\"item\":\"https:\/\/tuzlainfo.ba\/\"},{\"@type\":\"ListItem\",\"position\":2,\"name\":\"Sve ve\u0107a misterija nestanka porodice u Srbiji: Nakon pronalaska tijela istraga ide u drugom pravcu\"}]},{\"@type\":\"WebSite\",\"@id\":\"https:\/\/tuzlainfo.ba\/#website\",\"url\":\"https:\/\/tuzlainfo.ba\/\",\"name\":\"TuzlaInfo.ba\",\"description\":\"Tuzla info, gradski informator - Tuzla na dlanu\",\"publisher\":{\"@id\":\"https:\/\/tuzlainfo.ba\/#organization\"},\"potentialAction\":[{\"@type\":\"SearchAction\",\"target\":{\"@type\":\"EntryPoint\",\"urlTemplate\":\"https:\/\/tuzlainfo.ba\/?s={search_term_string}\"},\"query-input\":{\"@type\":\"PropertyValueSpecification\",\"valueRequired\":true,\"valueName\":\"search_term_string\"}}],\"inLanguage\":\"bs-BA\"},{\"@type\":\"Organization\",\"@id\":\"https:\/\/tuzlainfo.ba\/#organization\",\"name\":\"TuzlaInfo.ba\",\"url\":\"https:\/\/tuzlainfo.ba\/\",\"logo\":{\"@type\":\"ImageObject\",\"inLanguage\":\"bs-BA\",\"@id\":\"https:\/\/tuzlainfo.ba\/#\/schema\/logo\/image\/\",\"url\":\"https:\/\/tuzlainfo.ba\/wp-content\/uploads\/2021\/03\/logo-ver-3-1.png\",\"contentUrl\":\"https:\/\/tuzlainfo.ba\/wp-content\/uploads\/2021\/03\/logo-ver-3-1.png\",\"width\":350,\"height\":95,\"caption\":\"TuzlaInfo.ba\"},\"image\":{\"@id\":\"https:\/\/tuzlainfo.ba\/#\/schema\/logo\/image\/\"},\"sameAs\":[\"https:\/\/www.facebook.com\/tuzlainfo.ba\/\"]},{\"@type\":\"Person\",\"@id\":\"https:\/\/tuzlainfo.ba\/#\/schema\/person\/f434e20dc27ea133923aab08451b7f7f\",\"name\":\"nedim\",\"image\":{\"@type\":\"ImageObject\",\"inLanguage\":\"bs-BA\",\"@id\":\"https:\/\/tuzlainfo.ba\/#\/schema\/person\/image\/\",\"url\":\"https:\/\/tuzlainfo.ba\/wp-content\/litespeed\/avatar\/aabad687af24844af817603ac1cbdc4f.jpg?ver=1776702173\",\"contentUrl\":\"https:\/\/tuzlainfo.ba\/wp-content\/litespeed\/avatar\/aabad687af24844af817603ac1cbdc4f.jpg?ver=1776702173\",\"caption\":\"nedim\"},\"description\":\"Tuzlainfo.ba pratite na dru\u0161tvenim mre\u017eama: Facebook, Instagram i Youtube. Svoje pri\u010de, upite i fotografije \u0161aljite na na\u0161u e-mail adresu.\"}]}<\/script>\n<!-- \/ Yoast SEO plugin. -->","yoast_head_json":{"title":"Sve ve\u0107a misterija nestanka porodice u Srbiji: Nakon pronalaska tijela istraga ide u drugom pravcu - TuzlaInfo.ba","robots":{"index":"index","follow":"follow","max-snippet":"max-snippet:-1","max-image-preview":"max-image-preview:large","max-video-preview":"max-video-preview:-1"},"canonical":"https:\/\/tuzlainfo.ba\/index.php\/clanci\/sa-svih-strana\/item\/149665-sve-veca-misterija-nestanka-porodice-u-srbiji-nakon-pronalaska-tijela-istraga-ide-u-drugom-pravcu\/","og_locale":"bs_BA","og_type":"article","og_title":"Sve ve\u0107a misterija nestanka porodice u Srbiji: Nakon pronalaska tijela istraga ide u drugom pravcu - TuzlaInfo.ba","og_description":"Nakon \u0161to je policija u selu Te\u0161ica (Srbija) prona\u0161la spaljen automobil &#8220;pasat&#8221; koji je pripadao&hellip;","og_url":"https:\/\/tuzlainfo.ba\/index.php\/clanci\/sa-svih-strana\/item\/149665-sve-veca-misterija-nestanka-porodice-u-srbiji-nakon-pronalaska-tijela-istraga-ide-u-drugom-pravcu\/","og_site_name":"TuzlaInfo.ba","article_publisher":"https:\/\/www.facebook.com\/tuzlainfo.ba\/","article_published_time":"2021-10-02T14:55:21+00:00","og_image":[{"width":880,"height":533,"url":"https:\/\/tuzlainfo.ba\/wp-content\/uploads\/2021\/10\/0210_srbija_policija.jpg","type":"image\/jpeg"}],"author":"nedim","twitter_card":"summary_large_image","twitter_misc":{"Written by":"nedim","Est. reading time":"2 minute"},"schema":{"@context":"https:\/\/schema.org","@graph":[{"@type":"Article","@id":"https:\/\/tuzlainfo.ba\/index.php\/clanci\/sa-svih-strana\/item\/149665-sve-veca-misterija-nestanka-porodice-u-srbiji-nakon-pronalaska-tijela-istraga-ide-u-drugom-pravcu\/#article","isPartOf":{"@id":"https:\/\/tuzlainfo.ba\/index.php\/clanci\/sa-svih-strana\/item\/149665-sve-veca-misterija-nestanka-porodice-u-srbiji-nakon-pronalaska-tijela-istraga-ide-u-drugom-pravcu\/"},"author":{"name":"nedim","@id":"https:\/\/tuzlainfo.ba\/#\/schema\/person\/f434e20dc27ea133923aab08451b7f7f"},"headline":"Sve ve\u0107a misterija nestanka porodice u Srbiji: Nakon pronalaska tijela istraga ide u drugom pravcu","datePublished":"2021-10-02T14:55:21+00:00","dateModified":"2021-10-02T14:55:21+00:00","mainEntityOfPage":{"@id":"https:\/\/tuzlainfo.ba\/index.php\/clanci\/sa-svih-strana\/item\/149665-sve-veca-misterija-nestanka-porodice-u-srbiji-nakon-pronalaska-tijela-istraga-ide-u-drugom-pravcu\/"},"wordCount":372,"commentCount":0,"publisher":{"@id":"https:\/\/tuzlainfo.ba\/#organization"},"image":{"@id":"https:\/\/tuzlainfo.ba\/index.php\/clanci\/sa-svih-strana\/item\/149665-sve-veca-misterija-nestanka-porodice-u-srbiji-nakon-pronalaska-tijela-istraga-ide-u-drugom-pravcu\/#primaryimage"},"thumbnailUrl":"https:\/\/tuzlainfo.ba\/wp-content\/uploads\/2021\/10\/0210_srbija_policija.jpg","keywords":["crna hronika","srbija"],"articleSection":["Sa svih strana"],"inLanguage":"bs-BA"},{"@type":"WebPage","@id":"https:\/\/tuzlainfo.ba\/index.php\/clanci\/sa-svih-strana\/item\/149665-sve-veca-misterija-nestanka-porodice-u-srbiji-nakon-pronalaska-tijela-istraga-ide-u-drugom-pravcu\/","url":"https:\/\/tuzlainfo.ba\/index.php\/clanci\/sa-svih-strana\/item\/149665-sve-veca-misterija-nestanka-porodice-u-srbiji-nakon-pronalaska-tijela-istraga-ide-u-drugom-pravcu\/","name":"Sve ve\u0107a misterija nestanka porodice u Srbiji: Nakon pronalaska tijela istraga ide u drugom pravcu - TuzlaInfo.ba","isPartOf":{"@id":"https:\/\/tuzlainfo.ba\/#website"},"primaryImageOfPage":{"@id":"https:\/\/tuzlainfo.ba\/index.php\/clanci\/sa-svih-strana\/item\/149665-sve-veca-misterija-nestanka-porodice-u-srbiji-nakon-pronalaska-tijela-istraga-ide-u-drugom-pravcu\/#primaryimage"},"image":{"@id":"https:\/\/tuzlainfo.ba\/index.php\/clanci\/sa-svih-strana\/item\/149665-sve-veca-misterija-nestanka-porodice-u-srbiji-nakon-pronalaska-tijela-istraga-ide-u-drugom-pravcu\/#primaryimage"},"thumbnailUrl":"https:\/\/tuzlainfo.ba\/wp-content\/uploads\/2021\/10\/0210_srbija_policija.jpg","datePublished":"2021-10-02T14:55:21+00:00","dateModified":"2021-10-02T14:55:21+00:00","breadcrumb":{"@id":"https:\/\/tuzlainfo.ba\/index.php\/clanci\/sa-svih-strana\/item\/149665-sve-veca-misterija-nestanka-porodice-u-srbiji-nakon-pronalaska-tijela-istraga-ide-u-drugom-pravcu\/#breadcrumb"},"inLanguage":"bs-BA","potentialAction":[{"@type":"ReadAction","target":["https:\/\/tuzlainfo.ba\/index.php\/clanci\/sa-svih-strana\/item\/149665-sve-veca-misterija-nestanka-porodice-u-srbiji-nakon-pronalaska-tijela-istraga-ide-u-drugom-pravcu\/"]}]},{"@type":"ImageObject","inLanguage":"bs-BA","@id":"https:\/\/tuzlainfo.ba\/index.php\/clanci\/sa-svih-strana\/item\/149665-sve-veca-misterija-nestanka-porodice-u-srbiji-nakon-pronalaska-tijela-istraga-ide-u-drugom-pravcu\/#primaryimage","url":"https:\/\/tuzlainfo.ba\/wp-content\/uploads\/2021\/10\/0210_srbija_policija.jpg","contentUrl":"https:\/\/tuzlainfo.ba\/wp-content\/uploads\/2021\/10\/0210_srbija_policija.jpg","width":880,"height":533,"caption":"Foto: Kurir.rs"},{"@type":"BreadcrumbList","@id":"https:\/\/tuzlainfo.ba\/index.php\/clanci\/sa-svih-strana\/item\/149665-sve-veca-misterija-nestanka-porodice-u-srbiji-nakon-pronalaska-tijela-istraga-ide-u-drugom-pravcu\/#breadcrumb","itemListElement":[{"@type":"ListItem","position":1,"name":"Home","item":"https:\/\/tuzlainfo.ba\/"},{"@type":"ListItem","position":2,"name":"Sve ve\u0107a misterija nestanka porodice u Srbiji: Nakon pronalaska tijela istraga ide u drugom pravcu"}]},{"@type":"WebSite","@id":"https:\/\/tuzlainfo.ba\/#website","url":"https:\/\/tuzlainfo.ba\/","name":"TuzlaInfo.ba","description":"Tuzla info, gradski informator - Tuzla na dlanu","publisher":{"@id":"https:\/\/tuzlainfo.ba\/#organization"},"potentialAction":[{"@type":"SearchAction","target":{"@type":"EntryPoint","urlTemplate":"https:\/\/tuzlainfo.ba\/?s={search_term_string}"},"query-input":{"@type":"PropertyValueSpecification","valueRequired":true,"valueName":"search_term_string"}}],"inLanguage":"bs-BA"},{"@type":"Organization","@id":"https:\/\/tuzlainfo.ba\/#organization","name":"TuzlaInfo.ba","url":"https:\/\/tuzlainfo.ba\/","logo":{"@type":"ImageObject","inLanguage":"bs-BA","@id":"https:\/\/tuzlainfo.ba\/#\/schema\/logo\/image\/","url":"https:\/\/tuzlainfo.ba\/wp-content\/uploads\/2021\/03\/logo-ver-3-1.png","contentUrl":"https:\/\/tuzlainfo.ba\/wp-content\/uploads\/2021\/03\/logo-ver-3-1.png","width":350,"height":95,"caption":"TuzlaInfo.ba"},"image":{"@id":"https:\/\/tuzlainfo.ba\/#\/schema\/logo\/image\/"},"sameAs":["https:\/\/www.facebook.com\/tuzlainfo.ba\/"]},{"@type":"Person","@id":"https:\/\/tuzlainfo.ba\/#\/schema\/person\/f434e20dc27ea133923aab08451b7f7f","name":"nedim","image":{"@type":"ImageObject","inLanguage":"bs-BA","@id":"https:\/\/tuzlainfo.ba\/#\/schema\/person\/image\/","url":"https:\/\/tuzlainfo.ba\/wp-content\/litespeed\/avatar\/aabad687af24844af817603ac1cbdc4f.jpg?ver=1776702173","contentUrl":"https:\/\/tuzlainfo.ba\/wp-content\/litespeed\/avatar\/aabad687af24844af817603ac1cbdc4f.jpg?ver=1776702173","caption":"nedim"},"description":"Tuzlainfo.ba pratite na dru\u0161tvenim mre\u017eama: Facebook, Instagram i Youtube. Svoje pri\u010de, upite i fotografije \u0161aljite na na\u0161u e-mail adresu."}]}},"_links":{"self":[{"href":"https:\/\/tuzlainfo.ba\/index.php\/wp-json\/wp\/v2\/posts\/149665"}],"collection":[{"href":"https:\/\/tuzlainfo.ba\/index.php\/wp-json\/wp\/v2\/posts"}],"about":[{"href":"https:\/\/tuzlainfo.ba\/index.php\/wp-json\/wp\/v2\/types\/post"}],"author":[{"embeddable":true,"href":"https:\/\/tuzlainfo.ba\/index.php\/wp-json\/wp\/v2\/users\/2"}],"replies":[{"embeddable":true,"href":"https:\/\/tuzlainfo.ba\/index.php\/wp-json\/wp\/v2\/comments?post=149665"}],"version-history":[{"count":0,"href":"https:\/\/tuzlainfo.ba\/index.php\/wp-json\/wp\/v2\/posts\/149665\/revisions"}],"wp:featuredmedia":[{"embeddable":true,"href":"https:\/\/tuzlainfo.ba\/index.php\/wp-json\/wp\/v2\/media\/149666"}],"wp:attachment":[{"href":"https:\/\/tuzlainfo.ba\/index.php\/wp-json\/wp\/v2\/media?parent=149665"}],"wp:term":[{"taxonomy":"category","embeddable":true,"href":"https:\/\/tuzlainfo.ba\/index.php\/wp-json\/wp\/v2\/categories?post=149665"},{"taxonomy":"post_tag","embeddable":true,"href":"https:\/\/tuzlainfo.ba\/index.php\/wp-json\/wp\/v2\/tags?post=149665"}],"curies":[{"name":"wp","href":"https:\/\/api.w.org\/{rel}","templated":true}]}}