{"id":149663,"date":"2021-10-02T16:39:56","date_gmt":"2021-10-02T14:39:56","guid":{"rendered":"https:\/\/tuzlainfo.ba\/?p=149663"},"modified":"2021-10-02T16:39:56","modified_gmt":"2021-10-02T14:39:56","slug":"radoncic-izetbegovicu-treba-pomoci-u-partiji-protiv-dodika-i-covica","status":"publish","type":"post","link":"https:\/\/tuzlainfo.ba\/index.php\/bosna-i-hercegovina\/item\/149663-radoncic-izetbegovicu-treba-pomoci-u-partiji-protiv-dodika-i-covica\/","title":{"rendered":"Radon\u010di\u0107: Izetbegovi\u0107u treba pomo\u0107i u partiji protiv Dodika i \u010covi\u0107a"},"content":{"rendered":"<div class=\"single-intro\">Na ju\u010dera\u0161njoj tribini u Br\u010dkom, gdje je u redove SBB-a sve\u010dano primljeno novih 65 mladih \u010dlanova, govorio je i predsjednik Fahrudin Radon\u010di\u0107.<\/div>\n<div class=\"inarticle-banner\"><\/div>\n<div class=\"single-text\">\n<p>On je naglasio da u prelomnim trenucima po sudbinu dr\u017eave, politika SBB-a dobija potpunu satisfakciju i potentnost da nakon izbora u oktobru 2022. godine, liderski povede pozitivne procese u zemlj i regionu:<\/p>\n<p>&#8211; Dok se oni igraju ratnih pokli\u010da, la\u017ene brige o narodu i dr\u017eavi, rastjeruju ljude i investitore, izmi\u0161ljaju izdajnike u sva tri nacionalna korpusa, a sada vide neprijatelje \u010dak i u Va\u0161ingtonu i Briselu, SBB nudi stabilnost, razvojnu dr\u017eavnu viziju, normalizaciju me\u0111uentitetskih i me\u0111unacionalnih odnosa, povratak povjerenja u regionu, ali i ja\u010danje bo\u0161nja\u010dkog politi\u010dkog faktora koji je uni\u0161ten uskogrudnim vladanjem i uzurpacijom medija, tajne slu\u017ebe i pravosu\u0111a.<\/p>\n<p>Predsjednik SBB-a je istakao da \u0107e se Dodik odcijepiti jedino od svoje bahate i marionetske vlasti. Na kraju \u0107e jedino on biti blokiran, a Bosna i Hercegovina deblokirana i prosperitetna evropska dr\u017eava u NATO-u &#8211; kazao je predsjednik SBB-a.<\/p>\n<p>Radon\u010di\u0107 je istakao i da se cijela dr\u017eava nalazi na historijskom ispitu, koji svi zajedno pola\u017eemo na na\u010din da do kraja predizborne godine dobijemo novi izborni zakon, koji garantira fer izbore i prestanak izborne diskriminacija i majorizacije sa bilo koje strane:<\/p>\n<p>&#8211; Bakir Izetbegovi\u0107 voli da igra \u0161ah. Ovoga puta, kao lider stranke koja ima najvi\u0161e mandata na dr\u017eavnom nivou i snosi najve\u0107u odgovornost, igra protiv nervoznog Dodika i upornog \u010covi\u0107a. Ideje koje smo dobili tokom susreta sa predstavnikom SAD za izbornu reformu u BiH gospodinom Palmerom,\u00a0 veoma su dobra osnova za kompromis i po\u0161ten izborni zakon prema svima. Zato i pored ogromnih razlika sa Izetbegovi\u0107em, ipak &#8211; zbog naroda i dr\u017eave &#8211; moramo mu pomo\u0107i da ne izgubi i \u0161ahovsku partiju i Bosnu i Hercegovinu, kao stabilnu, mirnu i ekonomski prosperitenu evropsku dr\u017eavu. U ovakvo dramati\u010dnoj situaciji nema mjesta za li\u010dne i strana\u010dke sujete, nema mjesta za skrivene destruktivne namjere, ima mjesta samo za nesebi\u010dni patriotizam i principijelnu toleranciju &#8211; zaklju\u010dio je Radon\u010di\u0107.<\/p>\n<p>Tokom posjete Distriktu Br\u010dko, Radon\u010di\u0107 je, zajedno sa federalnim ministrom Nerminom D\u017eindi\u0107em, obi\u0161ao pogone i menad\u017ement veoma uspje\u0161ne kompanije TMD Group, koja bilje\u017ei izvanserijske poslovne rezultate.<\/p>\n<\/div>\n","protected":false},"excerpt":{"rendered":"<p>Na ju\u010dera\u0161njoj tribini u Br\u010dkom, gdje je u redove SBB-a sve\u010dano primljeno novih 65 mladih&hellip;<\/p>\n","protected":false},"author":2,"featured_media":70121,"comment_status":"open","ping_status":"closed","sticky":false,"template":"","format":"standard","meta":{"_acf_changed":false,"footnotes":""},"categories":[291],"tags":[1617],"acf":[],"yoast_head":"<!-- This site is optimized with the Yoast SEO plugin v23.5 - https:\/\/yoast.com\/wordpress\/plugins\/seo\/ -->\n<title>Radon\u010di\u0107: Izetbegovi\u0107u treba pomo\u0107i u partiji protiv Dodika i \u010covi\u0107a - TuzlaInfo.ba<\/title>\n<meta name=\"robots\" content=\"index, follow, max-snippet:-1, max-image-preview:large, max-video-preview:-1\" \/>\n<link rel=\"canonical\" href=\"https:\/\/tuzlainfo.ba\/index.php\/bosna-i-hercegovina\/item\/149663-radoncic-izetbegovicu-treba-pomoci-u-partiji-protiv-dodika-i-covica\/\" \/>\n<meta property=\"og:locale\" content=\"bs_BA\" \/>\n<meta property=\"og:type\" content=\"article\" \/>\n<meta property=\"og:title\" content=\"Radon\u010di\u0107: Izetbegovi\u0107u treba pomo\u0107i u partiji protiv Dodika i \u010covi\u0107a - TuzlaInfo.ba\" \/>\n<meta property=\"og:description\" content=\"Na ju\u010dera\u0161njoj tribini u Br\u010dkom, gdje je u redove SBB-a sve\u010dano primljeno novih 65 mladih&hellip;\" \/>\n<meta property=\"og:url\" content=\"https:\/\/tuzlainfo.ba\/index.php\/bosna-i-hercegovina\/item\/149663-radoncic-izetbegovicu-treba-pomoci-u-partiji-protiv-dodika-i-covica\/\" \/>\n<meta property=\"og:site_name\" content=\"TuzlaInfo.ba\" \/>\n<meta property=\"article:publisher\" content=\"https:\/\/www.facebook.com\/tuzlainfo.ba\/\" \/>\n<meta property=\"article:published_time\" content=\"2021-10-02T14:39:56+00:00\" \/>\n<meta property=\"og:image\" content=\"https:\/\/tuzlainfo.ba\/wp-content\/uploads\/2019\/05\/sadrzaj_2019_20190501_1605_radoncic.jpg\" \/>\n\t<meta property=\"og:image:width\" content=\"770\" \/>\n\t<meta property=\"og:image:height\" content=\"513\" \/>\n\t<meta property=\"og:image:type\" content=\"image\/jpeg\" \/>\n<meta name=\"author\" content=\"nedim\" \/>\n<meta name=\"twitter:card\" content=\"summary_large_image\" \/>\n<meta name=\"twitter:label1\" content=\"Written by\" \/>\n\t<meta name=\"twitter:data1\" content=\"nedim\" \/>\n\t<meta name=\"twitter:label2\" content=\"Est. reading time\" \/>\n\t<meta name=\"twitter:data2\" content=\"2 minute\" \/>\n<script type=\"application\/ld+json\" class=\"yoast-schema-graph\">{\"@context\":\"https:\/\/schema.org\",\"@graph\":[{\"@type\":\"Article\",\"@id\":\"https:\/\/tuzlainfo.ba\/index.php\/bosna-i-hercegovina\/item\/149663-radoncic-izetbegovicu-treba-pomoci-u-partiji-protiv-dodika-i-covica\/#article\",\"isPartOf\":{\"@id\":\"https:\/\/tuzlainfo.ba\/index.php\/bosna-i-hercegovina\/item\/149663-radoncic-izetbegovicu-treba-pomoci-u-partiji-protiv-dodika-i-covica\/\"},\"author\":{\"name\":\"nedim\",\"@id\":\"https:\/\/tuzlainfo.ba\/#\/schema\/person\/f434e20dc27ea133923aab08451b7f7f\"},\"headline\":\"Radon\u010di\u0107: Izetbegovi\u0107u treba pomo\u0107i u partiji protiv Dodika i \u010covi\u0107a\",\"datePublished\":\"2021-10-02T14:39:56+00:00\",\"dateModified\":\"2021-10-02T14:39:56+00:00\",\"mainEntityOfPage\":{\"@id\":\"https:\/\/tuzlainfo.ba\/index.php\/bosna-i-hercegovina\/item\/149663-radoncic-izetbegovicu-treba-pomoci-u-partiji-protiv-dodika-i-covica\/\"},\"wordCount\":411,\"commentCount\":0,\"publisher\":{\"@id\":\"https:\/\/tuzlainfo.ba\/#organization\"},\"image\":{\"@id\":\"https:\/\/tuzlainfo.ba\/index.php\/bosna-i-hercegovina\/item\/149663-radoncic-izetbegovicu-treba-pomoci-u-partiji-protiv-dodika-i-covica\/#primaryimage\"},\"thumbnailUrl\":\"https:\/\/tuzlainfo.ba\/wp-content\/uploads\/2019\/05\/sadrzaj_2019_20190501_1605_radoncic.jpg\",\"keywords\":[\"fahrudin radon\u010di\u0107\"],\"articleSection\":[\"Bosna i Hercegovina\"],\"inLanguage\":\"bs-BA\"},{\"@type\":\"WebPage\",\"@id\":\"https:\/\/tuzlainfo.ba\/index.php\/bosna-i-hercegovina\/item\/149663-radoncic-izetbegovicu-treba-pomoci-u-partiji-protiv-dodika-i-covica\/\",\"url\":\"https:\/\/tuzlainfo.ba\/index.php\/bosna-i-hercegovina\/item\/149663-radoncic-izetbegovicu-treba-pomoci-u-partiji-protiv-dodika-i-covica\/\",\"name\":\"Radon\u010di\u0107: Izetbegovi\u0107u treba pomo\u0107i u partiji protiv Dodika i \u010covi\u0107a - TuzlaInfo.ba\",\"isPartOf\":{\"@id\":\"https:\/\/tuzlainfo.ba\/#website\"},\"primaryImageOfPage\":{\"@id\":\"https:\/\/tuzlainfo.ba\/index.php\/bosna-i-hercegovina\/item\/149663-radoncic-izetbegovicu-treba-pomoci-u-partiji-protiv-dodika-i-covica\/#primaryimage\"},\"image\":{\"@id\":\"https:\/\/tuzlainfo.ba\/index.php\/bosna-i-hercegovina\/item\/149663-radoncic-izetbegovicu-treba-pomoci-u-partiji-protiv-dodika-i-covica\/#primaryimage\"},\"thumbnailUrl\":\"https:\/\/tuzlainfo.ba\/wp-content\/uploads\/2019\/05\/sadrzaj_2019_20190501_1605_radoncic.jpg\",\"datePublished\":\"2021-10-02T14:39:56+00:00\",\"dateModified\":\"2021-10-02T14:39:56+00:00\",\"breadcrumb\":{\"@id\":\"https:\/\/tuzlainfo.ba\/index.php\/bosna-i-hercegovina\/item\/149663-radoncic-izetbegovicu-treba-pomoci-u-partiji-protiv-dodika-i-covica\/#breadcrumb\"},\"inLanguage\":\"bs-BA\",\"potentialAction\":[{\"@type\":\"ReadAction\",\"target\":[\"https:\/\/tuzlainfo.ba\/index.php\/bosna-i-hercegovina\/item\/149663-radoncic-izetbegovicu-treba-pomoci-u-partiji-protiv-dodika-i-covica\/\"]}]},{\"@type\":\"ImageObject\",\"inLanguage\":\"bs-BA\",\"@id\":\"https:\/\/tuzlainfo.ba\/index.php\/bosna-i-hercegovina\/item\/149663-radoncic-izetbegovicu-treba-pomoci-u-partiji-protiv-dodika-i-covica\/#primaryimage\",\"url\":\"https:\/\/tuzlainfo.ba\/wp-content\/uploads\/2019\/05\/sadrzaj_2019_20190501_1605_radoncic.jpg\",\"contentUrl\":\"https:\/\/tuzlainfo.ba\/wp-content\/uploads\/2019\/05\/sadrzaj_2019_20190501_1605_radoncic.jpg\",\"width\":770,\"height\":513,\"caption\":\"1605 radoncic\"},{\"@type\":\"BreadcrumbList\",\"@id\":\"https:\/\/tuzlainfo.ba\/index.php\/bosna-i-hercegovina\/item\/149663-radoncic-izetbegovicu-treba-pomoci-u-partiji-protiv-dodika-i-covica\/#breadcrumb\",\"itemListElement\":[{\"@type\":\"ListItem\",\"position\":1,\"name\":\"Home\",\"item\":\"https:\/\/tuzlainfo.ba\/\"},{\"@type\":\"ListItem\",\"position\":2,\"name\":\"Radon\u010di\u0107: Izetbegovi\u0107u treba pomo\u0107i u partiji protiv Dodika i \u010covi\u0107a\"}]},{\"@type\":\"WebSite\",\"@id\":\"https:\/\/tuzlainfo.ba\/#website\",\"url\":\"https:\/\/tuzlainfo.ba\/\",\"name\":\"TuzlaInfo.ba\",\"description\":\"Tuzla info, gradski informator - Tuzla na dlanu\",\"publisher\":{\"@id\":\"https:\/\/tuzlainfo.ba\/#organization\"},\"potentialAction\":[{\"@type\":\"SearchAction\",\"target\":{\"@type\":\"EntryPoint\",\"urlTemplate\":\"https:\/\/tuzlainfo.ba\/?s={search_term_string}\"},\"query-input\":{\"@type\":\"PropertyValueSpecification\",\"valueRequired\":true,\"valueName\":\"search_term_string\"}}],\"inLanguage\":\"bs-BA\"},{\"@type\":\"Organization\",\"@id\":\"https:\/\/tuzlainfo.ba\/#organization\",\"name\":\"TuzlaInfo.ba\",\"url\":\"https:\/\/tuzlainfo.ba\/\",\"logo\":{\"@type\":\"ImageObject\",\"inLanguage\":\"bs-BA\",\"@id\":\"https:\/\/tuzlainfo.ba\/#\/schema\/logo\/image\/\",\"url\":\"https:\/\/tuzlainfo.ba\/wp-content\/uploads\/2021\/03\/logo-ver-3-1.png\",\"contentUrl\":\"https:\/\/tuzlainfo.ba\/wp-content\/uploads\/2021\/03\/logo-ver-3-1.png\",\"width\":350,\"height\":95,\"caption\":\"TuzlaInfo.ba\"},\"image\":{\"@id\":\"https:\/\/tuzlainfo.ba\/#\/schema\/logo\/image\/\"},\"sameAs\":[\"https:\/\/www.facebook.com\/tuzlainfo.ba\/\"]},{\"@type\":\"Person\",\"@id\":\"https:\/\/tuzlainfo.ba\/#\/schema\/person\/f434e20dc27ea133923aab08451b7f7f\",\"name\":\"nedim\",\"image\":{\"@type\":\"ImageObject\",\"inLanguage\":\"bs-BA\",\"@id\":\"https:\/\/tuzlainfo.ba\/#\/schema\/person\/image\/\",\"url\":\"https:\/\/tuzlainfo.ba\/wp-content\/litespeed\/avatar\/aabad687af24844af817603ac1cbdc4f.jpg?ver=1776702173\",\"contentUrl\":\"https:\/\/tuzlainfo.ba\/wp-content\/litespeed\/avatar\/aabad687af24844af817603ac1cbdc4f.jpg?ver=1776702173\",\"caption\":\"nedim\"},\"description\":\"Tuzlainfo.ba pratite na dru\u0161tvenim mre\u017eama: Facebook, Instagram i Youtube. Svoje pri\u010de, upite i fotografije \u0161aljite na na\u0161u e-mail adresu.\"}]}<\/script>\n<!-- \/ Yoast SEO plugin. -->","yoast_head_json":{"title":"Radon\u010di\u0107: Izetbegovi\u0107u treba pomo\u0107i u partiji protiv Dodika i \u010covi\u0107a - TuzlaInfo.ba","robots":{"index":"index","follow":"follow","max-snippet":"max-snippet:-1","max-image-preview":"max-image-preview:large","max-video-preview":"max-video-preview:-1"},"canonical":"https:\/\/tuzlainfo.ba\/index.php\/bosna-i-hercegovina\/item\/149663-radoncic-izetbegovicu-treba-pomoci-u-partiji-protiv-dodika-i-covica\/","og_locale":"bs_BA","og_type":"article","og_title":"Radon\u010di\u0107: Izetbegovi\u0107u treba pomo\u0107i u partiji protiv Dodika i \u010covi\u0107a - TuzlaInfo.ba","og_description":"Na ju\u010dera\u0161njoj tribini u Br\u010dkom, gdje je u redove SBB-a sve\u010dano primljeno novih 65 mladih&hellip;","og_url":"https:\/\/tuzlainfo.ba\/index.php\/bosna-i-hercegovina\/item\/149663-radoncic-izetbegovicu-treba-pomoci-u-partiji-protiv-dodika-i-covica\/","og_site_name":"TuzlaInfo.ba","article_publisher":"https:\/\/www.facebook.com\/tuzlainfo.ba\/","article_published_time":"2021-10-02T14:39:56+00:00","og_image":[{"width":770,"height":513,"url":"https:\/\/tuzlainfo.ba\/wp-content\/uploads\/2019\/05\/sadrzaj_2019_20190501_1605_radoncic.jpg","type":"image\/jpeg"}],"author":"nedim","twitter_card":"summary_large_image","twitter_misc":{"Written by":"nedim","Est. reading time":"2 minute"},"schema":{"@context":"https:\/\/schema.org","@graph":[{"@type":"Article","@id":"https:\/\/tuzlainfo.ba\/index.php\/bosna-i-hercegovina\/item\/149663-radoncic-izetbegovicu-treba-pomoci-u-partiji-protiv-dodika-i-covica\/#article","isPartOf":{"@id":"https:\/\/tuzlainfo.ba\/index.php\/bosna-i-hercegovina\/item\/149663-radoncic-izetbegovicu-treba-pomoci-u-partiji-protiv-dodika-i-covica\/"},"author":{"name":"nedim","@id":"https:\/\/tuzlainfo.ba\/#\/schema\/person\/f434e20dc27ea133923aab08451b7f7f"},"headline":"Radon\u010di\u0107: Izetbegovi\u0107u treba pomo\u0107i u partiji protiv Dodika i \u010covi\u0107a","datePublished":"2021-10-02T14:39:56+00:00","dateModified":"2021-10-02T14:39:56+00:00","mainEntityOfPage":{"@id":"https:\/\/tuzlainfo.ba\/index.php\/bosna-i-hercegovina\/item\/149663-radoncic-izetbegovicu-treba-pomoci-u-partiji-protiv-dodika-i-covica\/"},"wordCount":411,"commentCount":0,"publisher":{"@id":"https:\/\/tuzlainfo.ba\/#organization"},"image":{"@id":"https:\/\/tuzlainfo.ba\/index.php\/bosna-i-hercegovina\/item\/149663-radoncic-izetbegovicu-treba-pomoci-u-partiji-protiv-dodika-i-covica\/#primaryimage"},"thumbnailUrl":"https:\/\/tuzlainfo.ba\/wp-content\/uploads\/2019\/05\/sadrzaj_2019_20190501_1605_radoncic.jpg","keywords":["fahrudin radon\u010di\u0107"],"articleSection":["Bosna i Hercegovina"],"inLanguage":"bs-BA"},{"@type":"WebPage","@id":"https:\/\/tuzlainfo.ba\/index.php\/bosna-i-hercegovina\/item\/149663-radoncic-izetbegovicu-treba-pomoci-u-partiji-protiv-dodika-i-covica\/","url":"https:\/\/tuzlainfo.ba\/index.php\/bosna-i-hercegovina\/item\/149663-radoncic-izetbegovicu-treba-pomoci-u-partiji-protiv-dodika-i-covica\/","name":"Radon\u010di\u0107: Izetbegovi\u0107u treba pomo\u0107i u partiji protiv Dodika i \u010covi\u0107a - TuzlaInfo.ba","isPartOf":{"@id":"https:\/\/tuzlainfo.ba\/#website"},"primaryImageOfPage":{"@id":"https:\/\/tuzlainfo.ba\/index.php\/bosna-i-hercegovina\/item\/149663-radoncic-izetbegovicu-treba-pomoci-u-partiji-protiv-dodika-i-covica\/#primaryimage"},"image":{"@id":"https:\/\/tuzlainfo.ba\/index.php\/bosna-i-hercegovina\/item\/149663-radoncic-izetbegovicu-treba-pomoci-u-partiji-protiv-dodika-i-covica\/#primaryimage"},"thumbnailUrl":"https:\/\/tuzlainfo.ba\/wp-content\/uploads\/2019\/05\/sadrzaj_2019_20190501_1605_radoncic.jpg","datePublished":"2021-10-02T14:39:56+00:00","dateModified":"2021-10-02T14:39:56+00:00","breadcrumb":{"@id":"https:\/\/tuzlainfo.ba\/index.php\/bosna-i-hercegovina\/item\/149663-radoncic-izetbegovicu-treba-pomoci-u-partiji-protiv-dodika-i-covica\/#breadcrumb"},"inLanguage":"bs-BA","potentialAction":[{"@type":"ReadAction","target":["https:\/\/tuzlainfo.ba\/index.php\/bosna-i-hercegovina\/item\/149663-radoncic-izetbegovicu-treba-pomoci-u-partiji-protiv-dodika-i-covica\/"]}]},{"@type":"ImageObject","inLanguage":"bs-BA","@id":"https:\/\/tuzlainfo.ba\/index.php\/bosna-i-hercegovina\/item\/149663-radoncic-izetbegovicu-treba-pomoci-u-partiji-protiv-dodika-i-covica\/#primaryimage","url":"https:\/\/tuzlainfo.ba\/wp-content\/uploads\/2019\/05\/sadrzaj_2019_20190501_1605_radoncic.jpg","contentUrl":"https:\/\/tuzlainfo.ba\/wp-content\/uploads\/2019\/05\/sadrzaj_2019_20190501_1605_radoncic.jpg","width":770,"height":513,"caption":"1605 radoncic"},{"@type":"BreadcrumbList","@id":"https:\/\/tuzlainfo.ba\/index.php\/bosna-i-hercegovina\/item\/149663-radoncic-izetbegovicu-treba-pomoci-u-partiji-protiv-dodika-i-covica\/#breadcrumb","itemListElement":[{"@type":"ListItem","position":1,"name":"Home","item":"https:\/\/tuzlainfo.ba\/"},{"@type":"ListItem","position":2,"name":"Radon\u010di\u0107: Izetbegovi\u0107u treba pomo\u0107i u partiji protiv Dodika i \u010covi\u0107a"}]},{"@type":"WebSite","@id":"https:\/\/tuzlainfo.ba\/#website","url":"https:\/\/tuzlainfo.ba\/","name":"TuzlaInfo.ba","description":"Tuzla info, gradski informator - Tuzla na dlanu","publisher":{"@id":"https:\/\/tuzlainfo.ba\/#organization"},"potentialAction":[{"@type":"SearchAction","target":{"@type":"EntryPoint","urlTemplate":"https:\/\/tuzlainfo.ba\/?s={search_term_string}"},"query-input":{"@type":"PropertyValueSpecification","valueRequired":true,"valueName":"search_term_string"}}],"inLanguage":"bs-BA"},{"@type":"Organization","@id":"https:\/\/tuzlainfo.ba\/#organization","name":"TuzlaInfo.ba","url":"https:\/\/tuzlainfo.ba\/","logo":{"@type":"ImageObject","inLanguage":"bs-BA","@id":"https:\/\/tuzlainfo.ba\/#\/schema\/logo\/image\/","url":"https:\/\/tuzlainfo.ba\/wp-content\/uploads\/2021\/03\/logo-ver-3-1.png","contentUrl":"https:\/\/tuzlainfo.ba\/wp-content\/uploads\/2021\/03\/logo-ver-3-1.png","width":350,"height":95,"caption":"TuzlaInfo.ba"},"image":{"@id":"https:\/\/tuzlainfo.ba\/#\/schema\/logo\/image\/"},"sameAs":["https:\/\/www.facebook.com\/tuzlainfo.ba\/"]},{"@type":"Person","@id":"https:\/\/tuzlainfo.ba\/#\/schema\/person\/f434e20dc27ea133923aab08451b7f7f","name":"nedim","image":{"@type":"ImageObject","inLanguage":"bs-BA","@id":"https:\/\/tuzlainfo.ba\/#\/schema\/person\/image\/","url":"https:\/\/tuzlainfo.ba\/wp-content\/litespeed\/avatar\/aabad687af24844af817603ac1cbdc4f.jpg?ver=1776702173","contentUrl":"https:\/\/tuzlainfo.ba\/wp-content\/litespeed\/avatar\/aabad687af24844af817603ac1cbdc4f.jpg?ver=1776702173","caption":"nedim"},"description":"Tuzlainfo.ba pratite na dru\u0161tvenim mre\u017eama: Facebook, Instagram i Youtube. Svoje pri\u010de, upite i fotografije \u0161aljite na na\u0161u e-mail adresu."}]}},"_links":{"self":[{"href":"https:\/\/tuzlainfo.ba\/index.php\/wp-json\/wp\/v2\/posts\/149663"}],"collection":[{"href":"https:\/\/tuzlainfo.ba\/index.php\/wp-json\/wp\/v2\/posts"}],"about":[{"href":"https:\/\/tuzlainfo.ba\/index.php\/wp-json\/wp\/v2\/types\/post"}],"author":[{"embeddable":true,"href":"https:\/\/tuzlainfo.ba\/index.php\/wp-json\/wp\/v2\/users\/2"}],"replies":[{"embeddable":true,"href":"https:\/\/tuzlainfo.ba\/index.php\/wp-json\/wp\/v2\/comments?post=149663"}],"version-history":[{"count":0,"href":"https:\/\/tuzlainfo.ba\/index.php\/wp-json\/wp\/v2\/posts\/149663\/revisions"}],"wp:featuredmedia":[{"embeddable":true,"href":"https:\/\/tuzlainfo.ba\/index.php\/wp-json\/wp\/v2\/media\/70121"}],"wp:attachment":[{"href":"https:\/\/tuzlainfo.ba\/index.php\/wp-json\/wp\/v2\/media?parent=149663"}],"wp:term":[{"taxonomy":"category","embeddable":true,"href":"https:\/\/tuzlainfo.ba\/index.php\/wp-json\/wp\/v2\/categories?post=149663"},{"taxonomy":"post_tag","embeddable":true,"href":"https:\/\/tuzlainfo.ba\/index.php\/wp-json\/wp\/v2\/tags?post=149663"}],"curies":[{"name":"wp","href":"https:\/\/api.w.org\/{rel}","templated":true}]}}