{"id":149548,"date":"2021-10-01T14:00:05","date_gmt":"2021-10-01T12:00:05","guid":{"rendered":"https:\/\/tuzlainfo.ba\/?p=149548"},"modified":"2021-10-01T11:58:02","modified_gmt":"2021-10-01T09:58:02","slug":"ministarstvo-privrede-tk-objavljena-rang-lista-za-grant-podrska-razvoju-kantona","status":"publish","type":"post","link":"https:\/\/tuzlainfo.ba\/index.php\/novosti\/item\/149548-ministarstvo-privrede-tk-objavljena-rang-lista-za-grant-podrska-razvoju-kantona\/","title":{"rendered":"Ministarstvo privrede TK: Objavljena rang lista za grant \u201ePodr\u0161ka razvoju kantona\u201c:"},"content":{"rendered":"<p>Ministarstvo privrede TK objavilo je Kona\u010dnu rang listu korisnika sredstava sa pozicije \u201ePodr\u0161ka razvoju kantona\u201c za 2021. godinu i listu kandidata \u010dije su prijave neblagovremene, nepotpune, i neosnovane.<\/p>\n<p>Korisnici grant sredstava Ministarstva privrede po Javnom pozivu Podr\u0161ka razvoju Kantona za 2021. godinu koji se nalaze na Kona\u010dnoj rang listi korisnika, odobrena sredstva \u010dija je namjena subvencija nabavke opreme, alata i repromaterijala u skladu sa predra\u010dunima dostavljenim prilikom apliciranja na Javni poziv,\u00a0ne mogu biti utro\u0161ena za predmetnu namjenu prije potpisivanja Ugovora\u00a0sa Ministarstvom privrede.<\/p>\n<p>Rang lista je dostupna\u00a0<a href=\"http:\/\/www.vladatk.kim.ba\/javni-pozivi-mier\/8698-konacna-rang-lista-podrska-razvoju-kantona\">OVDJE<\/a>.<\/p>\n","protected":false},"excerpt":{"rendered":"<p>Ministarstvo privrede TK objavilo je Kona\u010dnu rang listu korisnika sredstava sa pozicije \u201ePodr\u0161ka razvoju kantona\u201c&hellip;<\/p>\n","protected":false},"author":4,"featured_media":85910,"comment_status":"open","ping_status":"closed","sticky":false,"template":"","format":"standard","meta":{"_acf_changed":false,"footnotes":""},"categories":[304,12],"tags":[1877,2830,1468,336],"acf":[],"yoast_head":"<!-- This site is optimized with the Yoast SEO plugin v23.5 - https:\/\/yoast.com\/wordpress\/plugins\/seo\/ -->\n<title>Ministarstvo privrede TK: Objavljena rang lista za grant \u201ePodr\u0161ka razvoju kantona\u201c: - TuzlaInfo.ba<\/title>\n<meta name=\"robots\" content=\"index, follow, max-snippet:-1, max-image-preview:large, max-video-preview:-1\" \/>\n<link rel=\"canonical\" href=\"https:\/\/tuzlainfo.ba\/index.php\/novosti\/item\/149548-ministarstvo-privrede-tk-objavljena-rang-lista-za-grant-podrska-razvoju-kantona\/\" \/>\n<meta property=\"og:locale\" content=\"bs_BA\" \/>\n<meta property=\"og:type\" content=\"article\" \/>\n<meta property=\"og:title\" content=\"Ministarstvo privrede TK: Objavljena rang lista za grant \u201ePodr\u0161ka razvoju kantona\u201c: - TuzlaInfo.ba\" \/>\n<meta property=\"og:description\" content=\"Ministarstvo privrede TK objavilo je Kona\u010dnu rang listu korisnika sredstava sa pozicije \u201ePodr\u0161ka razvoju kantona\u201c&hellip;\" \/>\n<meta property=\"og:url\" content=\"https:\/\/tuzlainfo.ba\/index.php\/novosti\/item\/149548-ministarstvo-privrede-tk-objavljena-rang-lista-za-grant-podrska-razvoju-kantona\/\" \/>\n<meta property=\"og:site_name\" content=\"TuzlaInfo.ba\" \/>\n<meta property=\"article:publisher\" content=\"https:\/\/www.facebook.com\/tuzlainfo.ba\/\" \/>\n<meta property=\"article:published_time\" content=\"2021-10-01T12:00:05+00:00\" \/>\n<meta property=\"article:modified_time\" content=\"2021-10-01T09:58:02+00:00\" \/>\n<meta property=\"og:image\" content=\"https:\/\/tuzlainfo.ba\/wp-content\/uploads\/2021\/01\/sadrzaj_2021_20210102_2501_vladatk.jpg\" \/>\n\t<meta property=\"og:image:width\" content=\"770\" \/>\n\t<meta property=\"og:image:height\" content=\"537\" \/>\n\t<meta property=\"og:image:type\" content=\"image\/jpeg\" \/>\n<meta name=\"author\" content=\"Tuzla Info\" \/>\n<meta name=\"twitter:card\" content=\"summary_large_image\" \/>\n<meta name=\"twitter:label1\" content=\"Written by\" \/>\n\t<meta name=\"twitter:data1\" content=\"Tuzla Info\" \/>\n<script type=\"application\/ld+json\" class=\"yoast-schema-graph\">{\"@context\":\"https:\/\/schema.org\",\"@graph\":[{\"@type\":\"Article\",\"@id\":\"https:\/\/tuzlainfo.ba\/index.php\/novosti\/item\/149548-ministarstvo-privrede-tk-objavljena-rang-lista-za-grant-podrska-razvoju-kantona\/#article\",\"isPartOf\":{\"@id\":\"https:\/\/tuzlainfo.ba\/index.php\/novosti\/item\/149548-ministarstvo-privrede-tk-objavljena-rang-lista-za-grant-podrska-razvoju-kantona\/\"},\"author\":{\"name\":\"Tuzla Info\",\"@id\":\"https:\/\/tuzlainfo.ba\/#\/schema\/person\/46cad4c57790cbc50781edd14870825a\"},\"headline\":\"Ministarstvo privrede TK: Objavljena rang lista za grant \u201ePodr\u0161ka razvoju kantona\u201c:\",\"datePublished\":\"2021-10-01T12:00:05+00:00\",\"dateModified\":\"2021-10-01T09:58:02+00:00\",\"mainEntityOfPage\":{\"@id\":\"https:\/\/tuzlainfo.ba\/index.php\/novosti\/item\/149548-ministarstvo-privrede-tk-objavljena-rang-lista-za-grant-podrska-razvoju-kantona\/\"},\"wordCount\":105,\"commentCount\":0,\"publisher\":{\"@id\":\"https:\/\/tuzlainfo.ba\/#organization\"},\"image\":{\"@id\":\"https:\/\/tuzlainfo.ba\/index.php\/novosti\/item\/149548-ministarstvo-privrede-tk-objavljena-rang-lista-za-grant-podrska-razvoju-kantona\/#primaryimage\"},\"thumbnailUrl\":\"https:\/\/tuzlainfo.ba\/wp-content\/uploads\/2021\/01\/sadrzaj_2021_20210102_2501_vladatk.jpg\",\"keywords\":[\"ministarstvo privrede tk\",\"podr\u0161ka razvoju kantona\",\"rang lista\",\"vlada tk\"],\"articleSection\":[\"Istaknuto\",\"Novosti\"],\"inLanguage\":\"bs-BA\"},{\"@type\":\"WebPage\",\"@id\":\"https:\/\/tuzlainfo.ba\/index.php\/novosti\/item\/149548-ministarstvo-privrede-tk-objavljena-rang-lista-za-grant-podrska-razvoju-kantona\/\",\"url\":\"https:\/\/tuzlainfo.ba\/index.php\/novosti\/item\/149548-ministarstvo-privrede-tk-objavljena-rang-lista-za-grant-podrska-razvoju-kantona\/\",\"name\":\"Ministarstvo privrede TK: Objavljena rang lista za grant \u201ePodr\u0161ka razvoju kantona\u201c: - TuzlaInfo.ba\",\"isPartOf\":{\"@id\":\"https:\/\/tuzlainfo.ba\/#website\"},\"primaryImageOfPage\":{\"@id\":\"https:\/\/tuzlainfo.ba\/index.php\/novosti\/item\/149548-ministarstvo-privrede-tk-objavljena-rang-lista-za-grant-podrska-razvoju-kantona\/#primaryimage\"},\"image\":{\"@id\":\"https:\/\/tuzlainfo.ba\/index.php\/novosti\/item\/149548-ministarstvo-privrede-tk-objavljena-rang-lista-za-grant-podrska-razvoju-kantona\/#primaryimage\"},\"thumbnailUrl\":\"https:\/\/tuzlainfo.ba\/wp-content\/uploads\/2021\/01\/sadrzaj_2021_20210102_2501_vladatk.jpg\",\"datePublished\":\"2021-10-01T12:00:05+00:00\",\"dateModified\":\"2021-10-01T09:58:02+00:00\",\"breadcrumb\":{\"@id\":\"https:\/\/tuzlainfo.ba\/index.php\/novosti\/item\/149548-ministarstvo-privrede-tk-objavljena-rang-lista-za-grant-podrska-razvoju-kantona\/#breadcrumb\"},\"inLanguage\":\"bs-BA\",\"potentialAction\":[{\"@type\":\"ReadAction\",\"target\":[\"https:\/\/tuzlainfo.ba\/index.php\/novosti\/item\/149548-ministarstvo-privrede-tk-objavljena-rang-lista-za-grant-podrska-razvoju-kantona\/\"]}]},{\"@type\":\"ImageObject\",\"inLanguage\":\"bs-BA\",\"@id\":\"https:\/\/tuzlainfo.ba\/index.php\/novosti\/item\/149548-ministarstvo-privrede-tk-objavljena-rang-lista-za-grant-podrska-razvoju-kantona\/#primaryimage\",\"url\":\"https:\/\/tuzlainfo.ba\/wp-content\/uploads\/2021\/01\/sadrzaj_2021_20210102_2501_vladatk.jpg\",\"contentUrl\":\"https:\/\/tuzlainfo.ba\/wp-content\/uploads\/2021\/01\/sadrzaj_2021_20210102_2501_vladatk.jpg\",\"width\":770,\"height\":537,\"caption\":\"2501 vladatk\"},{\"@type\":\"BreadcrumbList\",\"@id\":\"https:\/\/tuzlainfo.ba\/index.php\/novosti\/item\/149548-ministarstvo-privrede-tk-objavljena-rang-lista-za-grant-podrska-razvoju-kantona\/#breadcrumb\",\"itemListElement\":[{\"@type\":\"ListItem\",\"position\":1,\"name\":\"Home\",\"item\":\"https:\/\/tuzlainfo.ba\/\"},{\"@type\":\"ListItem\",\"position\":2,\"name\":\"Ministarstvo privrede TK: Objavljena rang lista za grant \u201ePodr\u0161ka razvoju kantona\u201c:\"}]},{\"@type\":\"WebSite\",\"@id\":\"https:\/\/tuzlainfo.ba\/#website\",\"url\":\"https:\/\/tuzlainfo.ba\/\",\"name\":\"TuzlaInfo.ba\",\"description\":\"Tuzla info, gradski informator - Tuzla na dlanu\",\"publisher\":{\"@id\":\"https:\/\/tuzlainfo.ba\/#organization\"},\"potentialAction\":[{\"@type\":\"SearchAction\",\"target\":{\"@type\":\"EntryPoint\",\"urlTemplate\":\"https:\/\/tuzlainfo.ba\/?s={search_term_string}\"},\"query-input\":{\"@type\":\"PropertyValueSpecification\",\"valueRequired\":true,\"valueName\":\"search_term_string\"}}],\"inLanguage\":\"bs-BA\"},{\"@type\":\"Organization\",\"@id\":\"https:\/\/tuzlainfo.ba\/#organization\",\"name\":\"TuzlaInfo.ba\",\"url\":\"https:\/\/tuzlainfo.ba\/\",\"logo\":{\"@type\":\"ImageObject\",\"inLanguage\":\"bs-BA\",\"@id\":\"https:\/\/tuzlainfo.ba\/#\/schema\/logo\/image\/\",\"url\":\"https:\/\/tuzlainfo.ba\/wp-content\/uploads\/2021\/03\/logo-ver-3-1.png\",\"contentUrl\":\"https:\/\/tuzlainfo.ba\/wp-content\/uploads\/2021\/03\/logo-ver-3-1.png\",\"width\":350,\"height\":95,\"caption\":\"TuzlaInfo.ba\"},\"image\":{\"@id\":\"https:\/\/tuzlainfo.ba\/#\/schema\/logo\/image\/\"},\"sameAs\":[\"https:\/\/www.facebook.com\/tuzlainfo.ba\/\"]},{\"@type\":\"Person\",\"@id\":\"https:\/\/tuzlainfo.ba\/#\/schema\/person\/46cad4c57790cbc50781edd14870825a\",\"name\":\"Tuzla Info\",\"image\":{\"@type\":\"ImageObject\",\"inLanguage\":\"bs-BA\",\"@id\":\"https:\/\/tuzlainfo.ba\/#\/schema\/person\/image\/\",\"url\":\"https:\/\/tuzlainfo.ba\/wp-content\/litespeed\/avatar\/b6c453a6c38e3654f2e4416c643fc25c.jpg?ver=1777656712\",\"contentUrl\":\"https:\/\/tuzlainfo.ba\/wp-content\/litespeed\/avatar\/b6c453a6c38e3654f2e4416c643fc25c.jpg?ver=1777656712\",\"caption\":\"Tuzla Info\"}}]}<\/script>\n<!-- \/ Yoast SEO plugin. -->","yoast_head_json":{"title":"Ministarstvo privrede TK: Objavljena rang lista za grant \u201ePodr\u0161ka razvoju kantona\u201c: - TuzlaInfo.ba","robots":{"index":"index","follow":"follow","max-snippet":"max-snippet:-1","max-image-preview":"max-image-preview:large","max-video-preview":"max-video-preview:-1"},"canonical":"https:\/\/tuzlainfo.ba\/index.php\/novosti\/item\/149548-ministarstvo-privrede-tk-objavljena-rang-lista-za-grant-podrska-razvoju-kantona\/","og_locale":"bs_BA","og_type":"article","og_title":"Ministarstvo privrede TK: Objavljena rang lista za grant \u201ePodr\u0161ka razvoju kantona\u201c: - TuzlaInfo.ba","og_description":"Ministarstvo privrede TK objavilo je Kona\u010dnu rang listu korisnika sredstava sa pozicije \u201ePodr\u0161ka razvoju kantona\u201c&hellip;","og_url":"https:\/\/tuzlainfo.ba\/index.php\/novosti\/item\/149548-ministarstvo-privrede-tk-objavljena-rang-lista-za-grant-podrska-razvoju-kantona\/","og_site_name":"TuzlaInfo.ba","article_publisher":"https:\/\/www.facebook.com\/tuzlainfo.ba\/","article_published_time":"2021-10-01T12:00:05+00:00","article_modified_time":"2021-10-01T09:58:02+00:00","og_image":[{"width":770,"height":537,"url":"https:\/\/tuzlainfo.ba\/wp-content\/uploads\/2021\/01\/sadrzaj_2021_20210102_2501_vladatk.jpg","type":"image\/jpeg"}],"author":"Tuzla Info","twitter_card":"summary_large_image","twitter_misc":{"Written by":"Tuzla Info"},"schema":{"@context":"https:\/\/schema.org","@graph":[{"@type":"Article","@id":"https:\/\/tuzlainfo.ba\/index.php\/novosti\/item\/149548-ministarstvo-privrede-tk-objavljena-rang-lista-za-grant-podrska-razvoju-kantona\/#article","isPartOf":{"@id":"https:\/\/tuzlainfo.ba\/index.php\/novosti\/item\/149548-ministarstvo-privrede-tk-objavljena-rang-lista-za-grant-podrska-razvoju-kantona\/"},"author":{"name":"Tuzla Info","@id":"https:\/\/tuzlainfo.ba\/#\/schema\/person\/46cad4c57790cbc50781edd14870825a"},"headline":"Ministarstvo privrede TK: Objavljena rang lista za grant \u201ePodr\u0161ka razvoju kantona\u201c:","datePublished":"2021-10-01T12:00:05+00:00","dateModified":"2021-10-01T09:58:02+00:00","mainEntityOfPage":{"@id":"https:\/\/tuzlainfo.ba\/index.php\/novosti\/item\/149548-ministarstvo-privrede-tk-objavljena-rang-lista-za-grant-podrska-razvoju-kantona\/"},"wordCount":105,"commentCount":0,"publisher":{"@id":"https:\/\/tuzlainfo.ba\/#organization"},"image":{"@id":"https:\/\/tuzlainfo.ba\/index.php\/novosti\/item\/149548-ministarstvo-privrede-tk-objavljena-rang-lista-za-grant-podrska-razvoju-kantona\/#primaryimage"},"thumbnailUrl":"https:\/\/tuzlainfo.ba\/wp-content\/uploads\/2021\/01\/sadrzaj_2021_20210102_2501_vladatk.jpg","keywords":["ministarstvo privrede tk","podr\u0161ka razvoju kantona","rang lista","vlada tk"],"articleSection":["Istaknuto","Novosti"],"inLanguage":"bs-BA"},{"@type":"WebPage","@id":"https:\/\/tuzlainfo.ba\/index.php\/novosti\/item\/149548-ministarstvo-privrede-tk-objavljena-rang-lista-za-grant-podrska-razvoju-kantona\/","url":"https:\/\/tuzlainfo.ba\/index.php\/novosti\/item\/149548-ministarstvo-privrede-tk-objavljena-rang-lista-za-grant-podrska-razvoju-kantona\/","name":"Ministarstvo privrede TK: Objavljena rang lista za grant \u201ePodr\u0161ka razvoju kantona\u201c: - TuzlaInfo.ba","isPartOf":{"@id":"https:\/\/tuzlainfo.ba\/#website"},"primaryImageOfPage":{"@id":"https:\/\/tuzlainfo.ba\/index.php\/novosti\/item\/149548-ministarstvo-privrede-tk-objavljena-rang-lista-za-grant-podrska-razvoju-kantona\/#primaryimage"},"image":{"@id":"https:\/\/tuzlainfo.ba\/index.php\/novosti\/item\/149548-ministarstvo-privrede-tk-objavljena-rang-lista-za-grant-podrska-razvoju-kantona\/#primaryimage"},"thumbnailUrl":"https:\/\/tuzlainfo.ba\/wp-content\/uploads\/2021\/01\/sadrzaj_2021_20210102_2501_vladatk.jpg","datePublished":"2021-10-01T12:00:05+00:00","dateModified":"2021-10-01T09:58:02+00:00","breadcrumb":{"@id":"https:\/\/tuzlainfo.ba\/index.php\/novosti\/item\/149548-ministarstvo-privrede-tk-objavljena-rang-lista-za-grant-podrska-razvoju-kantona\/#breadcrumb"},"inLanguage":"bs-BA","potentialAction":[{"@type":"ReadAction","target":["https:\/\/tuzlainfo.ba\/index.php\/novosti\/item\/149548-ministarstvo-privrede-tk-objavljena-rang-lista-za-grant-podrska-razvoju-kantona\/"]}]},{"@type":"ImageObject","inLanguage":"bs-BA","@id":"https:\/\/tuzlainfo.ba\/index.php\/novosti\/item\/149548-ministarstvo-privrede-tk-objavljena-rang-lista-za-grant-podrska-razvoju-kantona\/#primaryimage","url":"https:\/\/tuzlainfo.ba\/wp-content\/uploads\/2021\/01\/sadrzaj_2021_20210102_2501_vladatk.jpg","contentUrl":"https:\/\/tuzlainfo.ba\/wp-content\/uploads\/2021\/01\/sadrzaj_2021_20210102_2501_vladatk.jpg","width":770,"height":537,"caption":"2501 vladatk"},{"@type":"BreadcrumbList","@id":"https:\/\/tuzlainfo.ba\/index.php\/novosti\/item\/149548-ministarstvo-privrede-tk-objavljena-rang-lista-za-grant-podrska-razvoju-kantona\/#breadcrumb","itemListElement":[{"@type":"ListItem","position":1,"name":"Home","item":"https:\/\/tuzlainfo.ba\/"},{"@type":"ListItem","position":2,"name":"Ministarstvo privrede TK: Objavljena rang lista za grant \u201ePodr\u0161ka razvoju kantona\u201c:"}]},{"@type":"WebSite","@id":"https:\/\/tuzlainfo.ba\/#website","url":"https:\/\/tuzlainfo.ba\/","name":"TuzlaInfo.ba","description":"Tuzla info, gradski informator - Tuzla na dlanu","publisher":{"@id":"https:\/\/tuzlainfo.ba\/#organization"},"potentialAction":[{"@type":"SearchAction","target":{"@type":"EntryPoint","urlTemplate":"https:\/\/tuzlainfo.ba\/?s={search_term_string}"},"query-input":{"@type":"PropertyValueSpecification","valueRequired":true,"valueName":"search_term_string"}}],"inLanguage":"bs-BA"},{"@type":"Organization","@id":"https:\/\/tuzlainfo.ba\/#organization","name":"TuzlaInfo.ba","url":"https:\/\/tuzlainfo.ba\/","logo":{"@type":"ImageObject","inLanguage":"bs-BA","@id":"https:\/\/tuzlainfo.ba\/#\/schema\/logo\/image\/","url":"https:\/\/tuzlainfo.ba\/wp-content\/uploads\/2021\/03\/logo-ver-3-1.png","contentUrl":"https:\/\/tuzlainfo.ba\/wp-content\/uploads\/2021\/03\/logo-ver-3-1.png","width":350,"height":95,"caption":"TuzlaInfo.ba"},"image":{"@id":"https:\/\/tuzlainfo.ba\/#\/schema\/logo\/image\/"},"sameAs":["https:\/\/www.facebook.com\/tuzlainfo.ba\/"]},{"@type":"Person","@id":"https:\/\/tuzlainfo.ba\/#\/schema\/person\/46cad4c57790cbc50781edd14870825a","name":"Tuzla Info","image":{"@type":"ImageObject","inLanguage":"bs-BA","@id":"https:\/\/tuzlainfo.ba\/#\/schema\/person\/image\/","url":"https:\/\/tuzlainfo.ba\/wp-content\/litespeed\/avatar\/b6c453a6c38e3654f2e4416c643fc25c.jpg?ver=1777656712","contentUrl":"https:\/\/tuzlainfo.ba\/wp-content\/litespeed\/avatar\/b6c453a6c38e3654f2e4416c643fc25c.jpg?ver=1777656712","caption":"Tuzla Info"}}]}},"_links":{"self":[{"href":"https:\/\/tuzlainfo.ba\/index.php\/wp-json\/wp\/v2\/posts\/149548"}],"collection":[{"href":"https:\/\/tuzlainfo.ba\/index.php\/wp-json\/wp\/v2\/posts"}],"about":[{"href":"https:\/\/tuzlainfo.ba\/index.php\/wp-json\/wp\/v2\/types\/post"}],"author":[{"embeddable":true,"href":"https:\/\/tuzlainfo.ba\/index.php\/wp-json\/wp\/v2\/users\/4"}],"replies":[{"embeddable":true,"href":"https:\/\/tuzlainfo.ba\/index.php\/wp-json\/wp\/v2\/comments?post=149548"}],"version-history":[{"count":0,"href":"https:\/\/tuzlainfo.ba\/index.php\/wp-json\/wp\/v2\/posts\/149548\/revisions"}],"wp:featuredmedia":[{"embeddable":true,"href":"https:\/\/tuzlainfo.ba\/index.php\/wp-json\/wp\/v2\/media\/85910"}],"wp:attachment":[{"href":"https:\/\/tuzlainfo.ba\/index.php\/wp-json\/wp\/v2\/media?parent=149548"}],"wp:term":[{"taxonomy":"category","embeddable":true,"href":"https:\/\/tuzlainfo.ba\/index.php\/wp-json\/wp\/v2\/categories?post=149548"},{"taxonomy":"post_tag","embeddable":true,"href":"https:\/\/tuzlainfo.ba\/index.php\/wp-json\/wp\/v2\/tags?post=149548"}],"curies":[{"name":"wp","href":"https:\/\/api.w.org\/{rel}","templated":true}]}}