{"id":14947,"date":"2019-01-09T13:47:08","date_gmt":"2019-01-09T13:47:08","guid":{"rendered":"https:\/\/v2.tuzlainfo.ba\/2019\/01\/09\/kantonalno-tuzilastvo-tk-potvrdena-optuznica-protiv-pet-osoba-u-vezi-sa-javnim-nabavkama\/"},"modified":"2021-03-23T08:50:53","modified_gmt":"2021-03-23T08:50:53","slug":"kantonalno-tuzilastvo-tk-potvrdena-optuznica-protiv-pet-osoba-u-vezi-sa-javnim-nabavkama","status":"publish","type":"post","link":"https:\/\/tuzlainfo.ba\/index.php\/novosti\/item\/14947-kantonalno-tuzilastvo-tk-potvrdena-optuznica-protiv-pet-osoba-u-vezi-sa-javnim-nabavkama\/","title":{"rendered":"Kantonalno tu\u017eila\u0161tvo TK: Potvr\u0111ena optu\u017enica protiv pet osoba u vezi sa javnim nabavkama"},"content":{"rendered":"<p>Kantonalni sud Tuzla potvrdio je optu\u017enicu Kantonalnog tu\u017eila\u0161tva Tuzlanskog kantona protiv pet osoba zbog postojanja osnovane sumnje da su kao sau\u010desnici po\u010dinili krivi\u010dno djelo udru\u017eivanje radi \u010dinjenja krivi\u010dnih djela u sticaju sa produ\u017eenim krivi\u010dnim djelom zloupotreba polo\u017eaja i ovla\u0161\u0107enja, a vezana je za izbjegavanje postupka javnih nabavki prilikom kupovine 26 rabljenih autobusa na plin u Kantonalnim javnom komunalnom preduze\u0107u GRAS Sarajevo od firme Junuzovi\u0107 Kopex Lukavac tokom 2017. godine iz bud\u017eetskih sredstava Kantona Sarajevo, saop\u0161teno je iz Kantonalnog tu\u017eila\u0161tva TK. <\/p>\n<p> Tako\u0111er, optu\u017enica se vezuje i za poku\u0161aj da se na isti na\u010din provede i nabavka 25 minibus vozila u GRAS-u, od iste firme i po sli\u010dnoj matrici poslovanja, \u0161to je sprije\u010deno istragom Tu\u017eila\u0161tva i Federalne uprave policije FBiH.<\/p>\n<p>Optu\u017enica je potvr\u0111ena i protiv pravnog lica Junuzovi\u0107 Kopex radi krivi\u010dnog djela zloupotreba polo\u017eaja i ovla\u0161\u0107enja. <\/p>\n<p> Optu\u017eeni su Mujo Fi\u0161o- biv\u0161i ministar saobra\u0107aja u Vladi Kantona Sarajevo, Haris Gu\u0161i\u0107-privremeni upravitelj u GRAS-u, Adnan Himzanija-predsjednik Sindikalne podru\u017enice GRAS-a, Sanel Neziri-advokat i edukator za javne nabavke, te Amir Junuzovi\u0107-vlasnik i osniva\u010d firme Junuzovi\u0107 Kopex Lukavac. <\/p>\n<p> Pomenuti su optu\u017eeni da su, u udru\u017eenju koje je formirao Fi\u0161o kao ministar u Vladi Kantona Sarajevo, a koji je sa Junuzovi\u0107em dogovorio da se kupovine autobusa u GRAS-u obavljaju isklju\u010divo preko privrednih dru\u0161tava u vlasni\u0161tvu Junuzovi\u0107a, u udru\u017eenju imali razli\u010dite uloge i zadatke, te su suprotno Zakonu o javnim nabavkama i poslovnim interesima GRAS-a, u periodu od maja do decembra 2017. godine, u\u010dinili vi\u0161e radnji kako bi do\u0161lo do relizacije kupovine 26 rabljenih autobusa u GRAS-u, \u010dime su firmi Junuzovi\u0107 Kopeks, kao razliku u nabavnoj i prodajnoj cijeni autobusa, pribavili protivpravnu imovinsku korist u iznosu od oko 462.000 KM.<\/p>\n<p>Pri tome je, uz odredbe Zakona, zanemareno i mi\u0161ljenje Konkurencijskog vije\u0107a BiH, u kojem je, izme\u0111u ostalog, navedeno da relevantno tr\u017ei\u0161te javnog linijskog prevoza putnika u Kantonu Sarajevo nije otvoreno za konkurenciju, \u0161to zna\u010di da GRAS nije i ne mo\u017ee bit izuzet od primjene Zakona o javnim nabavkama. Pri tome se tako\u0111er nije vodilo ra\u010duna o mogu\u0107nostima odr\u017eavanja i servisiranja vozila i drugim stvarnim potrebama GRAS-a. <\/p>\n<p> Tako\u0111er, u oktobru i novembru 2017. godine, u cilju realizacje dogovora da se Junuzovi\u0107 Kopexu pribavi imovinka korist, po sli\u010dnom principu, izbjegavaju\u0107i postupak javnih nabavki i zanemaruju\u0107i poslovne interese GRAS-a, zaklju\u010den je ugovor o kupovini 25 minibus vozila, do \u010dije realizacije nije do\u0161lo, te su na taj na\u010din poku\u0161ali da ovoj firmi pribave protivpravnu imovinsku korist u iznosu od oko 630.000 KM. Pri tome se nije vodilo ra\u010duna, iako su upozoreni, da se radi o minibus vozilima koja imaju nedostatak jer se radilo o turisti\u010dkim vozilima na kojima je trebalo uraditi vi\u0161e popravki, a posebno u ko\u010dionom sistemu kako bi se prilagodila brdskim uslovima vo\u017enje u i oko Sarajeva. <\/p>\n<p> Optu\u017enicom je nadle\u017enom sudu predlo\u017eeno da se od firme Junuzovi\u0107 Kopex oduzme imovinska korist pribavljena krivi\u010dnim djelom u iznosu od 462.000 KM, te da sud u cilju oduzimanja ovih sredstava donese privremenu mjeru obezbije\u0111enja ovog nov\u010danog iznosa. <\/p>\n<p> <strong>(Tuzlainfo.ba)<\/strong><\/p>\n","protected":false},"excerpt":{"rendered":"<p>Kantonalni sud Tuzla potvrdio je optu\u017enicu Kantonalnog tu\u017eila\u0161tva Tuzlanskog kantona protiv pet osoba zbog postojanja&hellip;<\/p>\n","protected":false},"author":3,"featured_media":66880,"comment_status":"open","ping_status":"closed","sticky":false,"template":"","format":"standard","meta":{"_acf_changed":false,"footnotes":""},"categories":[12],"tags":[],"acf":[],"yoast_head":"<!-- This site is optimized with the Yoast SEO plugin v23.5 - https:\/\/yoast.com\/wordpress\/plugins\/seo\/ -->\n<title>Kantonalno tu\u017eila\u0161tvo TK: Potvr\u0111ena optu\u017enica protiv pet osoba u vezi sa javnim nabavkama - TuzlaInfo.ba<\/title>\n<meta name=\"robots\" content=\"index, follow, max-snippet:-1, max-image-preview:large, max-video-preview:-1\" \/>\n<link rel=\"canonical\" href=\"https:\/\/tuzlainfo.ba\/index.php\/novosti\/item\/14947-kantonalno-tuzilastvo-tk-potvrdena-optuznica-protiv-pet-osoba-u-vezi-sa-javnim-nabavkama\/\" \/>\n<meta property=\"og:locale\" content=\"bs_BA\" \/>\n<meta property=\"og:type\" content=\"article\" \/>\n<meta property=\"og:title\" content=\"Kantonalno tu\u017eila\u0161tvo TK: Potvr\u0111ena optu\u017enica protiv pet osoba u vezi sa javnim nabavkama - TuzlaInfo.ba\" \/>\n<meta property=\"og:description\" content=\"Kantonalni sud Tuzla potvrdio je optu\u017enicu Kantonalnog tu\u017eila\u0161tva Tuzlanskog kantona protiv pet osoba zbog postojanja&hellip;\" \/>\n<meta property=\"og:url\" content=\"https:\/\/tuzlainfo.ba\/index.php\/novosti\/item\/14947-kantonalno-tuzilastvo-tk-potvrdena-optuznica-protiv-pet-osoba-u-vezi-sa-javnim-nabavkama\/\" \/>\n<meta property=\"og:site_name\" content=\"TuzlaInfo.ba\" \/>\n<meta property=\"article:publisher\" content=\"https:\/\/www.facebook.com\/tuzlainfo.ba\/\" \/>\n<meta property=\"article:published_time\" content=\"2019-01-09T13:47:08+00:00\" \/>\n<meta property=\"article:modified_time\" content=\"2021-03-23T08:50:53+00:00\" \/>\n<meta property=\"og:image\" content=\"https:\/\/tuzlainfo.ba\/wp-content\/uploads\/2019\/01\/k2_items_src_4c14e1c84f845c5de5d9afc24569ea71.jpg\" \/>\n\t<meta property=\"og:image:width\" content=\"770\" \/>\n\t<meta property=\"og:image:height\" content=\"407\" \/>\n\t<meta property=\"og:image:type\" content=\"image\/jpeg\" \/>\n<meta name=\"author\" content=\"admin2\" \/>\n<meta name=\"twitter:card\" content=\"summary_large_image\" \/>\n<meta name=\"twitter:label1\" content=\"Written by\" \/>\n\t<meta name=\"twitter:data1\" content=\"admin2\" \/>\n\t<meta name=\"twitter:label2\" content=\"Est. reading time\" \/>\n\t<meta name=\"twitter:data2\" content=\"3 minute\" \/>\n<script type=\"application\/ld+json\" class=\"yoast-schema-graph\">{\"@context\":\"https:\/\/schema.org\",\"@graph\":[{\"@type\":\"Article\",\"@id\":\"https:\/\/tuzlainfo.ba\/index.php\/novosti\/item\/14947-kantonalno-tuzilastvo-tk-potvrdena-optuznica-protiv-pet-osoba-u-vezi-sa-javnim-nabavkama\/#article\",\"isPartOf\":{\"@id\":\"https:\/\/tuzlainfo.ba\/index.php\/novosti\/item\/14947-kantonalno-tuzilastvo-tk-potvrdena-optuznica-protiv-pet-osoba-u-vezi-sa-javnim-nabavkama\/\"},\"author\":{\"name\":\"admin2\",\"@id\":\"https:\/\/tuzlainfo.ba\/#\/schema\/person\/f4ebe4fff27e68efb65fa7e18f8af372\"},\"headline\":\"Kantonalno tu\u017eila\u0161tvo TK: Potvr\u0111ena optu\u017enica protiv pet osoba u vezi sa javnim nabavkama\",\"datePublished\":\"2019-01-09T13:47:08+00:00\",\"dateModified\":\"2021-03-23T08:50:53+00:00\",\"mainEntityOfPage\":{\"@id\":\"https:\/\/tuzlainfo.ba\/index.php\/novosti\/item\/14947-kantonalno-tuzilastvo-tk-potvrdena-optuznica-protiv-pet-osoba-u-vezi-sa-javnim-nabavkama\/\"},\"wordCount\":573,\"commentCount\":0,\"publisher\":{\"@id\":\"https:\/\/tuzlainfo.ba\/#organization\"},\"image\":{\"@id\":\"https:\/\/tuzlainfo.ba\/index.php\/novosti\/item\/14947-kantonalno-tuzilastvo-tk-potvrdena-optuznica-protiv-pet-osoba-u-vezi-sa-javnim-nabavkama\/#primaryimage\"},\"thumbnailUrl\":\"https:\/\/tuzlainfo.ba\/wp-content\/uploads\/2019\/01\/k2_items_src_4c14e1c84f845c5de5d9afc24569ea71.jpg\",\"articleSection\":[\"Novosti\"],\"inLanguage\":\"bs-BA\"},{\"@type\":\"WebPage\",\"@id\":\"https:\/\/tuzlainfo.ba\/index.php\/novosti\/item\/14947-kantonalno-tuzilastvo-tk-potvrdena-optuznica-protiv-pet-osoba-u-vezi-sa-javnim-nabavkama\/\",\"url\":\"https:\/\/tuzlainfo.ba\/index.php\/novosti\/item\/14947-kantonalno-tuzilastvo-tk-potvrdena-optuznica-protiv-pet-osoba-u-vezi-sa-javnim-nabavkama\/\",\"name\":\"Kantonalno tu\u017eila\u0161tvo TK: Potvr\u0111ena optu\u017enica protiv pet osoba u vezi sa javnim nabavkama - TuzlaInfo.ba\",\"isPartOf\":{\"@id\":\"https:\/\/tuzlainfo.ba\/#website\"},\"primaryImageOfPage\":{\"@id\":\"https:\/\/tuzlainfo.ba\/index.php\/novosti\/item\/14947-kantonalno-tuzilastvo-tk-potvrdena-optuznica-protiv-pet-osoba-u-vezi-sa-javnim-nabavkama\/#primaryimage\"},\"image\":{\"@id\":\"https:\/\/tuzlainfo.ba\/index.php\/novosti\/item\/14947-kantonalno-tuzilastvo-tk-potvrdena-optuznica-protiv-pet-osoba-u-vezi-sa-javnim-nabavkama\/#primaryimage\"},\"thumbnailUrl\":\"https:\/\/tuzlainfo.ba\/wp-content\/uploads\/2019\/01\/k2_items_src_4c14e1c84f845c5de5d9afc24569ea71.jpg\",\"datePublished\":\"2019-01-09T13:47:08+00:00\",\"dateModified\":\"2021-03-23T08:50:53+00:00\",\"breadcrumb\":{\"@id\":\"https:\/\/tuzlainfo.ba\/index.php\/novosti\/item\/14947-kantonalno-tuzilastvo-tk-potvrdena-optuznica-protiv-pet-osoba-u-vezi-sa-javnim-nabavkama\/#breadcrumb\"},\"inLanguage\":\"bs-BA\",\"potentialAction\":[{\"@type\":\"ReadAction\",\"target\":[\"https:\/\/tuzlainfo.ba\/index.php\/novosti\/item\/14947-kantonalno-tuzilastvo-tk-potvrdena-optuznica-protiv-pet-osoba-u-vezi-sa-javnim-nabavkama\/\"]}]},{\"@type\":\"ImageObject\",\"inLanguage\":\"bs-BA\",\"@id\":\"https:\/\/tuzlainfo.ba\/index.php\/novosti\/item\/14947-kantonalno-tuzilastvo-tk-potvrdena-optuznica-protiv-pet-osoba-u-vezi-sa-javnim-nabavkama\/#primaryimage\",\"url\":\"https:\/\/tuzlainfo.ba\/wp-content\/uploads\/2019\/01\/k2_items_src_4c14e1c84f845c5de5d9afc24569ea71.jpg\",\"contentUrl\":\"https:\/\/tuzlainfo.ba\/wp-content\/uploads\/2019\/01\/k2_items_src_4c14e1c84f845c5de5d9afc24569ea71.jpg\",\"width\":770,\"height\":407},{\"@type\":\"BreadcrumbList\",\"@id\":\"https:\/\/tuzlainfo.ba\/index.php\/novosti\/item\/14947-kantonalno-tuzilastvo-tk-potvrdena-optuznica-protiv-pet-osoba-u-vezi-sa-javnim-nabavkama\/#breadcrumb\",\"itemListElement\":[{\"@type\":\"ListItem\",\"position\":1,\"name\":\"Home\",\"item\":\"https:\/\/tuzlainfo.ba\/\"},{\"@type\":\"ListItem\",\"position\":2,\"name\":\"Kantonalno tu\u017eila\u0161tvo TK: Potvr\u0111ena optu\u017enica protiv pet osoba u vezi sa javnim nabavkama\"}]},{\"@type\":\"WebSite\",\"@id\":\"https:\/\/tuzlainfo.ba\/#website\",\"url\":\"https:\/\/tuzlainfo.ba\/\",\"name\":\"TuzlaInfo.ba\",\"description\":\"Tuzla info, gradski informator - Tuzla na dlanu\",\"publisher\":{\"@id\":\"https:\/\/tuzlainfo.ba\/#organization\"},\"potentialAction\":[{\"@type\":\"SearchAction\",\"target\":{\"@type\":\"EntryPoint\",\"urlTemplate\":\"https:\/\/tuzlainfo.ba\/?s={search_term_string}\"},\"query-input\":{\"@type\":\"PropertyValueSpecification\",\"valueRequired\":true,\"valueName\":\"search_term_string\"}}],\"inLanguage\":\"bs-BA\"},{\"@type\":\"Organization\",\"@id\":\"https:\/\/tuzlainfo.ba\/#organization\",\"name\":\"TuzlaInfo.ba\",\"url\":\"https:\/\/tuzlainfo.ba\/\",\"logo\":{\"@type\":\"ImageObject\",\"inLanguage\":\"bs-BA\",\"@id\":\"https:\/\/tuzlainfo.ba\/#\/schema\/logo\/image\/\",\"url\":\"https:\/\/tuzlainfo.ba\/wp-content\/uploads\/2021\/03\/logo-ver-3-1.png\",\"contentUrl\":\"https:\/\/tuzlainfo.ba\/wp-content\/uploads\/2021\/03\/logo-ver-3-1.png\",\"width\":350,\"height\":95,\"caption\":\"TuzlaInfo.ba\"},\"image\":{\"@id\":\"https:\/\/tuzlainfo.ba\/#\/schema\/logo\/image\/\"},\"sameAs\":[\"https:\/\/www.facebook.com\/tuzlainfo.ba\/\"]},{\"@type\":\"Person\",\"@id\":\"https:\/\/tuzlainfo.ba\/#\/schema\/person\/f4ebe4fff27e68efb65fa7e18f8af372\",\"name\":\"admin2\",\"image\":{\"@type\":\"ImageObject\",\"inLanguage\":\"bs-BA\",\"@id\":\"https:\/\/tuzlainfo.ba\/#\/schema\/person\/image\/\",\"url\":\"https:\/\/tuzlainfo.ba\/wp-content\/litespeed\/avatar\/8219eeb9a43cff2d096e773737736f62.jpg?ver=1776704580\",\"contentUrl\":\"https:\/\/tuzlainfo.ba\/wp-content\/litespeed\/avatar\/8219eeb9a43cff2d096e773737736f62.jpg?ver=1776704580\",\"caption\":\"admin2\"},\"description\":\"Tuzlainfo.ba pratite na dru\u0161tvenim mre\u017eama: Facebook, Instagram i Youtube. Svoje pri\u010de, upite i fotografije \u0161aljite na na\u0161u e-mail adresu.\",\"sameAs\":[\"admin\"]}]}<\/script>\n<!-- \/ Yoast SEO plugin. -->","yoast_head_json":{"title":"Kantonalno tu\u017eila\u0161tvo TK: Potvr\u0111ena optu\u017enica protiv pet osoba u vezi sa javnim nabavkama - TuzlaInfo.ba","robots":{"index":"index","follow":"follow","max-snippet":"max-snippet:-1","max-image-preview":"max-image-preview:large","max-video-preview":"max-video-preview:-1"},"canonical":"https:\/\/tuzlainfo.ba\/index.php\/novosti\/item\/14947-kantonalno-tuzilastvo-tk-potvrdena-optuznica-protiv-pet-osoba-u-vezi-sa-javnim-nabavkama\/","og_locale":"bs_BA","og_type":"article","og_title":"Kantonalno tu\u017eila\u0161tvo TK: Potvr\u0111ena optu\u017enica protiv pet osoba u vezi sa javnim nabavkama - TuzlaInfo.ba","og_description":"Kantonalni sud Tuzla potvrdio je optu\u017enicu Kantonalnog tu\u017eila\u0161tva Tuzlanskog kantona protiv pet osoba zbog postojanja&hellip;","og_url":"https:\/\/tuzlainfo.ba\/index.php\/novosti\/item\/14947-kantonalno-tuzilastvo-tk-potvrdena-optuznica-protiv-pet-osoba-u-vezi-sa-javnim-nabavkama\/","og_site_name":"TuzlaInfo.ba","article_publisher":"https:\/\/www.facebook.com\/tuzlainfo.ba\/","article_published_time":"2019-01-09T13:47:08+00:00","article_modified_time":"2021-03-23T08:50:53+00:00","og_image":[{"width":770,"height":407,"url":"https:\/\/tuzlainfo.ba\/wp-content\/uploads\/2019\/01\/k2_items_src_4c14e1c84f845c5de5d9afc24569ea71.jpg","type":"image\/jpeg"}],"author":"admin2","twitter_card":"summary_large_image","twitter_misc":{"Written by":"admin2","Est. reading time":"3 minute"},"schema":{"@context":"https:\/\/schema.org","@graph":[{"@type":"Article","@id":"https:\/\/tuzlainfo.ba\/index.php\/novosti\/item\/14947-kantonalno-tuzilastvo-tk-potvrdena-optuznica-protiv-pet-osoba-u-vezi-sa-javnim-nabavkama\/#article","isPartOf":{"@id":"https:\/\/tuzlainfo.ba\/index.php\/novosti\/item\/14947-kantonalno-tuzilastvo-tk-potvrdena-optuznica-protiv-pet-osoba-u-vezi-sa-javnim-nabavkama\/"},"author":{"name":"admin2","@id":"https:\/\/tuzlainfo.ba\/#\/schema\/person\/f4ebe4fff27e68efb65fa7e18f8af372"},"headline":"Kantonalno tu\u017eila\u0161tvo TK: Potvr\u0111ena optu\u017enica protiv pet osoba u vezi sa javnim nabavkama","datePublished":"2019-01-09T13:47:08+00:00","dateModified":"2021-03-23T08:50:53+00:00","mainEntityOfPage":{"@id":"https:\/\/tuzlainfo.ba\/index.php\/novosti\/item\/14947-kantonalno-tuzilastvo-tk-potvrdena-optuznica-protiv-pet-osoba-u-vezi-sa-javnim-nabavkama\/"},"wordCount":573,"commentCount":0,"publisher":{"@id":"https:\/\/tuzlainfo.ba\/#organization"},"image":{"@id":"https:\/\/tuzlainfo.ba\/index.php\/novosti\/item\/14947-kantonalno-tuzilastvo-tk-potvrdena-optuznica-protiv-pet-osoba-u-vezi-sa-javnim-nabavkama\/#primaryimage"},"thumbnailUrl":"https:\/\/tuzlainfo.ba\/wp-content\/uploads\/2019\/01\/k2_items_src_4c14e1c84f845c5de5d9afc24569ea71.jpg","articleSection":["Novosti"],"inLanguage":"bs-BA"},{"@type":"WebPage","@id":"https:\/\/tuzlainfo.ba\/index.php\/novosti\/item\/14947-kantonalno-tuzilastvo-tk-potvrdena-optuznica-protiv-pet-osoba-u-vezi-sa-javnim-nabavkama\/","url":"https:\/\/tuzlainfo.ba\/index.php\/novosti\/item\/14947-kantonalno-tuzilastvo-tk-potvrdena-optuznica-protiv-pet-osoba-u-vezi-sa-javnim-nabavkama\/","name":"Kantonalno tu\u017eila\u0161tvo TK: Potvr\u0111ena optu\u017enica protiv pet osoba u vezi sa javnim nabavkama - TuzlaInfo.ba","isPartOf":{"@id":"https:\/\/tuzlainfo.ba\/#website"},"primaryImageOfPage":{"@id":"https:\/\/tuzlainfo.ba\/index.php\/novosti\/item\/14947-kantonalno-tuzilastvo-tk-potvrdena-optuznica-protiv-pet-osoba-u-vezi-sa-javnim-nabavkama\/#primaryimage"},"image":{"@id":"https:\/\/tuzlainfo.ba\/index.php\/novosti\/item\/14947-kantonalno-tuzilastvo-tk-potvrdena-optuznica-protiv-pet-osoba-u-vezi-sa-javnim-nabavkama\/#primaryimage"},"thumbnailUrl":"https:\/\/tuzlainfo.ba\/wp-content\/uploads\/2019\/01\/k2_items_src_4c14e1c84f845c5de5d9afc24569ea71.jpg","datePublished":"2019-01-09T13:47:08+00:00","dateModified":"2021-03-23T08:50:53+00:00","breadcrumb":{"@id":"https:\/\/tuzlainfo.ba\/index.php\/novosti\/item\/14947-kantonalno-tuzilastvo-tk-potvrdena-optuznica-protiv-pet-osoba-u-vezi-sa-javnim-nabavkama\/#breadcrumb"},"inLanguage":"bs-BA","potentialAction":[{"@type":"ReadAction","target":["https:\/\/tuzlainfo.ba\/index.php\/novosti\/item\/14947-kantonalno-tuzilastvo-tk-potvrdena-optuznica-protiv-pet-osoba-u-vezi-sa-javnim-nabavkama\/"]}]},{"@type":"ImageObject","inLanguage":"bs-BA","@id":"https:\/\/tuzlainfo.ba\/index.php\/novosti\/item\/14947-kantonalno-tuzilastvo-tk-potvrdena-optuznica-protiv-pet-osoba-u-vezi-sa-javnim-nabavkama\/#primaryimage","url":"https:\/\/tuzlainfo.ba\/wp-content\/uploads\/2019\/01\/k2_items_src_4c14e1c84f845c5de5d9afc24569ea71.jpg","contentUrl":"https:\/\/tuzlainfo.ba\/wp-content\/uploads\/2019\/01\/k2_items_src_4c14e1c84f845c5de5d9afc24569ea71.jpg","width":770,"height":407},{"@type":"BreadcrumbList","@id":"https:\/\/tuzlainfo.ba\/index.php\/novosti\/item\/14947-kantonalno-tuzilastvo-tk-potvrdena-optuznica-protiv-pet-osoba-u-vezi-sa-javnim-nabavkama\/#breadcrumb","itemListElement":[{"@type":"ListItem","position":1,"name":"Home","item":"https:\/\/tuzlainfo.ba\/"},{"@type":"ListItem","position":2,"name":"Kantonalno tu\u017eila\u0161tvo TK: Potvr\u0111ena optu\u017enica protiv pet osoba u vezi sa javnim nabavkama"}]},{"@type":"WebSite","@id":"https:\/\/tuzlainfo.ba\/#website","url":"https:\/\/tuzlainfo.ba\/","name":"TuzlaInfo.ba","description":"Tuzla info, gradski informator - Tuzla na dlanu","publisher":{"@id":"https:\/\/tuzlainfo.ba\/#organization"},"potentialAction":[{"@type":"SearchAction","target":{"@type":"EntryPoint","urlTemplate":"https:\/\/tuzlainfo.ba\/?s={search_term_string}"},"query-input":{"@type":"PropertyValueSpecification","valueRequired":true,"valueName":"search_term_string"}}],"inLanguage":"bs-BA"},{"@type":"Organization","@id":"https:\/\/tuzlainfo.ba\/#organization","name":"TuzlaInfo.ba","url":"https:\/\/tuzlainfo.ba\/","logo":{"@type":"ImageObject","inLanguage":"bs-BA","@id":"https:\/\/tuzlainfo.ba\/#\/schema\/logo\/image\/","url":"https:\/\/tuzlainfo.ba\/wp-content\/uploads\/2021\/03\/logo-ver-3-1.png","contentUrl":"https:\/\/tuzlainfo.ba\/wp-content\/uploads\/2021\/03\/logo-ver-3-1.png","width":350,"height":95,"caption":"TuzlaInfo.ba"},"image":{"@id":"https:\/\/tuzlainfo.ba\/#\/schema\/logo\/image\/"},"sameAs":["https:\/\/www.facebook.com\/tuzlainfo.ba\/"]},{"@type":"Person","@id":"https:\/\/tuzlainfo.ba\/#\/schema\/person\/f4ebe4fff27e68efb65fa7e18f8af372","name":"admin2","image":{"@type":"ImageObject","inLanguage":"bs-BA","@id":"https:\/\/tuzlainfo.ba\/#\/schema\/person\/image\/","url":"https:\/\/tuzlainfo.ba\/wp-content\/litespeed\/avatar\/8219eeb9a43cff2d096e773737736f62.jpg?ver=1776704580","contentUrl":"https:\/\/tuzlainfo.ba\/wp-content\/litespeed\/avatar\/8219eeb9a43cff2d096e773737736f62.jpg?ver=1776704580","caption":"admin2"},"description":"Tuzlainfo.ba pratite na dru\u0161tvenim mre\u017eama: Facebook, Instagram i Youtube. Svoje pri\u010de, upite i fotografije \u0161aljite na na\u0161u e-mail adresu.","sameAs":["admin"]}]}},"_links":{"self":[{"href":"https:\/\/tuzlainfo.ba\/index.php\/wp-json\/wp\/v2\/posts\/14947"}],"collection":[{"href":"https:\/\/tuzlainfo.ba\/index.php\/wp-json\/wp\/v2\/posts"}],"about":[{"href":"https:\/\/tuzlainfo.ba\/index.php\/wp-json\/wp\/v2\/types\/post"}],"author":[{"embeddable":true,"href":"https:\/\/tuzlainfo.ba\/index.php\/wp-json\/wp\/v2\/users\/3"}],"replies":[{"embeddable":true,"href":"https:\/\/tuzlainfo.ba\/index.php\/wp-json\/wp\/v2\/comments?post=14947"}],"version-history":[{"count":0,"href":"https:\/\/tuzlainfo.ba\/index.php\/wp-json\/wp\/v2\/posts\/14947\/revisions"}],"wp:featuredmedia":[{"embeddable":true,"href":"https:\/\/tuzlainfo.ba\/index.php\/wp-json\/wp\/v2\/media\/66880"}],"wp:attachment":[{"href":"https:\/\/tuzlainfo.ba\/index.php\/wp-json\/wp\/v2\/media?parent=14947"}],"wp:term":[{"taxonomy":"category","embeddable":true,"href":"https:\/\/tuzlainfo.ba\/index.php\/wp-json\/wp\/v2\/categories?post=14947"},{"taxonomy":"post_tag","embeddable":true,"href":"https:\/\/tuzlainfo.ba\/index.php\/wp-json\/wp\/v2\/tags?post=14947"}],"curies":[{"name":"wp","href":"https:\/\/api.w.org\/{rel}","templated":true}]}}