{"id":149374,"date":"2021-09-29T16:38:09","date_gmt":"2021-09-29T14:38:09","guid":{"rendered":"https:\/\/tuzlainfo.ba\/?p=149374"},"modified":"2021-09-29T16:38:09","modified_gmt":"2021-09-29T14:38:09","slug":"interpol-raspisao-crvenu-potjernicu-za-fikretom-abdicem","status":"publish","type":"post","link":"https:\/\/tuzlainfo.ba\/index.php\/bosna-i-hercegovina\/item\/149374-interpol-raspisao-crvenu-potjernicu-za-fikretom-abdicem\/","title":{"rendered":"Interpol raspisao crvenu potjernicu za Fikretom Abdi\u0107em"},"content":{"rendered":"<div id=\"excerpt\" class=\"mt-5 md:mt-2 xl:mt-3 mb-5 font-sans font-semibold text-lg lg:text-xl leading-6 md:leading-7\">\n<p class=\"lead\">Interpol je raspisao crvenu potjernicu za Fikretom Abdi\u0107em zvanim Babo, aktuelnim na\u010delnikom Velike Kladu\u0161e i presu\u0111enim ratnim zlo\u010dincem.<\/p>\n<\/div>\n<div class=\"bg-gray-100\">\n<div id=\"ads_intext\" class=\"mx-auto my-2 text-center\" data-google-query-id=\"CMj5rrqzpPMCFdLJuwgdPccHPQ\">Kako saznaje Klix Interpol u Zagrebu, na zahtjev hrvatskog pravosu\u0111a, potra\u017euje Abdi\u0107a zbog sumnje za krivi\u010dno djelo prije 20 godina zbog zloupotrebe polo\u017eaja.Ono \u0161to se sada o\u010dekuje jeste da doma\u0107e policijske agencije uhapse Fikreta Abdi\u0107a.<\/p>\n<p>Naime, Vrhovni sud Hrvatske u decembru 2019. godine je prihvatio je \u017ealbu dr\u017eavnog tu\u017eila\u0161tva i ukinuo presudu \u017dupanijskog suda u Rijeci prema kojoj je bh. poduzetnik, politi\u010dar i osu\u0111eni ratni zlo\u010dinac Fikret Abdi\u0107 bio oslobo\u0111en optu\u017ebi za po\u010dinjenje krivi\u010dnog djela zloupotrebe polo\u017eaja i ovlasti.<\/p>\n<p>Abdi\u0107 i njegov sin terete se za sklapanje fiktivnih ugovora o zajmu i sporazuma o prijenosu prava vlasni\u0161tva, a ukupna po\u010dinjena \u0161teta, prema optu\u017enici, iznosi gotovo dva miliona kuna.<\/p>\n<p>Fikret Abdi\u0107 i njegov sin Ervin Abdi\u0107 terete se za krivi\u010dna djela zloupotrebe polo\u017eaja i ovlasti te pomaganje u zloupotrebi polo\u017eaja i ovlasti i omogu\u0107avanje drugome sticanja protupravne imovinske koristi.<\/p>\n<p>Fikreta Abdi\u0107a tereti se da je 2001. fiktivno posudio Agrokomercu 600.000 kuna, a zatim je, po\u0161to novac nije vra\u0107en, preuzeo nekretninu firme &#8211; vilu u Voloskom vrijednu 1,9 miliona kuna.<\/p>\n<div class=\"bg-gray-100\"><\/div>\n<p>Tako\u0111er se tereti da je 2005. opunomo\u0107io sina, iako to nije smio jer vi\u0161e nije bio direktor jedne od Agrokomercovih firmi, da potpi\u0161e ugovor o kreditu sa zalo\u017enim pravom na \u010detiri gra\u0111evine i dvori\u0161te u rije\u010dkoj \u010detvrti Kozali. Obojica su se na po\u010detku su\u0111enja o\u010ditovala da se ne smatraju krivima.<\/p>\n<\/div>\n<\/div>\n","protected":false},"excerpt":{"rendered":"<p>Interpol je raspisao crvenu potjernicu za Fikretom Abdi\u0107em zvanim Babo, aktuelnim na\u010delnikom Velike Kladu\u0161e i&hellip;<\/p>\n","protected":false},"author":4,"featured_media":149376,"comment_status":"open","ping_status":"closed","sticky":false,"template":"","format":"standard","meta":{"_acf_changed":false,"footnotes":""},"categories":[291],"tags":[2802,2803,2804],"acf":[],"yoast_head":"<!-- This site is optimized with the Yoast SEO plugin v23.5 - https:\/\/yoast.com\/wordpress\/plugins\/seo\/ -->\n<title>Interpol raspisao crvenu potjernicu za Fikretom Abdi\u0107em - TuzlaInfo.ba<\/title>\n<meta name=\"robots\" content=\"index, follow, max-snippet:-1, max-image-preview:large, max-video-preview:-1\" \/>\n<link rel=\"canonical\" href=\"https:\/\/tuzlainfo.ba\/index.php\/bosna-i-hercegovina\/item\/149374-interpol-raspisao-crvenu-potjernicu-za-fikretom-abdicem\/\" \/>\n<meta property=\"og:locale\" content=\"bs_BA\" \/>\n<meta property=\"og:type\" content=\"article\" \/>\n<meta property=\"og:title\" content=\"Interpol raspisao crvenu potjernicu za Fikretom Abdi\u0107em - TuzlaInfo.ba\" \/>\n<meta property=\"og:description\" content=\"Interpol je raspisao crvenu potjernicu za Fikretom Abdi\u0107em zvanim Babo, aktuelnim na\u010delnikom Velike Kladu\u0161e i&hellip;\" \/>\n<meta property=\"og:url\" content=\"https:\/\/tuzlainfo.ba\/index.php\/bosna-i-hercegovina\/item\/149374-interpol-raspisao-crvenu-potjernicu-za-fikretom-abdicem\/\" \/>\n<meta property=\"og:site_name\" content=\"TuzlaInfo.ba\" \/>\n<meta property=\"article:publisher\" content=\"https:\/\/www.facebook.com\/tuzlainfo.ba\/\" \/>\n<meta property=\"article:published_time\" content=\"2021-09-29T14:38:09+00:00\" \/>\n<meta property=\"og:image\" content=\"https:\/\/tuzlainfo.ba\/wp-content\/uploads\/2021\/09\/2909_fikret-abdic-\u00b81.jpg\" \/>\n\t<meta property=\"og:image:width\" content=\"875\" \/>\n\t<meta property=\"og:image:height\" content=\"633\" \/>\n\t<meta property=\"og:image:type\" content=\"image\/jpeg\" \/>\n<meta name=\"author\" content=\"Tuzla Info\" \/>\n<meta name=\"twitter:card\" content=\"summary_large_image\" \/>\n<meta name=\"twitter:label1\" content=\"Written by\" \/>\n\t<meta name=\"twitter:data1\" content=\"Tuzla Info\" \/>\n\t<meta name=\"twitter:label2\" content=\"Est. reading time\" \/>\n\t<meta name=\"twitter:data2\" content=\"1 minuta\" \/>\n<script type=\"application\/ld+json\" class=\"yoast-schema-graph\">{\"@context\":\"https:\/\/schema.org\",\"@graph\":[{\"@type\":\"Article\",\"@id\":\"https:\/\/tuzlainfo.ba\/index.php\/bosna-i-hercegovina\/item\/149374-interpol-raspisao-crvenu-potjernicu-za-fikretom-abdicem\/#article\",\"isPartOf\":{\"@id\":\"https:\/\/tuzlainfo.ba\/index.php\/bosna-i-hercegovina\/item\/149374-interpol-raspisao-crvenu-potjernicu-za-fikretom-abdicem\/\"},\"author\":{\"name\":\"Tuzla Info\",\"@id\":\"https:\/\/tuzlainfo.ba\/#\/schema\/person\/46cad4c57790cbc50781edd14870825a\"},\"headline\":\"Interpol raspisao crvenu potjernicu za Fikretom Abdi\u0107em\",\"datePublished\":\"2021-09-29T14:38:09+00:00\",\"dateModified\":\"2021-09-29T14:38:09+00:00\",\"mainEntityOfPage\":{\"@id\":\"https:\/\/tuzlainfo.ba\/index.php\/bosna-i-hercegovina\/item\/149374-interpol-raspisao-crvenu-potjernicu-za-fikretom-abdicem\/\"},\"wordCount\":284,\"commentCount\":0,\"publisher\":{\"@id\":\"https:\/\/tuzlainfo.ba\/#organization\"},\"image\":{\"@id\":\"https:\/\/tuzlainfo.ba\/index.php\/bosna-i-hercegovina\/item\/149374-interpol-raspisao-crvenu-potjernicu-za-fikretom-abdicem\/#primaryimage\"},\"thumbnailUrl\":\"https:\/\/tuzlainfo.ba\/wp-content\/uploads\/2021\/09\/2909_fikret-abdic-\u00b81.jpg\",\"keywords\":[\"fikret abdic\",\"interpol\",\"potjernica\"],\"articleSection\":[\"Bosna i Hercegovina\"],\"inLanguage\":\"bs-BA\"},{\"@type\":\"WebPage\",\"@id\":\"https:\/\/tuzlainfo.ba\/index.php\/bosna-i-hercegovina\/item\/149374-interpol-raspisao-crvenu-potjernicu-za-fikretom-abdicem\/\",\"url\":\"https:\/\/tuzlainfo.ba\/index.php\/bosna-i-hercegovina\/item\/149374-interpol-raspisao-crvenu-potjernicu-za-fikretom-abdicem\/\",\"name\":\"Interpol raspisao crvenu potjernicu za Fikretom Abdi\u0107em - TuzlaInfo.ba\",\"isPartOf\":{\"@id\":\"https:\/\/tuzlainfo.ba\/#website\"},\"primaryImageOfPage\":{\"@id\":\"https:\/\/tuzlainfo.ba\/index.php\/bosna-i-hercegovina\/item\/149374-interpol-raspisao-crvenu-potjernicu-za-fikretom-abdicem\/#primaryimage\"},\"image\":{\"@id\":\"https:\/\/tuzlainfo.ba\/index.php\/bosna-i-hercegovina\/item\/149374-interpol-raspisao-crvenu-potjernicu-za-fikretom-abdicem\/#primaryimage\"},\"thumbnailUrl\":\"https:\/\/tuzlainfo.ba\/wp-content\/uploads\/2021\/09\/2909_fikret-abdic-\u00b81.jpg\",\"datePublished\":\"2021-09-29T14:38:09+00:00\",\"dateModified\":\"2021-09-29T14:38:09+00:00\",\"breadcrumb\":{\"@id\":\"https:\/\/tuzlainfo.ba\/index.php\/bosna-i-hercegovina\/item\/149374-interpol-raspisao-crvenu-potjernicu-za-fikretom-abdicem\/#breadcrumb\"},\"inLanguage\":\"bs-BA\",\"potentialAction\":[{\"@type\":\"ReadAction\",\"target\":[\"https:\/\/tuzlainfo.ba\/index.php\/bosna-i-hercegovina\/item\/149374-interpol-raspisao-crvenu-potjernicu-za-fikretom-abdicem\/\"]}]},{\"@type\":\"ImageObject\",\"inLanguage\":\"bs-BA\",\"@id\":\"https:\/\/tuzlainfo.ba\/index.php\/bosna-i-hercegovina\/item\/149374-interpol-raspisao-crvenu-potjernicu-za-fikretom-abdicem\/#primaryimage\",\"url\":\"https:\/\/tuzlainfo.ba\/wp-content\/uploads\/2021\/09\/2909_fikret-abdic-\u00b81.jpg\",\"contentUrl\":\"https:\/\/tuzlainfo.ba\/wp-content\/uploads\/2021\/09\/2909_fikret-abdic-\u00b81.jpg\",\"width\":875,\"height\":633},{\"@type\":\"BreadcrumbList\",\"@id\":\"https:\/\/tuzlainfo.ba\/index.php\/bosna-i-hercegovina\/item\/149374-interpol-raspisao-crvenu-potjernicu-za-fikretom-abdicem\/#breadcrumb\",\"itemListElement\":[{\"@type\":\"ListItem\",\"position\":1,\"name\":\"Home\",\"item\":\"https:\/\/tuzlainfo.ba\/\"},{\"@type\":\"ListItem\",\"position\":2,\"name\":\"Interpol raspisao crvenu potjernicu za Fikretom Abdi\u0107em\"}]},{\"@type\":\"WebSite\",\"@id\":\"https:\/\/tuzlainfo.ba\/#website\",\"url\":\"https:\/\/tuzlainfo.ba\/\",\"name\":\"TuzlaInfo.ba\",\"description\":\"Tuzla info, gradski informator - Tuzla na dlanu\",\"publisher\":{\"@id\":\"https:\/\/tuzlainfo.ba\/#organization\"},\"potentialAction\":[{\"@type\":\"SearchAction\",\"target\":{\"@type\":\"EntryPoint\",\"urlTemplate\":\"https:\/\/tuzlainfo.ba\/?s={search_term_string}\"},\"query-input\":{\"@type\":\"PropertyValueSpecification\",\"valueRequired\":true,\"valueName\":\"search_term_string\"}}],\"inLanguage\":\"bs-BA\"},{\"@type\":\"Organization\",\"@id\":\"https:\/\/tuzlainfo.ba\/#organization\",\"name\":\"TuzlaInfo.ba\",\"url\":\"https:\/\/tuzlainfo.ba\/\",\"logo\":{\"@type\":\"ImageObject\",\"inLanguage\":\"bs-BA\",\"@id\":\"https:\/\/tuzlainfo.ba\/#\/schema\/logo\/image\/\",\"url\":\"https:\/\/tuzlainfo.ba\/wp-content\/uploads\/2021\/03\/logo-ver-3-1.png\",\"contentUrl\":\"https:\/\/tuzlainfo.ba\/wp-content\/uploads\/2021\/03\/logo-ver-3-1.png\",\"width\":350,\"height\":95,\"caption\":\"TuzlaInfo.ba\"},\"image\":{\"@id\":\"https:\/\/tuzlainfo.ba\/#\/schema\/logo\/image\/\"},\"sameAs\":[\"https:\/\/www.facebook.com\/tuzlainfo.ba\/\"]},{\"@type\":\"Person\",\"@id\":\"https:\/\/tuzlainfo.ba\/#\/schema\/person\/46cad4c57790cbc50781edd14870825a\",\"name\":\"Tuzla Info\",\"image\":{\"@type\":\"ImageObject\",\"inLanguage\":\"bs-BA\",\"@id\":\"https:\/\/tuzlainfo.ba\/#\/schema\/person\/image\/\",\"url\":\"https:\/\/tuzlainfo.ba\/wp-content\/litespeed\/avatar\/b6c453a6c38e3654f2e4416c643fc25c.jpg?ver=1777051911\",\"contentUrl\":\"https:\/\/tuzlainfo.ba\/wp-content\/litespeed\/avatar\/b6c453a6c38e3654f2e4416c643fc25c.jpg?ver=1777051911\",\"caption\":\"Tuzla Info\"}}]}<\/script>\n<!-- \/ Yoast SEO plugin. -->","yoast_head_json":{"title":"Interpol raspisao crvenu potjernicu za Fikretom Abdi\u0107em - TuzlaInfo.ba","robots":{"index":"index","follow":"follow","max-snippet":"max-snippet:-1","max-image-preview":"max-image-preview:large","max-video-preview":"max-video-preview:-1"},"canonical":"https:\/\/tuzlainfo.ba\/index.php\/bosna-i-hercegovina\/item\/149374-interpol-raspisao-crvenu-potjernicu-za-fikretom-abdicem\/","og_locale":"bs_BA","og_type":"article","og_title":"Interpol raspisao crvenu potjernicu za Fikretom Abdi\u0107em - TuzlaInfo.ba","og_description":"Interpol je raspisao crvenu potjernicu za Fikretom Abdi\u0107em zvanim Babo, aktuelnim na\u010delnikom Velike Kladu\u0161e i&hellip;","og_url":"https:\/\/tuzlainfo.ba\/index.php\/bosna-i-hercegovina\/item\/149374-interpol-raspisao-crvenu-potjernicu-za-fikretom-abdicem\/","og_site_name":"TuzlaInfo.ba","article_publisher":"https:\/\/www.facebook.com\/tuzlainfo.ba\/","article_published_time":"2021-09-29T14:38:09+00:00","og_image":[{"width":875,"height":633,"url":"https:\/\/tuzlainfo.ba\/wp-content\/uploads\/2021\/09\/2909_fikret-abdic-\u00b81.jpg","type":"image\/jpeg"}],"author":"Tuzla Info","twitter_card":"summary_large_image","twitter_misc":{"Written by":"Tuzla Info","Est. reading time":"1 minuta"},"schema":{"@context":"https:\/\/schema.org","@graph":[{"@type":"Article","@id":"https:\/\/tuzlainfo.ba\/index.php\/bosna-i-hercegovina\/item\/149374-interpol-raspisao-crvenu-potjernicu-za-fikretom-abdicem\/#article","isPartOf":{"@id":"https:\/\/tuzlainfo.ba\/index.php\/bosna-i-hercegovina\/item\/149374-interpol-raspisao-crvenu-potjernicu-za-fikretom-abdicem\/"},"author":{"name":"Tuzla Info","@id":"https:\/\/tuzlainfo.ba\/#\/schema\/person\/46cad4c57790cbc50781edd14870825a"},"headline":"Interpol raspisao crvenu potjernicu za Fikretom Abdi\u0107em","datePublished":"2021-09-29T14:38:09+00:00","dateModified":"2021-09-29T14:38:09+00:00","mainEntityOfPage":{"@id":"https:\/\/tuzlainfo.ba\/index.php\/bosna-i-hercegovina\/item\/149374-interpol-raspisao-crvenu-potjernicu-za-fikretom-abdicem\/"},"wordCount":284,"commentCount":0,"publisher":{"@id":"https:\/\/tuzlainfo.ba\/#organization"},"image":{"@id":"https:\/\/tuzlainfo.ba\/index.php\/bosna-i-hercegovina\/item\/149374-interpol-raspisao-crvenu-potjernicu-za-fikretom-abdicem\/#primaryimage"},"thumbnailUrl":"https:\/\/tuzlainfo.ba\/wp-content\/uploads\/2021\/09\/2909_fikret-abdic-\u00b81.jpg","keywords":["fikret abdic","interpol","potjernica"],"articleSection":["Bosna i Hercegovina"],"inLanguage":"bs-BA"},{"@type":"WebPage","@id":"https:\/\/tuzlainfo.ba\/index.php\/bosna-i-hercegovina\/item\/149374-interpol-raspisao-crvenu-potjernicu-za-fikretom-abdicem\/","url":"https:\/\/tuzlainfo.ba\/index.php\/bosna-i-hercegovina\/item\/149374-interpol-raspisao-crvenu-potjernicu-za-fikretom-abdicem\/","name":"Interpol raspisao crvenu potjernicu za Fikretom Abdi\u0107em - TuzlaInfo.ba","isPartOf":{"@id":"https:\/\/tuzlainfo.ba\/#website"},"primaryImageOfPage":{"@id":"https:\/\/tuzlainfo.ba\/index.php\/bosna-i-hercegovina\/item\/149374-interpol-raspisao-crvenu-potjernicu-za-fikretom-abdicem\/#primaryimage"},"image":{"@id":"https:\/\/tuzlainfo.ba\/index.php\/bosna-i-hercegovina\/item\/149374-interpol-raspisao-crvenu-potjernicu-za-fikretom-abdicem\/#primaryimage"},"thumbnailUrl":"https:\/\/tuzlainfo.ba\/wp-content\/uploads\/2021\/09\/2909_fikret-abdic-\u00b81.jpg","datePublished":"2021-09-29T14:38:09+00:00","dateModified":"2021-09-29T14:38:09+00:00","breadcrumb":{"@id":"https:\/\/tuzlainfo.ba\/index.php\/bosna-i-hercegovina\/item\/149374-interpol-raspisao-crvenu-potjernicu-za-fikretom-abdicem\/#breadcrumb"},"inLanguage":"bs-BA","potentialAction":[{"@type":"ReadAction","target":["https:\/\/tuzlainfo.ba\/index.php\/bosna-i-hercegovina\/item\/149374-interpol-raspisao-crvenu-potjernicu-za-fikretom-abdicem\/"]}]},{"@type":"ImageObject","inLanguage":"bs-BA","@id":"https:\/\/tuzlainfo.ba\/index.php\/bosna-i-hercegovina\/item\/149374-interpol-raspisao-crvenu-potjernicu-za-fikretom-abdicem\/#primaryimage","url":"https:\/\/tuzlainfo.ba\/wp-content\/uploads\/2021\/09\/2909_fikret-abdic-\u00b81.jpg","contentUrl":"https:\/\/tuzlainfo.ba\/wp-content\/uploads\/2021\/09\/2909_fikret-abdic-\u00b81.jpg","width":875,"height":633},{"@type":"BreadcrumbList","@id":"https:\/\/tuzlainfo.ba\/index.php\/bosna-i-hercegovina\/item\/149374-interpol-raspisao-crvenu-potjernicu-za-fikretom-abdicem\/#breadcrumb","itemListElement":[{"@type":"ListItem","position":1,"name":"Home","item":"https:\/\/tuzlainfo.ba\/"},{"@type":"ListItem","position":2,"name":"Interpol raspisao crvenu potjernicu za Fikretom Abdi\u0107em"}]},{"@type":"WebSite","@id":"https:\/\/tuzlainfo.ba\/#website","url":"https:\/\/tuzlainfo.ba\/","name":"TuzlaInfo.ba","description":"Tuzla info, gradski informator - Tuzla na dlanu","publisher":{"@id":"https:\/\/tuzlainfo.ba\/#organization"},"potentialAction":[{"@type":"SearchAction","target":{"@type":"EntryPoint","urlTemplate":"https:\/\/tuzlainfo.ba\/?s={search_term_string}"},"query-input":{"@type":"PropertyValueSpecification","valueRequired":true,"valueName":"search_term_string"}}],"inLanguage":"bs-BA"},{"@type":"Organization","@id":"https:\/\/tuzlainfo.ba\/#organization","name":"TuzlaInfo.ba","url":"https:\/\/tuzlainfo.ba\/","logo":{"@type":"ImageObject","inLanguage":"bs-BA","@id":"https:\/\/tuzlainfo.ba\/#\/schema\/logo\/image\/","url":"https:\/\/tuzlainfo.ba\/wp-content\/uploads\/2021\/03\/logo-ver-3-1.png","contentUrl":"https:\/\/tuzlainfo.ba\/wp-content\/uploads\/2021\/03\/logo-ver-3-1.png","width":350,"height":95,"caption":"TuzlaInfo.ba"},"image":{"@id":"https:\/\/tuzlainfo.ba\/#\/schema\/logo\/image\/"},"sameAs":["https:\/\/www.facebook.com\/tuzlainfo.ba\/"]},{"@type":"Person","@id":"https:\/\/tuzlainfo.ba\/#\/schema\/person\/46cad4c57790cbc50781edd14870825a","name":"Tuzla Info","image":{"@type":"ImageObject","inLanguage":"bs-BA","@id":"https:\/\/tuzlainfo.ba\/#\/schema\/person\/image\/","url":"https:\/\/tuzlainfo.ba\/wp-content\/litespeed\/avatar\/b6c453a6c38e3654f2e4416c643fc25c.jpg?ver=1777051911","contentUrl":"https:\/\/tuzlainfo.ba\/wp-content\/litespeed\/avatar\/b6c453a6c38e3654f2e4416c643fc25c.jpg?ver=1777051911","caption":"Tuzla Info"}}]}},"_links":{"self":[{"href":"https:\/\/tuzlainfo.ba\/index.php\/wp-json\/wp\/v2\/posts\/149374"}],"collection":[{"href":"https:\/\/tuzlainfo.ba\/index.php\/wp-json\/wp\/v2\/posts"}],"about":[{"href":"https:\/\/tuzlainfo.ba\/index.php\/wp-json\/wp\/v2\/types\/post"}],"author":[{"embeddable":true,"href":"https:\/\/tuzlainfo.ba\/index.php\/wp-json\/wp\/v2\/users\/4"}],"replies":[{"embeddable":true,"href":"https:\/\/tuzlainfo.ba\/index.php\/wp-json\/wp\/v2\/comments?post=149374"}],"version-history":[{"count":0,"href":"https:\/\/tuzlainfo.ba\/index.php\/wp-json\/wp\/v2\/posts\/149374\/revisions"}],"wp:featuredmedia":[{"embeddable":true,"href":"https:\/\/tuzlainfo.ba\/index.php\/wp-json\/wp\/v2\/media\/149376"}],"wp:attachment":[{"href":"https:\/\/tuzlainfo.ba\/index.php\/wp-json\/wp\/v2\/media?parent=149374"}],"wp:term":[{"taxonomy":"category","embeddable":true,"href":"https:\/\/tuzlainfo.ba\/index.php\/wp-json\/wp\/v2\/categories?post=149374"},{"taxonomy":"post_tag","embeddable":true,"href":"https:\/\/tuzlainfo.ba\/index.php\/wp-json\/wp\/v2\/tags?post=149374"}],"curies":[{"name":"wp","href":"https:\/\/api.w.org\/{rel}","templated":true}]}}