{"id":149147,"date":"2021-09-27T18:31:52","date_gmt":"2021-09-27T16:31:52","guid":{"rendered":"https:\/\/tuzlainfo.ba\/?p=149147"},"modified":"2021-09-27T18:42:17","modified_gmt":"2021-09-27T16:42:17","slug":"tuzla-trazioci-azila-u-bih-polozili-a1-nivo-bosanskog-jezika","status":"publish","type":"post","link":"https:\/\/tuzlainfo.ba\/index.php\/novosti\/item\/149147-tuzla-trazioci-azila-u-bih-polozili-a1-nivo-bosanskog-jezika\/","title":{"rendered":"Tuzla: Tra\u017eioci azila u BiH polo\u017eili A1 nivo bosanskog jezika"},"content":{"rendered":"<p>Zahvaljuju\u0107i saradnji sa Udru\u017eenjem &#8220;Zemlja djece u BiH&#8221; po projektu&#8221; Podr\u0161ka migrantima, azilantima i izbjeglicama u BiH&#8221; podr\u017eanom od strane CARE International Balkans zavr\u0161en je kurs bosanskog jezika za tra\u017eitelje azila koji su korisnici &#8220;Drop-in&#8221; centra, a kojeg podr\u017eava &#8220;Caritas&#8221; Bosne i Hercegovine.<\/p>\n<p>Radi se o Centru za pru\u017eanje usluga u zajednici Tuzla &#8220;Pu\u017e&#8221; gdje se organizuju razli\u010dite aktivnosti za potrebe migranata i izbjeglica odnosno tra\u017eioca azila.<\/p>\n<p>&#8211; Danas smo s ponosom uru\u010dili certifikate za na\u0161e korisnike koji su uspje\u0161no polo\u017eili A1 razinu jezika. Zahvaljujemo se i \u0161koli stranih jezika BIG BEN Centar TUZLA na podr\u0161ci u realizaciji ove vrlo bitne aktivnosti, kazao je za Tuzlainfo.ba. Danijel Vasilj, programski koordinator u Centru &#8220;Pu\u017e&#8221;.<\/p>\n<p>Svaki od ovih u\u010denika ima svoju pri\u010du i svako od njih je, kako ka\u017eu u Centru &#8220;Pu\u017e&#8221;, tokom te\u010daja ispri\u010dao dio te pri\u010de.<\/p>\n<p>&#8211; To je jako va\u017eno da se naprije dobro upoznamo. Moram re\u0107i da su oni jako marljivi i motivirani. Do\u0161li su u te\u0161kim okolnostima, svi su u te\u0161kim \u017eivotnim situacijama, ali unato\u010d tome svi oni na \u010dasove su dolazili sa gotovom doma\u0107om zada\u0107om, navodi Vasilj.<\/p>\n<p>Lijepo je \u010duti da ljudi koji tra\u017ee azil u Bosni i Hercegovini, pri\u010daju na\u0161im jezikom. Neka im donese sre\u0107e i uspjeha.\/S.P.\/<\/p>\n<p>&nbsp;<\/p>\n<p>&nbsp;<\/p>\n","protected":false},"excerpt":{"rendered":"<p>Zahvaljuju\u0107i saradnji sa Udru\u017eenjem &#8220;Zemlja djece u BiH&#8221; po projektu&#8221; Podr\u0161ka migrantima, azilantima i izbjeglicama u BiH&#8221; podr\u017eanom od strane CARE International Balkans zavr\u0161en je kurs bosanskog jezika za tra\u017eitelje azila koji su korisnici &#8220;Drop-in&#8221; centra, a kojeg podr\u017eava &#8220;Caritas&#8221; Bosne i Hercegovine. Radi se o Centru za pru\u017eanje usluga u zajednici Tuzla &#8220;Pu\u017e&#8221; gdje [&hellip;]<\/p>\n","protected":false},"author":2,"featured_media":149148,"comment_status":"open","ping_status":"closed","sticky":false,"template":"","format":"standard","meta":{"footnotes":""},"categories":[304,12],"tags":[877,1666],"class_list":["post-149147","post","type-post","status-publish","format-standard","has-post-thumbnail","hentry","category-istaknuto","category-novosti","tag-migranti","tag-puz"],"yoast_head":"<!-- This site is optimized with the Yoast SEO plugin v28.4 - https:\/\/yoast.com\/product\/yoast-seo-wordpress\/ -->\n<title>Tuzla: Tra\u017eioci azila u BiH polo\u017eili A1 nivo bosanskog jezika<\/title>\n<meta name=\"robots\" content=\"index, follow, max-snippet:-1, max-image-preview:large, max-video-preview:-1\" \/>\n<link rel=\"canonical\" href=\"https:\/\/tuzlainfo.ba\/index.php\/novosti\/item\/149147-tuzla-trazioci-azila-u-bih-polozili-a1-nivo-bosanskog-jezika\/\" \/>\n<meta property=\"og:locale\" content=\"bs_BA\" \/>\n<meta property=\"og:type\" content=\"article\" \/>\n<meta property=\"og:title\" content=\"Tuzla: Tra\u017eioci azila u BiH polo\u017eili A1 nivo bosanskog jezika\" \/>\n<meta property=\"og:description\" content=\"Zahvaljuju\u0107i saradnji sa Udru\u017eenjem &#8220;Zemlja djece u BiH&#8221; po projektu&#8221; Podr\u0161ka migrantima, azilantima i izbjeglicama u BiH&#8221; podr\u017eanom od strane CARE International Balkans zavr\u0161en je kurs bosanskog jezika za tra\u017eitelje azila koji su korisnici &#8220;Drop-in&#8221; centra, a kojeg podr\u017eava &#8220;Caritas&#8221; Bosne i Hercegovine. Radi se o Centru za pru\u017eanje usluga u zajednici Tuzla &#8220;Pu\u017e&#8221; gdje [&hellip;]\" \/>\n<meta property=\"og:url\" content=\"https:\/\/tuzlainfo.ba\/index.php\/novosti\/item\/149147-tuzla-trazioci-azila-u-bih-polozili-a1-nivo-bosanskog-jezika\/\" \/>\n<meta property=\"og:site_name\" content=\"TuzlaInfo.ba\" \/>\n<meta property=\"article:publisher\" content=\"https:\/\/www.facebook.com\/tuzlainfo.ba\/\" \/>\n<meta property=\"article:published_time\" content=\"2021-09-27T16:31:52+00:00\" \/>\n<meta property=\"article:modified_time\" content=\"2021-09-27T16:42:17+00:00\" \/>\n<meta property=\"og:image\" content=\"https:\/\/tuzlainfo.ba\/wp-content\/uploads\/2021\/09\/2709_puz_migranti.jpg\" \/>\n\t<meta property=\"og:image:width\" content=\"1200\" \/>\n\t<meta property=\"og:image:height\" content=\"900\" \/>\n\t<meta property=\"og:image:type\" content=\"image\/jpeg\" \/>\n<meta name=\"author\" content=\"nedim\" \/>\n<meta name=\"twitter:card\" content=\"summary_large_image\" \/>\n<meta name=\"twitter:label1\" content=\"Written by\" \/>\n\t<meta name=\"twitter:data1\" content=\"nedim\" \/>\n\t<meta name=\"twitter:label2\" content=\"Est. reading time\" \/>\n\t<meta name=\"twitter:data2\" content=\"1 minuta\" \/>\n<script type=\"application\/ld+json\" class=\"yoast-schema-graph\">{\"@context\":\"https:\\\/\\\/schema.org\",\"@graph\":[{\"@type\":\"Article\",\"@id\":\"https:\\\/\\\/tuzlainfo.ba\\\/index.php\\\/novosti\\\/item\\\/149147-tuzla-trazioci-azila-u-bih-polozili-a1-nivo-bosanskog-jezika\\\/#article\",\"isPartOf\":{\"@id\":\"https:\\\/\\\/tuzlainfo.ba\\\/index.php\\\/novosti\\\/item\\\/149147-tuzla-trazioci-azila-u-bih-polozili-a1-nivo-bosanskog-jezika\\\/\"},\"author\":{\"name\":\"nedim\",\"@id\":\"https:\\\/\\\/tuzlainfo.ba\\\/#\\\/schema\\\/person\\\/f434e20dc27ea133923aab08451b7f7f\"},\"headline\":\"Tuzla: Tra\u017eioci azila u BiH polo\u017eili A1 nivo bosanskog jezika\",\"datePublished\":\"2021-09-27T16:31:52+00:00\",\"dateModified\":\"2021-09-27T16:42:17+00:00\",\"mainEntityOfPage\":{\"@id\":\"https:\\\/\\\/tuzlainfo.ba\\\/index.php\\\/novosti\\\/item\\\/149147-tuzla-trazioci-azila-u-bih-polozili-a1-nivo-bosanskog-jezika\\\/\"},\"wordCount\":251,\"commentCount\":0,\"publisher\":{\"@id\":\"https:\\\/\\\/tuzlainfo.ba\\\/#organization\"},\"image\":{\"@id\":\"https:\\\/\\\/tuzlainfo.ba\\\/index.php\\\/novosti\\\/item\\\/149147-tuzla-trazioci-azila-u-bih-polozili-a1-nivo-bosanskog-jezika\\\/#primaryimage\"},\"thumbnailUrl\":\"https:\\\/\\\/tuzlainfo.ba\\\/wp-content\\\/uploads\\\/2021\\\/09\\\/2709_puz_migranti.jpg\",\"keywords\":[\"migranti\",\"PU\u017d\"],\"articleSection\":[\"Istaknuto\",\"Novosti\"],\"inLanguage\":\"bs-BA\",\"copyrightYear\":\"2021\",\"copyrightHolder\":{\"@id\":\"https:\\\/\\\/tuzlainfo.ba\\\/#organization\"}},{\"@type\":\"WebPage\",\"@id\":\"https:\\\/\\\/tuzlainfo.ba\\\/index.php\\\/novosti\\\/item\\\/149147-tuzla-trazioci-azila-u-bih-polozili-a1-nivo-bosanskog-jezika\\\/\",\"url\":\"https:\\\/\\\/tuzlainfo.ba\\\/index.php\\\/novosti\\\/item\\\/149147-tuzla-trazioci-azila-u-bih-polozili-a1-nivo-bosanskog-jezika\\\/\",\"name\":\"Tuzla: Tra\u017eioci azila u BiH polo\u017eili A1 nivo bosanskog jezika\",\"isPartOf\":{\"@id\":\"https:\\\/\\\/tuzlainfo.ba\\\/#website\"},\"primaryImageOfPage\":{\"@id\":\"https:\\\/\\\/tuzlainfo.ba\\\/index.php\\\/novosti\\\/item\\\/149147-tuzla-trazioci-azila-u-bih-polozili-a1-nivo-bosanskog-jezika\\\/#primaryimage\"},\"image\":{\"@id\":\"https:\\\/\\\/tuzlainfo.ba\\\/index.php\\\/novosti\\\/item\\\/149147-tuzla-trazioci-azila-u-bih-polozili-a1-nivo-bosanskog-jezika\\\/#primaryimage\"},\"thumbnailUrl\":\"https:\\\/\\\/tuzlainfo.ba\\\/wp-content\\\/uploads\\\/2021\\\/09\\\/2709_puz_migranti.jpg\",\"datePublished\":\"2021-09-27T16:31:52+00:00\",\"dateModified\":\"2021-09-27T16:42:17+00:00\",\"breadcrumb\":{\"@id\":\"https:\\\/\\\/tuzlainfo.ba\\\/index.php\\\/novosti\\\/item\\\/149147-tuzla-trazioci-azila-u-bih-polozili-a1-nivo-bosanskog-jezika\\\/#breadcrumb\"},\"inLanguage\":\"bs-BA\",\"potentialAction\":[{\"@type\":\"ReadAction\",\"target\":[\"https:\\\/\\\/tuzlainfo.ba\\\/index.php\\\/novosti\\\/item\\\/149147-tuzla-trazioci-azila-u-bih-polozili-a1-nivo-bosanskog-jezika\\\/\"]}]},{\"@type\":\"ImageObject\",\"inLanguage\":\"bs-BA\",\"@id\":\"https:\\\/\\\/tuzlainfo.ba\\\/index.php\\\/novosti\\\/item\\\/149147-tuzla-trazioci-azila-u-bih-polozili-a1-nivo-bosanskog-jezika\\\/#primaryimage\",\"url\":\"https:\\\/\\\/tuzlainfo.ba\\\/wp-content\\\/uploads\\\/2021\\\/09\\\/2709_puz_migranti.jpg\",\"contentUrl\":\"https:\\\/\\\/tuzlainfo.ba\\\/wp-content\\\/uploads\\\/2021\\\/09\\\/2709_puz_migranti.jpg\",\"width\":1200,\"height\":900},{\"@type\":\"BreadcrumbList\",\"@id\":\"https:\\\/\\\/tuzlainfo.ba\\\/index.php\\\/novosti\\\/item\\\/149147-tuzla-trazioci-azila-u-bih-polozili-a1-nivo-bosanskog-jezika\\\/#breadcrumb\",\"itemListElement\":[{\"@type\":\"ListItem\",\"position\":1,\"name\":\"Home\",\"item\":\"https:\\\/\\\/tuzlainfo.ba\\\/\"},{\"@type\":\"ListItem\",\"position\":2,\"name\":\"Tuzla: Tra\u017eioci azila u BiH polo\u017eili A1 nivo bosanskog jezika\"}]},{\"@type\":\"WebSite\",\"@id\":\"https:\\\/\\\/tuzlainfo.ba\\\/#website\",\"url\":\"https:\\\/\\\/tuzlainfo.ba\\\/\",\"name\":\"TuzlaInfo.ba\",\"description\":\"Tuzla info, gradski informator - Tuzla na dlanu\",\"publisher\":{\"@id\":\"https:\\\/\\\/tuzlainfo.ba\\\/#organization\"},\"potentialAction\":[{\"@type\":\"SearchAction\",\"target\":{\"@type\":\"EntryPoint\",\"urlTemplate\":\"https:\\\/\\\/tuzlainfo.ba\\\/?s={search_term_string}\"},\"query-input\":{\"@type\":\"PropertyValueSpecification\",\"valueRequired\":true,\"valueName\":\"search_term_string\"}}],\"inLanguage\":\"bs-BA\"},{\"@type\":\"Organization\",\"@id\":\"https:\\\/\\\/tuzlainfo.ba\\\/#organization\",\"name\":\"TuzlaInfo.ba\",\"url\":\"https:\\\/\\\/tuzlainfo.ba\\\/\",\"logo\":{\"@type\":\"ImageObject\",\"inLanguage\":\"bs-BA\",\"@id\":\"https:\\\/\\\/tuzlainfo.ba\\\/#\\\/schema\\\/logo\\\/image\\\/\",\"url\":\"https:\\\/\\\/tuzlainfo.ba\\\/wp-content\\\/uploads\\\/2021\\\/03\\\/logo-ver-3-1.png\",\"contentUrl\":\"https:\\\/\\\/tuzlainfo.ba\\\/wp-content\\\/uploads\\\/2021\\\/03\\\/logo-ver-3-1.png\",\"width\":350,\"height\":95,\"caption\":\"TuzlaInfo.ba\"},\"image\":{\"@id\":\"https:\\\/\\\/tuzlainfo.ba\\\/#\\\/schema\\\/logo\\\/image\\\/\"},\"sameAs\":[\"https:\\\/\\\/www.facebook.com\\\/tuzlainfo.ba\\\/\"]},{\"@type\":\"Person\",\"@id\":\"https:\\\/\\\/tuzlainfo.ba\\\/#\\\/schema\\\/person\\\/f434e20dc27ea133923aab08451b7f7f\",\"name\":\"nedim\",\"image\":{\"@type\":\"ImageObject\",\"inLanguage\":\"bs-BA\",\"@id\":\"https:\\\/\\\/secure.gravatar.com\\\/avatar\\\/5b928a2e7e70a54208d2eb6c1edcb75a5350d6ae97d5f0a701203d456823f6f3?s=96&d=mm&r=g\",\"url\":\"https:\\\/\\\/secure.gravatar.com\\\/avatar\\\/5b928a2e7e70a54208d2eb6c1edcb75a5350d6ae97d5f0a701203d456823f6f3?s=96&d=mm&r=g\",\"contentUrl\":\"https:\\\/\\\/secure.gravatar.com\\\/avatar\\\/5b928a2e7e70a54208d2eb6c1edcb75a5350d6ae97d5f0a701203d456823f6f3?s=96&d=mm&r=g\",\"caption\":\"nedim\"},\"description\":\"Tuzlainfo.ba pratite na dru\u0161tvenim mre\u017eama: Facebook, Instagram i Youtube. Svoje pri\u010de, upite i fotografije \u0161aljite na na\u0161u e-mail adresu.\"}]}<\/script>\n<!-- \/ Yoast SEO plugin. -->","yoast_head_json":{"title":"Tuzla: Tra\u017eioci azila u BiH polo\u017eili A1 nivo bosanskog jezika","robots":{"index":"index","follow":"follow","max-snippet":"max-snippet:-1","max-image-preview":"max-image-preview:large","max-video-preview":"max-video-preview:-1"},"canonical":"https:\/\/tuzlainfo.ba\/index.php\/novosti\/item\/149147-tuzla-trazioci-azila-u-bih-polozili-a1-nivo-bosanskog-jezika\/","og_locale":"bs_BA","og_type":"article","og_title":"Tuzla: Tra\u017eioci azila u BiH polo\u017eili A1 nivo bosanskog jezika","og_description":"Zahvaljuju\u0107i saradnji sa Udru\u017eenjem &#8220;Zemlja djece u BiH&#8221; po projektu&#8221; Podr\u0161ka migrantima, azilantima i izbjeglicama u BiH&#8221; podr\u017eanom od strane CARE International Balkans zavr\u0161en je kurs bosanskog jezika za tra\u017eitelje azila koji su korisnici &#8220;Drop-in&#8221; centra, a kojeg podr\u017eava &#8220;Caritas&#8221; Bosne i Hercegovine. Radi se o Centru za pru\u017eanje usluga u zajednici Tuzla &#8220;Pu\u017e&#8221; gdje [&hellip;]","og_url":"https:\/\/tuzlainfo.ba\/index.php\/novosti\/item\/149147-tuzla-trazioci-azila-u-bih-polozili-a1-nivo-bosanskog-jezika\/","og_site_name":"TuzlaInfo.ba","article_publisher":"https:\/\/www.facebook.com\/tuzlainfo.ba\/","article_published_time":"2021-09-27T16:31:52+00:00","article_modified_time":"2021-09-27T16:42:17+00:00","og_image":[{"width":1200,"height":900,"url":"https:\/\/tuzlainfo.ba\/wp-content\/uploads\/2021\/09\/2709_puz_migranti.jpg","type":"image\/jpeg"}],"author":"nedim","twitter_card":"summary_large_image","twitter_misc":{"Written by":"nedim","Est. reading time":"1 minuta"},"schema":{"@context":"https:\/\/schema.org","@graph":[{"@type":"Article","@id":"https:\/\/tuzlainfo.ba\/index.php\/novosti\/item\/149147-tuzla-trazioci-azila-u-bih-polozili-a1-nivo-bosanskog-jezika\/#article","isPartOf":{"@id":"https:\/\/tuzlainfo.ba\/index.php\/novosti\/item\/149147-tuzla-trazioci-azila-u-bih-polozili-a1-nivo-bosanskog-jezika\/"},"author":{"name":"nedim","@id":"https:\/\/tuzlainfo.ba\/#\/schema\/person\/f434e20dc27ea133923aab08451b7f7f"},"headline":"Tuzla: Tra\u017eioci azila u BiH polo\u017eili A1 nivo bosanskog jezika","datePublished":"2021-09-27T16:31:52+00:00","dateModified":"2021-09-27T16:42:17+00:00","mainEntityOfPage":{"@id":"https:\/\/tuzlainfo.ba\/index.php\/novosti\/item\/149147-tuzla-trazioci-azila-u-bih-polozili-a1-nivo-bosanskog-jezika\/"},"wordCount":251,"commentCount":0,"publisher":{"@id":"https:\/\/tuzlainfo.ba\/#organization"},"image":{"@id":"https:\/\/tuzlainfo.ba\/index.php\/novosti\/item\/149147-tuzla-trazioci-azila-u-bih-polozili-a1-nivo-bosanskog-jezika\/#primaryimage"},"thumbnailUrl":"https:\/\/tuzlainfo.ba\/wp-content\/uploads\/2021\/09\/2709_puz_migranti.jpg","keywords":["migranti","PU\u017d"],"articleSection":["Istaknuto","Novosti"],"inLanguage":"bs-BA","copyrightYear":"2021","copyrightHolder":{"@id":"https:\/\/tuzlainfo.ba\/#organization"}},{"@type":"WebPage","@id":"https:\/\/tuzlainfo.ba\/index.php\/novosti\/item\/149147-tuzla-trazioci-azila-u-bih-polozili-a1-nivo-bosanskog-jezika\/","url":"https:\/\/tuzlainfo.ba\/index.php\/novosti\/item\/149147-tuzla-trazioci-azila-u-bih-polozili-a1-nivo-bosanskog-jezika\/","name":"Tuzla: Tra\u017eioci azila u BiH polo\u017eili A1 nivo bosanskog jezika","isPartOf":{"@id":"https:\/\/tuzlainfo.ba\/#website"},"primaryImageOfPage":{"@id":"https:\/\/tuzlainfo.ba\/index.php\/novosti\/item\/149147-tuzla-trazioci-azila-u-bih-polozili-a1-nivo-bosanskog-jezika\/#primaryimage"},"image":{"@id":"https:\/\/tuzlainfo.ba\/index.php\/novosti\/item\/149147-tuzla-trazioci-azila-u-bih-polozili-a1-nivo-bosanskog-jezika\/#primaryimage"},"thumbnailUrl":"https:\/\/tuzlainfo.ba\/wp-content\/uploads\/2021\/09\/2709_puz_migranti.jpg","datePublished":"2021-09-27T16:31:52+00:00","dateModified":"2021-09-27T16:42:17+00:00","breadcrumb":{"@id":"https:\/\/tuzlainfo.ba\/index.php\/novosti\/item\/149147-tuzla-trazioci-azila-u-bih-polozili-a1-nivo-bosanskog-jezika\/#breadcrumb"},"inLanguage":"bs-BA","potentialAction":[{"@type":"ReadAction","target":["https:\/\/tuzlainfo.ba\/index.php\/novosti\/item\/149147-tuzla-trazioci-azila-u-bih-polozili-a1-nivo-bosanskog-jezika\/"]}]},{"@type":"ImageObject","inLanguage":"bs-BA","@id":"https:\/\/tuzlainfo.ba\/index.php\/novosti\/item\/149147-tuzla-trazioci-azila-u-bih-polozili-a1-nivo-bosanskog-jezika\/#primaryimage","url":"https:\/\/tuzlainfo.ba\/wp-content\/uploads\/2021\/09\/2709_puz_migranti.jpg","contentUrl":"https:\/\/tuzlainfo.ba\/wp-content\/uploads\/2021\/09\/2709_puz_migranti.jpg","width":1200,"height":900},{"@type":"BreadcrumbList","@id":"https:\/\/tuzlainfo.ba\/index.php\/novosti\/item\/149147-tuzla-trazioci-azila-u-bih-polozili-a1-nivo-bosanskog-jezika\/#breadcrumb","itemListElement":[{"@type":"ListItem","position":1,"name":"Home","item":"https:\/\/tuzlainfo.ba\/"},{"@type":"ListItem","position":2,"name":"Tuzla: Tra\u017eioci azila u BiH polo\u017eili A1 nivo bosanskog jezika"}]},{"@type":"WebSite","@id":"https:\/\/tuzlainfo.ba\/#website","url":"https:\/\/tuzlainfo.ba\/","name":"TuzlaInfo.ba","description":"Tuzla info, gradski informator - Tuzla na dlanu","publisher":{"@id":"https:\/\/tuzlainfo.ba\/#organization"},"potentialAction":[{"@type":"SearchAction","target":{"@type":"EntryPoint","urlTemplate":"https:\/\/tuzlainfo.ba\/?s={search_term_string}"},"query-input":{"@type":"PropertyValueSpecification","valueRequired":true,"valueName":"search_term_string"}}],"inLanguage":"bs-BA"},{"@type":"Organization","@id":"https:\/\/tuzlainfo.ba\/#organization","name":"TuzlaInfo.ba","url":"https:\/\/tuzlainfo.ba\/","logo":{"@type":"ImageObject","inLanguage":"bs-BA","@id":"https:\/\/tuzlainfo.ba\/#\/schema\/logo\/image\/","url":"https:\/\/tuzlainfo.ba\/wp-content\/uploads\/2021\/03\/logo-ver-3-1.png","contentUrl":"https:\/\/tuzlainfo.ba\/wp-content\/uploads\/2021\/03\/logo-ver-3-1.png","width":350,"height":95,"caption":"TuzlaInfo.ba"},"image":{"@id":"https:\/\/tuzlainfo.ba\/#\/schema\/logo\/image\/"},"sameAs":["https:\/\/www.facebook.com\/tuzlainfo.ba\/"]},{"@type":"Person","@id":"https:\/\/tuzlainfo.ba\/#\/schema\/person\/f434e20dc27ea133923aab08451b7f7f","name":"nedim","image":{"@type":"ImageObject","inLanguage":"bs-BA","@id":"https:\/\/secure.gravatar.com\/avatar\/5b928a2e7e70a54208d2eb6c1edcb75a5350d6ae97d5f0a701203d456823f6f3?s=96&d=mm&r=g","url":"https:\/\/secure.gravatar.com\/avatar\/5b928a2e7e70a54208d2eb6c1edcb75a5350d6ae97d5f0a701203d456823f6f3?s=96&d=mm&r=g","contentUrl":"https:\/\/secure.gravatar.com\/avatar\/5b928a2e7e70a54208d2eb6c1edcb75a5350d6ae97d5f0a701203d456823f6f3?s=96&d=mm&r=g","caption":"nedim"},"description":"Tuzlainfo.ba pratite na dru\u0161tvenim mre\u017eama: Facebook, Instagram i Youtube. Svoje pri\u010de, upite i fotografije \u0161aljite na na\u0161u e-mail adresu."}]}},"_links":{"self":[{"href":"https:\/\/tuzlainfo.ba\/index.php\/wp-json\/wp\/v2\/posts\/149147","targetHints":{"allow":["GET"]}}],"collection":[{"href":"https:\/\/tuzlainfo.ba\/index.php\/wp-json\/wp\/v2\/posts"}],"about":[{"href":"https:\/\/tuzlainfo.ba\/index.php\/wp-json\/wp\/v2\/types\/post"}],"author":[{"embeddable":true,"href":"https:\/\/tuzlainfo.ba\/index.php\/wp-json\/wp\/v2\/users\/2"}],"replies":[{"embeddable":true,"href":"https:\/\/tuzlainfo.ba\/index.php\/wp-json\/wp\/v2\/comments?post=149147"}],"version-history":[{"count":0,"href":"https:\/\/tuzlainfo.ba\/index.php\/wp-json\/wp\/v2\/posts\/149147\/revisions"}],"wp:featuredmedia":[{"embeddable":true,"href":"https:\/\/tuzlainfo.ba\/index.php\/wp-json\/wp\/v2\/media\/149148"}],"wp:attachment":[{"href":"https:\/\/tuzlainfo.ba\/index.php\/wp-json\/wp\/v2\/media?parent=149147"}],"wp:term":[{"taxonomy":"category","embeddable":true,"href":"https:\/\/tuzlainfo.ba\/index.php\/wp-json\/wp\/v2\/categories?post=149147"},{"taxonomy":"post_tag","embeddable":true,"href":"https:\/\/tuzlainfo.ba\/index.php\/wp-json\/wp\/v2\/tags?post=149147"}],"curies":[{"name":"wp","href":"https:\/\/api.w.org\/{rel}","templated":true}]}}