{"id":149133,"date":"2021-09-27T17:28:36","date_gmt":"2021-09-27T15:28:36","guid":{"rendered":"https:\/\/tuzlainfo.ba\/?p=149133"},"modified":"2021-09-27T14:54:58","modified_gmt":"2021-09-27T12:54:58","slug":"razbijen-balkanski-kokain-kartel-optuzena-61-osoba","status":"publish","type":"post","link":"https:\/\/tuzlainfo.ba\/index.php\/clanci\/sa-svih-strana\/item\/149133-razbijen-balkanski-kokain-kartel-optuzena-61-osoba\/","title":{"rendered":"Razbijen balkanski \u201ckokain\u201d kartel, optu\u017eena 61 osoba"},"content":{"rendered":"<p>U nezapam\u0107enoj me\u0111unarodnoj policijskoj operaciji u kojoj je u\u010destvovalo osam zemalja, razbijen je &#8220;balkanski narko kartel&#8221; koji je bio zadu\u017een za prodaju kokain \u0161irom Evrope.<\/p>\n<p>Tokom ove godine provedeno je niz akcija u kojoj su u\u010destvovale BiH, \u0160panija, Hrvatska, Srbija, Njema\u010dka, Slovenija, SAD i Kolumbija, uz koordinaciju Eurpola.<\/p>\n<p><strong>\u201cOva izuzetno mobilna kriminalna organizacija imala je produ\u017enice aktivne u nekoliko evropskih zemalja, a sastojala se uglavnom od kriminalaca iz Srbije, Hrvatske, Crne Gore i Slovenije\u201d<\/strong>, saop\u0107eno je iz Eurpola, prenosi N1.<\/p>\n<p>Akcije su rezultirale podizanjem optu\u017enica protiv 61 osobe od kojih su 23 uhap\u0161ene. Zaplijenjeno je 2,6 tone kokaina, 324 kilograma maroihuane, 612.000 eura u ke\u0161u, devet luksuznih automobila i peter motocikla.<\/p>\n<p>\u0160panski istra\u017eitelji su u saradnji s kolegama iz obavje\u0161tajne slu\u0107be do\u0161li do saznja da ovaj kartel priprema eliki uvoz koakina iz Ju\u017ene Amerike u Evropu na prolje\u0107e ove godine. Vr\u0161en je nadzor dok su se osumnji\u010deni kretali naprijed-nazad izme\u0111u \u0160panije i Ju\u017ene Amerike kako bi okon\u010dali uvoz 1,25 tona kokaina. Istraga je ubrzana kada su dva \u010delnika narkokartela otputovala u \u0160paniju kako bi se pripremili za dolazak po\u0161iljke.<\/p>\n<p>U ranim jutarnjim satima 10.3.2021. slu\u017ebenici \u0161panske nacionalne garde su izvr\u0161ili paralelne pretrese u Tarragoni, Barceloni, Geroni i Valenciji te uhapsili 13 osoba me\u0111u kojima su dva glavna \u010dovjeka kartela i policajci koji su s njima sara\u0111ivali. \u0160pnaski istra\u017eitelji su prekinuli i alternativne tokove prihoda kartela poput proizvodnje i prodaje marihuane i luksuznih automobila.<\/p>\n<p>U nastavku akcije u maju 2021. Nacionalna policija (Policija) u Sloveniji je optu\u017eila jo\u0161 48 pripadnika organizirane kriminalne skupine zbog u\u010de\u0161\u0107a u distribuciji kokaina i marihuane diljem Evrope. Ukupno 10 ovih osumnji\u010denih sada je uhap\u0161eno.<\/p>\n<p>U me\u0111unarodnoj akciji u\u010destvovali su Federalna uprava policije, Nacionalna policija \u0160panije, USKOK RH, Federalna policija Nhjema\u010dke, Nacionalni ured za istrage Slovenije, Ured za borbu protiv trgovine narkotika SAD i Nacionalna policija Kolumbije.<\/p>\n<p><strong>\u201cOva Operativna radna grupa bila je dio Europolove strategije za suzbijanje ozbiljnog organiziranog kriminala sa Zapadnog Balkana\u201d,<\/strong>\u00a0navodi se u saop\u0107enju Europola.<\/p>\n","protected":false},"excerpt":{"rendered":"<p>U nezapam\u0107enoj me\u0111unarodnoj policijskoj operaciji u kojoj je u\u010destvovalo osam zemalja, razbijen je &#8220;balkanski narko&hellip;<\/p>\n","protected":false},"author":4,"featured_media":149134,"comment_status":"open","ping_status":"closed","sticky":false,"template":"","format":"standard","meta":{"_acf_changed":false,"footnotes":""},"categories":[16],"tags":[508,2762],"acf":[],"yoast_head":"<!-- This site is optimized with the Yoast SEO plugin v23.5 - https:\/\/yoast.com\/wordpress\/plugins\/seo\/ -->\n<title>Razbijen balkanski \u201ckokain\u201d kartel, optu\u017eena 61 osoba - TuzlaInfo.ba<\/title>\n<meta name=\"robots\" content=\"index, follow, max-snippet:-1, max-image-preview:large, max-video-preview:-1\" \/>\n<link rel=\"canonical\" href=\"https:\/\/tuzlainfo.ba\/index.php\/clanci\/sa-svih-strana\/item\/149133-razbijen-balkanski-kokain-kartel-optuzena-61-osoba\/\" \/>\n<meta property=\"og:locale\" content=\"bs_BA\" \/>\n<meta property=\"og:type\" content=\"article\" \/>\n<meta property=\"og:title\" content=\"Razbijen balkanski \u201ckokain\u201d kartel, optu\u017eena 61 osoba - TuzlaInfo.ba\" \/>\n<meta property=\"og:description\" content=\"U nezapam\u0107enoj me\u0111unarodnoj policijskoj operaciji u kojoj je u\u010destvovalo osam zemalja, razbijen je &#8220;balkanski narko&hellip;\" \/>\n<meta property=\"og:url\" content=\"https:\/\/tuzlainfo.ba\/index.php\/clanci\/sa-svih-strana\/item\/149133-razbijen-balkanski-kokain-kartel-optuzena-61-osoba\/\" \/>\n<meta property=\"og:site_name\" content=\"TuzlaInfo.ba\" \/>\n<meta property=\"article:publisher\" content=\"https:\/\/www.facebook.com\/tuzlainfo.ba\/\" \/>\n<meta property=\"article:published_time\" content=\"2021-09-27T15:28:36+00:00\" \/>\n<meta property=\"article:modified_time\" content=\"2021-09-27T12:54:58+00:00\" \/>\n<meta property=\"og:image\" content=\"https:\/\/tuzlainfo.ba\/wp-content\/uploads\/2021\/09\/2709_narko_policija.jpg\" \/>\n\t<meta property=\"og:image:width\" content=\"800\" \/>\n\t<meta property=\"og:image:height\" content=\"505\" \/>\n\t<meta property=\"og:image:type\" content=\"image\/jpeg\" \/>\n<meta name=\"author\" content=\"Tuzla Info\" \/>\n<meta name=\"twitter:card\" content=\"summary_large_image\" \/>\n<meta name=\"twitter:label1\" content=\"Written by\" \/>\n\t<meta name=\"twitter:data1\" content=\"Tuzla Info\" \/>\n\t<meta name=\"twitter:label2\" content=\"Est. reading time\" \/>\n\t<meta name=\"twitter:data2\" content=\"2 minute\" \/>\n<script type=\"application\/ld+json\" class=\"yoast-schema-graph\">{\"@context\":\"https:\/\/schema.org\",\"@graph\":[{\"@type\":\"Article\",\"@id\":\"https:\/\/tuzlainfo.ba\/index.php\/clanci\/sa-svih-strana\/item\/149133-razbijen-balkanski-kokain-kartel-optuzena-61-osoba\/#article\",\"isPartOf\":{\"@id\":\"https:\/\/tuzlainfo.ba\/index.php\/clanci\/sa-svih-strana\/item\/149133-razbijen-balkanski-kokain-kartel-optuzena-61-osoba\/\"},\"author\":{\"name\":\"Tuzla Info\",\"@id\":\"https:\/\/tuzlainfo.ba\/#\/schema\/person\/46cad4c57790cbc50781edd14870825a\"},\"headline\":\"Razbijen balkanski \u201ckokain\u201d kartel, optu\u017eena 61 osoba\",\"datePublished\":\"2021-09-27T15:28:36+00:00\",\"dateModified\":\"2021-09-27T12:54:58+00:00\",\"mainEntityOfPage\":{\"@id\":\"https:\/\/tuzlainfo.ba\/index.php\/clanci\/sa-svih-strana\/item\/149133-razbijen-balkanski-kokain-kartel-optuzena-61-osoba\/\"},\"wordCount\":355,\"commentCount\":0,\"publisher\":{\"@id\":\"https:\/\/tuzlainfo.ba\/#organization\"},\"image\":{\"@id\":\"https:\/\/tuzlainfo.ba\/index.php\/clanci\/sa-svih-strana\/item\/149133-razbijen-balkanski-kokain-kartel-optuzena-61-osoba\/#primaryimage\"},\"thumbnailUrl\":\"https:\/\/tuzlainfo.ba\/wp-content\/uploads\/2021\/09\/2709_narko_policija.jpg\",\"keywords\":[\"droga\",\"narko kartel\"],\"articleSection\":[\"Sa svih strana\"],\"inLanguage\":\"bs-BA\"},{\"@type\":\"WebPage\",\"@id\":\"https:\/\/tuzlainfo.ba\/index.php\/clanci\/sa-svih-strana\/item\/149133-razbijen-balkanski-kokain-kartel-optuzena-61-osoba\/\",\"url\":\"https:\/\/tuzlainfo.ba\/index.php\/clanci\/sa-svih-strana\/item\/149133-razbijen-balkanski-kokain-kartel-optuzena-61-osoba\/\",\"name\":\"Razbijen balkanski \u201ckokain\u201d kartel, optu\u017eena 61 osoba - TuzlaInfo.ba\",\"isPartOf\":{\"@id\":\"https:\/\/tuzlainfo.ba\/#website\"},\"primaryImageOfPage\":{\"@id\":\"https:\/\/tuzlainfo.ba\/index.php\/clanci\/sa-svih-strana\/item\/149133-razbijen-balkanski-kokain-kartel-optuzena-61-osoba\/#primaryimage\"},\"image\":{\"@id\":\"https:\/\/tuzlainfo.ba\/index.php\/clanci\/sa-svih-strana\/item\/149133-razbijen-balkanski-kokain-kartel-optuzena-61-osoba\/#primaryimage\"},\"thumbnailUrl\":\"https:\/\/tuzlainfo.ba\/wp-content\/uploads\/2021\/09\/2709_narko_policija.jpg\",\"datePublished\":\"2021-09-27T15:28:36+00:00\",\"dateModified\":\"2021-09-27T12:54:58+00:00\",\"breadcrumb\":{\"@id\":\"https:\/\/tuzlainfo.ba\/index.php\/clanci\/sa-svih-strana\/item\/149133-razbijen-balkanski-kokain-kartel-optuzena-61-osoba\/#breadcrumb\"},\"inLanguage\":\"bs-BA\",\"potentialAction\":[{\"@type\":\"ReadAction\",\"target\":[\"https:\/\/tuzlainfo.ba\/index.php\/clanci\/sa-svih-strana\/item\/149133-razbijen-balkanski-kokain-kartel-optuzena-61-osoba\/\"]}]},{\"@type\":\"ImageObject\",\"inLanguage\":\"bs-BA\",\"@id\":\"https:\/\/tuzlainfo.ba\/index.php\/clanci\/sa-svih-strana\/item\/149133-razbijen-balkanski-kokain-kartel-optuzena-61-osoba\/#primaryimage\",\"url\":\"https:\/\/tuzlainfo.ba\/wp-content\/uploads\/2021\/09\/2709_narko_policija.jpg\",\"contentUrl\":\"https:\/\/tuzlainfo.ba\/wp-content\/uploads\/2021\/09\/2709_narko_policija.jpg\",\"width\":800,\"height\":505},{\"@type\":\"BreadcrumbList\",\"@id\":\"https:\/\/tuzlainfo.ba\/index.php\/clanci\/sa-svih-strana\/item\/149133-razbijen-balkanski-kokain-kartel-optuzena-61-osoba\/#breadcrumb\",\"itemListElement\":[{\"@type\":\"ListItem\",\"position\":1,\"name\":\"Home\",\"item\":\"https:\/\/tuzlainfo.ba\/\"},{\"@type\":\"ListItem\",\"position\":2,\"name\":\"Razbijen balkanski \u201ckokain\u201d kartel, optu\u017eena 61 osoba\"}]},{\"@type\":\"WebSite\",\"@id\":\"https:\/\/tuzlainfo.ba\/#website\",\"url\":\"https:\/\/tuzlainfo.ba\/\",\"name\":\"TuzlaInfo.ba\",\"description\":\"Tuzla info, gradski informator - Tuzla na dlanu\",\"publisher\":{\"@id\":\"https:\/\/tuzlainfo.ba\/#organization\"},\"potentialAction\":[{\"@type\":\"SearchAction\",\"target\":{\"@type\":\"EntryPoint\",\"urlTemplate\":\"https:\/\/tuzlainfo.ba\/?s={search_term_string}\"},\"query-input\":{\"@type\":\"PropertyValueSpecification\",\"valueRequired\":true,\"valueName\":\"search_term_string\"}}],\"inLanguage\":\"bs-BA\"},{\"@type\":\"Organization\",\"@id\":\"https:\/\/tuzlainfo.ba\/#organization\",\"name\":\"TuzlaInfo.ba\",\"url\":\"https:\/\/tuzlainfo.ba\/\",\"logo\":{\"@type\":\"ImageObject\",\"inLanguage\":\"bs-BA\",\"@id\":\"https:\/\/tuzlainfo.ba\/#\/schema\/logo\/image\/\",\"url\":\"https:\/\/tuzlainfo.ba\/wp-content\/uploads\/2021\/03\/logo-ver-3-1.png\",\"contentUrl\":\"https:\/\/tuzlainfo.ba\/wp-content\/uploads\/2021\/03\/logo-ver-3-1.png\",\"width\":350,\"height\":95,\"caption\":\"TuzlaInfo.ba\"},\"image\":{\"@id\":\"https:\/\/tuzlainfo.ba\/#\/schema\/logo\/image\/\"},\"sameAs\":[\"https:\/\/www.facebook.com\/tuzlainfo.ba\/\"]},{\"@type\":\"Person\",\"@id\":\"https:\/\/tuzlainfo.ba\/#\/schema\/person\/46cad4c57790cbc50781edd14870825a\",\"name\":\"Tuzla Info\",\"image\":{\"@type\":\"ImageObject\",\"inLanguage\":\"bs-BA\",\"@id\":\"https:\/\/tuzlainfo.ba\/#\/schema\/person\/image\/\",\"url\":\"https:\/\/tuzlainfo.ba\/wp-content\/litespeed\/avatar\/b6c453a6c38e3654f2e4416c643fc25c.jpg?ver=1777051911\",\"contentUrl\":\"https:\/\/tuzlainfo.ba\/wp-content\/litespeed\/avatar\/b6c453a6c38e3654f2e4416c643fc25c.jpg?ver=1777051911\",\"caption\":\"Tuzla Info\"}}]}<\/script>\n<!-- \/ Yoast SEO plugin. -->","yoast_head_json":{"title":"Razbijen balkanski \u201ckokain\u201d kartel, optu\u017eena 61 osoba - TuzlaInfo.ba","robots":{"index":"index","follow":"follow","max-snippet":"max-snippet:-1","max-image-preview":"max-image-preview:large","max-video-preview":"max-video-preview:-1"},"canonical":"https:\/\/tuzlainfo.ba\/index.php\/clanci\/sa-svih-strana\/item\/149133-razbijen-balkanski-kokain-kartel-optuzena-61-osoba\/","og_locale":"bs_BA","og_type":"article","og_title":"Razbijen balkanski \u201ckokain\u201d kartel, optu\u017eena 61 osoba - TuzlaInfo.ba","og_description":"U nezapam\u0107enoj me\u0111unarodnoj policijskoj operaciji u kojoj je u\u010destvovalo osam zemalja, razbijen je &#8220;balkanski narko&hellip;","og_url":"https:\/\/tuzlainfo.ba\/index.php\/clanci\/sa-svih-strana\/item\/149133-razbijen-balkanski-kokain-kartel-optuzena-61-osoba\/","og_site_name":"TuzlaInfo.ba","article_publisher":"https:\/\/www.facebook.com\/tuzlainfo.ba\/","article_published_time":"2021-09-27T15:28:36+00:00","article_modified_time":"2021-09-27T12:54:58+00:00","og_image":[{"width":800,"height":505,"url":"https:\/\/tuzlainfo.ba\/wp-content\/uploads\/2021\/09\/2709_narko_policija.jpg","type":"image\/jpeg"}],"author":"Tuzla Info","twitter_card":"summary_large_image","twitter_misc":{"Written by":"Tuzla Info","Est. reading time":"2 minute"},"schema":{"@context":"https:\/\/schema.org","@graph":[{"@type":"Article","@id":"https:\/\/tuzlainfo.ba\/index.php\/clanci\/sa-svih-strana\/item\/149133-razbijen-balkanski-kokain-kartel-optuzena-61-osoba\/#article","isPartOf":{"@id":"https:\/\/tuzlainfo.ba\/index.php\/clanci\/sa-svih-strana\/item\/149133-razbijen-balkanski-kokain-kartel-optuzena-61-osoba\/"},"author":{"name":"Tuzla Info","@id":"https:\/\/tuzlainfo.ba\/#\/schema\/person\/46cad4c57790cbc50781edd14870825a"},"headline":"Razbijen balkanski \u201ckokain\u201d kartel, optu\u017eena 61 osoba","datePublished":"2021-09-27T15:28:36+00:00","dateModified":"2021-09-27T12:54:58+00:00","mainEntityOfPage":{"@id":"https:\/\/tuzlainfo.ba\/index.php\/clanci\/sa-svih-strana\/item\/149133-razbijen-balkanski-kokain-kartel-optuzena-61-osoba\/"},"wordCount":355,"commentCount":0,"publisher":{"@id":"https:\/\/tuzlainfo.ba\/#organization"},"image":{"@id":"https:\/\/tuzlainfo.ba\/index.php\/clanci\/sa-svih-strana\/item\/149133-razbijen-balkanski-kokain-kartel-optuzena-61-osoba\/#primaryimage"},"thumbnailUrl":"https:\/\/tuzlainfo.ba\/wp-content\/uploads\/2021\/09\/2709_narko_policija.jpg","keywords":["droga","narko kartel"],"articleSection":["Sa svih strana"],"inLanguage":"bs-BA"},{"@type":"WebPage","@id":"https:\/\/tuzlainfo.ba\/index.php\/clanci\/sa-svih-strana\/item\/149133-razbijen-balkanski-kokain-kartel-optuzena-61-osoba\/","url":"https:\/\/tuzlainfo.ba\/index.php\/clanci\/sa-svih-strana\/item\/149133-razbijen-balkanski-kokain-kartel-optuzena-61-osoba\/","name":"Razbijen balkanski \u201ckokain\u201d kartel, optu\u017eena 61 osoba - TuzlaInfo.ba","isPartOf":{"@id":"https:\/\/tuzlainfo.ba\/#website"},"primaryImageOfPage":{"@id":"https:\/\/tuzlainfo.ba\/index.php\/clanci\/sa-svih-strana\/item\/149133-razbijen-balkanski-kokain-kartel-optuzena-61-osoba\/#primaryimage"},"image":{"@id":"https:\/\/tuzlainfo.ba\/index.php\/clanci\/sa-svih-strana\/item\/149133-razbijen-balkanski-kokain-kartel-optuzena-61-osoba\/#primaryimage"},"thumbnailUrl":"https:\/\/tuzlainfo.ba\/wp-content\/uploads\/2021\/09\/2709_narko_policija.jpg","datePublished":"2021-09-27T15:28:36+00:00","dateModified":"2021-09-27T12:54:58+00:00","breadcrumb":{"@id":"https:\/\/tuzlainfo.ba\/index.php\/clanci\/sa-svih-strana\/item\/149133-razbijen-balkanski-kokain-kartel-optuzena-61-osoba\/#breadcrumb"},"inLanguage":"bs-BA","potentialAction":[{"@type":"ReadAction","target":["https:\/\/tuzlainfo.ba\/index.php\/clanci\/sa-svih-strana\/item\/149133-razbijen-balkanski-kokain-kartel-optuzena-61-osoba\/"]}]},{"@type":"ImageObject","inLanguage":"bs-BA","@id":"https:\/\/tuzlainfo.ba\/index.php\/clanci\/sa-svih-strana\/item\/149133-razbijen-balkanski-kokain-kartel-optuzena-61-osoba\/#primaryimage","url":"https:\/\/tuzlainfo.ba\/wp-content\/uploads\/2021\/09\/2709_narko_policija.jpg","contentUrl":"https:\/\/tuzlainfo.ba\/wp-content\/uploads\/2021\/09\/2709_narko_policija.jpg","width":800,"height":505},{"@type":"BreadcrumbList","@id":"https:\/\/tuzlainfo.ba\/index.php\/clanci\/sa-svih-strana\/item\/149133-razbijen-balkanski-kokain-kartel-optuzena-61-osoba\/#breadcrumb","itemListElement":[{"@type":"ListItem","position":1,"name":"Home","item":"https:\/\/tuzlainfo.ba\/"},{"@type":"ListItem","position":2,"name":"Razbijen balkanski \u201ckokain\u201d kartel, optu\u017eena 61 osoba"}]},{"@type":"WebSite","@id":"https:\/\/tuzlainfo.ba\/#website","url":"https:\/\/tuzlainfo.ba\/","name":"TuzlaInfo.ba","description":"Tuzla info, gradski informator - Tuzla na dlanu","publisher":{"@id":"https:\/\/tuzlainfo.ba\/#organization"},"potentialAction":[{"@type":"SearchAction","target":{"@type":"EntryPoint","urlTemplate":"https:\/\/tuzlainfo.ba\/?s={search_term_string}"},"query-input":{"@type":"PropertyValueSpecification","valueRequired":true,"valueName":"search_term_string"}}],"inLanguage":"bs-BA"},{"@type":"Organization","@id":"https:\/\/tuzlainfo.ba\/#organization","name":"TuzlaInfo.ba","url":"https:\/\/tuzlainfo.ba\/","logo":{"@type":"ImageObject","inLanguage":"bs-BA","@id":"https:\/\/tuzlainfo.ba\/#\/schema\/logo\/image\/","url":"https:\/\/tuzlainfo.ba\/wp-content\/uploads\/2021\/03\/logo-ver-3-1.png","contentUrl":"https:\/\/tuzlainfo.ba\/wp-content\/uploads\/2021\/03\/logo-ver-3-1.png","width":350,"height":95,"caption":"TuzlaInfo.ba"},"image":{"@id":"https:\/\/tuzlainfo.ba\/#\/schema\/logo\/image\/"},"sameAs":["https:\/\/www.facebook.com\/tuzlainfo.ba\/"]},{"@type":"Person","@id":"https:\/\/tuzlainfo.ba\/#\/schema\/person\/46cad4c57790cbc50781edd14870825a","name":"Tuzla Info","image":{"@type":"ImageObject","inLanguage":"bs-BA","@id":"https:\/\/tuzlainfo.ba\/#\/schema\/person\/image\/","url":"https:\/\/tuzlainfo.ba\/wp-content\/litespeed\/avatar\/b6c453a6c38e3654f2e4416c643fc25c.jpg?ver=1777051911","contentUrl":"https:\/\/tuzlainfo.ba\/wp-content\/litespeed\/avatar\/b6c453a6c38e3654f2e4416c643fc25c.jpg?ver=1777051911","caption":"Tuzla Info"}}]}},"_links":{"self":[{"href":"https:\/\/tuzlainfo.ba\/index.php\/wp-json\/wp\/v2\/posts\/149133"}],"collection":[{"href":"https:\/\/tuzlainfo.ba\/index.php\/wp-json\/wp\/v2\/posts"}],"about":[{"href":"https:\/\/tuzlainfo.ba\/index.php\/wp-json\/wp\/v2\/types\/post"}],"author":[{"embeddable":true,"href":"https:\/\/tuzlainfo.ba\/index.php\/wp-json\/wp\/v2\/users\/4"}],"replies":[{"embeddable":true,"href":"https:\/\/tuzlainfo.ba\/index.php\/wp-json\/wp\/v2\/comments?post=149133"}],"version-history":[{"count":0,"href":"https:\/\/tuzlainfo.ba\/index.php\/wp-json\/wp\/v2\/posts\/149133\/revisions"}],"wp:featuredmedia":[{"embeddable":true,"href":"https:\/\/tuzlainfo.ba\/index.php\/wp-json\/wp\/v2\/media\/149134"}],"wp:attachment":[{"href":"https:\/\/tuzlainfo.ba\/index.php\/wp-json\/wp\/v2\/media?parent=149133"}],"wp:term":[{"taxonomy":"category","embeddable":true,"href":"https:\/\/tuzlainfo.ba\/index.php\/wp-json\/wp\/v2\/categories?post=149133"},{"taxonomy":"post_tag","embeddable":true,"href":"https:\/\/tuzlainfo.ba\/index.php\/wp-json\/wp\/v2\/tags?post=149133"}],"curies":[{"name":"wp","href":"https:\/\/api.w.org\/{rel}","templated":true}]}}