{"id":149032,"date":"2021-09-26T20:58:51","date_gmt":"2021-09-26T18:58:51","guid":{"rendered":"https:\/\/tuzlainfo.ba\/?p=149032"},"modified":"2021-09-27T07:55:55","modified_gmt":"2021-09-27T05:55:55","slug":"u-cast-navijaca-slobode-sase-grgica-pogledajte-video-spot-za-pjesmu-zakletva","status":"publish","type":"post","link":"https:\/\/tuzlainfo.ba\/index.php\/novosti\/item\/149032-u-cast-navijaca-slobode-sase-grgica-pogledajte-video-spot-za-pjesmu-zakletva\/","title":{"rendered":"U \u010dast navija\u010da Slobode Sa\u0161e Grgi\u0107a: Pogledajte video spot za pjesmu \u201cZakletva\u201d"},"content":{"rendered":"<p>Ve\u0107 smo pisali da su alternativno artisti\u010dki projekat F91 i producent Jasmin Jati\u0107, u saradnji sa navija\u010dima FK Sloboda Tuzla, Fukarama, ekranizovali\u00a0 video spot za pjesmu \u201cZakletva\u201d,\u00a0 taj spot je nakon najave ve\u010deras postao i javan putem dru\u0161tvenih mre\u017ea.<\/p>\n<p>Rije\u010d je o navija\u010dkoj pjesmi koja veli\u010da \u201ckraljicu\u201d tuzlanskog sporta FK Slobodu a kadrovi spota snimani su prije i za vrijeme gradskog derbija FK Tuzla City \u2013 FK Sloboda Tuzla.<\/p>\n<p>Zakletva je snimljena i otpjevana u \u010dast jednog od najvjernijih Slobodinih navija\u010da, pokojnog Sa\u0161e Grgi\u0107a. U subotu, 18.9.2021. godine, navr\u0161eno je 10 godina, kako je svoju porodicu, prijatelje i omiljeni klub, zauvijek napustio Sa\u0161a, Sale Vilenjak o kome oni koji su ga poznavali imaju samo rije\u010di hvale i po\u0161tovanja. \u201eZakletva\u201c je pri\u010da o jednom gradu \u2013 jednoj ljubavi, o sportu, odanosti i prijateljstvu.<\/p>\n<p>\u201eZakletva je dokaz da se legende\u00a0 ne zaboravljaju, a da se Sloboda voli srcem svim, kada gubi ili vodi\u201d, \u00a0ka\u017ee Alija Mrkonji\u0107, idejni tvorac Projekta F91.<\/p>\n<p>Pogledajte spot:<\/p>\n<p><iframe title=\"F91 Zakletva - official video 2021\" width=\"1170\" height=\"658\" src=\"https:\/\/www.youtube.com\/embed\/u9kKHI_ewq4?feature=oembed\" frameborder=\"0\" allow=\"accelerometer; autoplay; clipboard-write; encrypted-media; gyroscope; picture-in-picture\" allowfullscreen><\/iframe><\/p>\n","protected":false},"excerpt":{"rendered":"<p>Ve\u0107 smo pisali da su alternativno artisti\u010dki projekat F91 i producent Jasmin Jati\u0107, u saradnji&hellip;<\/p>\n","protected":false},"author":2,"featured_media":148818,"comment_status":"open","ping_status":"closed","sticky":false,"template":"","format":"standard","meta":{"_acf_changed":false,"footnotes":""},"categories":[304,12,306],"tags":[2741,2742],"acf":[],"yoast_head":"<!-- This site is optimized with the Yoast SEO plugin v23.5 - https:\/\/yoast.com\/wordpress\/plugins\/seo\/ -->\n<title>U \u010dast navija\u010da Slobode Sa\u0161e Grgi\u0107a: Pogledajte video spot za pjesmu \u201cZakletva\u201d - TuzlaInfo.ba<\/title>\n<meta name=\"robots\" content=\"index, follow, max-snippet:-1, max-image-preview:large, max-video-preview:-1\" \/>\n<link rel=\"canonical\" href=\"https:\/\/tuzlainfo.ba\/index.php\/novosti\/item\/149032-u-cast-navijaca-slobode-sase-grgica-pogledajte-video-spot-za-pjesmu-zakletva\/\" \/>\n<meta property=\"og:locale\" content=\"bs_BA\" \/>\n<meta property=\"og:type\" content=\"article\" \/>\n<meta property=\"og:title\" content=\"U \u010dast navija\u010da Slobode Sa\u0161e Grgi\u0107a: Pogledajte video spot za pjesmu \u201cZakletva\u201d - TuzlaInfo.ba\" \/>\n<meta property=\"og:description\" content=\"Ve\u0107 smo pisali da su alternativno artisti\u010dki projekat F91 i producent Jasmin Jati\u0107, u saradnji&hellip;\" \/>\n<meta property=\"og:url\" content=\"https:\/\/tuzlainfo.ba\/index.php\/novosti\/item\/149032-u-cast-navijaca-slobode-sase-grgica-pogledajte-video-spot-za-pjesmu-zakletva\/\" \/>\n<meta property=\"og:site_name\" content=\"TuzlaInfo.ba\" \/>\n<meta property=\"article:publisher\" content=\"https:\/\/www.facebook.com\/tuzlainfo.ba\/\" \/>\n<meta property=\"article:published_time\" content=\"2021-09-26T18:58:51+00:00\" \/>\n<meta property=\"article:modified_time\" content=\"2021-09-27T05:55:55+00:00\" \/>\n<meta property=\"og:image\" content=\"https:\/\/tuzlainfo.ba\/wp-content\/uploads\/2021\/09\/2409_fukare2.jpg\" \/>\n\t<meta property=\"og:image:width\" content=\"1920\" \/>\n\t<meta property=\"og:image:height\" content=\"1080\" \/>\n\t<meta property=\"og:image:type\" content=\"image\/jpeg\" \/>\n<meta name=\"author\" content=\"nedim\" \/>\n<meta name=\"twitter:card\" content=\"summary_large_image\" \/>\n<meta name=\"twitter:label1\" content=\"Written by\" \/>\n\t<meta name=\"twitter:data1\" content=\"nedim\" \/>\n\t<meta name=\"twitter:label2\" content=\"Est. reading time\" \/>\n\t<meta name=\"twitter:data2\" content=\"1 minuta\" \/>\n<script type=\"application\/ld+json\" class=\"yoast-schema-graph\">{\"@context\":\"https:\/\/schema.org\",\"@graph\":[{\"@type\":\"Article\",\"@id\":\"https:\/\/tuzlainfo.ba\/index.php\/novosti\/item\/149032-u-cast-navijaca-slobode-sase-grgica-pogledajte-video-spot-za-pjesmu-zakletva\/#article\",\"isPartOf\":{\"@id\":\"https:\/\/tuzlainfo.ba\/index.php\/novosti\/item\/149032-u-cast-navijaca-slobode-sase-grgica-pogledajte-video-spot-za-pjesmu-zakletva\/\"},\"author\":{\"name\":\"nedim\",\"@id\":\"https:\/\/tuzlainfo.ba\/#\/schema\/person\/f434e20dc27ea133923aab08451b7f7f\"},\"headline\":\"U \u010dast navija\u010da Slobode Sa\u0161e Grgi\u0107a: Pogledajte video spot za pjesmu \u201cZakletva\u201d\",\"datePublished\":\"2021-09-26T18:58:51+00:00\",\"dateModified\":\"2021-09-27T05:55:55+00:00\",\"mainEntityOfPage\":{\"@id\":\"https:\/\/tuzlainfo.ba\/index.php\/novosti\/item\/149032-u-cast-navijaca-slobode-sase-grgica-pogledajte-video-spot-za-pjesmu-zakletva\/\"},\"wordCount\":193,\"commentCount\":0,\"publisher\":{\"@id\":\"https:\/\/tuzlainfo.ba\/#organization\"},\"image\":{\"@id\":\"https:\/\/tuzlainfo.ba\/index.php\/novosti\/item\/149032-u-cast-navijaca-slobode-sase-grgica-pogledajte-video-spot-za-pjesmu-zakletva\/#primaryimage\"},\"thumbnailUrl\":\"https:\/\/tuzlainfo.ba\/wp-content\/uploads\/2021\/09\/2409_fukare2.jpg\",\"keywords\":[\"fukare\",\"sa\u0161a grgi\u0107\"],\"articleSection\":[\"Istaknuto\",\"Novosti\",\"Preporu\u010dujemo\"],\"inLanguage\":\"bs-BA\"},{\"@type\":\"WebPage\",\"@id\":\"https:\/\/tuzlainfo.ba\/index.php\/novosti\/item\/149032-u-cast-navijaca-slobode-sase-grgica-pogledajte-video-spot-za-pjesmu-zakletva\/\",\"url\":\"https:\/\/tuzlainfo.ba\/index.php\/novosti\/item\/149032-u-cast-navijaca-slobode-sase-grgica-pogledajte-video-spot-za-pjesmu-zakletva\/\",\"name\":\"U \u010dast navija\u010da Slobode Sa\u0161e Grgi\u0107a: Pogledajte video spot za pjesmu \u201cZakletva\u201d - TuzlaInfo.ba\",\"isPartOf\":{\"@id\":\"https:\/\/tuzlainfo.ba\/#website\"},\"primaryImageOfPage\":{\"@id\":\"https:\/\/tuzlainfo.ba\/index.php\/novosti\/item\/149032-u-cast-navijaca-slobode-sase-grgica-pogledajte-video-spot-za-pjesmu-zakletva\/#primaryimage\"},\"image\":{\"@id\":\"https:\/\/tuzlainfo.ba\/index.php\/novosti\/item\/149032-u-cast-navijaca-slobode-sase-grgica-pogledajte-video-spot-za-pjesmu-zakletva\/#primaryimage\"},\"thumbnailUrl\":\"https:\/\/tuzlainfo.ba\/wp-content\/uploads\/2021\/09\/2409_fukare2.jpg\",\"datePublished\":\"2021-09-26T18:58:51+00:00\",\"dateModified\":\"2021-09-27T05:55:55+00:00\",\"breadcrumb\":{\"@id\":\"https:\/\/tuzlainfo.ba\/index.php\/novosti\/item\/149032-u-cast-navijaca-slobode-sase-grgica-pogledajte-video-spot-za-pjesmu-zakletva\/#breadcrumb\"},\"inLanguage\":\"bs-BA\",\"potentialAction\":[{\"@type\":\"ReadAction\",\"target\":[\"https:\/\/tuzlainfo.ba\/index.php\/novosti\/item\/149032-u-cast-navijaca-slobode-sase-grgica-pogledajte-video-spot-za-pjesmu-zakletva\/\"]}]},{\"@type\":\"ImageObject\",\"inLanguage\":\"bs-BA\",\"@id\":\"https:\/\/tuzlainfo.ba\/index.php\/novosti\/item\/149032-u-cast-navijaca-slobode-sase-grgica-pogledajte-video-spot-za-pjesmu-zakletva\/#primaryimage\",\"url\":\"https:\/\/tuzlainfo.ba\/wp-content\/uploads\/2021\/09\/2409_fukare2.jpg\",\"contentUrl\":\"https:\/\/tuzlainfo.ba\/wp-content\/uploads\/2021\/09\/2409_fukare2.jpg\",\"width\":1920,\"height\":1080},{\"@type\":\"BreadcrumbList\",\"@id\":\"https:\/\/tuzlainfo.ba\/index.php\/novosti\/item\/149032-u-cast-navijaca-slobode-sase-grgica-pogledajte-video-spot-za-pjesmu-zakletva\/#breadcrumb\",\"itemListElement\":[{\"@type\":\"ListItem\",\"position\":1,\"name\":\"Home\",\"item\":\"https:\/\/tuzlainfo.ba\/\"},{\"@type\":\"ListItem\",\"position\":2,\"name\":\"U \u010dast navija\u010da Slobode Sa\u0161e Grgi\u0107a: Pogledajte video spot za pjesmu \u201cZakletva\u201d\"}]},{\"@type\":\"WebSite\",\"@id\":\"https:\/\/tuzlainfo.ba\/#website\",\"url\":\"https:\/\/tuzlainfo.ba\/\",\"name\":\"TuzlaInfo.ba\",\"description\":\"Tuzla info, gradski informator - Tuzla na dlanu\",\"publisher\":{\"@id\":\"https:\/\/tuzlainfo.ba\/#organization\"},\"potentialAction\":[{\"@type\":\"SearchAction\",\"target\":{\"@type\":\"EntryPoint\",\"urlTemplate\":\"https:\/\/tuzlainfo.ba\/?s={search_term_string}\"},\"query-input\":{\"@type\":\"PropertyValueSpecification\",\"valueRequired\":true,\"valueName\":\"search_term_string\"}}],\"inLanguage\":\"bs-BA\"},{\"@type\":\"Organization\",\"@id\":\"https:\/\/tuzlainfo.ba\/#organization\",\"name\":\"TuzlaInfo.ba\",\"url\":\"https:\/\/tuzlainfo.ba\/\",\"logo\":{\"@type\":\"ImageObject\",\"inLanguage\":\"bs-BA\",\"@id\":\"https:\/\/tuzlainfo.ba\/#\/schema\/logo\/image\/\",\"url\":\"https:\/\/tuzlainfo.ba\/wp-content\/uploads\/2021\/03\/logo-ver-3-1.png\",\"contentUrl\":\"https:\/\/tuzlainfo.ba\/wp-content\/uploads\/2021\/03\/logo-ver-3-1.png\",\"width\":350,\"height\":95,\"caption\":\"TuzlaInfo.ba\"},\"image\":{\"@id\":\"https:\/\/tuzlainfo.ba\/#\/schema\/logo\/image\/\"},\"sameAs\":[\"https:\/\/www.facebook.com\/tuzlainfo.ba\/\"]},{\"@type\":\"Person\",\"@id\":\"https:\/\/tuzlainfo.ba\/#\/schema\/person\/f434e20dc27ea133923aab08451b7f7f\",\"name\":\"nedim\",\"image\":{\"@type\":\"ImageObject\",\"inLanguage\":\"bs-BA\",\"@id\":\"https:\/\/tuzlainfo.ba\/#\/schema\/person\/image\/\",\"url\":\"https:\/\/tuzlainfo.ba\/wp-content\/litespeed\/avatar\/aabad687af24844af817603ac1cbdc4f.jpg?ver=1776702173\",\"contentUrl\":\"https:\/\/tuzlainfo.ba\/wp-content\/litespeed\/avatar\/aabad687af24844af817603ac1cbdc4f.jpg?ver=1776702173\",\"caption\":\"nedim\"},\"description\":\"Tuzlainfo.ba pratite na dru\u0161tvenim mre\u017eama: Facebook, Instagram i Youtube. Svoje pri\u010de, upite i fotografije \u0161aljite na na\u0161u e-mail adresu.\"}]}<\/script>\n<!-- \/ Yoast SEO plugin. -->","yoast_head_json":{"title":"U \u010dast navija\u010da Slobode Sa\u0161e Grgi\u0107a: Pogledajte video spot za pjesmu \u201cZakletva\u201d - TuzlaInfo.ba","robots":{"index":"index","follow":"follow","max-snippet":"max-snippet:-1","max-image-preview":"max-image-preview:large","max-video-preview":"max-video-preview:-1"},"canonical":"https:\/\/tuzlainfo.ba\/index.php\/novosti\/item\/149032-u-cast-navijaca-slobode-sase-grgica-pogledajte-video-spot-za-pjesmu-zakletva\/","og_locale":"bs_BA","og_type":"article","og_title":"U \u010dast navija\u010da Slobode Sa\u0161e Grgi\u0107a: Pogledajte video spot za pjesmu \u201cZakletva\u201d - TuzlaInfo.ba","og_description":"Ve\u0107 smo pisali da su alternativno artisti\u010dki projekat F91 i producent Jasmin Jati\u0107, u saradnji&hellip;","og_url":"https:\/\/tuzlainfo.ba\/index.php\/novosti\/item\/149032-u-cast-navijaca-slobode-sase-grgica-pogledajte-video-spot-za-pjesmu-zakletva\/","og_site_name":"TuzlaInfo.ba","article_publisher":"https:\/\/www.facebook.com\/tuzlainfo.ba\/","article_published_time":"2021-09-26T18:58:51+00:00","article_modified_time":"2021-09-27T05:55:55+00:00","og_image":[{"width":1920,"height":1080,"url":"https:\/\/tuzlainfo.ba\/wp-content\/uploads\/2021\/09\/2409_fukare2.jpg","type":"image\/jpeg"}],"author":"nedim","twitter_card":"summary_large_image","twitter_misc":{"Written by":"nedim","Est. reading time":"1 minuta"},"schema":{"@context":"https:\/\/schema.org","@graph":[{"@type":"Article","@id":"https:\/\/tuzlainfo.ba\/index.php\/novosti\/item\/149032-u-cast-navijaca-slobode-sase-grgica-pogledajte-video-spot-za-pjesmu-zakletva\/#article","isPartOf":{"@id":"https:\/\/tuzlainfo.ba\/index.php\/novosti\/item\/149032-u-cast-navijaca-slobode-sase-grgica-pogledajte-video-spot-za-pjesmu-zakletva\/"},"author":{"name":"nedim","@id":"https:\/\/tuzlainfo.ba\/#\/schema\/person\/f434e20dc27ea133923aab08451b7f7f"},"headline":"U \u010dast navija\u010da Slobode Sa\u0161e Grgi\u0107a: Pogledajte video spot za pjesmu \u201cZakletva\u201d","datePublished":"2021-09-26T18:58:51+00:00","dateModified":"2021-09-27T05:55:55+00:00","mainEntityOfPage":{"@id":"https:\/\/tuzlainfo.ba\/index.php\/novosti\/item\/149032-u-cast-navijaca-slobode-sase-grgica-pogledajte-video-spot-za-pjesmu-zakletva\/"},"wordCount":193,"commentCount":0,"publisher":{"@id":"https:\/\/tuzlainfo.ba\/#organization"},"image":{"@id":"https:\/\/tuzlainfo.ba\/index.php\/novosti\/item\/149032-u-cast-navijaca-slobode-sase-grgica-pogledajte-video-spot-za-pjesmu-zakletva\/#primaryimage"},"thumbnailUrl":"https:\/\/tuzlainfo.ba\/wp-content\/uploads\/2021\/09\/2409_fukare2.jpg","keywords":["fukare","sa\u0161a grgi\u0107"],"articleSection":["Istaknuto","Novosti","Preporu\u010dujemo"],"inLanguage":"bs-BA"},{"@type":"WebPage","@id":"https:\/\/tuzlainfo.ba\/index.php\/novosti\/item\/149032-u-cast-navijaca-slobode-sase-grgica-pogledajte-video-spot-za-pjesmu-zakletva\/","url":"https:\/\/tuzlainfo.ba\/index.php\/novosti\/item\/149032-u-cast-navijaca-slobode-sase-grgica-pogledajte-video-spot-za-pjesmu-zakletva\/","name":"U \u010dast navija\u010da Slobode Sa\u0161e Grgi\u0107a: Pogledajte video spot za pjesmu \u201cZakletva\u201d - TuzlaInfo.ba","isPartOf":{"@id":"https:\/\/tuzlainfo.ba\/#website"},"primaryImageOfPage":{"@id":"https:\/\/tuzlainfo.ba\/index.php\/novosti\/item\/149032-u-cast-navijaca-slobode-sase-grgica-pogledajte-video-spot-za-pjesmu-zakletva\/#primaryimage"},"image":{"@id":"https:\/\/tuzlainfo.ba\/index.php\/novosti\/item\/149032-u-cast-navijaca-slobode-sase-grgica-pogledajte-video-spot-za-pjesmu-zakletva\/#primaryimage"},"thumbnailUrl":"https:\/\/tuzlainfo.ba\/wp-content\/uploads\/2021\/09\/2409_fukare2.jpg","datePublished":"2021-09-26T18:58:51+00:00","dateModified":"2021-09-27T05:55:55+00:00","breadcrumb":{"@id":"https:\/\/tuzlainfo.ba\/index.php\/novosti\/item\/149032-u-cast-navijaca-slobode-sase-grgica-pogledajte-video-spot-za-pjesmu-zakletva\/#breadcrumb"},"inLanguage":"bs-BA","potentialAction":[{"@type":"ReadAction","target":["https:\/\/tuzlainfo.ba\/index.php\/novosti\/item\/149032-u-cast-navijaca-slobode-sase-grgica-pogledajte-video-spot-za-pjesmu-zakletva\/"]}]},{"@type":"ImageObject","inLanguage":"bs-BA","@id":"https:\/\/tuzlainfo.ba\/index.php\/novosti\/item\/149032-u-cast-navijaca-slobode-sase-grgica-pogledajte-video-spot-za-pjesmu-zakletva\/#primaryimage","url":"https:\/\/tuzlainfo.ba\/wp-content\/uploads\/2021\/09\/2409_fukare2.jpg","contentUrl":"https:\/\/tuzlainfo.ba\/wp-content\/uploads\/2021\/09\/2409_fukare2.jpg","width":1920,"height":1080},{"@type":"BreadcrumbList","@id":"https:\/\/tuzlainfo.ba\/index.php\/novosti\/item\/149032-u-cast-navijaca-slobode-sase-grgica-pogledajte-video-spot-za-pjesmu-zakletva\/#breadcrumb","itemListElement":[{"@type":"ListItem","position":1,"name":"Home","item":"https:\/\/tuzlainfo.ba\/"},{"@type":"ListItem","position":2,"name":"U \u010dast navija\u010da Slobode Sa\u0161e Grgi\u0107a: Pogledajte video spot za pjesmu \u201cZakletva\u201d"}]},{"@type":"WebSite","@id":"https:\/\/tuzlainfo.ba\/#website","url":"https:\/\/tuzlainfo.ba\/","name":"TuzlaInfo.ba","description":"Tuzla info, gradski informator - Tuzla na dlanu","publisher":{"@id":"https:\/\/tuzlainfo.ba\/#organization"},"potentialAction":[{"@type":"SearchAction","target":{"@type":"EntryPoint","urlTemplate":"https:\/\/tuzlainfo.ba\/?s={search_term_string}"},"query-input":{"@type":"PropertyValueSpecification","valueRequired":true,"valueName":"search_term_string"}}],"inLanguage":"bs-BA"},{"@type":"Organization","@id":"https:\/\/tuzlainfo.ba\/#organization","name":"TuzlaInfo.ba","url":"https:\/\/tuzlainfo.ba\/","logo":{"@type":"ImageObject","inLanguage":"bs-BA","@id":"https:\/\/tuzlainfo.ba\/#\/schema\/logo\/image\/","url":"https:\/\/tuzlainfo.ba\/wp-content\/uploads\/2021\/03\/logo-ver-3-1.png","contentUrl":"https:\/\/tuzlainfo.ba\/wp-content\/uploads\/2021\/03\/logo-ver-3-1.png","width":350,"height":95,"caption":"TuzlaInfo.ba"},"image":{"@id":"https:\/\/tuzlainfo.ba\/#\/schema\/logo\/image\/"},"sameAs":["https:\/\/www.facebook.com\/tuzlainfo.ba\/"]},{"@type":"Person","@id":"https:\/\/tuzlainfo.ba\/#\/schema\/person\/f434e20dc27ea133923aab08451b7f7f","name":"nedim","image":{"@type":"ImageObject","inLanguage":"bs-BA","@id":"https:\/\/tuzlainfo.ba\/#\/schema\/person\/image\/","url":"https:\/\/tuzlainfo.ba\/wp-content\/litespeed\/avatar\/aabad687af24844af817603ac1cbdc4f.jpg?ver=1776702173","contentUrl":"https:\/\/tuzlainfo.ba\/wp-content\/litespeed\/avatar\/aabad687af24844af817603ac1cbdc4f.jpg?ver=1776702173","caption":"nedim"},"description":"Tuzlainfo.ba pratite na dru\u0161tvenim mre\u017eama: Facebook, Instagram i Youtube. Svoje pri\u010de, upite i fotografije \u0161aljite na na\u0161u e-mail adresu."}]}},"_links":{"self":[{"href":"https:\/\/tuzlainfo.ba\/index.php\/wp-json\/wp\/v2\/posts\/149032"}],"collection":[{"href":"https:\/\/tuzlainfo.ba\/index.php\/wp-json\/wp\/v2\/posts"}],"about":[{"href":"https:\/\/tuzlainfo.ba\/index.php\/wp-json\/wp\/v2\/types\/post"}],"author":[{"embeddable":true,"href":"https:\/\/tuzlainfo.ba\/index.php\/wp-json\/wp\/v2\/users\/2"}],"replies":[{"embeddable":true,"href":"https:\/\/tuzlainfo.ba\/index.php\/wp-json\/wp\/v2\/comments?post=149032"}],"version-history":[{"count":0,"href":"https:\/\/tuzlainfo.ba\/index.php\/wp-json\/wp\/v2\/posts\/149032\/revisions"}],"wp:featuredmedia":[{"embeddable":true,"href":"https:\/\/tuzlainfo.ba\/index.php\/wp-json\/wp\/v2\/media\/148818"}],"wp:attachment":[{"href":"https:\/\/tuzlainfo.ba\/index.php\/wp-json\/wp\/v2\/media?parent=149032"}],"wp:term":[{"taxonomy":"category","embeddable":true,"href":"https:\/\/tuzlainfo.ba\/index.php\/wp-json\/wp\/v2\/categories?post=149032"},{"taxonomy":"post_tag","embeddable":true,"href":"https:\/\/tuzlainfo.ba\/index.php\/wp-json\/wp\/v2\/tags?post=149032"}],"curies":[{"name":"wp","href":"https:\/\/api.w.org\/{rel}","templated":true}]}}