{"id":148918,"date":"2021-09-25T09:00:17","date_gmt":"2021-09-25T07:00:17","guid":{"rendered":"https:\/\/tuzlainfo.ba\/?p=148918"},"modified":"2021-09-25T09:00:17","modified_gmt":"2021-09-25T07:00:17","slug":"bkc-tk-publika-odusevljena-premijernim-izvodjenjem-kuce-bez-vrata-veceras-prva-repriza","status":"publish","type":"post","link":"https:\/\/tuzlainfo.ba\/index.php\/novosti\/item\/148918-bkc-tk-publika-odusevljena-premijernim-izvodjenjem-kuce-bez-vrata-veceras-prva-repriza\/","title":{"rendered":"BKC TK: Publika odu\u0161evljena premijernim izvo\u0111enjem \u201eKu\u0107e bez vrata\u201c, ve\u010deras prva repriza"},"content":{"rendered":"<p>Predstava \u201cKu\u0107a bez vrata\u201d, nastala u produkciji Bosanskog kulturnog centra Tuzlanskog kantona i partnera premijerno je izvedena sino\u0107 na sceni Velike sale tuzlanskog BKC-a, pred maksimalnim brojem gledatelja koliko dopu\u0161taju trenutne epidemiolo\u0161ke mjere.<\/p>\n<p>Za briljantnu izvedbu predstave koja je \u00a0nastala je po motivima knji\u017eevnih djela Ned\u017eada Ibri\u0161imovi\u0107a, a \u010diju dramatrugiju i re\u017eiju potpisuje Gradimir Gojer, glumci Damir Mahmutovi\u0107, Damir Altumbabi\u0107, Alisa Brki\u0107, Faruk U\u0161\u010dupli\u0107 i Samina Mujkanovi\u0107 dobili su zaslu\u017eeni aplauz i odli\u010dnu reakciju publike.<\/p>\n<p>Svi koji predstavu nisu uspjeli pogledati sino\u0107 mogu to u\u010diniti ve\u010deras 25.09. u 19.30 sati, kada je u BKC TK na programu prva repriza, a predstava \u0107e u narednom periodu imati svoj put \u0161irom Bosne i Hercegovine.<\/p>\n<p>Cijena ulaznice za ve\u010dera\u0161nju izvedbu \u00a0je 10 KM, a sve dodatne informacije i rezervacije mogu se dobiti na telefon: 035 311 070 i direktno u Marketing slu\u017ebi BKC TK.<\/p>\n<div id=\"penci-post-gallery__13323\" class=\"penci-post-gallery-container masonry grid column-3\" data-height=\"150\" data-margin=\"3\"><div class=\"inner-gallery-masonry-container\"><div class=\"item-gallery-masonry grid\"><a class=\"\" href=\"https:\/\/tuzlainfo.ba\/wp-content\/uploads\/2021\/09\/Kuca-bez-vrata-6.jpg\"><div class=\"inner-item-masonry-gallery\"><img decoding=\"async\" src=\"https:\/\/tuzlainfo.ba\/wp-content\/uploads\/2021\/09\/Kuca-bez-vrata-6-585x390.jpg\" alt=\"\" title=\"Kuca bez vrata 6\"><\/div><\/a><\/div><div class=\"item-gallery-masonry grid\"><a class=\"\" href=\"https:\/\/tuzlainfo.ba\/wp-content\/uploads\/2021\/09\/Kuca-bez-vrata-5-scaled.jpg\"><div class=\"inner-item-masonry-gallery\"><img decoding=\"async\" src=\"https:\/\/tuzlainfo.ba\/wp-content\/uploads\/2021\/09\/Kuca-bez-vrata-5-585x390.jpg\" alt=\"\" title=\"Kuca bez vrata 5\"><\/div><\/a><\/div><div class=\"item-gallery-masonry grid\"><a class=\"\" href=\"https:\/\/tuzlainfo.ba\/wp-content\/uploads\/2021\/09\/Kuca-bez-vrata-4-scaled.jpg\"><div class=\"inner-item-masonry-gallery\"><img decoding=\"async\" src=\"https:\/\/tuzlainfo.ba\/wp-content\/uploads\/2021\/09\/Kuca-bez-vrata-4-585x390.jpg\" alt=\"\" title=\"Kuca bez vrata 4\"><\/div><\/a><\/div><div class=\"item-gallery-masonry grid\"><a class=\"\" href=\"https:\/\/tuzlainfo.ba\/wp-content\/uploads\/2021\/09\/Kuca-bez-vrata-3.jpg\"><div class=\"inner-item-masonry-gallery\"><img decoding=\"async\" src=\"https:\/\/tuzlainfo.ba\/wp-content\/uploads\/2021\/09\/Kuca-bez-vrata-3-585x390.jpg\" alt=\"\" title=\"Kuca bez vrata 3\"><\/div><\/a><\/div><div class=\"item-gallery-masonry grid\"><a class=\"\" href=\"https:\/\/tuzlainfo.ba\/wp-content\/uploads\/2021\/09\/Kuca-bez-vrata-2.jpg\"><div class=\"inner-item-masonry-gallery\"><img decoding=\"async\" src=\"https:\/\/tuzlainfo.ba\/wp-content\/uploads\/2021\/09\/Kuca-bez-vrata-2-585x390.jpg\" alt=\"\" title=\"Kuca bez vrata 2\"><\/div><\/a><\/div><div class=\"item-gallery-masonry grid\"><a class=\"\" href=\"https:\/\/tuzlainfo.ba\/wp-content\/uploads\/2021\/09\/Kuca-bez-vrata-1.jpg\"><div class=\"inner-item-masonry-gallery\"><img decoding=\"async\" src=\"https:\/\/tuzlainfo.ba\/wp-content\/uploads\/2021\/09\/Kuca-bez-vrata-1-585x390.jpg\" alt=\"\" title=\"Kuca bez vrata 1\"><\/div><\/a><\/div><\/div><\/div>\n<p>Inspiracija za predstavu \u201eKu\u0107a bez vrata\u201c, bazirana na iskustvima poetskog i teatra apsurda, dolazi od bogatog proznog djela akademika Ned\u017eada Ibri\u0161imovi\u0107a. U predstavi se koriste tekstovi Ibri\u0161imovi\u0107eve proze, poezije, ali i tekstovi pjesnika Rumija i samog dramatizatora i reditelja teksta.<\/p>\n<p>U predstavi igraju: <strong>Damir Mahmutovi\u0107, Damir Altumbabi\u0107, Alisa Brki\u0107, Faruk U\u0161\u010dupli\u0107 i Samina Mujkanovi\u0107<\/strong>. Scenograf je <strong>Hari Ejubovi\u0107<\/strong>, svjetlo je radio <strong>Husein Ahmeta\u0161evi\u0107<\/strong>, a ton <strong>Muharem Ibi\u0161evi\u0107 i Ejub Junuzovi\u0107<\/strong>. Producent na projektu je <strong>Hazim Muj\u010dinovi\u0107<\/strong>.<\/p>\n<p>Nosilac projekta &#8220;Ku\u0107a bez vrata&#8221;, koji pored predstave objedinjuje vi\u0161e doga\u0111aja u okviru obilje\u017eavanja 10. godi\u0161njice od smrti\u00a0 Ned\u017eada Ibri\u0161imovi\u0107a je Bosanski kulturni centar TK, a koproducenti su JU Centar za kulturu i informisanje Banovi\u0107i, JU BKC \u017divinice, UG Stara \u0160kola i UG ToldArt. Pokrovitelji projekta su Ministarstvo za kulturu sport i mlade TK, Op\u0107ina Banovi\u0107i, Grad \u017divinice, Grad Tuzla, JP BH Po\u0161ta, a podr\u0161ku realizaciji projekta su dali i Meli voda, te City Cars rent a car Tuzla.<\/p>\n<p><iframe style=\"border: none; overflow: hidden;\" src=\"https:\/\/www.facebook.com\/plugins\/video.php?height=314&amp;href=https%3A%2F%2Fwww.facebook.com%2Fbkctktuzla%2Fvideos%2F269130848255995%2F&amp;show_text=false&amp;width=560&amp;t=0\" width=\"560\" height=\"314\" frameborder=\"0\" scrolling=\"no\" allowfullscreen=\"allowfullscreen\"><\/iframe><\/p>\n<p><strong>JU BKC TK<\/strong><\/p>\n","protected":false},"excerpt":{"rendered":"<p>Predstava \u201cKu\u0107a bez vrata\u201d, nastala u produkciji Bosanskog kulturnog centra Tuzlanskog kantona i partnera premijerno&hellip;<\/p>\n","protected":false},"author":2,"featured_media":148925,"comment_status":"open","ping_status":"closed","sticky":false,"template":"","format":"standard","meta":{"_acf_changed":false,"footnotes":""},"categories":[304,12],"tags":[2660,524,742],"acf":[],"yoast_head":"<!-- This site is optimized with the Yoast SEO plugin v23.5 - https:\/\/yoast.com\/wordpress\/plugins\/seo\/ -->\n<title>BKC TK: Publika odu\u0161evljena premijernim izvo\u0111enjem \u201eKu\u0107e bez vrata\u201c, ve\u010deras prva repriza - TuzlaInfo.ba<\/title>\n<meta name=\"robots\" content=\"index, follow, max-snippet:-1, max-image-preview:large, max-video-preview:-1\" \/>\n<link rel=\"canonical\" href=\"https:\/\/tuzlainfo.ba\/index.php\/novosti\/item\/148918-bkc-tk-publika-odusevljena-premijernim-izvodjenjem-kuce-bez-vrata-veceras-prva-repriza\/\" \/>\n<meta property=\"og:locale\" content=\"bs_BA\" \/>\n<meta property=\"og:type\" content=\"article\" \/>\n<meta property=\"og:title\" content=\"BKC TK: Publika odu\u0161evljena premijernim izvo\u0111enjem \u201eKu\u0107e bez vrata\u201c, ve\u010deras prva repriza - TuzlaInfo.ba\" \/>\n<meta property=\"og:description\" content=\"Predstava \u201cKu\u0107a bez vrata\u201d, nastala u produkciji Bosanskog kulturnog centra Tuzlanskog kantona i partnera premijerno&hellip;\" \/>\n<meta property=\"og:url\" content=\"https:\/\/tuzlainfo.ba\/index.php\/novosti\/item\/148918-bkc-tk-publika-odusevljena-premijernim-izvodjenjem-kuce-bez-vrata-veceras-prva-repriza\/\" \/>\n<meta property=\"og:site_name\" content=\"TuzlaInfo.ba\" \/>\n<meta property=\"article:publisher\" content=\"https:\/\/www.facebook.com\/tuzlainfo.ba\/\" \/>\n<meta property=\"article:published_time\" content=\"2021-09-25T07:00:17+00:00\" \/>\n<meta property=\"og:image\" content=\"https:\/\/tuzlainfo.ba\/wp-content\/uploads\/2021\/09\/Premijera-3.jpg\" \/>\n\t<meta property=\"og:image:width\" content=\"2000\" \/>\n\t<meta property=\"og:image:height\" content=\"1185\" \/>\n\t<meta property=\"og:image:type\" content=\"image\/jpeg\" \/>\n<meta name=\"author\" content=\"nedim\" \/>\n<meta name=\"twitter:card\" content=\"summary_large_image\" \/>\n<meta name=\"twitter:label1\" content=\"Written by\" \/>\n\t<meta name=\"twitter:data1\" content=\"nedim\" \/>\n\t<meta name=\"twitter:label2\" content=\"Est. reading time\" \/>\n\t<meta name=\"twitter:data2\" content=\"2 minute\" \/>\n<script type=\"application\/ld+json\" class=\"yoast-schema-graph\">{\"@context\":\"https:\/\/schema.org\",\"@graph\":[{\"@type\":\"Article\",\"@id\":\"https:\/\/tuzlainfo.ba\/index.php\/novosti\/item\/148918-bkc-tk-publika-odusevljena-premijernim-izvodjenjem-kuce-bez-vrata-veceras-prva-repriza\/#article\",\"isPartOf\":{\"@id\":\"https:\/\/tuzlainfo.ba\/index.php\/novosti\/item\/148918-bkc-tk-publika-odusevljena-premijernim-izvodjenjem-kuce-bez-vrata-veceras-prva-repriza\/\"},\"author\":{\"name\":\"nedim\",\"@id\":\"https:\/\/tuzlainfo.ba\/#\/schema\/person\/f434e20dc27ea133923aab08451b7f7f\"},\"headline\":\"BKC TK: Publika odu\u0161evljena premijernim izvo\u0111enjem \u201eKu\u0107e bez vrata\u201c, ve\u010deras prva repriza\",\"datePublished\":\"2021-09-25T07:00:17+00:00\",\"dateModified\":\"2021-09-25T07:00:17+00:00\",\"mainEntityOfPage\":{\"@id\":\"https:\/\/tuzlainfo.ba\/index.php\/novosti\/item\/148918-bkc-tk-publika-odusevljena-premijernim-izvodjenjem-kuce-bez-vrata-veceras-prva-repriza\/\"},\"wordCount\":352,\"commentCount\":0,\"publisher\":{\"@id\":\"https:\/\/tuzlainfo.ba\/#organization\"},\"image\":{\"@id\":\"https:\/\/tuzlainfo.ba\/index.php\/novosti\/item\/148918-bkc-tk-publika-odusevljena-premijernim-izvodjenjem-kuce-bez-vrata-veceras-prva-repriza\/#primaryimage\"},\"thumbnailUrl\":\"https:\/\/tuzlainfo.ba\/wp-content\/uploads\/2021\/09\/Premijera-3.jpg\",\"keywords\":[\"\u201cKu\u0107a bez vrata\u201d\",\"bkc tk\",\"bkc tuzla\"],\"articleSection\":[\"Istaknuto\",\"Novosti\"],\"inLanguage\":\"bs-BA\"},{\"@type\":\"WebPage\",\"@id\":\"https:\/\/tuzlainfo.ba\/index.php\/novosti\/item\/148918-bkc-tk-publika-odusevljena-premijernim-izvodjenjem-kuce-bez-vrata-veceras-prva-repriza\/\",\"url\":\"https:\/\/tuzlainfo.ba\/index.php\/novosti\/item\/148918-bkc-tk-publika-odusevljena-premijernim-izvodjenjem-kuce-bez-vrata-veceras-prva-repriza\/\",\"name\":\"BKC TK: Publika odu\u0161evljena premijernim izvo\u0111enjem \u201eKu\u0107e bez vrata\u201c, ve\u010deras prva repriza - TuzlaInfo.ba\",\"isPartOf\":{\"@id\":\"https:\/\/tuzlainfo.ba\/#website\"},\"primaryImageOfPage\":{\"@id\":\"https:\/\/tuzlainfo.ba\/index.php\/novosti\/item\/148918-bkc-tk-publika-odusevljena-premijernim-izvodjenjem-kuce-bez-vrata-veceras-prva-repriza\/#primaryimage\"},\"image\":{\"@id\":\"https:\/\/tuzlainfo.ba\/index.php\/novosti\/item\/148918-bkc-tk-publika-odusevljena-premijernim-izvodjenjem-kuce-bez-vrata-veceras-prva-repriza\/#primaryimage\"},\"thumbnailUrl\":\"https:\/\/tuzlainfo.ba\/wp-content\/uploads\/2021\/09\/Premijera-3.jpg\",\"datePublished\":\"2021-09-25T07:00:17+00:00\",\"dateModified\":\"2021-09-25T07:00:17+00:00\",\"breadcrumb\":{\"@id\":\"https:\/\/tuzlainfo.ba\/index.php\/novosti\/item\/148918-bkc-tk-publika-odusevljena-premijernim-izvodjenjem-kuce-bez-vrata-veceras-prva-repriza\/#breadcrumb\"},\"inLanguage\":\"bs-BA\",\"potentialAction\":[{\"@type\":\"ReadAction\",\"target\":[\"https:\/\/tuzlainfo.ba\/index.php\/novosti\/item\/148918-bkc-tk-publika-odusevljena-premijernim-izvodjenjem-kuce-bez-vrata-veceras-prva-repriza\/\"]}]},{\"@type\":\"ImageObject\",\"inLanguage\":\"bs-BA\",\"@id\":\"https:\/\/tuzlainfo.ba\/index.php\/novosti\/item\/148918-bkc-tk-publika-odusevljena-premijernim-izvodjenjem-kuce-bez-vrata-veceras-prva-repriza\/#primaryimage\",\"url\":\"https:\/\/tuzlainfo.ba\/wp-content\/uploads\/2021\/09\/Premijera-3.jpg\",\"contentUrl\":\"https:\/\/tuzlainfo.ba\/wp-content\/uploads\/2021\/09\/Premijera-3.jpg\",\"width\":2000,\"height\":1185},{\"@type\":\"BreadcrumbList\",\"@id\":\"https:\/\/tuzlainfo.ba\/index.php\/novosti\/item\/148918-bkc-tk-publika-odusevljena-premijernim-izvodjenjem-kuce-bez-vrata-veceras-prva-repriza\/#breadcrumb\",\"itemListElement\":[{\"@type\":\"ListItem\",\"position\":1,\"name\":\"Home\",\"item\":\"https:\/\/tuzlainfo.ba\/\"},{\"@type\":\"ListItem\",\"position\":2,\"name\":\"BKC TK: Publika odu\u0161evljena premijernim izvo\u0111enjem \u201eKu\u0107e bez vrata\u201c, ve\u010deras prva repriza\"}]},{\"@type\":\"WebSite\",\"@id\":\"https:\/\/tuzlainfo.ba\/#website\",\"url\":\"https:\/\/tuzlainfo.ba\/\",\"name\":\"TuzlaInfo.ba\",\"description\":\"Tuzla info, gradski informator - Tuzla na dlanu\",\"publisher\":{\"@id\":\"https:\/\/tuzlainfo.ba\/#organization\"},\"potentialAction\":[{\"@type\":\"SearchAction\",\"target\":{\"@type\":\"EntryPoint\",\"urlTemplate\":\"https:\/\/tuzlainfo.ba\/?s={search_term_string}\"},\"query-input\":{\"@type\":\"PropertyValueSpecification\",\"valueRequired\":true,\"valueName\":\"search_term_string\"}}],\"inLanguage\":\"bs-BA\"},{\"@type\":\"Organization\",\"@id\":\"https:\/\/tuzlainfo.ba\/#organization\",\"name\":\"TuzlaInfo.ba\",\"url\":\"https:\/\/tuzlainfo.ba\/\",\"logo\":{\"@type\":\"ImageObject\",\"inLanguage\":\"bs-BA\",\"@id\":\"https:\/\/tuzlainfo.ba\/#\/schema\/logo\/image\/\",\"url\":\"https:\/\/tuzlainfo.ba\/wp-content\/uploads\/2021\/03\/logo-ver-3-1.png\",\"contentUrl\":\"https:\/\/tuzlainfo.ba\/wp-content\/uploads\/2021\/03\/logo-ver-3-1.png\",\"width\":350,\"height\":95,\"caption\":\"TuzlaInfo.ba\"},\"image\":{\"@id\":\"https:\/\/tuzlainfo.ba\/#\/schema\/logo\/image\/\"},\"sameAs\":[\"https:\/\/www.facebook.com\/tuzlainfo.ba\/\"]},{\"@type\":\"Person\",\"@id\":\"https:\/\/tuzlainfo.ba\/#\/schema\/person\/f434e20dc27ea133923aab08451b7f7f\",\"name\":\"nedim\",\"image\":{\"@type\":\"ImageObject\",\"inLanguage\":\"bs-BA\",\"@id\":\"https:\/\/tuzlainfo.ba\/#\/schema\/person\/image\/\",\"url\":\"https:\/\/tuzlainfo.ba\/wp-content\/litespeed\/avatar\/aabad687af24844af817603ac1cbdc4f.jpg?ver=1776702173\",\"contentUrl\":\"https:\/\/tuzlainfo.ba\/wp-content\/litespeed\/avatar\/aabad687af24844af817603ac1cbdc4f.jpg?ver=1776702173\",\"caption\":\"nedim\"},\"description\":\"Tuzlainfo.ba pratite na dru\u0161tvenim mre\u017eama: Facebook, Instagram i Youtube. Svoje pri\u010de, upite i fotografije \u0161aljite na na\u0161u e-mail adresu.\"}]}<\/script>\n<!-- \/ Yoast SEO plugin. -->","yoast_head_json":{"title":"BKC TK: Publika odu\u0161evljena premijernim izvo\u0111enjem \u201eKu\u0107e bez vrata\u201c, ve\u010deras prva repriza - TuzlaInfo.ba","robots":{"index":"index","follow":"follow","max-snippet":"max-snippet:-1","max-image-preview":"max-image-preview:large","max-video-preview":"max-video-preview:-1"},"canonical":"https:\/\/tuzlainfo.ba\/index.php\/novosti\/item\/148918-bkc-tk-publika-odusevljena-premijernim-izvodjenjem-kuce-bez-vrata-veceras-prva-repriza\/","og_locale":"bs_BA","og_type":"article","og_title":"BKC TK: Publika odu\u0161evljena premijernim izvo\u0111enjem \u201eKu\u0107e bez vrata\u201c, ve\u010deras prva repriza - TuzlaInfo.ba","og_description":"Predstava \u201cKu\u0107a bez vrata\u201d, nastala u produkciji Bosanskog kulturnog centra Tuzlanskog kantona i partnera premijerno&hellip;","og_url":"https:\/\/tuzlainfo.ba\/index.php\/novosti\/item\/148918-bkc-tk-publika-odusevljena-premijernim-izvodjenjem-kuce-bez-vrata-veceras-prva-repriza\/","og_site_name":"TuzlaInfo.ba","article_publisher":"https:\/\/www.facebook.com\/tuzlainfo.ba\/","article_published_time":"2021-09-25T07:00:17+00:00","og_image":[{"width":2000,"height":1185,"url":"https:\/\/tuzlainfo.ba\/wp-content\/uploads\/2021\/09\/Premijera-3.jpg","type":"image\/jpeg"}],"author":"nedim","twitter_card":"summary_large_image","twitter_misc":{"Written by":"nedim","Est. reading time":"2 minute"},"schema":{"@context":"https:\/\/schema.org","@graph":[{"@type":"Article","@id":"https:\/\/tuzlainfo.ba\/index.php\/novosti\/item\/148918-bkc-tk-publika-odusevljena-premijernim-izvodjenjem-kuce-bez-vrata-veceras-prva-repriza\/#article","isPartOf":{"@id":"https:\/\/tuzlainfo.ba\/index.php\/novosti\/item\/148918-bkc-tk-publika-odusevljena-premijernim-izvodjenjem-kuce-bez-vrata-veceras-prva-repriza\/"},"author":{"name":"nedim","@id":"https:\/\/tuzlainfo.ba\/#\/schema\/person\/f434e20dc27ea133923aab08451b7f7f"},"headline":"BKC TK: Publika odu\u0161evljena premijernim izvo\u0111enjem \u201eKu\u0107e bez vrata\u201c, ve\u010deras prva repriza","datePublished":"2021-09-25T07:00:17+00:00","dateModified":"2021-09-25T07:00:17+00:00","mainEntityOfPage":{"@id":"https:\/\/tuzlainfo.ba\/index.php\/novosti\/item\/148918-bkc-tk-publika-odusevljena-premijernim-izvodjenjem-kuce-bez-vrata-veceras-prva-repriza\/"},"wordCount":352,"commentCount":0,"publisher":{"@id":"https:\/\/tuzlainfo.ba\/#organization"},"image":{"@id":"https:\/\/tuzlainfo.ba\/index.php\/novosti\/item\/148918-bkc-tk-publika-odusevljena-premijernim-izvodjenjem-kuce-bez-vrata-veceras-prva-repriza\/#primaryimage"},"thumbnailUrl":"https:\/\/tuzlainfo.ba\/wp-content\/uploads\/2021\/09\/Premijera-3.jpg","keywords":["\u201cKu\u0107a bez vrata\u201d","bkc tk","bkc tuzla"],"articleSection":["Istaknuto","Novosti"],"inLanguage":"bs-BA"},{"@type":"WebPage","@id":"https:\/\/tuzlainfo.ba\/index.php\/novosti\/item\/148918-bkc-tk-publika-odusevljena-premijernim-izvodjenjem-kuce-bez-vrata-veceras-prva-repriza\/","url":"https:\/\/tuzlainfo.ba\/index.php\/novosti\/item\/148918-bkc-tk-publika-odusevljena-premijernim-izvodjenjem-kuce-bez-vrata-veceras-prva-repriza\/","name":"BKC TK: Publika odu\u0161evljena premijernim izvo\u0111enjem \u201eKu\u0107e bez vrata\u201c, ve\u010deras prva repriza - TuzlaInfo.ba","isPartOf":{"@id":"https:\/\/tuzlainfo.ba\/#website"},"primaryImageOfPage":{"@id":"https:\/\/tuzlainfo.ba\/index.php\/novosti\/item\/148918-bkc-tk-publika-odusevljena-premijernim-izvodjenjem-kuce-bez-vrata-veceras-prva-repriza\/#primaryimage"},"image":{"@id":"https:\/\/tuzlainfo.ba\/index.php\/novosti\/item\/148918-bkc-tk-publika-odusevljena-premijernim-izvodjenjem-kuce-bez-vrata-veceras-prva-repriza\/#primaryimage"},"thumbnailUrl":"https:\/\/tuzlainfo.ba\/wp-content\/uploads\/2021\/09\/Premijera-3.jpg","datePublished":"2021-09-25T07:00:17+00:00","dateModified":"2021-09-25T07:00:17+00:00","breadcrumb":{"@id":"https:\/\/tuzlainfo.ba\/index.php\/novosti\/item\/148918-bkc-tk-publika-odusevljena-premijernim-izvodjenjem-kuce-bez-vrata-veceras-prva-repriza\/#breadcrumb"},"inLanguage":"bs-BA","potentialAction":[{"@type":"ReadAction","target":["https:\/\/tuzlainfo.ba\/index.php\/novosti\/item\/148918-bkc-tk-publika-odusevljena-premijernim-izvodjenjem-kuce-bez-vrata-veceras-prva-repriza\/"]}]},{"@type":"ImageObject","inLanguage":"bs-BA","@id":"https:\/\/tuzlainfo.ba\/index.php\/novosti\/item\/148918-bkc-tk-publika-odusevljena-premijernim-izvodjenjem-kuce-bez-vrata-veceras-prva-repriza\/#primaryimage","url":"https:\/\/tuzlainfo.ba\/wp-content\/uploads\/2021\/09\/Premijera-3.jpg","contentUrl":"https:\/\/tuzlainfo.ba\/wp-content\/uploads\/2021\/09\/Premijera-3.jpg","width":2000,"height":1185},{"@type":"BreadcrumbList","@id":"https:\/\/tuzlainfo.ba\/index.php\/novosti\/item\/148918-bkc-tk-publika-odusevljena-premijernim-izvodjenjem-kuce-bez-vrata-veceras-prva-repriza\/#breadcrumb","itemListElement":[{"@type":"ListItem","position":1,"name":"Home","item":"https:\/\/tuzlainfo.ba\/"},{"@type":"ListItem","position":2,"name":"BKC TK: Publika odu\u0161evljena premijernim izvo\u0111enjem \u201eKu\u0107e bez vrata\u201c, ve\u010deras prva repriza"}]},{"@type":"WebSite","@id":"https:\/\/tuzlainfo.ba\/#website","url":"https:\/\/tuzlainfo.ba\/","name":"TuzlaInfo.ba","description":"Tuzla info, gradski informator - Tuzla na dlanu","publisher":{"@id":"https:\/\/tuzlainfo.ba\/#organization"},"potentialAction":[{"@type":"SearchAction","target":{"@type":"EntryPoint","urlTemplate":"https:\/\/tuzlainfo.ba\/?s={search_term_string}"},"query-input":{"@type":"PropertyValueSpecification","valueRequired":true,"valueName":"search_term_string"}}],"inLanguage":"bs-BA"},{"@type":"Organization","@id":"https:\/\/tuzlainfo.ba\/#organization","name":"TuzlaInfo.ba","url":"https:\/\/tuzlainfo.ba\/","logo":{"@type":"ImageObject","inLanguage":"bs-BA","@id":"https:\/\/tuzlainfo.ba\/#\/schema\/logo\/image\/","url":"https:\/\/tuzlainfo.ba\/wp-content\/uploads\/2021\/03\/logo-ver-3-1.png","contentUrl":"https:\/\/tuzlainfo.ba\/wp-content\/uploads\/2021\/03\/logo-ver-3-1.png","width":350,"height":95,"caption":"TuzlaInfo.ba"},"image":{"@id":"https:\/\/tuzlainfo.ba\/#\/schema\/logo\/image\/"},"sameAs":["https:\/\/www.facebook.com\/tuzlainfo.ba\/"]},{"@type":"Person","@id":"https:\/\/tuzlainfo.ba\/#\/schema\/person\/f434e20dc27ea133923aab08451b7f7f","name":"nedim","image":{"@type":"ImageObject","inLanguage":"bs-BA","@id":"https:\/\/tuzlainfo.ba\/#\/schema\/person\/image\/","url":"https:\/\/tuzlainfo.ba\/wp-content\/litespeed\/avatar\/aabad687af24844af817603ac1cbdc4f.jpg?ver=1776702173","contentUrl":"https:\/\/tuzlainfo.ba\/wp-content\/litespeed\/avatar\/aabad687af24844af817603ac1cbdc4f.jpg?ver=1776702173","caption":"nedim"},"description":"Tuzlainfo.ba pratite na dru\u0161tvenim mre\u017eama: Facebook, Instagram i Youtube. Svoje pri\u010de, upite i fotografije \u0161aljite na na\u0161u e-mail adresu."}]}},"_links":{"self":[{"href":"https:\/\/tuzlainfo.ba\/index.php\/wp-json\/wp\/v2\/posts\/148918"}],"collection":[{"href":"https:\/\/tuzlainfo.ba\/index.php\/wp-json\/wp\/v2\/posts"}],"about":[{"href":"https:\/\/tuzlainfo.ba\/index.php\/wp-json\/wp\/v2\/types\/post"}],"author":[{"embeddable":true,"href":"https:\/\/tuzlainfo.ba\/index.php\/wp-json\/wp\/v2\/users\/2"}],"replies":[{"embeddable":true,"href":"https:\/\/tuzlainfo.ba\/index.php\/wp-json\/wp\/v2\/comments?post=148918"}],"version-history":[{"count":0,"href":"https:\/\/tuzlainfo.ba\/index.php\/wp-json\/wp\/v2\/posts\/148918\/revisions"}],"wp:featuredmedia":[{"embeddable":true,"href":"https:\/\/tuzlainfo.ba\/index.php\/wp-json\/wp\/v2\/media\/148925"}],"wp:attachment":[{"href":"https:\/\/tuzlainfo.ba\/index.php\/wp-json\/wp\/v2\/media?parent=148918"}],"wp:term":[{"taxonomy":"category","embeddable":true,"href":"https:\/\/tuzlainfo.ba\/index.php\/wp-json\/wp\/v2\/categories?post=148918"},{"taxonomy":"post_tag","embeddable":true,"href":"https:\/\/tuzlainfo.ba\/index.php\/wp-json\/wp\/v2\/tags?post=148918"}],"curies":[{"name":"wp","href":"https:\/\/api.w.org\/{rel}","templated":true}]}}