{"id":148624,"date":"2021-09-22T21:00:36","date_gmt":"2021-09-22T19:00:36","guid":{"rendered":"https:\/\/tuzlainfo.ba\/?p=148624"},"modified":"2021-09-22T15:25:44","modified_gmt":"2021-09-22T13:25:44","slug":"zavrsnica-prvog-festivala-mladih-summit-u-tuzli-okupio-brojne-goste","status":"publish","type":"post","link":"https:\/\/tuzlainfo.ba\/index.php\/novosti\/item\/148624-zavrsnica-prvog-festivala-mladih-summit-u-tuzli-okupio-brojne-goste\/","title":{"rendered":"Zavr\u0161nica prvog Festivala mladih: Summit u Tuzli okupio brojne goste"},"content":{"rendered":"<p>Ju\u010der je u Hrvatskom kulturnom centru &#8220;Sveti Franjo&#8221; sve\u010dano otvoren prvi Summit mladih u Tuzlanskom kantonu.<\/p>\n<p>Summit je zaklju\u010dak Festivala mladih koji je sve\u010dano otvoren 22.08.2021. godine manifestacijom \u201eTuzla ple\u0161e\u201c i trajao je mjesec dana.<\/p>\n<p>Na sve\u010danom otvaranju prvog summita mladih u TK obratili su se Direktor Festivala mladih, Amir Zoni\u0107, Direktor Omladinskog resursnog centra Miralem Tursinovi\u0107, Zamjenik ambasadora Italije, Mateo Evangelista, Ministar za kulturu, sport i mlade Tuzlanskog kantona, Zlatan Muratovi\u0107 i Premijer Tuzlanskog kantona, prof. Kadrija Hod\u017ei\u0107.<\/p>\n<p>\u201e\u0160est lokalnih zajednica, Sapna, \u010celi\u0107, Gra\u010danica, Grada\u010dac, Lukavac i Tuzla su podr\u017eale ovaj projekat u potpunosti. Ovo nije jo\u0161 jedan Festival u kojem smo mi trebali napraviti koncerte i velike partyje, njegov cilj je bio da se upoznaju stvari na terenu, da odemo u gradove i op\u0107ine, da se upoznamo sa omladinskim organizacijama i da na neki na\u010din napravimo presjek \u0161ta se to de\u0161ava u omladinskom sektoru,\u201c kazao je direktor Festivala mladih 2021, Amir Zoni\u0107.<\/p>\n<p>Nakon sve\u010danog otvaranja imali smo panel pod nazivom \u201eObrazovanje za 21. stolje\u0107e&#8221; gdje su Tatjana Vu\u010di\u0107, direktorica Bit Alliance, prof. Kadrija Hod\u017ei\u0107, Bahrija Umihani\u0107, profesor na Ekonomskom fakultetu u Tuzli, Damir Zenunovi\u0107, profesor na Rudarsko Gra\u0111evinsko Geolo\u0161kom fakultetu u Tuzli skupa sa Zlatkom Berbi\u0107em razgovarali o planovima za Kampus UNTZ, o budu\u0107nosti obrazovanja u TK i o samoj digitalizaciji.<\/p>\n<p>Tako\u0111er prvom Summitu mladih u TK pridru\u017eili su nam se i organizatori Evropske prijestolnice mladih Novi Sad &#8211; OPENS 2019.<\/p>\n<p>\u201eNa\u0161a ideja je bila da se otvore vrata omladinskim organizacijama i da se dopuni ono \u0161to ve\u0107 imamo. Na\u0161a zajedni\u010dka delovanja mladih i omladinskih organizacija se na kraju isplatila,\u201c Vuka\u0161in Grozdanovi\u0107, koordinator OPENS-a Novi Sad.<\/p>\n<p>Sa nama su bili i predstavnici Lukavca i \u010celi\u0107a gdje se razovaralo o daljim planovima, lokalnoj politici i regionalnom potencijalu.<\/p>\n<p>Na prvom Summitu mladih \u010dast i zadovoljstvo nam je bilo ugostiti britanskog ambasadora u Bosni i Hercegovini Matta Fielda.<\/p>\n<p>Ono \u0161to Ujedinjeno Kraljevstvo \u017eeli za Bosnu i Hercegovinu jeste da bude stabilna dr\u017eava u kojoj \u0107e mladi \u017eeljeti da ostanu, istakao je ambasador Field.<\/p>\n<p>Ambasador Field je naglasio i da Ujedinjeno Kraljevstvo gra\u0111anima Bosne i Hercegovine nudi pune stipendije za master studije na bilo kom univerzitetu u UK, na koju se svake godine prijavljuje na stotine kandidata. \u201eKonkurs za Chevening stipendije za narednu akademsku godinu je trenutno otvoren i pozvao bih sve potencijalne kandidate da se prijave, jer je ovo zaista izvrsna prilika da svoje znanje unaprijede na nekom od presti\u017enih univerziteta u UK, da steknu nova iskustva i upoznaju osobe iz cijelog Srivijaya, a, po povratku u BiH, da svojim znanjem i iskustvom doprinesu razvoju svoje zemlje,\u201c rekao je ambasador Field.<\/p>\n<p>Predstavnik Vije\u0107a mladih Tuzlanskog kantona, Amar Grabi\u0107 govorio je o stanju i perspektivi mladih u TK.<\/p>\n<p>U sklopu Summita odr\u017ean je i panel na temu &#8220;Lokalne pri\u010de inspiri\u0161u.&#8221; Slobodan Blagov\u010danin ispred ORC-a Tuzlavodio je panel na kojem su diskutovali Adnan Mujki\u0107, Pozori\u0161te mladih Tuzla, Denis Be\u0107irovi\u0107, Ma\u0161inski fakultet Tuzla, Dejan Milkuni\u0107, Srednja muzi\u010dka \u0161kola Tuzla i Sandra Hurti\u0107, Pokrenite se.<\/p>\n<p>Nakon toga uslijedio je koncert Srednje muzi\u010dke \u0161kole.<\/p>\n<p>Festival mladih je u Tuzlanskom kantonu okupio hiljade mladih, spremnih da se poka\u017eu na polju umjetnosti, aktivizma, sporta, ekologije, naprednih tehnologija, nauke i inovacija.<\/p>\n<p>Festival mladih promovi\u0161e znanje, talenat i uspjeh, a mladima daje nova me\u0111unarodna poznanstva, vje\u0161tine, znanja i samopouzdanje za preuzimanje liderskih uloga. Ovo je projekat koji spaja razli\u010ditosti nastoje\u0107i da mladima pru\u017ei iskustva u \u0161irokom spektru aktivnosti i najkvalitetniji kulturni sadr\u017eaj.<\/p>\n","protected":false},"excerpt":{"rendered":"<p>Ju\u010der je u Hrvatskom kulturnom centru &#8220;Sveti Franjo&#8221; sve\u010dano otvoren prvi Summit mladih u Tuzlanskom&hellip;<\/p>\n","protected":false},"author":4,"featured_media":148625,"comment_status":"open","ping_status":"closed","sticky":false,"template":"","format":"standard","meta":{"_acf_changed":false,"footnotes":""},"categories":[304,12],"tags":[2057,2723],"acf":[],"yoast_head":"<!-- This site is optimized with the Yoast SEO plugin v23.5 - https:\/\/yoast.com\/wordpress\/plugins\/seo\/ -->\n<title>Zavr\u0161nica prvog Festivala mladih: Summit u Tuzli okupio brojne goste - TuzlaInfo.ba<\/title>\n<meta name=\"robots\" content=\"index, follow, max-snippet:-1, max-image-preview:large, max-video-preview:-1\" \/>\n<link rel=\"canonical\" href=\"https:\/\/tuzlainfo.ba\/index.php\/novosti\/item\/148624-zavrsnica-prvog-festivala-mladih-summit-u-tuzli-okupio-brojne-goste\/\" \/>\n<meta property=\"og:locale\" content=\"bs_BA\" \/>\n<meta property=\"og:type\" content=\"article\" \/>\n<meta property=\"og:title\" content=\"Zavr\u0161nica prvog Festivala mladih: Summit u Tuzli okupio brojne goste - TuzlaInfo.ba\" \/>\n<meta property=\"og:description\" content=\"Ju\u010der je u Hrvatskom kulturnom centru &#8220;Sveti Franjo&#8221; sve\u010dano otvoren prvi Summit mladih u Tuzlanskom&hellip;\" \/>\n<meta property=\"og:url\" content=\"https:\/\/tuzlainfo.ba\/index.php\/novosti\/item\/148624-zavrsnica-prvog-festivala-mladih-summit-u-tuzli-okupio-brojne-goste\/\" \/>\n<meta property=\"og:site_name\" content=\"TuzlaInfo.ba\" \/>\n<meta property=\"article:publisher\" content=\"https:\/\/www.facebook.com\/tuzlainfo.ba\/\" \/>\n<meta property=\"article:published_time\" content=\"2021-09-22T19:00:36+00:00\" \/>\n<meta property=\"article:modified_time\" content=\"2021-09-22T13:25:44+00:00\" \/>\n<meta property=\"og:image\" content=\"https:\/\/tuzlainfo.ba\/wp-content\/uploads\/2021\/09\/2209_summit-mladih.jpg\" \/>\n\t<meta property=\"og:image:width\" content=\"1200\" \/>\n\t<meta property=\"og:image:height\" content=\"800\" \/>\n\t<meta property=\"og:image:type\" content=\"image\/jpeg\" \/>\n<meta name=\"author\" content=\"Tuzla Info\" \/>\n<meta name=\"twitter:card\" content=\"summary_large_image\" \/>\n<meta name=\"twitter:label1\" content=\"Written by\" \/>\n\t<meta name=\"twitter:data1\" content=\"Tuzla Info\" \/>\n\t<meta name=\"twitter:label2\" content=\"Est. reading time\" \/>\n\t<meta name=\"twitter:data2\" content=\"3 minute\" \/>\n<script type=\"application\/ld+json\" class=\"yoast-schema-graph\">{\"@context\":\"https:\/\/schema.org\",\"@graph\":[{\"@type\":\"Article\",\"@id\":\"https:\/\/tuzlainfo.ba\/index.php\/novosti\/item\/148624-zavrsnica-prvog-festivala-mladih-summit-u-tuzli-okupio-brojne-goste\/#article\",\"isPartOf\":{\"@id\":\"https:\/\/tuzlainfo.ba\/index.php\/novosti\/item\/148624-zavrsnica-prvog-festivala-mladih-summit-u-tuzli-okupio-brojne-goste\/\"},\"author\":{\"name\":\"Tuzla Info\",\"@id\":\"https:\/\/tuzlainfo.ba\/#\/schema\/person\/46cad4c57790cbc50781edd14870825a\"},\"headline\":\"Zavr\u0161nica prvog Festivala mladih: Summit u Tuzli okupio brojne goste\",\"datePublished\":\"2021-09-22T19:00:36+00:00\",\"dateModified\":\"2021-09-22T13:25:44+00:00\",\"mainEntityOfPage\":{\"@id\":\"https:\/\/tuzlainfo.ba\/index.php\/novosti\/item\/148624-zavrsnica-prvog-festivala-mladih-summit-u-tuzli-okupio-brojne-goste\/\"},\"wordCount\":618,\"commentCount\":0,\"publisher\":{\"@id\":\"https:\/\/tuzlainfo.ba\/#organization\"},\"image\":{\"@id\":\"https:\/\/tuzlainfo.ba\/index.php\/novosti\/item\/148624-zavrsnica-prvog-festivala-mladih-summit-u-tuzli-okupio-brojne-goste\/#primaryimage\"},\"thumbnailUrl\":\"https:\/\/tuzlainfo.ba\/wp-content\/uploads\/2021\/09\/2209_summit-mladih.jpg\",\"keywords\":[\"festival mladih tuzla\",\"summit mladih tk\"],\"articleSection\":[\"Istaknuto\",\"Novosti\"],\"inLanguage\":\"bs-BA\"},{\"@type\":\"WebPage\",\"@id\":\"https:\/\/tuzlainfo.ba\/index.php\/novosti\/item\/148624-zavrsnica-prvog-festivala-mladih-summit-u-tuzli-okupio-brojne-goste\/\",\"url\":\"https:\/\/tuzlainfo.ba\/index.php\/novosti\/item\/148624-zavrsnica-prvog-festivala-mladih-summit-u-tuzli-okupio-brojne-goste\/\",\"name\":\"Zavr\u0161nica prvog Festivala mladih: Summit u Tuzli okupio brojne goste - TuzlaInfo.ba\",\"isPartOf\":{\"@id\":\"https:\/\/tuzlainfo.ba\/#website\"},\"primaryImageOfPage\":{\"@id\":\"https:\/\/tuzlainfo.ba\/index.php\/novosti\/item\/148624-zavrsnica-prvog-festivala-mladih-summit-u-tuzli-okupio-brojne-goste\/#primaryimage\"},\"image\":{\"@id\":\"https:\/\/tuzlainfo.ba\/index.php\/novosti\/item\/148624-zavrsnica-prvog-festivala-mladih-summit-u-tuzli-okupio-brojne-goste\/#primaryimage\"},\"thumbnailUrl\":\"https:\/\/tuzlainfo.ba\/wp-content\/uploads\/2021\/09\/2209_summit-mladih.jpg\",\"datePublished\":\"2021-09-22T19:00:36+00:00\",\"dateModified\":\"2021-09-22T13:25:44+00:00\",\"breadcrumb\":{\"@id\":\"https:\/\/tuzlainfo.ba\/index.php\/novosti\/item\/148624-zavrsnica-prvog-festivala-mladih-summit-u-tuzli-okupio-brojne-goste\/#breadcrumb\"},\"inLanguage\":\"bs-BA\",\"potentialAction\":[{\"@type\":\"ReadAction\",\"target\":[\"https:\/\/tuzlainfo.ba\/index.php\/novosti\/item\/148624-zavrsnica-prvog-festivala-mladih-summit-u-tuzli-okupio-brojne-goste\/\"]}]},{\"@type\":\"ImageObject\",\"inLanguage\":\"bs-BA\",\"@id\":\"https:\/\/tuzlainfo.ba\/index.php\/novosti\/item\/148624-zavrsnica-prvog-festivala-mladih-summit-u-tuzli-okupio-brojne-goste\/#primaryimage\",\"url\":\"https:\/\/tuzlainfo.ba\/wp-content\/uploads\/2021\/09\/2209_summit-mladih.jpg\",\"contentUrl\":\"https:\/\/tuzlainfo.ba\/wp-content\/uploads\/2021\/09\/2209_summit-mladih.jpg\",\"width\":1200,\"height\":800},{\"@type\":\"BreadcrumbList\",\"@id\":\"https:\/\/tuzlainfo.ba\/index.php\/novosti\/item\/148624-zavrsnica-prvog-festivala-mladih-summit-u-tuzli-okupio-brojne-goste\/#breadcrumb\",\"itemListElement\":[{\"@type\":\"ListItem\",\"position\":1,\"name\":\"Home\",\"item\":\"https:\/\/tuzlainfo.ba\/\"},{\"@type\":\"ListItem\",\"position\":2,\"name\":\"Zavr\u0161nica prvog Festivala mladih: Summit u Tuzli okupio brojne goste\"}]},{\"@type\":\"WebSite\",\"@id\":\"https:\/\/tuzlainfo.ba\/#website\",\"url\":\"https:\/\/tuzlainfo.ba\/\",\"name\":\"TuzlaInfo.ba\",\"description\":\"Tuzla info, gradski informator - Tuzla na dlanu\",\"publisher\":{\"@id\":\"https:\/\/tuzlainfo.ba\/#organization\"},\"potentialAction\":[{\"@type\":\"SearchAction\",\"target\":{\"@type\":\"EntryPoint\",\"urlTemplate\":\"https:\/\/tuzlainfo.ba\/?s={search_term_string}\"},\"query-input\":{\"@type\":\"PropertyValueSpecification\",\"valueRequired\":true,\"valueName\":\"search_term_string\"}}],\"inLanguage\":\"bs-BA\"},{\"@type\":\"Organization\",\"@id\":\"https:\/\/tuzlainfo.ba\/#organization\",\"name\":\"TuzlaInfo.ba\",\"url\":\"https:\/\/tuzlainfo.ba\/\",\"logo\":{\"@type\":\"ImageObject\",\"inLanguage\":\"bs-BA\",\"@id\":\"https:\/\/tuzlainfo.ba\/#\/schema\/logo\/image\/\",\"url\":\"https:\/\/tuzlainfo.ba\/wp-content\/uploads\/2021\/03\/logo-ver-3-1.png\",\"contentUrl\":\"https:\/\/tuzlainfo.ba\/wp-content\/uploads\/2021\/03\/logo-ver-3-1.png\",\"width\":350,\"height\":95,\"caption\":\"TuzlaInfo.ba\"},\"image\":{\"@id\":\"https:\/\/tuzlainfo.ba\/#\/schema\/logo\/image\/\"},\"sameAs\":[\"https:\/\/www.facebook.com\/tuzlainfo.ba\/\"]},{\"@type\":\"Person\",\"@id\":\"https:\/\/tuzlainfo.ba\/#\/schema\/person\/46cad4c57790cbc50781edd14870825a\",\"name\":\"Tuzla Info\",\"image\":{\"@type\":\"ImageObject\",\"inLanguage\":\"bs-BA\",\"@id\":\"https:\/\/tuzlainfo.ba\/#\/schema\/person\/image\/\",\"url\":\"https:\/\/tuzlainfo.ba\/wp-content\/litespeed\/avatar\/b6c453a6c38e3654f2e4416c643fc25c.jpg?ver=1777051911\",\"contentUrl\":\"https:\/\/tuzlainfo.ba\/wp-content\/litespeed\/avatar\/b6c453a6c38e3654f2e4416c643fc25c.jpg?ver=1777051911\",\"caption\":\"Tuzla Info\"}}]}<\/script>\n<!-- \/ Yoast SEO plugin. -->","yoast_head_json":{"title":"Zavr\u0161nica prvog Festivala mladih: Summit u Tuzli okupio brojne goste - TuzlaInfo.ba","robots":{"index":"index","follow":"follow","max-snippet":"max-snippet:-1","max-image-preview":"max-image-preview:large","max-video-preview":"max-video-preview:-1"},"canonical":"https:\/\/tuzlainfo.ba\/index.php\/novosti\/item\/148624-zavrsnica-prvog-festivala-mladih-summit-u-tuzli-okupio-brojne-goste\/","og_locale":"bs_BA","og_type":"article","og_title":"Zavr\u0161nica prvog Festivala mladih: Summit u Tuzli okupio brojne goste - TuzlaInfo.ba","og_description":"Ju\u010der je u Hrvatskom kulturnom centru &#8220;Sveti Franjo&#8221; sve\u010dano otvoren prvi Summit mladih u Tuzlanskom&hellip;","og_url":"https:\/\/tuzlainfo.ba\/index.php\/novosti\/item\/148624-zavrsnica-prvog-festivala-mladih-summit-u-tuzli-okupio-brojne-goste\/","og_site_name":"TuzlaInfo.ba","article_publisher":"https:\/\/www.facebook.com\/tuzlainfo.ba\/","article_published_time":"2021-09-22T19:00:36+00:00","article_modified_time":"2021-09-22T13:25:44+00:00","og_image":[{"width":1200,"height":800,"url":"https:\/\/tuzlainfo.ba\/wp-content\/uploads\/2021\/09\/2209_summit-mladih.jpg","type":"image\/jpeg"}],"author":"Tuzla Info","twitter_card":"summary_large_image","twitter_misc":{"Written by":"Tuzla Info","Est. reading time":"3 minute"},"schema":{"@context":"https:\/\/schema.org","@graph":[{"@type":"Article","@id":"https:\/\/tuzlainfo.ba\/index.php\/novosti\/item\/148624-zavrsnica-prvog-festivala-mladih-summit-u-tuzli-okupio-brojne-goste\/#article","isPartOf":{"@id":"https:\/\/tuzlainfo.ba\/index.php\/novosti\/item\/148624-zavrsnica-prvog-festivala-mladih-summit-u-tuzli-okupio-brojne-goste\/"},"author":{"name":"Tuzla Info","@id":"https:\/\/tuzlainfo.ba\/#\/schema\/person\/46cad4c57790cbc50781edd14870825a"},"headline":"Zavr\u0161nica prvog Festivala mladih: Summit u Tuzli okupio brojne goste","datePublished":"2021-09-22T19:00:36+00:00","dateModified":"2021-09-22T13:25:44+00:00","mainEntityOfPage":{"@id":"https:\/\/tuzlainfo.ba\/index.php\/novosti\/item\/148624-zavrsnica-prvog-festivala-mladih-summit-u-tuzli-okupio-brojne-goste\/"},"wordCount":618,"commentCount":0,"publisher":{"@id":"https:\/\/tuzlainfo.ba\/#organization"},"image":{"@id":"https:\/\/tuzlainfo.ba\/index.php\/novosti\/item\/148624-zavrsnica-prvog-festivala-mladih-summit-u-tuzli-okupio-brojne-goste\/#primaryimage"},"thumbnailUrl":"https:\/\/tuzlainfo.ba\/wp-content\/uploads\/2021\/09\/2209_summit-mladih.jpg","keywords":["festival mladih tuzla","summit mladih tk"],"articleSection":["Istaknuto","Novosti"],"inLanguage":"bs-BA"},{"@type":"WebPage","@id":"https:\/\/tuzlainfo.ba\/index.php\/novosti\/item\/148624-zavrsnica-prvog-festivala-mladih-summit-u-tuzli-okupio-brojne-goste\/","url":"https:\/\/tuzlainfo.ba\/index.php\/novosti\/item\/148624-zavrsnica-prvog-festivala-mladih-summit-u-tuzli-okupio-brojne-goste\/","name":"Zavr\u0161nica prvog Festivala mladih: Summit u Tuzli okupio brojne goste - TuzlaInfo.ba","isPartOf":{"@id":"https:\/\/tuzlainfo.ba\/#website"},"primaryImageOfPage":{"@id":"https:\/\/tuzlainfo.ba\/index.php\/novosti\/item\/148624-zavrsnica-prvog-festivala-mladih-summit-u-tuzli-okupio-brojne-goste\/#primaryimage"},"image":{"@id":"https:\/\/tuzlainfo.ba\/index.php\/novosti\/item\/148624-zavrsnica-prvog-festivala-mladih-summit-u-tuzli-okupio-brojne-goste\/#primaryimage"},"thumbnailUrl":"https:\/\/tuzlainfo.ba\/wp-content\/uploads\/2021\/09\/2209_summit-mladih.jpg","datePublished":"2021-09-22T19:00:36+00:00","dateModified":"2021-09-22T13:25:44+00:00","breadcrumb":{"@id":"https:\/\/tuzlainfo.ba\/index.php\/novosti\/item\/148624-zavrsnica-prvog-festivala-mladih-summit-u-tuzli-okupio-brojne-goste\/#breadcrumb"},"inLanguage":"bs-BA","potentialAction":[{"@type":"ReadAction","target":["https:\/\/tuzlainfo.ba\/index.php\/novosti\/item\/148624-zavrsnica-prvog-festivala-mladih-summit-u-tuzli-okupio-brojne-goste\/"]}]},{"@type":"ImageObject","inLanguage":"bs-BA","@id":"https:\/\/tuzlainfo.ba\/index.php\/novosti\/item\/148624-zavrsnica-prvog-festivala-mladih-summit-u-tuzli-okupio-brojne-goste\/#primaryimage","url":"https:\/\/tuzlainfo.ba\/wp-content\/uploads\/2021\/09\/2209_summit-mladih.jpg","contentUrl":"https:\/\/tuzlainfo.ba\/wp-content\/uploads\/2021\/09\/2209_summit-mladih.jpg","width":1200,"height":800},{"@type":"BreadcrumbList","@id":"https:\/\/tuzlainfo.ba\/index.php\/novosti\/item\/148624-zavrsnica-prvog-festivala-mladih-summit-u-tuzli-okupio-brojne-goste\/#breadcrumb","itemListElement":[{"@type":"ListItem","position":1,"name":"Home","item":"https:\/\/tuzlainfo.ba\/"},{"@type":"ListItem","position":2,"name":"Zavr\u0161nica prvog Festivala mladih: Summit u Tuzli okupio brojne goste"}]},{"@type":"WebSite","@id":"https:\/\/tuzlainfo.ba\/#website","url":"https:\/\/tuzlainfo.ba\/","name":"TuzlaInfo.ba","description":"Tuzla info, gradski informator - Tuzla na dlanu","publisher":{"@id":"https:\/\/tuzlainfo.ba\/#organization"},"potentialAction":[{"@type":"SearchAction","target":{"@type":"EntryPoint","urlTemplate":"https:\/\/tuzlainfo.ba\/?s={search_term_string}"},"query-input":{"@type":"PropertyValueSpecification","valueRequired":true,"valueName":"search_term_string"}}],"inLanguage":"bs-BA"},{"@type":"Organization","@id":"https:\/\/tuzlainfo.ba\/#organization","name":"TuzlaInfo.ba","url":"https:\/\/tuzlainfo.ba\/","logo":{"@type":"ImageObject","inLanguage":"bs-BA","@id":"https:\/\/tuzlainfo.ba\/#\/schema\/logo\/image\/","url":"https:\/\/tuzlainfo.ba\/wp-content\/uploads\/2021\/03\/logo-ver-3-1.png","contentUrl":"https:\/\/tuzlainfo.ba\/wp-content\/uploads\/2021\/03\/logo-ver-3-1.png","width":350,"height":95,"caption":"TuzlaInfo.ba"},"image":{"@id":"https:\/\/tuzlainfo.ba\/#\/schema\/logo\/image\/"},"sameAs":["https:\/\/www.facebook.com\/tuzlainfo.ba\/"]},{"@type":"Person","@id":"https:\/\/tuzlainfo.ba\/#\/schema\/person\/46cad4c57790cbc50781edd14870825a","name":"Tuzla Info","image":{"@type":"ImageObject","inLanguage":"bs-BA","@id":"https:\/\/tuzlainfo.ba\/#\/schema\/person\/image\/","url":"https:\/\/tuzlainfo.ba\/wp-content\/litespeed\/avatar\/b6c453a6c38e3654f2e4416c643fc25c.jpg?ver=1777051911","contentUrl":"https:\/\/tuzlainfo.ba\/wp-content\/litespeed\/avatar\/b6c453a6c38e3654f2e4416c643fc25c.jpg?ver=1777051911","caption":"Tuzla Info"}}]}},"_links":{"self":[{"href":"https:\/\/tuzlainfo.ba\/index.php\/wp-json\/wp\/v2\/posts\/148624"}],"collection":[{"href":"https:\/\/tuzlainfo.ba\/index.php\/wp-json\/wp\/v2\/posts"}],"about":[{"href":"https:\/\/tuzlainfo.ba\/index.php\/wp-json\/wp\/v2\/types\/post"}],"author":[{"embeddable":true,"href":"https:\/\/tuzlainfo.ba\/index.php\/wp-json\/wp\/v2\/users\/4"}],"replies":[{"embeddable":true,"href":"https:\/\/tuzlainfo.ba\/index.php\/wp-json\/wp\/v2\/comments?post=148624"}],"version-history":[{"count":0,"href":"https:\/\/tuzlainfo.ba\/index.php\/wp-json\/wp\/v2\/posts\/148624\/revisions"}],"wp:featuredmedia":[{"embeddable":true,"href":"https:\/\/tuzlainfo.ba\/index.php\/wp-json\/wp\/v2\/media\/148625"}],"wp:attachment":[{"href":"https:\/\/tuzlainfo.ba\/index.php\/wp-json\/wp\/v2\/media?parent=148624"}],"wp:term":[{"taxonomy":"category","embeddable":true,"href":"https:\/\/tuzlainfo.ba\/index.php\/wp-json\/wp\/v2\/categories?post=148624"},{"taxonomy":"post_tag","embeddable":true,"href":"https:\/\/tuzlainfo.ba\/index.php\/wp-json\/wp\/v2\/tags?post=148624"}],"curies":[{"name":"wp","href":"https:\/\/api.w.org\/{rel}","templated":true}]}}