{"id":148609,"date":"2021-09-22T11:17:10","date_gmt":"2021-09-22T09:17:10","guid":{"rendered":"https:\/\/tuzlainfo.ba\/?p=148609"},"modified":"2021-09-22T11:17:10","modified_gmt":"2021-09-22T09:17:10","slug":"nakon-stravicnog-napada-na-sudije-utakmice-velez-borac-zeljkovic-optuzuje-hasica","status":"publish","type":"post","link":"https:\/\/tuzlainfo.ba\/index.php\/bosna-i-hercegovina\/item\/148609-nakon-stravicnog-napada-na-sudije-utakmice-velez-borac-zeljkovic-optuzuje-hasica\/","title":{"rendered":"Nakon stravi\u010dnog napada na sudije utakmice Vele\u017e &#8211; Borac: Zeljkovi\u0107 optu\u017euje Hasi\u0107a!"},"content":{"rendered":"<p>Slu\u017ebene osobe Fudbalskog saveza Bosne i Hercegovine predvo\u0111ene sudijom Sabrijom Topalovi\u0107em do\u017eivjele su sino\u0107 pravi horor pri povratku iz Mostara, gdje su dijelili pravdu u utakmici izme\u0111u Vele\u017ea i Borca, koja je prekinuta pri rezultatu 0:2 nakon upada huligana na travnjak.<\/p>\n<p>Automobil u vlasni\u0161tvu glavnog arbitra Topalovi\u0107a presretnut je, a potom i zapaljen.<\/p>\n<p>&#8211; U tunelu Lendava u Jablanici, &#8220;golf pet&#8221; presreo je &#8220;mercedes&#8221; u kojem su se kretali djelatnici Fudbalskog saveza BiH. Na autu su nanijeli ve\u0107u materijalnu \u0161tetu, razbili prednje vjetrobransko staklo, ubacili baklju u vozilo, vozilo je izgorjelo. Jedna osoba je zadobila povrede i ukazana joj je pomo\u0107 u Domu zdravlja Jablanica &#8211; rekao je za Faktor portparol MUP-a Hercegova\u010dko-neretvanskog kantona Ljudevit Mari\u0107.<\/p>\n<p>On je dodao da policija traga za po\u010diniteljima.<\/p>\n<p>Predsjednik Nogometnog saveza Bosne i Hercegovine Vico Zeljkovi\u0107 najo\u0161trije je osudio sino\u0107nji huliganski napad na sudiju Sabriju Topalovi\u0107a nakon utakmice izme\u0111u Vele\u017ea i Borca.<\/p>\n<p>&#8220;Najo\u0161trije osu\u0111ujem sino\u0107nja de\u0161avanja. Takvim stvarima nije mjesto u sportu, u nogometu i u dru\u0161tvu. Za danas su zakazane vanredne sjednice Takmi\u010darske i Disicplinske komisije NS BiH i o\u010dekujem najstro\u017eije kazne za organizatora utakmice FK Vele\u017e, ali i za njihovog predsjednika \u0160emsudina Hasi\u0107a koji je izazvao sve ovo \u0161to se desilo&#8221;, kazao je Zeljkovi\u0107 za Klix.ba, objasniv\u0161i svoj stav:<\/p>\n<p>&#8220;Hasi\u0107 mjesecima u medijima daje zapaljive izjave i ide putem koji nije nogometni, ali to je njegov izbor i sramota. To \u0161to obr\u0107e stotine miliona KM u zdravstvu i \u0161to je dobar privrednik zaslu\u017euje \u010destitke, ali u nogomet je zalutao. Napad koji se desio na sudije mogao je zavr\u0161iti tragi\u010dno i mogle su pasti mrtve glave. Zato \u0107emo tra\u017eiti najo\u0161trije mogu\u0107e kazne i da stanemo tome ukraj, jer NS BiH je ozbiljna organizacija koja mora da stane iza slu\u017ebenih osoba i sigurno kazna mora biti drasti\u010dna za primjer drugima&#8221;, istakao je Zeljkovi\u0107.<\/p>\n","protected":false},"excerpt":{"rendered":"<p>Slu\u017ebene osobe Fudbalskog saveza Bosne i Hercegovine predvo\u0111ene sudijom Sabrijom Topalovi\u0107em do\u017eivjele su sino\u0107 pravi&hellip;<\/p>\n","protected":false},"author":2,"featured_media":148610,"comment_status":"open","ping_status":"closed","sticky":false,"template":"","format":"standard","meta":{"_acf_changed":false,"footnotes":""},"categories":[291],"tags":[2530,915],"acf":[],"yoast_head":"<!-- This site is optimized with the Yoast SEO plugin v23.5 - https:\/\/yoast.com\/wordpress\/plugins\/seo\/ -->\n<title>Nakon stravi\u010dnog napada na sudije utakmice Vele\u017e - Borac: Zeljkovi\u0107 optu\u017euje Hasi\u0107a! - TuzlaInfo.ba<\/title>\n<meta name=\"robots\" content=\"index, follow, max-snippet:-1, max-image-preview:large, max-video-preview:-1\" \/>\n<link rel=\"canonical\" href=\"https:\/\/tuzlainfo.ba\/index.php\/bosna-i-hercegovina\/item\/148609-nakon-stravicnog-napada-na-sudije-utakmice-velez-borac-zeljkovic-optuzuje-hasica\/\" \/>\n<meta property=\"og:locale\" content=\"bs_BA\" \/>\n<meta property=\"og:type\" content=\"article\" \/>\n<meta property=\"og:title\" content=\"Nakon stravi\u010dnog napada na sudije utakmice Vele\u017e - Borac: Zeljkovi\u0107 optu\u017euje Hasi\u0107a! - TuzlaInfo.ba\" \/>\n<meta property=\"og:description\" content=\"Slu\u017ebene osobe Fudbalskog saveza Bosne i Hercegovine predvo\u0111ene sudijom Sabrijom Topalovi\u0107em do\u017eivjele su sino\u0107 pravi&hellip;\" \/>\n<meta property=\"og:url\" content=\"https:\/\/tuzlainfo.ba\/index.php\/bosna-i-hercegovina\/item\/148609-nakon-stravicnog-napada-na-sudije-utakmice-velez-borac-zeljkovic-optuzuje-hasica\/\" \/>\n<meta property=\"og:site_name\" content=\"TuzlaInfo.ba\" \/>\n<meta property=\"article:publisher\" content=\"https:\/\/www.facebook.com\/tuzlainfo.ba\/\" \/>\n<meta property=\"article:published_time\" content=\"2021-09-22T09:17:10+00:00\" \/>\n<meta property=\"og:image\" content=\"https:\/\/tuzlainfo.ba\/wp-content\/uploads\/2021\/09\/2209_zapaljen_automobil.jpg\" \/>\n\t<meta property=\"og:image:width\" content=\"800\" \/>\n\t<meta property=\"og:image:height\" content=\"588\" \/>\n\t<meta property=\"og:image:type\" content=\"image\/jpeg\" \/>\n<meta name=\"author\" content=\"nedim\" \/>\n<meta name=\"twitter:card\" content=\"summary_large_image\" \/>\n<meta name=\"twitter:label1\" content=\"Written by\" \/>\n\t<meta name=\"twitter:data1\" content=\"nedim\" \/>\n\t<meta name=\"twitter:label2\" content=\"Est. reading time\" \/>\n\t<meta name=\"twitter:data2\" content=\"2 minute\" \/>\n<script type=\"application\/ld+json\" class=\"yoast-schema-graph\">{\"@context\":\"https:\/\/schema.org\",\"@graph\":[{\"@type\":\"Article\",\"@id\":\"https:\/\/tuzlainfo.ba\/index.php\/bosna-i-hercegovina\/item\/148609-nakon-stravicnog-napada-na-sudije-utakmice-velez-borac-zeljkovic-optuzuje-hasica\/#article\",\"isPartOf\":{\"@id\":\"https:\/\/tuzlainfo.ba\/index.php\/bosna-i-hercegovina\/item\/148609-nakon-stravicnog-napada-na-sudije-utakmice-velez-borac-zeljkovic-optuzuje-hasica\/\"},\"author\":{\"name\":\"nedim\",\"@id\":\"https:\/\/tuzlainfo.ba\/#\/schema\/person\/f434e20dc27ea133923aab08451b7f7f\"},\"headline\":\"Nakon stravi\u010dnog napada na sudije utakmice Vele\u017e &#8211; Borac: Zeljkovi\u0107 optu\u017euje Hasi\u0107a!\",\"datePublished\":\"2021-09-22T09:17:10+00:00\",\"dateModified\":\"2021-09-22T09:17:10+00:00\",\"mainEntityOfPage\":{\"@id\":\"https:\/\/tuzlainfo.ba\/index.php\/bosna-i-hercegovina\/item\/148609-nakon-stravicnog-napada-na-sudije-utakmice-velez-borac-zeljkovic-optuzuje-hasica\/\"},\"wordCount\":349,\"commentCount\":0,\"publisher\":{\"@id\":\"https:\/\/tuzlainfo.ba\/#organization\"},\"image\":{\"@id\":\"https:\/\/tuzlainfo.ba\/index.php\/bosna-i-hercegovina\/item\/148609-nakon-stravicnog-napada-na-sudije-utakmice-velez-borac-zeljkovic-optuzuje-hasica\/#primaryimage\"},\"thumbnailUrl\":\"https:\/\/tuzlainfo.ba\/wp-content\/uploads\/2021\/09\/2209_zapaljen_automobil.jpg\",\"keywords\":[\"NFSBiH\",\"sport\"],\"articleSection\":[\"Bosna i Hercegovina\"],\"inLanguage\":\"bs-BA\"},{\"@type\":\"WebPage\",\"@id\":\"https:\/\/tuzlainfo.ba\/index.php\/bosna-i-hercegovina\/item\/148609-nakon-stravicnog-napada-na-sudije-utakmice-velez-borac-zeljkovic-optuzuje-hasica\/\",\"url\":\"https:\/\/tuzlainfo.ba\/index.php\/bosna-i-hercegovina\/item\/148609-nakon-stravicnog-napada-na-sudije-utakmice-velez-borac-zeljkovic-optuzuje-hasica\/\",\"name\":\"Nakon stravi\u010dnog napada na sudije utakmice Vele\u017e - Borac: Zeljkovi\u0107 optu\u017euje Hasi\u0107a! - TuzlaInfo.ba\",\"isPartOf\":{\"@id\":\"https:\/\/tuzlainfo.ba\/#website\"},\"primaryImageOfPage\":{\"@id\":\"https:\/\/tuzlainfo.ba\/index.php\/bosna-i-hercegovina\/item\/148609-nakon-stravicnog-napada-na-sudije-utakmice-velez-borac-zeljkovic-optuzuje-hasica\/#primaryimage\"},\"image\":{\"@id\":\"https:\/\/tuzlainfo.ba\/index.php\/bosna-i-hercegovina\/item\/148609-nakon-stravicnog-napada-na-sudije-utakmice-velez-borac-zeljkovic-optuzuje-hasica\/#primaryimage\"},\"thumbnailUrl\":\"https:\/\/tuzlainfo.ba\/wp-content\/uploads\/2021\/09\/2209_zapaljen_automobil.jpg\",\"datePublished\":\"2021-09-22T09:17:10+00:00\",\"dateModified\":\"2021-09-22T09:17:10+00:00\",\"breadcrumb\":{\"@id\":\"https:\/\/tuzlainfo.ba\/index.php\/bosna-i-hercegovina\/item\/148609-nakon-stravicnog-napada-na-sudije-utakmice-velez-borac-zeljkovic-optuzuje-hasica\/#breadcrumb\"},\"inLanguage\":\"bs-BA\",\"potentialAction\":[{\"@type\":\"ReadAction\",\"target\":[\"https:\/\/tuzlainfo.ba\/index.php\/bosna-i-hercegovina\/item\/148609-nakon-stravicnog-napada-na-sudije-utakmice-velez-borac-zeljkovic-optuzuje-hasica\/\"]}]},{\"@type\":\"ImageObject\",\"inLanguage\":\"bs-BA\",\"@id\":\"https:\/\/tuzlainfo.ba\/index.php\/bosna-i-hercegovina\/item\/148609-nakon-stravicnog-napada-na-sudije-utakmice-velez-borac-zeljkovic-optuzuje-hasica\/#primaryimage\",\"url\":\"https:\/\/tuzlainfo.ba\/wp-content\/uploads\/2021\/09\/2209_zapaljen_automobil.jpg\",\"contentUrl\":\"https:\/\/tuzlainfo.ba\/wp-content\/uploads\/2021\/09\/2209_zapaljen_automobil.jpg\",\"width\":800,\"height\":588},{\"@type\":\"BreadcrumbList\",\"@id\":\"https:\/\/tuzlainfo.ba\/index.php\/bosna-i-hercegovina\/item\/148609-nakon-stravicnog-napada-na-sudije-utakmice-velez-borac-zeljkovic-optuzuje-hasica\/#breadcrumb\",\"itemListElement\":[{\"@type\":\"ListItem\",\"position\":1,\"name\":\"Home\",\"item\":\"https:\/\/tuzlainfo.ba\/\"},{\"@type\":\"ListItem\",\"position\":2,\"name\":\"Nakon stravi\u010dnog napada na sudije utakmice Vele\u017e &#8211; Borac: Zeljkovi\u0107 optu\u017euje Hasi\u0107a!\"}]},{\"@type\":\"WebSite\",\"@id\":\"https:\/\/tuzlainfo.ba\/#website\",\"url\":\"https:\/\/tuzlainfo.ba\/\",\"name\":\"TuzlaInfo.ba\",\"description\":\"Tuzla info, gradski informator - Tuzla na dlanu\",\"publisher\":{\"@id\":\"https:\/\/tuzlainfo.ba\/#organization\"},\"potentialAction\":[{\"@type\":\"SearchAction\",\"target\":{\"@type\":\"EntryPoint\",\"urlTemplate\":\"https:\/\/tuzlainfo.ba\/?s={search_term_string}\"},\"query-input\":{\"@type\":\"PropertyValueSpecification\",\"valueRequired\":true,\"valueName\":\"search_term_string\"}}],\"inLanguage\":\"bs-BA\"},{\"@type\":\"Organization\",\"@id\":\"https:\/\/tuzlainfo.ba\/#organization\",\"name\":\"TuzlaInfo.ba\",\"url\":\"https:\/\/tuzlainfo.ba\/\",\"logo\":{\"@type\":\"ImageObject\",\"inLanguage\":\"bs-BA\",\"@id\":\"https:\/\/tuzlainfo.ba\/#\/schema\/logo\/image\/\",\"url\":\"https:\/\/tuzlainfo.ba\/wp-content\/uploads\/2021\/03\/logo-ver-3-1.png\",\"contentUrl\":\"https:\/\/tuzlainfo.ba\/wp-content\/uploads\/2021\/03\/logo-ver-3-1.png\",\"width\":350,\"height\":95,\"caption\":\"TuzlaInfo.ba\"},\"image\":{\"@id\":\"https:\/\/tuzlainfo.ba\/#\/schema\/logo\/image\/\"},\"sameAs\":[\"https:\/\/www.facebook.com\/tuzlainfo.ba\/\"]},{\"@type\":\"Person\",\"@id\":\"https:\/\/tuzlainfo.ba\/#\/schema\/person\/f434e20dc27ea133923aab08451b7f7f\",\"name\":\"nedim\",\"image\":{\"@type\":\"ImageObject\",\"inLanguage\":\"bs-BA\",\"@id\":\"https:\/\/tuzlainfo.ba\/#\/schema\/person\/image\/\",\"url\":\"https:\/\/tuzlainfo.ba\/wp-content\/litespeed\/avatar\/aabad687af24844af817603ac1cbdc4f.jpg?ver=1776702173\",\"contentUrl\":\"https:\/\/tuzlainfo.ba\/wp-content\/litespeed\/avatar\/aabad687af24844af817603ac1cbdc4f.jpg?ver=1776702173\",\"caption\":\"nedim\"},\"description\":\"Tuzlainfo.ba pratite na dru\u0161tvenim mre\u017eama: Facebook, Instagram i Youtube. Svoje pri\u010de, upite i fotografije \u0161aljite na na\u0161u e-mail adresu.\"}]}<\/script>\n<!-- \/ Yoast SEO plugin. -->","yoast_head_json":{"title":"Nakon stravi\u010dnog napada na sudije utakmice Vele\u017e - Borac: Zeljkovi\u0107 optu\u017euje Hasi\u0107a! - TuzlaInfo.ba","robots":{"index":"index","follow":"follow","max-snippet":"max-snippet:-1","max-image-preview":"max-image-preview:large","max-video-preview":"max-video-preview:-1"},"canonical":"https:\/\/tuzlainfo.ba\/index.php\/bosna-i-hercegovina\/item\/148609-nakon-stravicnog-napada-na-sudije-utakmice-velez-borac-zeljkovic-optuzuje-hasica\/","og_locale":"bs_BA","og_type":"article","og_title":"Nakon stravi\u010dnog napada na sudije utakmice Vele\u017e - Borac: Zeljkovi\u0107 optu\u017euje Hasi\u0107a! - TuzlaInfo.ba","og_description":"Slu\u017ebene osobe Fudbalskog saveza Bosne i Hercegovine predvo\u0111ene sudijom Sabrijom Topalovi\u0107em do\u017eivjele su sino\u0107 pravi&hellip;","og_url":"https:\/\/tuzlainfo.ba\/index.php\/bosna-i-hercegovina\/item\/148609-nakon-stravicnog-napada-na-sudije-utakmice-velez-borac-zeljkovic-optuzuje-hasica\/","og_site_name":"TuzlaInfo.ba","article_publisher":"https:\/\/www.facebook.com\/tuzlainfo.ba\/","article_published_time":"2021-09-22T09:17:10+00:00","og_image":[{"width":800,"height":588,"url":"https:\/\/tuzlainfo.ba\/wp-content\/uploads\/2021\/09\/2209_zapaljen_automobil.jpg","type":"image\/jpeg"}],"author":"nedim","twitter_card":"summary_large_image","twitter_misc":{"Written by":"nedim","Est. reading time":"2 minute"},"schema":{"@context":"https:\/\/schema.org","@graph":[{"@type":"Article","@id":"https:\/\/tuzlainfo.ba\/index.php\/bosna-i-hercegovina\/item\/148609-nakon-stravicnog-napada-na-sudije-utakmice-velez-borac-zeljkovic-optuzuje-hasica\/#article","isPartOf":{"@id":"https:\/\/tuzlainfo.ba\/index.php\/bosna-i-hercegovina\/item\/148609-nakon-stravicnog-napada-na-sudije-utakmice-velez-borac-zeljkovic-optuzuje-hasica\/"},"author":{"name":"nedim","@id":"https:\/\/tuzlainfo.ba\/#\/schema\/person\/f434e20dc27ea133923aab08451b7f7f"},"headline":"Nakon stravi\u010dnog napada na sudije utakmice Vele\u017e &#8211; Borac: Zeljkovi\u0107 optu\u017euje Hasi\u0107a!","datePublished":"2021-09-22T09:17:10+00:00","dateModified":"2021-09-22T09:17:10+00:00","mainEntityOfPage":{"@id":"https:\/\/tuzlainfo.ba\/index.php\/bosna-i-hercegovina\/item\/148609-nakon-stravicnog-napada-na-sudije-utakmice-velez-borac-zeljkovic-optuzuje-hasica\/"},"wordCount":349,"commentCount":0,"publisher":{"@id":"https:\/\/tuzlainfo.ba\/#organization"},"image":{"@id":"https:\/\/tuzlainfo.ba\/index.php\/bosna-i-hercegovina\/item\/148609-nakon-stravicnog-napada-na-sudije-utakmice-velez-borac-zeljkovic-optuzuje-hasica\/#primaryimage"},"thumbnailUrl":"https:\/\/tuzlainfo.ba\/wp-content\/uploads\/2021\/09\/2209_zapaljen_automobil.jpg","keywords":["NFSBiH","sport"],"articleSection":["Bosna i Hercegovina"],"inLanguage":"bs-BA"},{"@type":"WebPage","@id":"https:\/\/tuzlainfo.ba\/index.php\/bosna-i-hercegovina\/item\/148609-nakon-stravicnog-napada-na-sudije-utakmice-velez-borac-zeljkovic-optuzuje-hasica\/","url":"https:\/\/tuzlainfo.ba\/index.php\/bosna-i-hercegovina\/item\/148609-nakon-stravicnog-napada-na-sudije-utakmice-velez-borac-zeljkovic-optuzuje-hasica\/","name":"Nakon stravi\u010dnog napada na sudije utakmice Vele\u017e - Borac: Zeljkovi\u0107 optu\u017euje Hasi\u0107a! - TuzlaInfo.ba","isPartOf":{"@id":"https:\/\/tuzlainfo.ba\/#website"},"primaryImageOfPage":{"@id":"https:\/\/tuzlainfo.ba\/index.php\/bosna-i-hercegovina\/item\/148609-nakon-stravicnog-napada-na-sudije-utakmice-velez-borac-zeljkovic-optuzuje-hasica\/#primaryimage"},"image":{"@id":"https:\/\/tuzlainfo.ba\/index.php\/bosna-i-hercegovina\/item\/148609-nakon-stravicnog-napada-na-sudije-utakmice-velez-borac-zeljkovic-optuzuje-hasica\/#primaryimage"},"thumbnailUrl":"https:\/\/tuzlainfo.ba\/wp-content\/uploads\/2021\/09\/2209_zapaljen_automobil.jpg","datePublished":"2021-09-22T09:17:10+00:00","dateModified":"2021-09-22T09:17:10+00:00","breadcrumb":{"@id":"https:\/\/tuzlainfo.ba\/index.php\/bosna-i-hercegovina\/item\/148609-nakon-stravicnog-napada-na-sudije-utakmice-velez-borac-zeljkovic-optuzuje-hasica\/#breadcrumb"},"inLanguage":"bs-BA","potentialAction":[{"@type":"ReadAction","target":["https:\/\/tuzlainfo.ba\/index.php\/bosna-i-hercegovina\/item\/148609-nakon-stravicnog-napada-na-sudije-utakmice-velez-borac-zeljkovic-optuzuje-hasica\/"]}]},{"@type":"ImageObject","inLanguage":"bs-BA","@id":"https:\/\/tuzlainfo.ba\/index.php\/bosna-i-hercegovina\/item\/148609-nakon-stravicnog-napada-na-sudije-utakmice-velez-borac-zeljkovic-optuzuje-hasica\/#primaryimage","url":"https:\/\/tuzlainfo.ba\/wp-content\/uploads\/2021\/09\/2209_zapaljen_automobil.jpg","contentUrl":"https:\/\/tuzlainfo.ba\/wp-content\/uploads\/2021\/09\/2209_zapaljen_automobil.jpg","width":800,"height":588},{"@type":"BreadcrumbList","@id":"https:\/\/tuzlainfo.ba\/index.php\/bosna-i-hercegovina\/item\/148609-nakon-stravicnog-napada-na-sudije-utakmice-velez-borac-zeljkovic-optuzuje-hasica\/#breadcrumb","itemListElement":[{"@type":"ListItem","position":1,"name":"Home","item":"https:\/\/tuzlainfo.ba\/"},{"@type":"ListItem","position":2,"name":"Nakon stravi\u010dnog napada na sudije utakmice Vele\u017e &#8211; Borac: Zeljkovi\u0107 optu\u017euje Hasi\u0107a!"}]},{"@type":"WebSite","@id":"https:\/\/tuzlainfo.ba\/#website","url":"https:\/\/tuzlainfo.ba\/","name":"TuzlaInfo.ba","description":"Tuzla info, gradski informator - Tuzla na dlanu","publisher":{"@id":"https:\/\/tuzlainfo.ba\/#organization"},"potentialAction":[{"@type":"SearchAction","target":{"@type":"EntryPoint","urlTemplate":"https:\/\/tuzlainfo.ba\/?s={search_term_string}"},"query-input":{"@type":"PropertyValueSpecification","valueRequired":true,"valueName":"search_term_string"}}],"inLanguage":"bs-BA"},{"@type":"Organization","@id":"https:\/\/tuzlainfo.ba\/#organization","name":"TuzlaInfo.ba","url":"https:\/\/tuzlainfo.ba\/","logo":{"@type":"ImageObject","inLanguage":"bs-BA","@id":"https:\/\/tuzlainfo.ba\/#\/schema\/logo\/image\/","url":"https:\/\/tuzlainfo.ba\/wp-content\/uploads\/2021\/03\/logo-ver-3-1.png","contentUrl":"https:\/\/tuzlainfo.ba\/wp-content\/uploads\/2021\/03\/logo-ver-3-1.png","width":350,"height":95,"caption":"TuzlaInfo.ba"},"image":{"@id":"https:\/\/tuzlainfo.ba\/#\/schema\/logo\/image\/"},"sameAs":["https:\/\/www.facebook.com\/tuzlainfo.ba\/"]},{"@type":"Person","@id":"https:\/\/tuzlainfo.ba\/#\/schema\/person\/f434e20dc27ea133923aab08451b7f7f","name":"nedim","image":{"@type":"ImageObject","inLanguage":"bs-BA","@id":"https:\/\/tuzlainfo.ba\/#\/schema\/person\/image\/","url":"https:\/\/tuzlainfo.ba\/wp-content\/litespeed\/avatar\/aabad687af24844af817603ac1cbdc4f.jpg?ver=1776702173","contentUrl":"https:\/\/tuzlainfo.ba\/wp-content\/litespeed\/avatar\/aabad687af24844af817603ac1cbdc4f.jpg?ver=1776702173","caption":"nedim"},"description":"Tuzlainfo.ba pratite na dru\u0161tvenim mre\u017eama: Facebook, Instagram i Youtube. Svoje pri\u010de, upite i fotografije \u0161aljite na na\u0161u e-mail adresu."}]}},"_links":{"self":[{"href":"https:\/\/tuzlainfo.ba\/index.php\/wp-json\/wp\/v2\/posts\/148609"}],"collection":[{"href":"https:\/\/tuzlainfo.ba\/index.php\/wp-json\/wp\/v2\/posts"}],"about":[{"href":"https:\/\/tuzlainfo.ba\/index.php\/wp-json\/wp\/v2\/types\/post"}],"author":[{"embeddable":true,"href":"https:\/\/tuzlainfo.ba\/index.php\/wp-json\/wp\/v2\/users\/2"}],"replies":[{"embeddable":true,"href":"https:\/\/tuzlainfo.ba\/index.php\/wp-json\/wp\/v2\/comments?post=148609"}],"version-history":[{"count":0,"href":"https:\/\/tuzlainfo.ba\/index.php\/wp-json\/wp\/v2\/posts\/148609\/revisions"}],"wp:featuredmedia":[{"embeddable":true,"href":"https:\/\/tuzlainfo.ba\/index.php\/wp-json\/wp\/v2\/media\/148610"}],"wp:attachment":[{"href":"https:\/\/tuzlainfo.ba\/index.php\/wp-json\/wp\/v2\/media?parent=148609"}],"wp:term":[{"taxonomy":"category","embeddable":true,"href":"https:\/\/tuzlainfo.ba\/index.php\/wp-json\/wp\/v2\/categories?post=148609"},{"taxonomy":"post_tag","embeddable":true,"href":"https:\/\/tuzlainfo.ba\/index.php\/wp-json\/wp\/v2\/tags?post=148609"}],"curies":[{"name":"wp","href":"https:\/\/api.w.org\/{rel}","templated":true}]}}