{"id":148191,"date":"2021-09-18T15:00:53","date_gmt":"2021-09-18T13:00:53","guid":{"rendered":"https:\/\/tuzlainfo.ba\/?p=148191"},"modified":"2021-09-18T11:37:10","modified_gmt":"2021-09-18T09:37:10","slug":"produkcija-bkc-a-tk-u-petak-24-09-premijera-predstave-kuca-bez-vrata","status":"publish","type":"post","link":"https:\/\/tuzlainfo.ba\/index.php\/najava-dogadaja-2\/item\/148191-produkcija-bkc-a-tk-u-petak-24-09-premijera-predstave-kuca-bez-vrata\/","title":{"rendered":"Produkcija BKC-a TK: U petak 24.09. premijera predstave \u201cKu\u0107a bez vrata\u201d"},"content":{"rendered":"<p>Predstava \u201cKu\u0107a bez vrata\u201d, ra\u0111ena u produkciji Bosanskog kulturnog centra TK i partnera, premijerno \u0107e biti izvedena u petak 24. septembra\/rujna u Velikoj BKC TK, sa po\u010detkom u 19.30 sati.<\/p>\n<p>Predstava je nastala je po motivima knji\u017eevnih djela Ned\u017eada Ibri\u0161imovi\u0107a, a dramaturgiju i re\u017eiju predstave potpisuje Gradimir Gojer.<\/p>\n<p>Inspiracija za predstavu \u201eKu\u0107a bez vrata\u201c dolazi od bogatog proznog djela akademika Ned\u017eada Ibri\u0161imovi\u0107a. U predstavi se koriste tekstovi Ibri\u0161imovi\u0107eve proze, poezije, ali i tekstovi pjesnika Rumija i samog dramatizatora i reditelja teksta.<\/p>\n<p>Predstava je bazirana na iskustvima dvije vrste teatra: Poetskog i teatra apsurda. U predstavi dominira specifi\u010dna vizija egzistencializma i specifi\u010dne zapitanosti pred tajnama \u010dovjekovog \u017eivota.<\/p>\n<p>\u0110akometijevski intonirana scenografija Harija Ejubovi\u0107a svojim pristupom osloba\u0111a prostor u prvom planu za sna\u017enu gluma\u010dku ekspresiju, a sama scenografija je umjetni\u010dki akt unutar ove predstave.<\/p>\n<p>U predstavi igraju: Damir Mahmutovi\u0107, Damir Altumbabi\u0107, Alisa Brki\u0107, Faruk U\u0161\u010dupli\u0107 i Samina Mujkanovi\u0107. Scenograf je Hari Ejubovi\u0107, svjetlo je radio Husein Ahmeta\u0161evi\u0107, a ton Muharem Ibi\u0161evi\u0107 i Ejub Junuzovi\u0107. Producent na projektu je Hazim Muj\u010dinovi\u0107.<\/p>\n<p>Pretpremijera, koja je zatvorenog tipa, je 23. septembra, a prva repriza u subotu 25. septembra 2021. godine.<\/p>\n<p>Predstave se izvode u velikoj sali Bosanskog kulturnog centra Tuzlanskog kantona u Tuzli. Cijena ulaznice za premijeru i prvu reprizu je 10 KM, a sve dodatne informacije i rezervacije mogu se dobiti na telefon: 035 311 070 i direktno u Marketing slu\u017ebi BKC TK.<\/p>\n<p>Nosilac projekta &#8220;Ku\u0107a bez vrata&#8221;, koji objedinjuje vi\u0161e doga\u0111aja u okviru obilje\u017eavanja 10. godi\u0161njice od smrti Ned\u017eada Ibri\u0161imovi\u0107a je Bosanski kulturni centar TK, a koproducenti su JU Centar za kulturu i informisanje Banovi\u0107i, JU BKC \u017divinice, UG Stara \u0160kola i UG ToldArt. Pokrovitelji projekta su Ministarstvo za kulturu sport i mlade TK, Op\u0107ina Banovi\u0107i, Grad \u017divinice, Grad Tuzla, JP BH Po\u0161ta, a podr\u0161ku realizaciji projekta su dali i Meli voda, te City Cars rent a car Tuzla.<\/p>\n","protected":false},"excerpt":{"rendered":"<p>Predstava \u201cKu\u0107a bez vrata\u201d, ra\u0111ena u produkciji Bosanskog kulturnog centra TK i partnera, premijerno \u0107e&hellip;<\/p>\n","protected":false},"author":4,"featured_media":148192,"comment_status":"open","ping_status":"closed","sticky":false,"template":"","format":"standard","meta":{"_acf_changed":false,"footnotes":""},"categories":[11],"tags":[2660,1175,2659],"acf":[],"yoast_head":"<!-- This site is optimized with the Yoast SEO plugin v23.5 - https:\/\/yoast.com\/wordpress\/plugins\/seo\/ -->\n<title>Produkcija BKC-a TK: U petak 24.09. premijera predstave \u201cKu\u0107a bez vrata\u201d - TuzlaInfo.ba<\/title>\n<meta name=\"robots\" content=\"index, follow, max-snippet:-1, max-image-preview:large, max-video-preview:-1\" \/>\n<link rel=\"canonical\" href=\"https:\/\/tuzlainfo.ba\/index.php\/najava-dogadaja-2\/item\/148191-produkcija-bkc-a-tk-u-petak-24-09-premijera-predstave-kuca-bez-vrata\/\" \/>\n<meta property=\"og:locale\" content=\"bs_BA\" \/>\n<meta property=\"og:type\" content=\"article\" \/>\n<meta property=\"og:title\" content=\"Produkcija BKC-a TK: U petak 24.09. premijera predstave \u201cKu\u0107a bez vrata\u201d - TuzlaInfo.ba\" \/>\n<meta property=\"og:description\" content=\"Predstava \u201cKu\u0107a bez vrata\u201d, ra\u0111ena u produkciji Bosanskog kulturnog centra TK i partnera, premijerno \u0107e&hellip;\" \/>\n<meta property=\"og:url\" content=\"https:\/\/tuzlainfo.ba\/index.php\/najava-dogadaja-2\/item\/148191-produkcija-bkc-a-tk-u-petak-24-09-premijera-predstave-kuca-bez-vrata\/\" \/>\n<meta property=\"og:site_name\" content=\"TuzlaInfo.ba\" \/>\n<meta property=\"article:publisher\" content=\"https:\/\/www.facebook.com\/tuzlainfo.ba\/\" \/>\n<meta property=\"article:published_time\" content=\"2021-09-18T13:00:53+00:00\" \/>\n<meta property=\"article:modified_time\" content=\"2021-09-18T09:37:10+00:00\" \/>\n<meta property=\"og:image\" content=\"https:\/\/tuzlainfo.ba\/wp-content\/uploads\/2021\/09\/1709_kuca-bez-vrata.jpg\" \/>\n\t<meta property=\"og:image:width\" content=\"789\" \/>\n\t<meta property=\"og:image:height\" content=\"570\" \/>\n\t<meta property=\"og:image:type\" content=\"image\/jpeg\" \/>\n<meta name=\"author\" content=\"Tuzla Info\" \/>\n<meta name=\"twitter:card\" content=\"summary_large_image\" \/>\n<meta name=\"twitter:label1\" content=\"Written by\" \/>\n\t<meta name=\"twitter:data1\" content=\"Tuzla Info\" \/>\n\t<meta name=\"twitter:label2\" content=\"Est. reading time\" \/>\n\t<meta name=\"twitter:data2\" content=\"2 minute\" \/>\n<script type=\"application\/ld+json\" class=\"yoast-schema-graph\">{\"@context\":\"https:\/\/schema.org\",\"@graph\":[{\"@type\":\"Article\",\"@id\":\"https:\/\/tuzlainfo.ba\/index.php\/najava-dogadaja-2\/item\/148191-produkcija-bkc-a-tk-u-petak-24-09-premijera-predstave-kuca-bez-vrata\/#article\",\"isPartOf\":{\"@id\":\"https:\/\/tuzlainfo.ba\/index.php\/najava-dogadaja-2\/item\/148191-produkcija-bkc-a-tk-u-petak-24-09-premijera-predstave-kuca-bez-vrata\/\"},\"author\":{\"name\":\"Tuzla Info\",\"@id\":\"https:\/\/tuzlainfo.ba\/#\/schema\/person\/46cad4c57790cbc50781edd14870825a\"},\"headline\":\"Produkcija BKC-a TK: U petak 24.09. premijera predstave \u201cKu\u0107a bez vrata\u201d\",\"datePublished\":\"2021-09-18T13:00:53+00:00\",\"dateModified\":\"2021-09-18T09:37:10+00:00\",\"mainEntityOfPage\":{\"@id\":\"https:\/\/tuzlainfo.ba\/index.php\/najava-dogadaja-2\/item\/148191-produkcija-bkc-a-tk-u-petak-24-09-premijera-predstave-kuca-bez-vrata\/\"},\"wordCount\":346,\"commentCount\":0,\"publisher\":{\"@id\":\"https:\/\/tuzlainfo.ba\/#organization\"},\"image\":{\"@id\":\"https:\/\/tuzlainfo.ba\/index.php\/najava-dogadaja-2\/item\/148191-produkcija-bkc-a-tk-u-petak-24-09-premijera-predstave-kuca-bez-vrata\/#primaryimage\"},\"thumbnailUrl\":\"https:\/\/tuzlainfo.ba\/wp-content\/uploads\/2021\/09\/1709_kuca-bez-vrata.jpg\",\"keywords\":[\"\u201cKu\u0107a bez vrata\u201d\",\"JU BKC TK\",\"premijera\"],\"articleSection\":[\"Najave i doga\u0111aji\"],\"inLanguage\":\"bs-BA\"},{\"@type\":\"WebPage\",\"@id\":\"https:\/\/tuzlainfo.ba\/index.php\/najava-dogadaja-2\/item\/148191-produkcija-bkc-a-tk-u-petak-24-09-premijera-predstave-kuca-bez-vrata\/\",\"url\":\"https:\/\/tuzlainfo.ba\/index.php\/najava-dogadaja-2\/item\/148191-produkcija-bkc-a-tk-u-petak-24-09-premijera-predstave-kuca-bez-vrata\/\",\"name\":\"Produkcija BKC-a TK: U petak 24.09. premijera predstave \u201cKu\u0107a bez vrata\u201d - TuzlaInfo.ba\",\"isPartOf\":{\"@id\":\"https:\/\/tuzlainfo.ba\/#website\"},\"primaryImageOfPage\":{\"@id\":\"https:\/\/tuzlainfo.ba\/index.php\/najava-dogadaja-2\/item\/148191-produkcija-bkc-a-tk-u-petak-24-09-premijera-predstave-kuca-bez-vrata\/#primaryimage\"},\"image\":{\"@id\":\"https:\/\/tuzlainfo.ba\/index.php\/najava-dogadaja-2\/item\/148191-produkcija-bkc-a-tk-u-petak-24-09-premijera-predstave-kuca-bez-vrata\/#primaryimage\"},\"thumbnailUrl\":\"https:\/\/tuzlainfo.ba\/wp-content\/uploads\/2021\/09\/1709_kuca-bez-vrata.jpg\",\"datePublished\":\"2021-09-18T13:00:53+00:00\",\"dateModified\":\"2021-09-18T09:37:10+00:00\",\"breadcrumb\":{\"@id\":\"https:\/\/tuzlainfo.ba\/index.php\/najava-dogadaja-2\/item\/148191-produkcija-bkc-a-tk-u-petak-24-09-premijera-predstave-kuca-bez-vrata\/#breadcrumb\"},\"inLanguage\":\"bs-BA\",\"potentialAction\":[{\"@type\":\"ReadAction\",\"target\":[\"https:\/\/tuzlainfo.ba\/index.php\/najava-dogadaja-2\/item\/148191-produkcija-bkc-a-tk-u-petak-24-09-premijera-predstave-kuca-bez-vrata\/\"]}]},{\"@type\":\"ImageObject\",\"inLanguage\":\"bs-BA\",\"@id\":\"https:\/\/tuzlainfo.ba\/index.php\/najava-dogadaja-2\/item\/148191-produkcija-bkc-a-tk-u-petak-24-09-premijera-predstave-kuca-bez-vrata\/#primaryimage\",\"url\":\"https:\/\/tuzlainfo.ba\/wp-content\/uploads\/2021\/09\/1709_kuca-bez-vrata.jpg\",\"contentUrl\":\"https:\/\/tuzlainfo.ba\/wp-content\/uploads\/2021\/09\/1709_kuca-bez-vrata.jpg\",\"width\":789,\"height\":570},{\"@type\":\"BreadcrumbList\",\"@id\":\"https:\/\/tuzlainfo.ba\/index.php\/najava-dogadaja-2\/item\/148191-produkcija-bkc-a-tk-u-petak-24-09-premijera-predstave-kuca-bez-vrata\/#breadcrumb\",\"itemListElement\":[{\"@type\":\"ListItem\",\"position\":1,\"name\":\"Home\",\"item\":\"https:\/\/tuzlainfo.ba\/\"},{\"@type\":\"ListItem\",\"position\":2,\"name\":\"Produkcija BKC-a TK: U petak 24.09. premijera predstave \u201cKu\u0107a bez vrata\u201d\"}]},{\"@type\":\"WebSite\",\"@id\":\"https:\/\/tuzlainfo.ba\/#website\",\"url\":\"https:\/\/tuzlainfo.ba\/\",\"name\":\"TuzlaInfo.ba\",\"description\":\"Tuzla info, gradski informator - Tuzla na dlanu\",\"publisher\":{\"@id\":\"https:\/\/tuzlainfo.ba\/#organization\"},\"potentialAction\":[{\"@type\":\"SearchAction\",\"target\":{\"@type\":\"EntryPoint\",\"urlTemplate\":\"https:\/\/tuzlainfo.ba\/?s={search_term_string}\"},\"query-input\":{\"@type\":\"PropertyValueSpecification\",\"valueRequired\":true,\"valueName\":\"search_term_string\"}}],\"inLanguage\":\"bs-BA\"},{\"@type\":\"Organization\",\"@id\":\"https:\/\/tuzlainfo.ba\/#organization\",\"name\":\"TuzlaInfo.ba\",\"url\":\"https:\/\/tuzlainfo.ba\/\",\"logo\":{\"@type\":\"ImageObject\",\"inLanguage\":\"bs-BA\",\"@id\":\"https:\/\/tuzlainfo.ba\/#\/schema\/logo\/image\/\",\"url\":\"https:\/\/tuzlainfo.ba\/wp-content\/uploads\/2021\/03\/logo-ver-3-1.png\",\"contentUrl\":\"https:\/\/tuzlainfo.ba\/wp-content\/uploads\/2021\/03\/logo-ver-3-1.png\",\"width\":350,\"height\":95,\"caption\":\"TuzlaInfo.ba\"},\"image\":{\"@id\":\"https:\/\/tuzlainfo.ba\/#\/schema\/logo\/image\/\"},\"sameAs\":[\"https:\/\/www.facebook.com\/tuzlainfo.ba\/\"]},{\"@type\":\"Person\",\"@id\":\"https:\/\/tuzlainfo.ba\/#\/schema\/person\/46cad4c57790cbc50781edd14870825a\",\"name\":\"Tuzla Info\",\"image\":{\"@type\":\"ImageObject\",\"inLanguage\":\"bs-BA\",\"@id\":\"https:\/\/tuzlainfo.ba\/#\/schema\/person\/image\/\",\"url\":\"https:\/\/tuzlainfo.ba\/wp-content\/litespeed\/avatar\/b6c453a6c38e3654f2e4416c643fc25c.jpg?ver=1777051911\",\"contentUrl\":\"https:\/\/tuzlainfo.ba\/wp-content\/litespeed\/avatar\/b6c453a6c38e3654f2e4416c643fc25c.jpg?ver=1777051911\",\"caption\":\"Tuzla Info\"}}]}<\/script>\n<!-- \/ Yoast SEO plugin. -->","yoast_head_json":{"title":"Produkcija BKC-a TK: U petak 24.09. premijera predstave \u201cKu\u0107a bez vrata\u201d - TuzlaInfo.ba","robots":{"index":"index","follow":"follow","max-snippet":"max-snippet:-1","max-image-preview":"max-image-preview:large","max-video-preview":"max-video-preview:-1"},"canonical":"https:\/\/tuzlainfo.ba\/index.php\/najava-dogadaja-2\/item\/148191-produkcija-bkc-a-tk-u-petak-24-09-premijera-predstave-kuca-bez-vrata\/","og_locale":"bs_BA","og_type":"article","og_title":"Produkcija BKC-a TK: U petak 24.09. premijera predstave \u201cKu\u0107a bez vrata\u201d - TuzlaInfo.ba","og_description":"Predstava \u201cKu\u0107a bez vrata\u201d, ra\u0111ena u produkciji Bosanskog kulturnog centra TK i partnera, premijerno \u0107e&hellip;","og_url":"https:\/\/tuzlainfo.ba\/index.php\/najava-dogadaja-2\/item\/148191-produkcija-bkc-a-tk-u-petak-24-09-premijera-predstave-kuca-bez-vrata\/","og_site_name":"TuzlaInfo.ba","article_publisher":"https:\/\/www.facebook.com\/tuzlainfo.ba\/","article_published_time":"2021-09-18T13:00:53+00:00","article_modified_time":"2021-09-18T09:37:10+00:00","og_image":[{"width":789,"height":570,"url":"https:\/\/tuzlainfo.ba\/wp-content\/uploads\/2021\/09\/1709_kuca-bez-vrata.jpg","type":"image\/jpeg"}],"author":"Tuzla Info","twitter_card":"summary_large_image","twitter_misc":{"Written by":"Tuzla Info","Est. reading time":"2 minute"},"schema":{"@context":"https:\/\/schema.org","@graph":[{"@type":"Article","@id":"https:\/\/tuzlainfo.ba\/index.php\/najava-dogadaja-2\/item\/148191-produkcija-bkc-a-tk-u-petak-24-09-premijera-predstave-kuca-bez-vrata\/#article","isPartOf":{"@id":"https:\/\/tuzlainfo.ba\/index.php\/najava-dogadaja-2\/item\/148191-produkcija-bkc-a-tk-u-petak-24-09-premijera-predstave-kuca-bez-vrata\/"},"author":{"name":"Tuzla Info","@id":"https:\/\/tuzlainfo.ba\/#\/schema\/person\/46cad4c57790cbc50781edd14870825a"},"headline":"Produkcija BKC-a TK: U petak 24.09. premijera predstave \u201cKu\u0107a bez vrata\u201d","datePublished":"2021-09-18T13:00:53+00:00","dateModified":"2021-09-18T09:37:10+00:00","mainEntityOfPage":{"@id":"https:\/\/tuzlainfo.ba\/index.php\/najava-dogadaja-2\/item\/148191-produkcija-bkc-a-tk-u-petak-24-09-premijera-predstave-kuca-bez-vrata\/"},"wordCount":346,"commentCount":0,"publisher":{"@id":"https:\/\/tuzlainfo.ba\/#organization"},"image":{"@id":"https:\/\/tuzlainfo.ba\/index.php\/najava-dogadaja-2\/item\/148191-produkcija-bkc-a-tk-u-petak-24-09-premijera-predstave-kuca-bez-vrata\/#primaryimage"},"thumbnailUrl":"https:\/\/tuzlainfo.ba\/wp-content\/uploads\/2021\/09\/1709_kuca-bez-vrata.jpg","keywords":["\u201cKu\u0107a bez vrata\u201d","JU BKC TK","premijera"],"articleSection":["Najave i doga\u0111aji"],"inLanguage":"bs-BA"},{"@type":"WebPage","@id":"https:\/\/tuzlainfo.ba\/index.php\/najava-dogadaja-2\/item\/148191-produkcija-bkc-a-tk-u-petak-24-09-premijera-predstave-kuca-bez-vrata\/","url":"https:\/\/tuzlainfo.ba\/index.php\/najava-dogadaja-2\/item\/148191-produkcija-bkc-a-tk-u-petak-24-09-premijera-predstave-kuca-bez-vrata\/","name":"Produkcija BKC-a TK: U petak 24.09. premijera predstave \u201cKu\u0107a bez vrata\u201d - TuzlaInfo.ba","isPartOf":{"@id":"https:\/\/tuzlainfo.ba\/#website"},"primaryImageOfPage":{"@id":"https:\/\/tuzlainfo.ba\/index.php\/najava-dogadaja-2\/item\/148191-produkcija-bkc-a-tk-u-petak-24-09-premijera-predstave-kuca-bez-vrata\/#primaryimage"},"image":{"@id":"https:\/\/tuzlainfo.ba\/index.php\/najava-dogadaja-2\/item\/148191-produkcija-bkc-a-tk-u-petak-24-09-premijera-predstave-kuca-bez-vrata\/#primaryimage"},"thumbnailUrl":"https:\/\/tuzlainfo.ba\/wp-content\/uploads\/2021\/09\/1709_kuca-bez-vrata.jpg","datePublished":"2021-09-18T13:00:53+00:00","dateModified":"2021-09-18T09:37:10+00:00","breadcrumb":{"@id":"https:\/\/tuzlainfo.ba\/index.php\/najava-dogadaja-2\/item\/148191-produkcija-bkc-a-tk-u-petak-24-09-premijera-predstave-kuca-bez-vrata\/#breadcrumb"},"inLanguage":"bs-BA","potentialAction":[{"@type":"ReadAction","target":["https:\/\/tuzlainfo.ba\/index.php\/najava-dogadaja-2\/item\/148191-produkcija-bkc-a-tk-u-petak-24-09-premijera-predstave-kuca-bez-vrata\/"]}]},{"@type":"ImageObject","inLanguage":"bs-BA","@id":"https:\/\/tuzlainfo.ba\/index.php\/najava-dogadaja-2\/item\/148191-produkcija-bkc-a-tk-u-petak-24-09-premijera-predstave-kuca-bez-vrata\/#primaryimage","url":"https:\/\/tuzlainfo.ba\/wp-content\/uploads\/2021\/09\/1709_kuca-bez-vrata.jpg","contentUrl":"https:\/\/tuzlainfo.ba\/wp-content\/uploads\/2021\/09\/1709_kuca-bez-vrata.jpg","width":789,"height":570},{"@type":"BreadcrumbList","@id":"https:\/\/tuzlainfo.ba\/index.php\/najava-dogadaja-2\/item\/148191-produkcija-bkc-a-tk-u-petak-24-09-premijera-predstave-kuca-bez-vrata\/#breadcrumb","itemListElement":[{"@type":"ListItem","position":1,"name":"Home","item":"https:\/\/tuzlainfo.ba\/"},{"@type":"ListItem","position":2,"name":"Produkcija BKC-a TK: U petak 24.09. premijera predstave \u201cKu\u0107a bez vrata\u201d"}]},{"@type":"WebSite","@id":"https:\/\/tuzlainfo.ba\/#website","url":"https:\/\/tuzlainfo.ba\/","name":"TuzlaInfo.ba","description":"Tuzla info, gradski informator - Tuzla na dlanu","publisher":{"@id":"https:\/\/tuzlainfo.ba\/#organization"},"potentialAction":[{"@type":"SearchAction","target":{"@type":"EntryPoint","urlTemplate":"https:\/\/tuzlainfo.ba\/?s={search_term_string}"},"query-input":{"@type":"PropertyValueSpecification","valueRequired":true,"valueName":"search_term_string"}}],"inLanguage":"bs-BA"},{"@type":"Organization","@id":"https:\/\/tuzlainfo.ba\/#organization","name":"TuzlaInfo.ba","url":"https:\/\/tuzlainfo.ba\/","logo":{"@type":"ImageObject","inLanguage":"bs-BA","@id":"https:\/\/tuzlainfo.ba\/#\/schema\/logo\/image\/","url":"https:\/\/tuzlainfo.ba\/wp-content\/uploads\/2021\/03\/logo-ver-3-1.png","contentUrl":"https:\/\/tuzlainfo.ba\/wp-content\/uploads\/2021\/03\/logo-ver-3-1.png","width":350,"height":95,"caption":"TuzlaInfo.ba"},"image":{"@id":"https:\/\/tuzlainfo.ba\/#\/schema\/logo\/image\/"},"sameAs":["https:\/\/www.facebook.com\/tuzlainfo.ba\/"]},{"@type":"Person","@id":"https:\/\/tuzlainfo.ba\/#\/schema\/person\/46cad4c57790cbc50781edd14870825a","name":"Tuzla Info","image":{"@type":"ImageObject","inLanguage":"bs-BA","@id":"https:\/\/tuzlainfo.ba\/#\/schema\/person\/image\/","url":"https:\/\/tuzlainfo.ba\/wp-content\/litespeed\/avatar\/b6c453a6c38e3654f2e4416c643fc25c.jpg?ver=1777051911","contentUrl":"https:\/\/tuzlainfo.ba\/wp-content\/litespeed\/avatar\/b6c453a6c38e3654f2e4416c643fc25c.jpg?ver=1777051911","caption":"Tuzla Info"}}]}},"_links":{"self":[{"href":"https:\/\/tuzlainfo.ba\/index.php\/wp-json\/wp\/v2\/posts\/148191"}],"collection":[{"href":"https:\/\/tuzlainfo.ba\/index.php\/wp-json\/wp\/v2\/posts"}],"about":[{"href":"https:\/\/tuzlainfo.ba\/index.php\/wp-json\/wp\/v2\/types\/post"}],"author":[{"embeddable":true,"href":"https:\/\/tuzlainfo.ba\/index.php\/wp-json\/wp\/v2\/users\/4"}],"replies":[{"embeddable":true,"href":"https:\/\/tuzlainfo.ba\/index.php\/wp-json\/wp\/v2\/comments?post=148191"}],"version-history":[{"count":0,"href":"https:\/\/tuzlainfo.ba\/index.php\/wp-json\/wp\/v2\/posts\/148191\/revisions"}],"wp:featuredmedia":[{"embeddable":true,"href":"https:\/\/tuzlainfo.ba\/index.php\/wp-json\/wp\/v2\/media\/148192"}],"wp:attachment":[{"href":"https:\/\/tuzlainfo.ba\/index.php\/wp-json\/wp\/v2\/media?parent=148191"}],"wp:term":[{"taxonomy":"category","embeddable":true,"href":"https:\/\/tuzlainfo.ba\/index.php\/wp-json\/wp\/v2\/categories?post=148191"},{"taxonomy":"post_tag","embeddable":true,"href":"https:\/\/tuzlainfo.ba\/index.php\/wp-json\/wp\/v2\/tags?post=148191"}],"curies":[{"name":"wp","href":"https:\/\/api.w.org\/{rel}","templated":true}]}}