{"id":148117,"date":"2021-09-17T09:01:13","date_gmt":"2021-09-17T07:01:13","guid":{"rendered":"https:\/\/tuzlainfo.ba\/?p=148117"},"modified":"2021-09-17T09:01:13","modified_gmt":"2021-09-17T07:01:13","slug":"stefanovic-radi-se-na-vracanju-obaveznog-vojnog-roka-u-srbiji","status":"publish","type":"post","link":"https:\/\/tuzlainfo.ba\/index.php\/clanci\/sa-svih-strana\/item\/148117-stefanovic-radi-se-na-vracanju-obaveznog-vojnog-roka-u-srbiji\/","title":{"rendered":"Stefanovi\u0107: &#8220;Radi se na vra\u0107anju obaveznog vojnog roka u Srbiji&#8221;"},"content":{"rendered":"<p>Neboj\u0161a Stefanovi\u0107, ministar odbrane Srbije izjavio je u Ni\u0161u da se radi na ponovnom uvo\u0111enju obaveznog vojnog roka u Srbiji, ali da ne mo\u017ee da ka\u017ee da \u0107e takva odluka biti donesena u ovoj godini, jer je &#8220;mnogo aspekata na koje mora da se ra\u010duna&#8221;.<\/p>\n<p>-Na svemu tome radimo i to je realna potreba vojske, potrebno nam je jo\u0161 vojnika. Na\u0161 General\u0161tab je dao svoje mi\u0161ljenje o tome zbog \u010dega smatraju da nam je potrebno redovno slu\u017eenje vojnog roka &#8211; izjavio je Stefanovi\u0107.<\/p>\n<p>On je kazao da je namjera da se po\u010dne ozbiljna rasprava kako odluka o obaveznom slu\u017eenju vojnog roka ne bi bila pau\u0161alno donesena.<\/p>\n<p>Prema njegovim rije\u010dima, Ministarstvo priprema normativna, zakonska rje\u0161enja i podzakonske akte.<\/p>\n<p>Istovremeno se sa General\u0161tabom razmatra, ukoliko se odlu\u010di u tom smjeru, da li ima dovoljno kasarni, da li su spremni objekti za smje\u0161taj vojnika i da li ima dovoljno ljudi za njihovu obuku.<\/p>\n<p>-Ne \u017eelim da mladi ljudi do\u017eivljavaju da dolaze u vojsku da bi o\u010distili par\u010de piste ili kosili travu. Nama oni trebaju u vojsci da bi nau\u010dili vojni\u010dke vje\u0161tine. Da bi na\u0161a zemlja imala vojnike i rezerviste &#8211; izjavio je Stefanovi\u0107.<\/p>\n<p>Kako je kazao, razgovara se o razli\u010ditim modelima obaveznog slu\u017eenja vojnog roka, a radi se i na tome da se pove\u0107a broj vojnika na dobrovoljnom slu\u017eenju.<\/p>\n<p>Stefanovi\u0107 je podsjetio da je odluka o obaveznom slu\u017eenju vojnog roka nije ukinuta ve\u0107 zamrznuta i da jo\u0161 postoji kao zakonska norma, prenosi Avaz.<\/p>\n","protected":false},"excerpt":{"rendered":"<p>Neboj\u0161a Stefanovi\u0107, ministar odbrane Srbije izjavio je u Ni\u0161u da se radi na ponovnom uvo\u0111enju&hellip;<\/p>\n","protected":false},"author":4,"featured_media":148118,"comment_status":"open","ping_status":"closed","sticky":false,"template":"","format":"standard","meta":{"_acf_changed":false,"footnotes":""},"categories":[16],"tags":[2647,309,760],"acf":[],"yoast_head":"<!-- This site is optimized with the Yoast SEO plugin v23.5 - https:\/\/yoast.com\/wordpress\/plugins\/seo\/ -->\n<title>Stefanovi\u0107: &quot;Radi se na vra\u0107anju obaveznog vojnog roka u Srbiji&quot; - TuzlaInfo.ba<\/title>\n<meta name=\"robots\" content=\"index, follow, max-snippet:-1, max-image-preview:large, max-video-preview:-1\" \/>\n<link rel=\"canonical\" href=\"https:\/\/tuzlainfo.ba\/index.php\/clanci\/sa-svih-strana\/item\/148117-stefanovic-radi-se-na-vracanju-obaveznog-vojnog-roka-u-srbiji\/\" \/>\n<meta property=\"og:locale\" content=\"bs_BA\" \/>\n<meta property=\"og:type\" content=\"article\" \/>\n<meta property=\"og:title\" content=\"Stefanovi\u0107: &quot;Radi se na vra\u0107anju obaveznog vojnog roka u Srbiji&quot; - TuzlaInfo.ba\" \/>\n<meta property=\"og:description\" content=\"Neboj\u0161a Stefanovi\u0107, ministar odbrane Srbije izjavio je u Ni\u0161u da se radi na ponovnom uvo\u0111enju&hellip;\" \/>\n<meta property=\"og:url\" content=\"https:\/\/tuzlainfo.ba\/index.php\/clanci\/sa-svih-strana\/item\/148117-stefanovic-radi-se-na-vracanju-obaveznog-vojnog-roka-u-srbiji\/\" \/>\n<meta property=\"og:site_name\" content=\"TuzlaInfo.ba\" \/>\n<meta property=\"article:publisher\" content=\"https:\/\/www.facebook.com\/tuzlainfo.ba\/\" \/>\n<meta property=\"article:published_time\" content=\"2021-09-17T07:01:13+00:00\" \/>\n<meta property=\"og:image\" content=\"https:\/\/tuzlainfo.ba\/wp-content\/uploads\/2021\/09\/inbound1484385300579930254.jpg\" \/>\n\t<meta property=\"og:image:width\" content=\"680\" \/>\n\t<meta property=\"og:image:height\" content=\"430\" \/>\n\t<meta property=\"og:image:type\" content=\"image\/jpeg\" \/>\n<meta name=\"author\" content=\"Tuzla Info\" \/>\n<meta name=\"twitter:card\" content=\"summary_large_image\" \/>\n<meta name=\"twitter:label1\" content=\"Written by\" \/>\n\t<meta name=\"twitter:data1\" content=\"Tuzla Info\" \/>\n\t<meta name=\"twitter:label2\" content=\"Est. reading time\" \/>\n\t<meta name=\"twitter:data2\" content=\"1 minuta\" \/>\n<script type=\"application\/ld+json\" class=\"yoast-schema-graph\">{\"@context\":\"https:\/\/schema.org\",\"@graph\":[{\"@type\":\"Article\",\"@id\":\"https:\/\/tuzlainfo.ba\/index.php\/clanci\/sa-svih-strana\/item\/148117-stefanovic-radi-se-na-vracanju-obaveznog-vojnog-roka-u-srbiji\/#article\",\"isPartOf\":{\"@id\":\"https:\/\/tuzlainfo.ba\/index.php\/clanci\/sa-svih-strana\/item\/148117-stefanovic-radi-se-na-vracanju-obaveznog-vojnog-roka-u-srbiji\/\"},\"author\":{\"name\":\"Tuzla Info\",\"@id\":\"https:\/\/tuzlainfo.ba\/#\/schema\/person\/46cad4c57790cbc50781edd14870825a\"},\"headline\":\"Stefanovi\u0107: &#8220;Radi se na vra\u0107anju obaveznog vojnog roka u Srbiji&#8221;\",\"datePublished\":\"2021-09-17T07:01:13+00:00\",\"dateModified\":\"2021-09-17T07:01:13+00:00\",\"mainEntityOfPage\":{\"@id\":\"https:\/\/tuzlainfo.ba\/index.php\/clanci\/sa-svih-strana\/item\/148117-stefanovic-radi-se-na-vracanju-obaveznog-vojnog-roka-u-srbiji\/\"},\"wordCount\":280,\"commentCount\":0,\"publisher\":{\"@id\":\"https:\/\/tuzlainfo.ba\/#organization\"},\"image\":{\"@id\":\"https:\/\/tuzlainfo.ba\/index.php\/clanci\/sa-svih-strana\/item\/148117-stefanovic-radi-se-na-vracanju-obaveznog-vojnog-roka-u-srbiji\/#primaryimage\"},\"thumbnailUrl\":\"https:\/\/tuzlainfo.ba\/wp-content\/uploads\/2021\/09\/inbound1484385300579930254.jpg\",\"keywords\":[\"Neboj\u0161a Stefanovi\u0107\",\"srbija\",\"vojska\"],\"articleSection\":[\"Sa svih strana\"],\"inLanguage\":\"bs-BA\"},{\"@type\":\"WebPage\",\"@id\":\"https:\/\/tuzlainfo.ba\/index.php\/clanci\/sa-svih-strana\/item\/148117-stefanovic-radi-se-na-vracanju-obaveznog-vojnog-roka-u-srbiji\/\",\"url\":\"https:\/\/tuzlainfo.ba\/index.php\/clanci\/sa-svih-strana\/item\/148117-stefanovic-radi-se-na-vracanju-obaveznog-vojnog-roka-u-srbiji\/\",\"name\":\"Stefanovi\u0107: \\\"Radi se na vra\u0107anju obaveznog vojnog roka u Srbiji\\\" - TuzlaInfo.ba\",\"isPartOf\":{\"@id\":\"https:\/\/tuzlainfo.ba\/#website\"},\"primaryImageOfPage\":{\"@id\":\"https:\/\/tuzlainfo.ba\/index.php\/clanci\/sa-svih-strana\/item\/148117-stefanovic-radi-se-na-vracanju-obaveznog-vojnog-roka-u-srbiji\/#primaryimage\"},\"image\":{\"@id\":\"https:\/\/tuzlainfo.ba\/index.php\/clanci\/sa-svih-strana\/item\/148117-stefanovic-radi-se-na-vracanju-obaveznog-vojnog-roka-u-srbiji\/#primaryimage\"},\"thumbnailUrl\":\"https:\/\/tuzlainfo.ba\/wp-content\/uploads\/2021\/09\/inbound1484385300579930254.jpg\",\"datePublished\":\"2021-09-17T07:01:13+00:00\",\"dateModified\":\"2021-09-17T07:01:13+00:00\",\"breadcrumb\":{\"@id\":\"https:\/\/tuzlainfo.ba\/index.php\/clanci\/sa-svih-strana\/item\/148117-stefanovic-radi-se-na-vracanju-obaveznog-vojnog-roka-u-srbiji\/#breadcrumb\"},\"inLanguage\":\"bs-BA\",\"potentialAction\":[{\"@type\":\"ReadAction\",\"target\":[\"https:\/\/tuzlainfo.ba\/index.php\/clanci\/sa-svih-strana\/item\/148117-stefanovic-radi-se-na-vracanju-obaveznog-vojnog-roka-u-srbiji\/\"]}]},{\"@type\":\"ImageObject\",\"inLanguage\":\"bs-BA\",\"@id\":\"https:\/\/tuzlainfo.ba\/index.php\/clanci\/sa-svih-strana\/item\/148117-stefanovic-radi-se-na-vracanju-obaveznog-vojnog-roka-u-srbiji\/#primaryimage\",\"url\":\"https:\/\/tuzlainfo.ba\/wp-content\/uploads\/2021\/09\/inbound1484385300579930254.jpg\",\"contentUrl\":\"https:\/\/tuzlainfo.ba\/wp-content\/uploads\/2021\/09\/inbound1484385300579930254.jpg\",\"width\":680,\"height\":430},{\"@type\":\"BreadcrumbList\",\"@id\":\"https:\/\/tuzlainfo.ba\/index.php\/clanci\/sa-svih-strana\/item\/148117-stefanovic-radi-se-na-vracanju-obaveznog-vojnog-roka-u-srbiji\/#breadcrumb\",\"itemListElement\":[{\"@type\":\"ListItem\",\"position\":1,\"name\":\"Home\",\"item\":\"https:\/\/tuzlainfo.ba\/\"},{\"@type\":\"ListItem\",\"position\":2,\"name\":\"Stefanovi\u0107: &#8220;Radi se na vra\u0107anju obaveznog vojnog roka u Srbiji&#8221;\"}]},{\"@type\":\"WebSite\",\"@id\":\"https:\/\/tuzlainfo.ba\/#website\",\"url\":\"https:\/\/tuzlainfo.ba\/\",\"name\":\"TuzlaInfo.ba\",\"description\":\"Tuzla info, gradski informator - Tuzla na dlanu\",\"publisher\":{\"@id\":\"https:\/\/tuzlainfo.ba\/#organization\"},\"potentialAction\":[{\"@type\":\"SearchAction\",\"target\":{\"@type\":\"EntryPoint\",\"urlTemplate\":\"https:\/\/tuzlainfo.ba\/?s={search_term_string}\"},\"query-input\":{\"@type\":\"PropertyValueSpecification\",\"valueRequired\":true,\"valueName\":\"search_term_string\"}}],\"inLanguage\":\"bs-BA\"},{\"@type\":\"Organization\",\"@id\":\"https:\/\/tuzlainfo.ba\/#organization\",\"name\":\"TuzlaInfo.ba\",\"url\":\"https:\/\/tuzlainfo.ba\/\",\"logo\":{\"@type\":\"ImageObject\",\"inLanguage\":\"bs-BA\",\"@id\":\"https:\/\/tuzlainfo.ba\/#\/schema\/logo\/image\/\",\"url\":\"https:\/\/tuzlainfo.ba\/wp-content\/uploads\/2021\/03\/logo-ver-3-1.png\",\"contentUrl\":\"https:\/\/tuzlainfo.ba\/wp-content\/uploads\/2021\/03\/logo-ver-3-1.png\",\"width\":350,\"height\":95,\"caption\":\"TuzlaInfo.ba\"},\"image\":{\"@id\":\"https:\/\/tuzlainfo.ba\/#\/schema\/logo\/image\/\"},\"sameAs\":[\"https:\/\/www.facebook.com\/tuzlainfo.ba\/\"]},{\"@type\":\"Person\",\"@id\":\"https:\/\/tuzlainfo.ba\/#\/schema\/person\/46cad4c57790cbc50781edd14870825a\",\"name\":\"Tuzla Info\",\"image\":{\"@type\":\"ImageObject\",\"inLanguage\":\"bs-BA\",\"@id\":\"https:\/\/tuzlainfo.ba\/#\/schema\/person\/image\/\",\"url\":\"https:\/\/tuzlainfo.ba\/wp-content\/litespeed\/avatar\/b6c453a6c38e3654f2e4416c643fc25c.jpg?ver=1777051911\",\"contentUrl\":\"https:\/\/tuzlainfo.ba\/wp-content\/litespeed\/avatar\/b6c453a6c38e3654f2e4416c643fc25c.jpg?ver=1777051911\",\"caption\":\"Tuzla Info\"}}]}<\/script>\n<!-- \/ Yoast SEO plugin. -->","yoast_head_json":{"title":"Stefanovi\u0107: \"Radi se na vra\u0107anju obaveznog vojnog roka u Srbiji\" - TuzlaInfo.ba","robots":{"index":"index","follow":"follow","max-snippet":"max-snippet:-1","max-image-preview":"max-image-preview:large","max-video-preview":"max-video-preview:-1"},"canonical":"https:\/\/tuzlainfo.ba\/index.php\/clanci\/sa-svih-strana\/item\/148117-stefanovic-radi-se-na-vracanju-obaveznog-vojnog-roka-u-srbiji\/","og_locale":"bs_BA","og_type":"article","og_title":"Stefanovi\u0107: \"Radi se na vra\u0107anju obaveznog vojnog roka u Srbiji\" - TuzlaInfo.ba","og_description":"Neboj\u0161a Stefanovi\u0107, ministar odbrane Srbije izjavio je u Ni\u0161u da se radi na ponovnom uvo\u0111enju&hellip;","og_url":"https:\/\/tuzlainfo.ba\/index.php\/clanci\/sa-svih-strana\/item\/148117-stefanovic-radi-se-na-vracanju-obaveznog-vojnog-roka-u-srbiji\/","og_site_name":"TuzlaInfo.ba","article_publisher":"https:\/\/www.facebook.com\/tuzlainfo.ba\/","article_published_time":"2021-09-17T07:01:13+00:00","og_image":[{"width":680,"height":430,"url":"https:\/\/tuzlainfo.ba\/wp-content\/uploads\/2021\/09\/inbound1484385300579930254.jpg","type":"image\/jpeg"}],"author":"Tuzla Info","twitter_card":"summary_large_image","twitter_misc":{"Written by":"Tuzla Info","Est. reading time":"1 minuta"},"schema":{"@context":"https:\/\/schema.org","@graph":[{"@type":"Article","@id":"https:\/\/tuzlainfo.ba\/index.php\/clanci\/sa-svih-strana\/item\/148117-stefanovic-radi-se-na-vracanju-obaveznog-vojnog-roka-u-srbiji\/#article","isPartOf":{"@id":"https:\/\/tuzlainfo.ba\/index.php\/clanci\/sa-svih-strana\/item\/148117-stefanovic-radi-se-na-vracanju-obaveznog-vojnog-roka-u-srbiji\/"},"author":{"name":"Tuzla Info","@id":"https:\/\/tuzlainfo.ba\/#\/schema\/person\/46cad4c57790cbc50781edd14870825a"},"headline":"Stefanovi\u0107: &#8220;Radi se na vra\u0107anju obaveznog vojnog roka u Srbiji&#8221;","datePublished":"2021-09-17T07:01:13+00:00","dateModified":"2021-09-17T07:01:13+00:00","mainEntityOfPage":{"@id":"https:\/\/tuzlainfo.ba\/index.php\/clanci\/sa-svih-strana\/item\/148117-stefanovic-radi-se-na-vracanju-obaveznog-vojnog-roka-u-srbiji\/"},"wordCount":280,"commentCount":0,"publisher":{"@id":"https:\/\/tuzlainfo.ba\/#organization"},"image":{"@id":"https:\/\/tuzlainfo.ba\/index.php\/clanci\/sa-svih-strana\/item\/148117-stefanovic-radi-se-na-vracanju-obaveznog-vojnog-roka-u-srbiji\/#primaryimage"},"thumbnailUrl":"https:\/\/tuzlainfo.ba\/wp-content\/uploads\/2021\/09\/inbound1484385300579930254.jpg","keywords":["Neboj\u0161a Stefanovi\u0107","srbija","vojska"],"articleSection":["Sa svih strana"],"inLanguage":"bs-BA"},{"@type":"WebPage","@id":"https:\/\/tuzlainfo.ba\/index.php\/clanci\/sa-svih-strana\/item\/148117-stefanovic-radi-se-na-vracanju-obaveznog-vojnog-roka-u-srbiji\/","url":"https:\/\/tuzlainfo.ba\/index.php\/clanci\/sa-svih-strana\/item\/148117-stefanovic-radi-se-na-vracanju-obaveznog-vojnog-roka-u-srbiji\/","name":"Stefanovi\u0107: \"Radi se na vra\u0107anju obaveznog vojnog roka u Srbiji\" - TuzlaInfo.ba","isPartOf":{"@id":"https:\/\/tuzlainfo.ba\/#website"},"primaryImageOfPage":{"@id":"https:\/\/tuzlainfo.ba\/index.php\/clanci\/sa-svih-strana\/item\/148117-stefanovic-radi-se-na-vracanju-obaveznog-vojnog-roka-u-srbiji\/#primaryimage"},"image":{"@id":"https:\/\/tuzlainfo.ba\/index.php\/clanci\/sa-svih-strana\/item\/148117-stefanovic-radi-se-na-vracanju-obaveznog-vojnog-roka-u-srbiji\/#primaryimage"},"thumbnailUrl":"https:\/\/tuzlainfo.ba\/wp-content\/uploads\/2021\/09\/inbound1484385300579930254.jpg","datePublished":"2021-09-17T07:01:13+00:00","dateModified":"2021-09-17T07:01:13+00:00","breadcrumb":{"@id":"https:\/\/tuzlainfo.ba\/index.php\/clanci\/sa-svih-strana\/item\/148117-stefanovic-radi-se-na-vracanju-obaveznog-vojnog-roka-u-srbiji\/#breadcrumb"},"inLanguage":"bs-BA","potentialAction":[{"@type":"ReadAction","target":["https:\/\/tuzlainfo.ba\/index.php\/clanci\/sa-svih-strana\/item\/148117-stefanovic-radi-se-na-vracanju-obaveznog-vojnog-roka-u-srbiji\/"]}]},{"@type":"ImageObject","inLanguage":"bs-BA","@id":"https:\/\/tuzlainfo.ba\/index.php\/clanci\/sa-svih-strana\/item\/148117-stefanovic-radi-se-na-vracanju-obaveznog-vojnog-roka-u-srbiji\/#primaryimage","url":"https:\/\/tuzlainfo.ba\/wp-content\/uploads\/2021\/09\/inbound1484385300579930254.jpg","contentUrl":"https:\/\/tuzlainfo.ba\/wp-content\/uploads\/2021\/09\/inbound1484385300579930254.jpg","width":680,"height":430},{"@type":"BreadcrumbList","@id":"https:\/\/tuzlainfo.ba\/index.php\/clanci\/sa-svih-strana\/item\/148117-stefanovic-radi-se-na-vracanju-obaveznog-vojnog-roka-u-srbiji\/#breadcrumb","itemListElement":[{"@type":"ListItem","position":1,"name":"Home","item":"https:\/\/tuzlainfo.ba\/"},{"@type":"ListItem","position":2,"name":"Stefanovi\u0107: &#8220;Radi se na vra\u0107anju obaveznog vojnog roka u Srbiji&#8221;"}]},{"@type":"WebSite","@id":"https:\/\/tuzlainfo.ba\/#website","url":"https:\/\/tuzlainfo.ba\/","name":"TuzlaInfo.ba","description":"Tuzla info, gradski informator - Tuzla na dlanu","publisher":{"@id":"https:\/\/tuzlainfo.ba\/#organization"},"potentialAction":[{"@type":"SearchAction","target":{"@type":"EntryPoint","urlTemplate":"https:\/\/tuzlainfo.ba\/?s={search_term_string}"},"query-input":{"@type":"PropertyValueSpecification","valueRequired":true,"valueName":"search_term_string"}}],"inLanguage":"bs-BA"},{"@type":"Organization","@id":"https:\/\/tuzlainfo.ba\/#organization","name":"TuzlaInfo.ba","url":"https:\/\/tuzlainfo.ba\/","logo":{"@type":"ImageObject","inLanguage":"bs-BA","@id":"https:\/\/tuzlainfo.ba\/#\/schema\/logo\/image\/","url":"https:\/\/tuzlainfo.ba\/wp-content\/uploads\/2021\/03\/logo-ver-3-1.png","contentUrl":"https:\/\/tuzlainfo.ba\/wp-content\/uploads\/2021\/03\/logo-ver-3-1.png","width":350,"height":95,"caption":"TuzlaInfo.ba"},"image":{"@id":"https:\/\/tuzlainfo.ba\/#\/schema\/logo\/image\/"},"sameAs":["https:\/\/www.facebook.com\/tuzlainfo.ba\/"]},{"@type":"Person","@id":"https:\/\/tuzlainfo.ba\/#\/schema\/person\/46cad4c57790cbc50781edd14870825a","name":"Tuzla Info","image":{"@type":"ImageObject","inLanguage":"bs-BA","@id":"https:\/\/tuzlainfo.ba\/#\/schema\/person\/image\/","url":"https:\/\/tuzlainfo.ba\/wp-content\/litespeed\/avatar\/b6c453a6c38e3654f2e4416c643fc25c.jpg?ver=1777051911","contentUrl":"https:\/\/tuzlainfo.ba\/wp-content\/litespeed\/avatar\/b6c453a6c38e3654f2e4416c643fc25c.jpg?ver=1777051911","caption":"Tuzla Info"}}]}},"_links":{"self":[{"href":"https:\/\/tuzlainfo.ba\/index.php\/wp-json\/wp\/v2\/posts\/148117"}],"collection":[{"href":"https:\/\/tuzlainfo.ba\/index.php\/wp-json\/wp\/v2\/posts"}],"about":[{"href":"https:\/\/tuzlainfo.ba\/index.php\/wp-json\/wp\/v2\/types\/post"}],"author":[{"embeddable":true,"href":"https:\/\/tuzlainfo.ba\/index.php\/wp-json\/wp\/v2\/users\/4"}],"replies":[{"embeddable":true,"href":"https:\/\/tuzlainfo.ba\/index.php\/wp-json\/wp\/v2\/comments?post=148117"}],"version-history":[{"count":0,"href":"https:\/\/tuzlainfo.ba\/index.php\/wp-json\/wp\/v2\/posts\/148117\/revisions"}],"wp:featuredmedia":[{"embeddable":true,"href":"https:\/\/tuzlainfo.ba\/index.php\/wp-json\/wp\/v2\/media\/148118"}],"wp:attachment":[{"href":"https:\/\/tuzlainfo.ba\/index.php\/wp-json\/wp\/v2\/media?parent=148117"}],"wp:term":[{"taxonomy":"category","embeddable":true,"href":"https:\/\/tuzlainfo.ba\/index.php\/wp-json\/wp\/v2\/categories?post=148117"},{"taxonomy":"post_tag","embeddable":true,"href":"https:\/\/tuzlainfo.ba\/index.php\/wp-json\/wp\/v2\/tags?post=148117"}],"curies":[{"name":"wp","href":"https:\/\/api.w.org\/{rel}","templated":true}]}}