{"id":148020,"date":"2021-09-16T15:00:11","date_gmt":"2021-09-16T13:00:11","guid":{"rendered":"https:\/\/tuzlainfo.ba\/?p=148020"},"modified":"2021-09-16T11:04:44","modified_gmt":"2021-09-16T09:04:44","slug":"nakon-poziva-kantonalne-privredne-komore-sutra-pocinje-vakcinacija-u-firmama-na-podrucju-tk","status":"publish","type":"post","link":"https:\/\/tuzlainfo.ba\/index.php\/novosti\/item\/148020-nakon-poziva-kantonalne-privredne-komore-sutra-pocinje-vakcinacija-u-firmama-na-podrucju-tk\/","title":{"rendered":"Nakon poziva Kantonalne privredne komore: Sutra po\u010dinje vakcinacija u firmama na podru\u010dju TK"},"content":{"rendered":"<p>U okviru zajedni\u010dke akcije koju su pokrenuli Kantonalna privredna komora Tuzla i Zavod za javno zdravstvo Tuzlanskog kantona, po\u010dinje vakcinisanje protiv COVID-19 u privrednim subjektima na podru\u010dju Tuzlanskog kantona. Komora i Zavod su ranije pozvali sve privredne subjekte da animiraju svoje uposlene da se pravovremeno vakcini\u0161u i da na taj na\u010din doprinesu obezbje\u0111enju sigurnog poslovnog okru\u017eenje i smanjenju mogu\u0107nosti uvo\u0111enja restriktivnih mjera u predstoje\u0107em zimskom periodu.<\/p>\n<p>S tim u vezi, ve\u0107 u petak, 17. septembra sa po\u010detkom u 9,oo sati, bi\u0107e organizovano prvo grupno vakcinisanje u privrednim subjektima na podru\u010dju Tuzlanskog kantona. Prijavljeno je ve\u0107 desetak privrednih subjekata, prave se spiskovi i rasporedi vakcinisanja a prema planu i programu realizacije projekta, prva je firma &#8220;Grin&#8221; Gra\u010danica. U prostorijama firme \u0107e biti organizovano vakcinisanje radnika a kada je u pitanju vrsta vakcine, jo\u0161 jednom podsje\u0107amo da \u0107e se vakcinacija vr\u0161iti u skladu sa trenutno raspolo\u017eivim vakcinama.<\/p>\n<p>Podsjetimo, vakcinacija je najdjelotvorniji na\u010din za\u0161tite od bolesti COVID-19 i naju\u010dinkovitiji na\u010din suzbijanja \u0161irenja pandemije. Vakcinacijom protiv COVID-19 u organizam unosimo materiju koja stimuli\u0161e na\u0161 imunolo\u0161ki sistem da samostalno stvara otpornost (imunitet) na koronavirus. Vakcinisanjem \u0161titite sebe i osobe s kojima \u017eivite ili s kojima dolazite u kontakt. Sve registrirane vakcine u BiH i Evropskoj uniji djelotvorno \u0161tite od te\u017eih oblika bolesti, hospitalizacije i smrtnih ishoda.<\/p>\n<p>Kantonalna privredna komora Tuzla i Zavod za javno zdravstvo Tuzlanskog kantona jo\u0161 jednom pozivaju sve privredne subjekte na podru\u010dju Tuzlanskog kantona, da animiraju svoje radnike, obavijeste ih o ovoj zajedni\u010dkoj akciji te spiskove svojih zainteresovanih uposlenika sa mati\u010dnim brojem (JMBG) dostave u Kantonalnu privrednu komoru Tuzla. Sve ovo s ciljem organizovanja termina za vakcinaciju na punktu za vakcinaciju u konkretnoj lokalnoj zajednici. U slu\u010daju ve\u0107eg broja zainteresovanih uposlenika, Zavod za javno zdravstvo TK \u0107e organizovati mobilni tim i vakcinaciju izvr\u0161iti u prostorijama kompanije. Spiskove je mogu\u0107e slati, i sve dodatne informacije dobiti na: e-mail adresu komora@kpktz.ba ili edina@kpktz.ba, Kontakt telefon 035\/369-550.<\/p>\n<p>&nbsp;<\/p>\n","protected":false},"excerpt":{"rendered":"<p>U okviru zajedni\u010dke akcije koju su pokrenuli Kantonalna privredna komora Tuzla i Zavod za javno&hellip;<\/p>\n","protected":false},"author":4,"featured_media":136288,"comment_status":"open","ping_status":"closed","sticky":false,"template":"","format":"standard","meta":{"_acf_changed":false,"footnotes":""},"categories":[304,12],"tags":[2634,1912],"acf":[],"yoast_head":"<!-- This site is optimized with the Yoast SEO plugin v23.5 - https:\/\/yoast.com\/wordpress\/plugins\/seo\/ -->\n<title>Nakon poziva Kantonalne privredne komore: Sutra po\u010dinje vakcinacija u firmama na podru\u010dju TK - TuzlaInfo.ba<\/title>\n<meta name=\"robots\" content=\"index, follow, max-snippet:-1, max-image-preview:large, max-video-preview:-1\" \/>\n<link rel=\"canonical\" href=\"https:\/\/tuzlainfo.ba\/index.php\/novosti\/item\/148020-nakon-poziva-kantonalne-privredne-komore-sutra-pocinje-vakcinacija-u-firmama-na-podrucju-tk\/\" \/>\n<meta property=\"og:locale\" content=\"bs_BA\" \/>\n<meta property=\"og:type\" content=\"article\" \/>\n<meta property=\"og:title\" content=\"Nakon poziva Kantonalne privredne komore: Sutra po\u010dinje vakcinacija u firmama na podru\u010dju TK - TuzlaInfo.ba\" \/>\n<meta property=\"og:description\" content=\"U okviru zajedni\u010dke akcije koju su pokrenuli Kantonalna privredna komora Tuzla i Zavod za javno&hellip;\" \/>\n<meta property=\"og:url\" content=\"https:\/\/tuzlainfo.ba\/index.php\/novosti\/item\/148020-nakon-poziva-kantonalne-privredne-komore-sutra-pocinje-vakcinacija-u-firmama-na-podrucju-tk\/\" \/>\n<meta property=\"og:site_name\" content=\"TuzlaInfo.ba\" \/>\n<meta property=\"article:publisher\" content=\"https:\/\/www.facebook.com\/tuzlainfo.ba\/\" \/>\n<meta property=\"article:published_time\" content=\"2021-09-16T13:00:11+00:00\" \/>\n<meta property=\"article:modified_time\" content=\"2021-09-16T09:04:44+00:00\" \/>\n<meta property=\"og:image\" content=\"https:\/\/tuzlainfo.ba\/wp-content\/uploads\/2021\/04\/2604_vakcinacija.jpg\" \/>\n\t<meta property=\"og:image:width\" content=\"780\" \/>\n\t<meta property=\"og:image:height\" content=\"490\" \/>\n\t<meta property=\"og:image:type\" content=\"image\/jpeg\" \/>\n<meta name=\"author\" content=\"Tuzla Info\" \/>\n<meta name=\"twitter:card\" content=\"summary_large_image\" \/>\n<meta name=\"twitter:label1\" content=\"Written by\" \/>\n\t<meta name=\"twitter:data1\" content=\"Tuzla Info\" \/>\n\t<meta name=\"twitter:label2\" content=\"Est. reading time\" \/>\n\t<meta name=\"twitter:data2\" content=\"2 minute\" \/>\n<script type=\"application\/ld+json\" class=\"yoast-schema-graph\">{\"@context\":\"https:\/\/schema.org\",\"@graph\":[{\"@type\":\"Article\",\"@id\":\"https:\/\/tuzlainfo.ba\/index.php\/novosti\/item\/148020-nakon-poziva-kantonalne-privredne-komore-sutra-pocinje-vakcinacija-u-firmama-na-podrucju-tk\/#article\",\"isPartOf\":{\"@id\":\"https:\/\/tuzlainfo.ba\/index.php\/novosti\/item\/148020-nakon-poziva-kantonalne-privredne-komore-sutra-pocinje-vakcinacija-u-firmama-na-podrucju-tk\/\"},\"author\":{\"name\":\"Tuzla Info\",\"@id\":\"https:\/\/tuzlainfo.ba\/#\/schema\/person\/46cad4c57790cbc50781edd14870825a\"},\"headline\":\"Nakon poziva Kantonalne privredne komore: Sutra po\u010dinje vakcinacija u firmama na podru\u010dju TK\",\"datePublished\":\"2021-09-16T13:00:11+00:00\",\"dateModified\":\"2021-09-16T09:04:44+00:00\",\"mainEntityOfPage\":{\"@id\":\"https:\/\/tuzlainfo.ba\/index.php\/novosti\/item\/148020-nakon-poziva-kantonalne-privredne-komore-sutra-pocinje-vakcinacija-u-firmama-na-podrucju-tk\/\"},\"wordCount\":362,\"commentCount\":0,\"publisher\":{\"@id\":\"https:\/\/tuzlainfo.ba\/#organization\"},\"image\":{\"@id\":\"https:\/\/tuzlainfo.ba\/index.php\/novosti\/item\/148020-nakon-poziva-kantonalne-privredne-komore-sutra-pocinje-vakcinacija-u-firmama-na-podrucju-tk\/#primaryimage\"},\"thumbnailUrl\":\"https:\/\/tuzlainfo.ba\/wp-content\/uploads\/2021\/04\/2604_vakcinacija.jpg\",\"keywords\":[\"privredni subjekti\",\"vakcinacija tk\"],\"articleSection\":[\"Istaknuto\",\"Novosti\"],\"inLanguage\":\"bs-BA\"},{\"@type\":\"WebPage\",\"@id\":\"https:\/\/tuzlainfo.ba\/index.php\/novosti\/item\/148020-nakon-poziva-kantonalne-privredne-komore-sutra-pocinje-vakcinacija-u-firmama-na-podrucju-tk\/\",\"url\":\"https:\/\/tuzlainfo.ba\/index.php\/novosti\/item\/148020-nakon-poziva-kantonalne-privredne-komore-sutra-pocinje-vakcinacija-u-firmama-na-podrucju-tk\/\",\"name\":\"Nakon poziva Kantonalne privredne komore: Sutra po\u010dinje vakcinacija u firmama na podru\u010dju TK - TuzlaInfo.ba\",\"isPartOf\":{\"@id\":\"https:\/\/tuzlainfo.ba\/#website\"},\"primaryImageOfPage\":{\"@id\":\"https:\/\/tuzlainfo.ba\/index.php\/novosti\/item\/148020-nakon-poziva-kantonalne-privredne-komore-sutra-pocinje-vakcinacija-u-firmama-na-podrucju-tk\/#primaryimage\"},\"image\":{\"@id\":\"https:\/\/tuzlainfo.ba\/index.php\/novosti\/item\/148020-nakon-poziva-kantonalne-privredne-komore-sutra-pocinje-vakcinacija-u-firmama-na-podrucju-tk\/#primaryimage\"},\"thumbnailUrl\":\"https:\/\/tuzlainfo.ba\/wp-content\/uploads\/2021\/04\/2604_vakcinacija.jpg\",\"datePublished\":\"2021-09-16T13:00:11+00:00\",\"dateModified\":\"2021-09-16T09:04:44+00:00\",\"breadcrumb\":{\"@id\":\"https:\/\/tuzlainfo.ba\/index.php\/novosti\/item\/148020-nakon-poziva-kantonalne-privredne-komore-sutra-pocinje-vakcinacija-u-firmama-na-podrucju-tk\/#breadcrumb\"},\"inLanguage\":\"bs-BA\",\"potentialAction\":[{\"@type\":\"ReadAction\",\"target\":[\"https:\/\/tuzlainfo.ba\/index.php\/novosti\/item\/148020-nakon-poziva-kantonalne-privredne-komore-sutra-pocinje-vakcinacija-u-firmama-na-podrucju-tk\/\"]}]},{\"@type\":\"ImageObject\",\"inLanguage\":\"bs-BA\",\"@id\":\"https:\/\/tuzlainfo.ba\/index.php\/novosti\/item\/148020-nakon-poziva-kantonalne-privredne-komore-sutra-pocinje-vakcinacija-u-firmama-na-podrucju-tk\/#primaryimage\",\"url\":\"https:\/\/tuzlainfo.ba\/wp-content\/uploads\/2021\/04\/2604_vakcinacija.jpg\",\"contentUrl\":\"https:\/\/tuzlainfo.ba\/wp-content\/uploads\/2021\/04\/2604_vakcinacija.jpg\",\"width\":780,\"height\":490},{\"@type\":\"BreadcrumbList\",\"@id\":\"https:\/\/tuzlainfo.ba\/index.php\/novosti\/item\/148020-nakon-poziva-kantonalne-privredne-komore-sutra-pocinje-vakcinacija-u-firmama-na-podrucju-tk\/#breadcrumb\",\"itemListElement\":[{\"@type\":\"ListItem\",\"position\":1,\"name\":\"Home\",\"item\":\"https:\/\/tuzlainfo.ba\/\"},{\"@type\":\"ListItem\",\"position\":2,\"name\":\"Nakon poziva Kantonalne privredne komore: Sutra po\u010dinje vakcinacija u firmama na podru\u010dju TK\"}]},{\"@type\":\"WebSite\",\"@id\":\"https:\/\/tuzlainfo.ba\/#website\",\"url\":\"https:\/\/tuzlainfo.ba\/\",\"name\":\"TuzlaInfo.ba\",\"description\":\"Tuzla info, gradski informator - Tuzla na dlanu\",\"publisher\":{\"@id\":\"https:\/\/tuzlainfo.ba\/#organization\"},\"potentialAction\":[{\"@type\":\"SearchAction\",\"target\":{\"@type\":\"EntryPoint\",\"urlTemplate\":\"https:\/\/tuzlainfo.ba\/?s={search_term_string}\"},\"query-input\":{\"@type\":\"PropertyValueSpecification\",\"valueRequired\":true,\"valueName\":\"search_term_string\"}}],\"inLanguage\":\"bs-BA\"},{\"@type\":\"Organization\",\"@id\":\"https:\/\/tuzlainfo.ba\/#organization\",\"name\":\"TuzlaInfo.ba\",\"url\":\"https:\/\/tuzlainfo.ba\/\",\"logo\":{\"@type\":\"ImageObject\",\"inLanguage\":\"bs-BA\",\"@id\":\"https:\/\/tuzlainfo.ba\/#\/schema\/logo\/image\/\",\"url\":\"https:\/\/tuzlainfo.ba\/wp-content\/uploads\/2021\/03\/logo-ver-3-1.png\",\"contentUrl\":\"https:\/\/tuzlainfo.ba\/wp-content\/uploads\/2021\/03\/logo-ver-3-1.png\",\"width\":350,\"height\":95,\"caption\":\"TuzlaInfo.ba\"},\"image\":{\"@id\":\"https:\/\/tuzlainfo.ba\/#\/schema\/logo\/image\/\"},\"sameAs\":[\"https:\/\/www.facebook.com\/tuzlainfo.ba\/\"]},{\"@type\":\"Person\",\"@id\":\"https:\/\/tuzlainfo.ba\/#\/schema\/person\/46cad4c57790cbc50781edd14870825a\",\"name\":\"Tuzla Info\",\"image\":{\"@type\":\"ImageObject\",\"inLanguage\":\"bs-BA\",\"@id\":\"https:\/\/tuzlainfo.ba\/#\/schema\/person\/image\/\",\"url\":\"https:\/\/tuzlainfo.ba\/wp-content\/litespeed\/avatar\/b6c453a6c38e3654f2e4416c643fc25c.jpg?ver=1777051911\",\"contentUrl\":\"https:\/\/tuzlainfo.ba\/wp-content\/litespeed\/avatar\/b6c453a6c38e3654f2e4416c643fc25c.jpg?ver=1777051911\",\"caption\":\"Tuzla Info\"}}]}<\/script>\n<!-- \/ Yoast SEO plugin. -->","yoast_head_json":{"title":"Nakon poziva Kantonalne privredne komore: Sutra po\u010dinje vakcinacija u firmama na podru\u010dju TK - TuzlaInfo.ba","robots":{"index":"index","follow":"follow","max-snippet":"max-snippet:-1","max-image-preview":"max-image-preview:large","max-video-preview":"max-video-preview:-1"},"canonical":"https:\/\/tuzlainfo.ba\/index.php\/novosti\/item\/148020-nakon-poziva-kantonalne-privredne-komore-sutra-pocinje-vakcinacija-u-firmama-na-podrucju-tk\/","og_locale":"bs_BA","og_type":"article","og_title":"Nakon poziva Kantonalne privredne komore: Sutra po\u010dinje vakcinacija u firmama na podru\u010dju TK - TuzlaInfo.ba","og_description":"U okviru zajedni\u010dke akcije koju su pokrenuli Kantonalna privredna komora Tuzla i Zavod za javno&hellip;","og_url":"https:\/\/tuzlainfo.ba\/index.php\/novosti\/item\/148020-nakon-poziva-kantonalne-privredne-komore-sutra-pocinje-vakcinacija-u-firmama-na-podrucju-tk\/","og_site_name":"TuzlaInfo.ba","article_publisher":"https:\/\/www.facebook.com\/tuzlainfo.ba\/","article_published_time":"2021-09-16T13:00:11+00:00","article_modified_time":"2021-09-16T09:04:44+00:00","og_image":[{"width":780,"height":490,"url":"https:\/\/tuzlainfo.ba\/wp-content\/uploads\/2021\/04\/2604_vakcinacija.jpg","type":"image\/jpeg"}],"author":"Tuzla Info","twitter_card":"summary_large_image","twitter_misc":{"Written by":"Tuzla Info","Est. reading time":"2 minute"},"schema":{"@context":"https:\/\/schema.org","@graph":[{"@type":"Article","@id":"https:\/\/tuzlainfo.ba\/index.php\/novosti\/item\/148020-nakon-poziva-kantonalne-privredne-komore-sutra-pocinje-vakcinacija-u-firmama-na-podrucju-tk\/#article","isPartOf":{"@id":"https:\/\/tuzlainfo.ba\/index.php\/novosti\/item\/148020-nakon-poziva-kantonalne-privredne-komore-sutra-pocinje-vakcinacija-u-firmama-na-podrucju-tk\/"},"author":{"name":"Tuzla Info","@id":"https:\/\/tuzlainfo.ba\/#\/schema\/person\/46cad4c57790cbc50781edd14870825a"},"headline":"Nakon poziva Kantonalne privredne komore: Sutra po\u010dinje vakcinacija u firmama na podru\u010dju TK","datePublished":"2021-09-16T13:00:11+00:00","dateModified":"2021-09-16T09:04:44+00:00","mainEntityOfPage":{"@id":"https:\/\/tuzlainfo.ba\/index.php\/novosti\/item\/148020-nakon-poziva-kantonalne-privredne-komore-sutra-pocinje-vakcinacija-u-firmama-na-podrucju-tk\/"},"wordCount":362,"commentCount":0,"publisher":{"@id":"https:\/\/tuzlainfo.ba\/#organization"},"image":{"@id":"https:\/\/tuzlainfo.ba\/index.php\/novosti\/item\/148020-nakon-poziva-kantonalne-privredne-komore-sutra-pocinje-vakcinacija-u-firmama-na-podrucju-tk\/#primaryimage"},"thumbnailUrl":"https:\/\/tuzlainfo.ba\/wp-content\/uploads\/2021\/04\/2604_vakcinacija.jpg","keywords":["privredni subjekti","vakcinacija tk"],"articleSection":["Istaknuto","Novosti"],"inLanguage":"bs-BA"},{"@type":"WebPage","@id":"https:\/\/tuzlainfo.ba\/index.php\/novosti\/item\/148020-nakon-poziva-kantonalne-privredne-komore-sutra-pocinje-vakcinacija-u-firmama-na-podrucju-tk\/","url":"https:\/\/tuzlainfo.ba\/index.php\/novosti\/item\/148020-nakon-poziva-kantonalne-privredne-komore-sutra-pocinje-vakcinacija-u-firmama-na-podrucju-tk\/","name":"Nakon poziva Kantonalne privredne komore: Sutra po\u010dinje vakcinacija u firmama na podru\u010dju TK - TuzlaInfo.ba","isPartOf":{"@id":"https:\/\/tuzlainfo.ba\/#website"},"primaryImageOfPage":{"@id":"https:\/\/tuzlainfo.ba\/index.php\/novosti\/item\/148020-nakon-poziva-kantonalne-privredne-komore-sutra-pocinje-vakcinacija-u-firmama-na-podrucju-tk\/#primaryimage"},"image":{"@id":"https:\/\/tuzlainfo.ba\/index.php\/novosti\/item\/148020-nakon-poziva-kantonalne-privredne-komore-sutra-pocinje-vakcinacija-u-firmama-na-podrucju-tk\/#primaryimage"},"thumbnailUrl":"https:\/\/tuzlainfo.ba\/wp-content\/uploads\/2021\/04\/2604_vakcinacija.jpg","datePublished":"2021-09-16T13:00:11+00:00","dateModified":"2021-09-16T09:04:44+00:00","breadcrumb":{"@id":"https:\/\/tuzlainfo.ba\/index.php\/novosti\/item\/148020-nakon-poziva-kantonalne-privredne-komore-sutra-pocinje-vakcinacija-u-firmama-na-podrucju-tk\/#breadcrumb"},"inLanguage":"bs-BA","potentialAction":[{"@type":"ReadAction","target":["https:\/\/tuzlainfo.ba\/index.php\/novosti\/item\/148020-nakon-poziva-kantonalne-privredne-komore-sutra-pocinje-vakcinacija-u-firmama-na-podrucju-tk\/"]}]},{"@type":"ImageObject","inLanguage":"bs-BA","@id":"https:\/\/tuzlainfo.ba\/index.php\/novosti\/item\/148020-nakon-poziva-kantonalne-privredne-komore-sutra-pocinje-vakcinacija-u-firmama-na-podrucju-tk\/#primaryimage","url":"https:\/\/tuzlainfo.ba\/wp-content\/uploads\/2021\/04\/2604_vakcinacija.jpg","contentUrl":"https:\/\/tuzlainfo.ba\/wp-content\/uploads\/2021\/04\/2604_vakcinacija.jpg","width":780,"height":490},{"@type":"BreadcrumbList","@id":"https:\/\/tuzlainfo.ba\/index.php\/novosti\/item\/148020-nakon-poziva-kantonalne-privredne-komore-sutra-pocinje-vakcinacija-u-firmama-na-podrucju-tk\/#breadcrumb","itemListElement":[{"@type":"ListItem","position":1,"name":"Home","item":"https:\/\/tuzlainfo.ba\/"},{"@type":"ListItem","position":2,"name":"Nakon poziva Kantonalne privredne komore: Sutra po\u010dinje vakcinacija u firmama na podru\u010dju TK"}]},{"@type":"WebSite","@id":"https:\/\/tuzlainfo.ba\/#website","url":"https:\/\/tuzlainfo.ba\/","name":"TuzlaInfo.ba","description":"Tuzla info, gradski informator - Tuzla na dlanu","publisher":{"@id":"https:\/\/tuzlainfo.ba\/#organization"},"potentialAction":[{"@type":"SearchAction","target":{"@type":"EntryPoint","urlTemplate":"https:\/\/tuzlainfo.ba\/?s={search_term_string}"},"query-input":{"@type":"PropertyValueSpecification","valueRequired":true,"valueName":"search_term_string"}}],"inLanguage":"bs-BA"},{"@type":"Organization","@id":"https:\/\/tuzlainfo.ba\/#organization","name":"TuzlaInfo.ba","url":"https:\/\/tuzlainfo.ba\/","logo":{"@type":"ImageObject","inLanguage":"bs-BA","@id":"https:\/\/tuzlainfo.ba\/#\/schema\/logo\/image\/","url":"https:\/\/tuzlainfo.ba\/wp-content\/uploads\/2021\/03\/logo-ver-3-1.png","contentUrl":"https:\/\/tuzlainfo.ba\/wp-content\/uploads\/2021\/03\/logo-ver-3-1.png","width":350,"height":95,"caption":"TuzlaInfo.ba"},"image":{"@id":"https:\/\/tuzlainfo.ba\/#\/schema\/logo\/image\/"},"sameAs":["https:\/\/www.facebook.com\/tuzlainfo.ba\/"]},{"@type":"Person","@id":"https:\/\/tuzlainfo.ba\/#\/schema\/person\/46cad4c57790cbc50781edd14870825a","name":"Tuzla Info","image":{"@type":"ImageObject","inLanguage":"bs-BA","@id":"https:\/\/tuzlainfo.ba\/#\/schema\/person\/image\/","url":"https:\/\/tuzlainfo.ba\/wp-content\/litespeed\/avatar\/b6c453a6c38e3654f2e4416c643fc25c.jpg?ver=1777051911","contentUrl":"https:\/\/tuzlainfo.ba\/wp-content\/litespeed\/avatar\/b6c453a6c38e3654f2e4416c643fc25c.jpg?ver=1777051911","caption":"Tuzla Info"}}]}},"_links":{"self":[{"href":"https:\/\/tuzlainfo.ba\/index.php\/wp-json\/wp\/v2\/posts\/148020"}],"collection":[{"href":"https:\/\/tuzlainfo.ba\/index.php\/wp-json\/wp\/v2\/posts"}],"about":[{"href":"https:\/\/tuzlainfo.ba\/index.php\/wp-json\/wp\/v2\/types\/post"}],"author":[{"embeddable":true,"href":"https:\/\/tuzlainfo.ba\/index.php\/wp-json\/wp\/v2\/users\/4"}],"replies":[{"embeddable":true,"href":"https:\/\/tuzlainfo.ba\/index.php\/wp-json\/wp\/v2\/comments?post=148020"}],"version-history":[{"count":0,"href":"https:\/\/tuzlainfo.ba\/index.php\/wp-json\/wp\/v2\/posts\/148020\/revisions"}],"wp:featuredmedia":[{"embeddable":true,"href":"https:\/\/tuzlainfo.ba\/index.php\/wp-json\/wp\/v2\/media\/136288"}],"wp:attachment":[{"href":"https:\/\/tuzlainfo.ba\/index.php\/wp-json\/wp\/v2\/media?parent=148020"}],"wp:term":[{"taxonomy":"category","embeddable":true,"href":"https:\/\/tuzlainfo.ba\/index.php\/wp-json\/wp\/v2\/categories?post=148020"},{"taxonomy":"post_tag","embeddable":true,"href":"https:\/\/tuzlainfo.ba\/index.php\/wp-json\/wp\/v2\/tags?post=148020"}],"curies":[{"name":"wp","href":"https:\/\/api.w.org\/{rel}","templated":true}]}}