{"id":147470,"date":"2021-09-10T09:30:21","date_gmt":"2021-09-10T07:30:21","guid":{"rendered":"https:\/\/tuzlainfo.ba\/?p=147470"},"modified":"2021-09-10T06:37:19","modified_gmt":"2021-09-10T04:37:19","slug":"joe-biden-donosi-naredbu-o-obaveznoj-vakcinaciji-za-100-miliona-amerikanaca","status":"publish","type":"post","link":"https:\/\/tuzlainfo.ba\/index.php\/clanci\/sa-svih-strana\/item\/147470-joe-biden-donosi-naredbu-o-obaveznoj-vakcinaciji-za-100-miliona-amerikanaca\/","title":{"rendered":"Joe Biden donosi naredbu o obaveznoj vakcinaciji za 100 miliona Amerikanaca"},"content":{"rendered":"<p>Ameri\u010dki predsjednik Joe Biden najavio je uvo\u0111enje novih pravila za obaveznu vakcinaciju koja \u0107e obuhvatati oko 100 miliona Amerikanaca u nastojanjima da se pove\u0107a procenat vakcinisanih u SAD-u.<\/p>\n<p>Opse\u017ena pravila koja je ameri\u010dki predsjednik ve\u0107 ranije odobrio nala\u017eu da svi poslodavci koji zapo\u0161ljavaju vi\u0161e od 100 radnika zahtijevaju od njih da se vakcini\u0161u.<\/p>\n<p>&nbsp;<\/p>\n<p>Ukoliko radnici odbiju vakcinaciju, u tom slu\u010daju radnici bi se trebali testirati na koronavirus bar jednom sedmi\u010dno. Ova odluka \u0107e obuhvatiti oko 80 miliona Amerikanaca, a pored njih u 17 miliona radnika u zdravstvenim ustanovama koje spadaju u savezni program Medicare ili Medicaid.<\/p>\n<p>&nbsp;<\/p>\n<p>Biden je tako\u0111er potpisao odluku kojom se zahtijeva obavezna vakcinacija za sve zaposlene u izvr\u0161noj vlasti i osobe koje su povezane sa saveznom vladom \u0161to predstavlja jo\u0161 nekoliko miliona radnika.<\/p>\n<p>&nbsp;<\/p>\n<p>Ipak, u odnosu na radnike, zaposleni u izvr\u0161noj vlasti ne\u0107e imati opciju sedmi\u010dnog testiranja ve\u0107 samo opciju vakcinacije.<\/p>\n<p>&nbsp;<\/p>\n<p>Ova odluka Bidenove administracije ujedno predstavlja i najradikalniji potez kada je rije\u010d o obaveznoj vakcinaciji stanovnika.<\/p>\n<p>&nbsp;<\/p>\n<p>Iako su proteklih mjeseci ameri\u010dki zvani\u010dnici bili oprezni kada je rije\u010d o uvo\u0111enju obavezne vakcinacije, Bidenova administracija promijenila je mi\u0161ljenje nakon \u0161to se proces vakcinacije me\u0111u odre\u0111enim grupama stanovnika nije pomjerio s mrtve ta\u010dke.<\/p>\n<p>&#8220;Ako se preduze\u0107a ne budu pridr\u017eavala ovih mjera, suo\u010davat \u0107e se sa kaznama i do 14.000 dolara&#8221;, prenosi CNN.<\/p>\n<p>Pored ovih mjera, Biden \u0107e donijeti i odluku o pro\u0161irenju programa besplatnog testiranja na koroanvirus \u0161to je korak za koji zdravstveni zvani\u010dnici tvrde da je od klju\u010dne va\u017enosti za suzbijanje virusa naro\u010dito u periodu godine kada se djeca vra\u0107aju u \u0161kolu, a radnici u kancelarije<\/p>\n<p>&nbsp;<\/p>\n","protected":false},"excerpt":{"rendered":"<p>Ameri\u010dki predsjednik Joe Biden najavio je uvo\u0111enje novih pravila za obaveznu vakcinaciju koja \u0107e obuhvatati&hellip;<\/p>\n","protected":false},"author":4,"featured_media":139286,"comment_status":"open","ping_status":"closed","sticky":false,"template":"","format":"standard","meta":{"_acf_changed":false,"footnotes":""},"categories":[16],"tags":[1533,366],"acf":[],"yoast_head":"<!-- This site is optimized with the Yoast SEO plugin v23.5 - https:\/\/yoast.com\/wordpress\/plugins\/seo\/ -->\n<title>Joe Biden donosi naredbu o obaveznoj vakcinaciji za 100 miliona Amerikanaca - TuzlaInfo.ba<\/title>\n<meta name=\"robots\" content=\"index, follow, max-snippet:-1, max-image-preview:large, max-video-preview:-1\" \/>\n<link rel=\"canonical\" href=\"https:\/\/tuzlainfo.ba\/index.php\/clanci\/sa-svih-strana\/item\/147470-joe-biden-donosi-naredbu-o-obaveznoj-vakcinaciji-za-100-miliona-amerikanaca\/\" \/>\n<meta property=\"og:locale\" content=\"bs_BA\" \/>\n<meta property=\"og:type\" content=\"article\" \/>\n<meta property=\"og:title\" content=\"Joe Biden donosi naredbu o obaveznoj vakcinaciji za 100 miliona Amerikanaca - TuzlaInfo.ba\" \/>\n<meta property=\"og:description\" content=\"Ameri\u010dki predsjednik Joe Biden najavio je uvo\u0111enje novih pravila za obaveznu vakcinaciju koja \u0107e obuhvatati&hellip;\" \/>\n<meta property=\"og:url\" content=\"https:\/\/tuzlainfo.ba\/index.php\/clanci\/sa-svih-strana\/item\/147470-joe-biden-donosi-naredbu-o-obaveznoj-vakcinaciji-za-100-miliona-amerikanaca\/\" \/>\n<meta property=\"og:site_name\" content=\"TuzlaInfo.ba\" \/>\n<meta property=\"article:publisher\" content=\"https:\/\/www.facebook.com\/tuzlainfo.ba\/\" \/>\n<meta property=\"article:published_time\" content=\"2021-09-10T07:30:21+00:00\" \/>\n<meta property=\"article:modified_time\" content=\"2021-09-10T04:37:19+00:00\" \/>\n<meta property=\"og:image\" content=\"https:\/\/tuzlainfo.ba\/wp-content\/uploads\/2021\/06\/1006_joe_biden.jpg\" \/>\n\t<meta property=\"og:image:width\" content=\"1229\" \/>\n\t<meta property=\"og:image:height\" content=\"881\" \/>\n\t<meta property=\"og:image:type\" content=\"image\/jpeg\" \/>\n<meta name=\"author\" content=\"Tuzla Info\" \/>\n<meta name=\"twitter:card\" content=\"summary_large_image\" \/>\n<meta name=\"twitter:label1\" content=\"Written by\" \/>\n\t<meta name=\"twitter:data1\" content=\"Tuzla Info\" \/>\n\t<meta name=\"twitter:label2\" content=\"Est. reading time\" \/>\n\t<meta name=\"twitter:data2\" content=\"1 minuta\" \/>\n<script type=\"application\/ld+json\" class=\"yoast-schema-graph\">{\"@context\":\"https:\/\/schema.org\",\"@graph\":[{\"@type\":\"Article\",\"@id\":\"https:\/\/tuzlainfo.ba\/index.php\/clanci\/sa-svih-strana\/item\/147470-joe-biden-donosi-naredbu-o-obaveznoj-vakcinaciji-za-100-miliona-amerikanaca\/#article\",\"isPartOf\":{\"@id\":\"https:\/\/tuzlainfo.ba\/index.php\/clanci\/sa-svih-strana\/item\/147470-joe-biden-donosi-naredbu-o-obaveznoj-vakcinaciji-za-100-miliona-amerikanaca\/\"},\"author\":{\"name\":\"Tuzla Info\",\"@id\":\"https:\/\/tuzlainfo.ba\/#\/schema\/person\/46cad4c57790cbc50781edd14870825a\"},\"headline\":\"Joe Biden donosi naredbu o obaveznoj vakcinaciji za 100 miliona Amerikanaca\",\"datePublished\":\"2021-09-10T07:30:21+00:00\",\"dateModified\":\"2021-09-10T04:37:19+00:00\",\"mainEntityOfPage\":{\"@id\":\"https:\/\/tuzlainfo.ba\/index.php\/clanci\/sa-svih-strana\/item\/147470-joe-biden-donosi-naredbu-o-obaveznoj-vakcinaciji-za-100-miliona-amerikanaca\/\"},\"wordCount\":301,\"commentCount\":0,\"publisher\":{\"@id\":\"https:\/\/tuzlainfo.ba\/#organization\"},\"image\":{\"@id\":\"https:\/\/tuzlainfo.ba\/index.php\/clanci\/sa-svih-strana\/item\/147470-joe-biden-donosi-naredbu-o-obaveznoj-vakcinaciji-za-100-miliona-amerikanaca\/#primaryimage\"},\"thumbnailUrl\":\"https:\/\/tuzlainfo.ba\/wp-content\/uploads\/2021\/06\/1006_joe_biden.jpg\",\"keywords\":[\"joe biden\",\"vakcinacija\"],\"articleSection\":[\"Sa svih strana\"],\"inLanguage\":\"bs-BA\"},{\"@type\":\"WebPage\",\"@id\":\"https:\/\/tuzlainfo.ba\/index.php\/clanci\/sa-svih-strana\/item\/147470-joe-biden-donosi-naredbu-o-obaveznoj-vakcinaciji-za-100-miliona-amerikanaca\/\",\"url\":\"https:\/\/tuzlainfo.ba\/index.php\/clanci\/sa-svih-strana\/item\/147470-joe-biden-donosi-naredbu-o-obaveznoj-vakcinaciji-za-100-miliona-amerikanaca\/\",\"name\":\"Joe Biden donosi naredbu o obaveznoj vakcinaciji za 100 miliona Amerikanaca - TuzlaInfo.ba\",\"isPartOf\":{\"@id\":\"https:\/\/tuzlainfo.ba\/#website\"},\"primaryImageOfPage\":{\"@id\":\"https:\/\/tuzlainfo.ba\/index.php\/clanci\/sa-svih-strana\/item\/147470-joe-biden-donosi-naredbu-o-obaveznoj-vakcinaciji-za-100-miliona-amerikanaca\/#primaryimage\"},\"image\":{\"@id\":\"https:\/\/tuzlainfo.ba\/index.php\/clanci\/sa-svih-strana\/item\/147470-joe-biden-donosi-naredbu-o-obaveznoj-vakcinaciji-za-100-miliona-amerikanaca\/#primaryimage\"},\"thumbnailUrl\":\"https:\/\/tuzlainfo.ba\/wp-content\/uploads\/2021\/06\/1006_joe_biden.jpg\",\"datePublished\":\"2021-09-10T07:30:21+00:00\",\"dateModified\":\"2021-09-10T04:37:19+00:00\",\"breadcrumb\":{\"@id\":\"https:\/\/tuzlainfo.ba\/index.php\/clanci\/sa-svih-strana\/item\/147470-joe-biden-donosi-naredbu-o-obaveznoj-vakcinaciji-za-100-miliona-amerikanaca\/#breadcrumb\"},\"inLanguage\":\"bs-BA\",\"potentialAction\":[{\"@type\":\"ReadAction\",\"target\":[\"https:\/\/tuzlainfo.ba\/index.php\/clanci\/sa-svih-strana\/item\/147470-joe-biden-donosi-naredbu-o-obaveznoj-vakcinaciji-za-100-miliona-amerikanaca\/\"]}]},{\"@type\":\"ImageObject\",\"inLanguage\":\"bs-BA\",\"@id\":\"https:\/\/tuzlainfo.ba\/index.php\/clanci\/sa-svih-strana\/item\/147470-joe-biden-donosi-naredbu-o-obaveznoj-vakcinaciji-za-100-miliona-amerikanaca\/#primaryimage\",\"url\":\"https:\/\/tuzlainfo.ba\/wp-content\/uploads\/2021\/06\/1006_joe_biden.jpg\",\"contentUrl\":\"https:\/\/tuzlainfo.ba\/wp-content\/uploads\/2021\/06\/1006_joe_biden.jpg\",\"width\":1229,\"height\":881},{\"@type\":\"BreadcrumbList\",\"@id\":\"https:\/\/tuzlainfo.ba\/index.php\/clanci\/sa-svih-strana\/item\/147470-joe-biden-donosi-naredbu-o-obaveznoj-vakcinaciji-za-100-miliona-amerikanaca\/#breadcrumb\",\"itemListElement\":[{\"@type\":\"ListItem\",\"position\":1,\"name\":\"Home\",\"item\":\"https:\/\/tuzlainfo.ba\/\"},{\"@type\":\"ListItem\",\"position\":2,\"name\":\"Joe Biden donosi naredbu o obaveznoj vakcinaciji za 100 miliona Amerikanaca\"}]},{\"@type\":\"WebSite\",\"@id\":\"https:\/\/tuzlainfo.ba\/#website\",\"url\":\"https:\/\/tuzlainfo.ba\/\",\"name\":\"TuzlaInfo.ba\",\"description\":\"Tuzla info, gradski informator - Tuzla na dlanu\",\"publisher\":{\"@id\":\"https:\/\/tuzlainfo.ba\/#organization\"},\"potentialAction\":[{\"@type\":\"SearchAction\",\"target\":{\"@type\":\"EntryPoint\",\"urlTemplate\":\"https:\/\/tuzlainfo.ba\/?s={search_term_string}\"},\"query-input\":{\"@type\":\"PropertyValueSpecification\",\"valueRequired\":true,\"valueName\":\"search_term_string\"}}],\"inLanguage\":\"bs-BA\"},{\"@type\":\"Organization\",\"@id\":\"https:\/\/tuzlainfo.ba\/#organization\",\"name\":\"TuzlaInfo.ba\",\"url\":\"https:\/\/tuzlainfo.ba\/\",\"logo\":{\"@type\":\"ImageObject\",\"inLanguage\":\"bs-BA\",\"@id\":\"https:\/\/tuzlainfo.ba\/#\/schema\/logo\/image\/\",\"url\":\"https:\/\/tuzlainfo.ba\/wp-content\/uploads\/2021\/03\/logo-ver-3-1.png\",\"contentUrl\":\"https:\/\/tuzlainfo.ba\/wp-content\/uploads\/2021\/03\/logo-ver-3-1.png\",\"width\":350,\"height\":95,\"caption\":\"TuzlaInfo.ba\"},\"image\":{\"@id\":\"https:\/\/tuzlainfo.ba\/#\/schema\/logo\/image\/\"},\"sameAs\":[\"https:\/\/www.facebook.com\/tuzlainfo.ba\/\"]},{\"@type\":\"Person\",\"@id\":\"https:\/\/tuzlainfo.ba\/#\/schema\/person\/46cad4c57790cbc50781edd14870825a\",\"name\":\"Tuzla Info\",\"image\":{\"@type\":\"ImageObject\",\"inLanguage\":\"bs-BA\",\"@id\":\"https:\/\/tuzlainfo.ba\/#\/schema\/person\/image\/\",\"url\":\"https:\/\/tuzlainfo.ba\/wp-content\/litespeed\/avatar\/b6c453a6c38e3654f2e4416c643fc25c.jpg?ver=1777051911\",\"contentUrl\":\"https:\/\/tuzlainfo.ba\/wp-content\/litespeed\/avatar\/b6c453a6c38e3654f2e4416c643fc25c.jpg?ver=1777051911\",\"caption\":\"Tuzla Info\"}}]}<\/script>\n<!-- \/ Yoast SEO plugin. -->","yoast_head_json":{"title":"Joe Biden donosi naredbu o obaveznoj vakcinaciji za 100 miliona Amerikanaca - TuzlaInfo.ba","robots":{"index":"index","follow":"follow","max-snippet":"max-snippet:-1","max-image-preview":"max-image-preview:large","max-video-preview":"max-video-preview:-1"},"canonical":"https:\/\/tuzlainfo.ba\/index.php\/clanci\/sa-svih-strana\/item\/147470-joe-biden-donosi-naredbu-o-obaveznoj-vakcinaciji-za-100-miliona-amerikanaca\/","og_locale":"bs_BA","og_type":"article","og_title":"Joe Biden donosi naredbu o obaveznoj vakcinaciji za 100 miliona Amerikanaca - TuzlaInfo.ba","og_description":"Ameri\u010dki predsjednik Joe Biden najavio je uvo\u0111enje novih pravila za obaveznu vakcinaciju koja \u0107e obuhvatati&hellip;","og_url":"https:\/\/tuzlainfo.ba\/index.php\/clanci\/sa-svih-strana\/item\/147470-joe-biden-donosi-naredbu-o-obaveznoj-vakcinaciji-za-100-miliona-amerikanaca\/","og_site_name":"TuzlaInfo.ba","article_publisher":"https:\/\/www.facebook.com\/tuzlainfo.ba\/","article_published_time":"2021-09-10T07:30:21+00:00","article_modified_time":"2021-09-10T04:37:19+00:00","og_image":[{"width":1229,"height":881,"url":"https:\/\/tuzlainfo.ba\/wp-content\/uploads\/2021\/06\/1006_joe_biden.jpg","type":"image\/jpeg"}],"author":"Tuzla Info","twitter_card":"summary_large_image","twitter_misc":{"Written by":"Tuzla Info","Est. reading time":"1 minuta"},"schema":{"@context":"https:\/\/schema.org","@graph":[{"@type":"Article","@id":"https:\/\/tuzlainfo.ba\/index.php\/clanci\/sa-svih-strana\/item\/147470-joe-biden-donosi-naredbu-o-obaveznoj-vakcinaciji-za-100-miliona-amerikanaca\/#article","isPartOf":{"@id":"https:\/\/tuzlainfo.ba\/index.php\/clanci\/sa-svih-strana\/item\/147470-joe-biden-donosi-naredbu-o-obaveznoj-vakcinaciji-za-100-miliona-amerikanaca\/"},"author":{"name":"Tuzla Info","@id":"https:\/\/tuzlainfo.ba\/#\/schema\/person\/46cad4c57790cbc50781edd14870825a"},"headline":"Joe Biden donosi naredbu o obaveznoj vakcinaciji za 100 miliona Amerikanaca","datePublished":"2021-09-10T07:30:21+00:00","dateModified":"2021-09-10T04:37:19+00:00","mainEntityOfPage":{"@id":"https:\/\/tuzlainfo.ba\/index.php\/clanci\/sa-svih-strana\/item\/147470-joe-biden-donosi-naredbu-o-obaveznoj-vakcinaciji-za-100-miliona-amerikanaca\/"},"wordCount":301,"commentCount":0,"publisher":{"@id":"https:\/\/tuzlainfo.ba\/#organization"},"image":{"@id":"https:\/\/tuzlainfo.ba\/index.php\/clanci\/sa-svih-strana\/item\/147470-joe-biden-donosi-naredbu-o-obaveznoj-vakcinaciji-za-100-miliona-amerikanaca\/#primaryimage"},"thumbnailUrl":"https:\/\/tuzlainfo.ba\/wp-content\/uploads\/2021\/06\/1006_joe_biden.jpg","keywords":["joe biden","vakcinacija"],"articleSection":["Sa svih strana"],"inLanguage":"bs-BA"},{"@type":"WebPage","@id":"https:\/\/tuzlainfo.ba\/index.php\/clanci\/sa-svih-strana\/item\/147470-joe-biden-donosi-naredbu-o-obaveznoj-vakcinaciji-za-100-miliona-amerikanaca\/","url":"https:\/\/tuzlainfo.ba\/index.php\/clanci\/sa-svih-strana\/item\/147470-joe-biden-donosi-naredbu-o-obaveznoj-vakcinaciji-za-100-miliona-amerikanaca\/","name":"Joe Biden donosi naredbu o obaveznoj vakcinaciji za 100 miliona Amerikanaca - TuzlaInfo.ba","isPartOf":{"@id":"https:\/\/tuzlainfo.ba\/#website"},"primaryImageOfPage":{"@id":"https:\/\/tuzlainfo.ba\/index.php\/clanci\/sa-svih-strana\/item\/147470-joe-biden-donosi-naredbu-o-obaveznoj-vakcinaciji-za-100-miliona-amerikanaca\/#primaryimage"},"image":{"@id":"https:\/\/tuzlainfo.ba\/index.php\/clanci\/sa-svih-strana\/item\/147470-joe-biden-donosi-naredbu-o-obaveznoj-vakcinaciji-za-100-miliona-amerikanaca\/#primaryimage"},"thumbnailUrl":"https:\/\/tuzlainfo.ba\/wp-content\/uploads\/2021\/06\/1006_joe_biden.jpg","datePublished":"2021-09-10T07:30:21+00:00","dateModified":"2021-09-10T04:37:19+00:00","breadcrumb":{"@id":"https:\/\/tuzlainfo.ba\/index.php\/clanci\/sa-svih-strana\/item\/147470-joe-biden-donosi-naredbu-o-obaveznoj-vakcinaciji-za-100-miliona-amerikanaca\/#breadcrumb"},"inLanguage":"bs-BA","potentialAction":[{"@type":"ReadAction","target":["https:\/\/tuzlainfo.ba\/index.php\/clanci\/sa-svih-strana\/item\/147470-joe-biden-donosi-naredbu-o-obaveznoj-vakcinaciji-za-100-miliona-amerikanaca\/"]}]},{"@type":"ImageObject","inLanguage":"bs-BA","@id":"https:\/\/tuzlainfo.ba\/index.php\/clanci\/sa-svih-strana\/item\/147470-joe-biden-donosi-naredbu-o-obaveznoj-vakcinaciji-za-100-miliona-amerikanaca\/#primaryimage","url":"https:\/\/tuzlainfo.ba\/wp-content\/uploads\/2021\/06\/1006_joe_biden.jpg","contentUrl":"https:\/\/tuzlainfo.ba\/wp-content\/uploads\/2021\/06\/1006_joe_biden.jpg","width":1229,"height":881},{"@type":"BreadcrumbList","@id":"https:\/\/tuzlainfo.ba\/index.php\/clanci\/sa-svih-strana\/item\/147470-joe-biden-donosi-naredbu-o-obaveznoj-vakcinaciji-za-100-miliona-amerikanaca\/#breadcrumb","itemListElement":[{"@type":"ListItem","position":1,"name":"Home","item":"https:\/\/tuzlainfo.ba\/"},{"@type":"ListItem","position":2,"name":"Joe Biden donosi naredbu o obaveznoj vakcinaciji za 100 miliona Amerikanaca"}]},{"@type":"WebSite","@id":"https:\/\/tuzlainfo.ba\/#website","url":"https:\/\/tuzlainfo.ba\/","name":"TuzlaInfo.ba","description":"Tuzla info, gradski informator - Tuzla na dlanu","publisher":{"@id":"https:\/\/tuzlainfo.ba\/#organization"},"potentialAction":[{"@type":"SearchAction","target":{"@type":"EntryPoint","urlTemplate":"https:\/\/tuzlainfo.ba\/?s={search_term_string}"},"query-input":{"@type":"PropertyValueSpecification","valueRequired":true,"valueName":"search_term_string"}}],"inLanguage":"bs-BA"},{"@type":"Organization","@id":"https:\/\/tuzlainfo.ba\/#organization","name":"TuzlaInfo.ba","url":"https:\/\/tuzlainfo.ba\/","logo":{"@type":"ImageObject","inLanguage":"bs-BA","@id":"https:\/\/tuzlainfo.ba\/#\/schema\/logo\/image\/","url":"https:\/\/tuzlainfo.ba\/wp-content\/uploads\/2021\/03\/logo-ver-3-1.png","contentUrl":"https:\/\/tuzlainfo.ba\/wp-content\/uploads\/2021\/03\/logo-ver-3-1.png","width":350,"height":95,"caption":"TuzlaInfo.ba"},"image":{"@id":"https:\/\/tuzlainfo.ba\/#\/schema\/logo\/image\/"},"sameAs":["https:\/\/www.facebook.com\/tuzlainfo.ba\/"]},{"@type":"Person","@id":"https:\/\/tuzlainfo.ba\/#\/schema\/person\/46cad4c57790cbc50781edd14870825a","name":"Tuzla Info","image":{"@type":"ImageObject","inLanguage":"bs-BA","@id":"https:\/\/tuzlainfo.ba\/#\/schema\/person\/image\/","url":"https:\/\/tuzlainfo.ba\/wp-content\/litespeed\/avatar\/b6c453a6c38e3654f2e4416c643fc25c.jpg?ver=1777051911","contentUrl":"https:\/\/tuzlainfo.ba\/wp-content\/litespeed\/avatar\/b6c453a6c38e3654f2e4416c643fc25c.jpg?ver=1777051911","caption":"Tuzla Info"}}]}},"_links":{"self":[{"href":"https:\/\/tuzlainfo.ba\/index.php\/wp-json\/wp\/v2\/posts\/147470"}],"collection":[{"href":"https:\/\/tuzlainfo.ba\/index.php\/wp-json\/wp\/v2\/posts"}],"about":[{"href":"https:\/\/tuzlainfo.ba\/index.php\/wp-json\/wp\/v2\/types\/post"}],"author":[{"embeddable":true,"href":"https:\/\/tuzlainfo.ba\/index.php\/wp-json\/wp\/v2\/users\/4"}],"replies":[{"embeddable":true,"href":"https:\/\/tuzlainfo.ba\/index.php\/wp-json\/wp\/v2\/comments?post=147470"}],"version-history":[{"count":0,"href":"https:\/\/tuzlainfo.ba\/index.php\/wp-json\/wp\/v2\/posts\/147470\/revisions"}],"wp:featuredmedia":[{"embeddable":true,"href":"https:\/\/tuzlainfo.ba\/index.php\/wp-json\/wp\/v2\/media\/139286"}],"wp:attachment":[{"href":"https:\/\/tuzlainfo.ba\/index.php\/wp-json\/wp\/v2\/media?parent=147470"}],"wp:term":[{"taxonomy":"category","embeddable":true,"href":"https:\/\/tuzlainfo.ba\/index.php\/wp-json\/wp\/v2\/categories?post=147470"},{"taxonomy":"post_tag","embeddable":true,"href":"https:\/\/tuzlainfo.ba\/index.php\/wp-json\/wp\/v2\/tags?post=147470"}],"curies":[{"name":"wp","href":"https:\/\/api.w.org\/{rel}","templated":true}]}}