{"id":147457,"date":"2021-09-09T22:19:05","date_gmt":"2021-09-09T20:19:05","guid":{"rendered":"https:\/\/tuzlainfo.ba\/?p=147457"},"modified":"2021-09-09T22:19:05","modified_gmt":"2021-09-09T20:19:05","slug":"krsio-zakon-u-tv-emisiji-dodikov-savjetnik-prijavljen-zbog-negiranja-genocida","status":"publish","type":"post","link":"https:\/\/tuzlainfo.ba\/index.php\/bosna-i-hercegovina\/item\/147457-krsio-zakon-u-tv-emisiji-dodikov-savjetnik-prijavljen-zbog-negiranja-genocida\/","title":{"rendered":"Kr\u0161io zakon u TV emisiji: Dodikov savjetnik prijavljen zbog negiranja genocida"},"content":{"rendered":"<p>Radovan Kova\u010devi\u0107, portparol SNSD-a i savjetnik \u010dlana Predsjedni\u0161tva BiH Milorada Dodika prijavljen je Tu\u017eila\u0161tvu BiH zbog negiranja genocida u Srebrenici.<\/p>\n<p>Krivi\u010dnu prijavu protiv njega podnio je glavni inspektor Federalne uprave policije Ibro Be\u0161lija iz Sarajeva, objavio je portal Politi\u010dki.ba.<\/p>\n<p>U krivi\u010dnoj prijavi navodi se da je Kova\u010devi\u0107, gostuju\u0107i na Federalnoj televiziji 6. septembra negirao genocid u Srebrenici.<\/p>\n<p>&#8211; U potpunosti uva\u017eavam i najiskrenije \u017ealim za svim \u017ertvama zlo\u010dina koji se dogodio u Srebrenici, ali jasno i odgovorno tvrdim da se u Srebrenici nije dogodio genocid, da zlo\u010din koji se dogodio u Srebenici ne mo\u017ee biti kvalificiran kao genocid, jer ni na koji na\u010din se ne mo\u017ee porediti sa zlo\u010dinima genocida kakav se dogodio nad srpskim narodom u &#8220;nezavisnoj dr\u017eavi Hrvatskoj&#8221;, kakav se dogodio u Jadovnu i na mnogim drugim strati\u0161tima, ne mo\u017ee se porediti sa zlo\u010dinom genocida, odnosno holokausta, nad jevrejskim narodom, niti genocidom koju su Turci, koji je Turska sprovela nad Armenima &#8211; rekao je Kova\u010devi\u0107 u emisiji Plenum FTV-a.<\/p>\n<p>Time je, isti\u010de se u krivi\u010dnoj prijavi, &#8220;prijavljeni Radovan Kova\u010devi\u0107 po\u010dinio krivi\u010dno djelo &#8220;izazivanje nacionalne, rasne i vjerske mr\u017enje, razdora ili netrpeljivosti&#8221; iz \u010dlana 145a, stav 3. i 7. Krivi\u010dnog zakona Bosne i Hercegovine&#8221;.<\/p>\n","protected":false},"excerpt":{"rendered":"<p>Radovan Kova\u010devi\u0107, portparol SNSD-a i savjetnik \u010dlana Predsjedni\u0161tva BiH Milorada Dodika prijavljen je Tu\u017eila\u0161tvu BiH&hellip;<\/p>\n","protected":false},"author":2,"featured_media":147458,"comment_status":"open","ping_status":"closed","sticky":false,"template":"","format":"standard","meta":{"_acf_changed":false,"footnotes":""},"categories":[291],"tags":[1988,2569],"acf":[],"yoast_head":"<!-- This site is optimized with the Yoast SEO plugin v23.5 - https:\/\/yoast.com\/wordpress\/plugins\/seo\/ -->\n<title>Kr\u0161io zakon u TV emisiji: Dodikov savjetnik prijavljen zbog negiranja genocida - TuzlaInfo.ba<\/title>\n<meta name=\"robots\" content=\"index, follow, max-snippet:-1, max-image-preview:large, max-video-preview:-1\" \/>\n<link rel=\"canonical\" href=\"https:\/\/tuzlainfo.ba\/index.php\/bosna-i-hercegovina\/item\/147457-krsio-zakon-u-tv-emisiji-dodikov-savjetnik-prijavljen-zbog-negiranja-genocida\/\" \/>\n<meta property=\"og:locale\" content=\"bs_BA\" \/>\n<meta property=\"og:type\" content=\"article\" \/>\n<meta property=\"og:title\" content=\"Kr\u0161io zakon u TV emisiji: Dodikov savjetnik prijavljen zbog negiranja genocida - TuzlaInfo.ba\" \/>\n<meta property=\"og:description\" content=\"Radovan Kova\u010devi\u0107, portparol SNSD-a i savjetnik \u010dlana Predsjedni\u0161tva BiH Milorada Dodika prijavljen je Tu\u017eila\u0161tvu BiH&hellip;\" \/>\n<meta property=\"og:url\" content=\"https:\/\/tuzlainfo.ba\/index.php\/bosna-i-hercegovina\/item\/147457-krsio-zakon-u-tv-emisiji-dodikov-savjetnik-prijavljen-zbog-negiranja-genocida\/\" \/>\n<meta property=\"og:site_name\" content=\"TuzlaInfo.ba\" \/>\n<meta property=\"article:publisher\" content=\"https:\/\/www.facebook.com\/tuzlainfo.ba\/\" \/>\n<meta property=\"article:published_time\" content=\"2021-09-09T20:19:05+00:00\" \/>\n<meta property=\"og:image\" content=\"https:\/\/tuzlainfo.ba\/wp-content\/uploads\/2021\/09\/0909_plenum.jpg\" \/>\n\t<meta property=\"og:image:width\" content=\"1783\" \/>\n\t<meta property=\"og:image:height\" content=\"959\" \/>\n\t<meta property=\"og:image:type\" content=\"image\/jpeg\" \/>\n<meta name=\"author\" content=\"nedim\" \/>\n<meta name=\"twitter:card\" content=\"summary_large_image\" \/>\n<meta name=\"twitter:label1\" content=\"Written by\" \/>\n\t<meta name=\"twitter:data1\" content=\"nedim\" \/>\n\t<meta name=\"twitter:label2\" content=\"Est. reading time\" \/>\n\t<meta name=\"twitter:data2\" content=\"1 minuta\" \/>\n<script type=\"application\/ld+json\" class=\"yoast-schema-graph\">{\"@context\":\"https:\/\/schema.org\",\"@graph\":[{\"@type\":\"Article\",\"@id\":\"https:\/\/tuzlainfo.ba\/index.php\/bosna-i-hercegovina\/item\/147457-krsio-zakon-u-tv-emisiji-dodikov-savjetnik-prijavljen-zbog-negiranja-genocida\/#article\",\"isPartOf\":{\"@id\":\"https:\/\/tuzlainfo.ba\/index.php\/bosna-i-hercegovina\/item\/147457-krsio-zakon-u-tv-emisiji-dodikov-savjetnik-prijavljen-zbog-negiranja-genocida\/\"},\"author\":{\"name\":\"nedim\",\"@id\":\"https:\/\/tuzlainfo.ba\/#\/schema\/person\/f434e20dc27ea133923aab08451b7f7f\"},\"headline\":\"Kr\u0161io zakon u TV emisiji: Dodikov savjetnik prijavljen zbog negiranja genocida\",\"datePublished\":\"2021-09-09T20:19:05+00:00\",\"dateModified\":\"2021-09-09T20:19:05+00:00\",\"mainEntityOfPage\":{\"@id\":\"https:\/\/tuzlainfo.ba\/index.php\/bosna-i-hercegovina\/item\/147457-krsio-zakon-u-tv-emisiji-dodikov-savjetnik-prijavljen-zbog-negiranja-genocida\/\"},\"wordCount\":234,\"commentCount\":0,\"publisher\":{\"@id\":\"https:\/\/tuzlainfo.ba\/#organization\"},\"image\":{\"@id\":\"https:\/\/tuzlainfo.ba\/index.php\/bosna-i-hercegovina\/item\/147457-krsio-zakon-u-tv-emisiji-dodikov-savjetnik-prijavljen-zbog-negiranja-genocida\/#primaryimage\"},\"thumbnailUrl\":\"https:\/\/tuzlainfo.ba\/wp-content\/uploads\/2021\/09\/0909_plenum.jpg\",\"keywords\":[\"negiranje genocida\",\"radovan kova\u010devi\u0107\"],\"articleSection\":[\"Bosna i Hercegovina\"],\"inLanguage\":\"bs-BA\"},{\"@type\":\"WebPage\",\"@id\":\"https:\/\/tuzlainfo.ba\/index.php\/bosna-i-hercegovina\/item\/147457-krsio-zakon-u-tv-emisiji-dodikov-savjetnik-prijavljen-zbog-negiranja-genocida\/\",\"url\":\"https:\/\/tuzlainfo.ba\/index.php\/bosna-i-hercegovina\/item\/147457-krsio-zakon-u-tv-emisiji-dodikov-savjetnik-prijavljen-zbog-negiranja-genocida\/\",\"name\":\"Kr\u0161io zakon u TV emisiji: Dodikov savjetnik prijavljen zbog negiranja genocida - TuzlaInfo.ba\",\"isPartOf\":{\"@id\":\"https:\/\/tuzlainfo.ba\/#website\"},\"primaryImageOfPage\":{\"@id\":\"https:\/\/tuzlainfo.ba\/index.php\/bosna-i-hercegovina\/item\/147457-krsio-zakon-u-tv-emisiji-dodikov-savjetnik-prijavljen-zbog-negiranja-genocida\/#primaryimage\"},\"image\":{\"@id\":\"https:\/\/tuzlainfo.ba\/index.php\/bosna-i-hercegovina\/item\/147457-krsio-zakon-u-tv-emisiji-dodikov-savjetnik-prijavljen-zbog-negiranja-genocida\/#primaryimage\"},\"thumbnailUrl\":\"https:\/\/tuzlainfo.ba\/wp-content\/uploads\/2021\/09\/0909_plenum.jpg\",\"datePublished\":\"2021-09-09T20:19:05+00:00\",\"dateModified\":\"2021-09-09T20:19:05+00:00\",\"breadcrumb\":{\"@id\":\"https:\/\/tuzlainfo.ba\/index.php\/bosna-i-hercegovina\/item\/147457-krsio-zakon-u-tv-emisiji-dodikov-savjetnik-prijavljen-zbog-negiranja-genocida\/#breadcrumb\"},\"inLanguage\":\"bs-BA\",\"potentialAction\":[{\"@type\":\"ReadAction\",\"target\":[\"https:\/\/tuzlainfo.ba\/index.php\/bosna-i-hercegovina\/item\/147457-krsio-zakon-u-tv-emisiji-dodikov-savjetnik-prijavljen-zbog-negiranja-genocida\/\"]}]},{\"@type\":\"ImageObject\",\"inLanguage\":\"bs-BA\",\"@id\":\"https:\/\/tuzlainfo.ba\/index.php\/bosna-i-hercegovina\/item\/147457-krsio-zakon-u-tv-emisiji-dodikov-savjetnik-prijavljen-zbog-negiranja-genocida\/#primaryimage\",\"url\":\"https:\/\/tuzlainfo.ba\/wp-content\/uploads\/2021\/09\/0909_plenum.jpg\",\"contentUrl\":\"https:\/\/tuzlainfo.ba\/wp-content\/uploads\/2021\/09\/0909_plenum.jpg\",\"width\":1783,\"height\":959,\"caption\":\"Screenshoot - Emisija Plenum FTV - 06.09.2021.\"},{\"@type\":\"BreadcrumbList\",\"@id\":\"https:\/\/tuzlainfo.ba\/index.php\/bosna-i-hercegovina\/item\/147457-krsio-zakon-u-tv-emisiji-dodikov-savjetnik-prijavljen-zbog-negiranja-genocida\/#breadcrumb\",\"itemListElement\":[{\"@type\":\"ListItem\",\"position\":1,\"name\":\"Home\",\"item\":\"https:\/\/tuzlainfo.ba\/\"},{\"@type\":\"ListItem\",\"position\":2,\"name\":\"Kr\u0161io zakon u TV emisiji: Dodikov savjetnik prijavljen zbog negiranja genocida\"}]},{\"@type\":\"WebSite\",\"@id\":\"https:\/\/tuzlainfo.ba\/#website\",\"url\":\"https:\/\/tuzlainfo.ba\/\",\"name\":\"TuzlaInfo.ba\",\"description\":\"Tuzla info, gradski informator - Tuzla na dlanu\",\"publisher\":{\"@id\":\"https:\/\/tuzlainfo.ba\/#organization\"},\"potentialAction\":[{\"@type\":\"SearchAction\",\"target\":{\"@type\":\"EntryPoint\",\"urlTemplate\":\"https:\/\/tuzlainfo.ba\/?s={search_term_string}\"},\"query-input\":{\"@type\":\"PropertyValueSpecification\",\"valueRequired\":true,\"valueName\":\"search_term_string\"}}],\"inLanguage\":\"bs-BA\"},{\"@type\":\"Organization\",\"@id\":\"https:\/\/tuzlainfo.ba\/#organization\",\"name\":\"TuzlaInfo.ba\",\"url\":\"https:\/\/tuzlainfo.ba\/\",\"logo\":{\"@type\":\"ImageObject\",\"inLanguage\":\"bs-BA\",\"@id\":\"https:\/\/tuzlainfo.ba\/#\/schema\/logo\/image\/\",\"url\":\"https:\/\/tuzlainfo.ba\/wp-content\/uploads\/2021\/03\/logo-ver-3-1.png\",\"contentUrl\":\"https:\/\/tuzlainfo.ba\/wp-content\/uploads\/2021\/03\/logo-ver-3-1.png\",\"width\":350,\"height\":95,\"caption\":\"TuzlaInfo.ba\"},\"image\":{\"@id\":\"https:\/\/tuzlainfo.ba\/#\/schema\/logo\/image\/\"},\"sameAs\":[\"https:\/\/www.facebook.com\/tuzlainfo.ba\/\"]},{\"@type\":\"Person\",\"@id\":\"https:\/\/tuzlainfo.ba\/#\/schema\/person\/f434e20dc27ea133923aab08451b7f7f\",\"name\":\"nedim\",\"image\":{\"@type\":\"ImageObject\",\"inLanguage\":\"bs-BA\",\"@id\":\"https:\/\/tuzlainfo.ba\/#\/schema\/person\/image\/\",\"url\":\"https:\/\/tuzlainfo.ba\/wp-content\/litespeed\/avatar\/aabad687af24844af817603ac1cbdc4f.jpg?ver=1777306975\",\"contentUrl\":\"https:\/\/tuzlainfo.ba\/wp-content\/litespeed\/avatar\/aabad687af24844af817603ac1cbdc4f.jpg?ver=1777306975\",\"caption\":\"nedim\"},\"description\":\"Tuzlainfo.ba pratite na dru\u0161tvenim mre\u017eama: Facebook, Instagram i Youtube. Svoje pri\u010de, upite i fotografije \u0161aljite na na\u0161u e-mail adresu.\"}]}<\/script>\n<!-- \/ Yoast SEO plugin. -->","yoast_head_json":{"title":"Kr\u0161io zakon u TV emisiji: Dodikov savjetnik prijavljen zbog negiranja genocida - TuzlaInfo.ba","robots":{"index":"index","follow":"follow","max-snippet":"max-snippet:-1","max-image-preview":"max-image-preview:large","max-video-preview":"max-video-preview:-1"},"canonical":"https:\/\/tuzlainfo.ba\/index.php\/bosna-i-hercegovina\/item\/147457-krsio-zakon-u-tv-emisiji-dodikov-savjetnik-prijavljen-zbog-negiranja-genocida\/","og_locale":"bs_BA","og_type":"article","og_title":"Kr\u0161io zakon u TV emisiji: Dodikov savjetnik prijavljen zbog negiranja genocida - TuzlaInfo.ba","og_description":"Radovan Kova\u010devi\u0107, portparol SNSD-a i savjetnik \u010dlana Predsjedni\u0161tva BiH Milorada Dodika prijavljen je Tu\u017eila\u0161tvu BiH&hellip;","og_url":"https:\/\/tuzlainfo.ba\/index.php\/bosna-i-hercegovina\/item\/147457-krsio-zakon-u-tv-emisiji-dodikov-savjetnik-prijavljen-zbog-negiranja-genocida\/","og_site_name":"TuzlaInfo.ba","article_publisher":"https:\/\/www.facebook.com\/tuzlainfo.ba\/","article_published_time":"2021-09-09T20:19:05+00:00","og_image":[{"width":1783,"height":959,"url":"https:\/\/tuzlainfo.ba\/wp-content\/uploads\/2021\/09\/0909_plenum.jpg","type":"image\/jpeg"}],"author":"nedim","twitter_card":"summary_large_image","twitter_misc":{"Written by":"nedim","Est. reading time":"1 minuta"},"schema":{"@context":"https:\/\/schema.org","@graph":[{"@type":"Article","@id":"https:\/\/tuzlainfo.ba\/index.php\/bosna-i-hercegovina\/item\/147457-krsio-zakon-u-tv-emisiji-dodikov-savjetnik-prijavljen-zbog-negiranja-genocida\/#article","isPartOf":{"@id":"https:\/\/tuzlainfo.ba\/index.php\/bosna-i-hercegovina\/item\/147457-krsio-zakon-u-tv-emisiji-dodikov-savjetnik-prijavljen-zbog-negiranja-genocida\/"},"author":{"name":"nedim","@id":"https:\/\/tuzlainfo.ba\/#\/schema\/person\/f434e20dc27ea133923aab08451b7f7f"},"headline":"Kr\u0161io zakon u TV emisiji: Dodikov savjetnik prijavljen zbog negiranja genocida","datePublished":"2021-09-09T20:19:05+00:00","dateModified":"2021-09-09T20:19:05+00:00","mainEntityOfPage":{"@id":"https:\/\/tuzlainfo.ba\/index.php\/bosna-i-hercegovina\/item\/147457-krsio-zakon-u-tv-emisiji-dodikov-savjetnik-prijavljen-zbog-negiranja-genocida\/"},"wordCount":234,"commentCount":0,"publisher":{"@id":"https:\/\/tuzlainfo.ba\/#organization"},"image":{"@id":"https:\/\/tuzlainfo.ba\/index.php\/bosna-i-hercegovina\/item\/147457-krsio-zakon-u-tv-emisiji-dodikov-savjetnik-prijavljen-zbog-negiranja-genocida\/#primaryimage"},"thumbnailUrl":"https:\/\/tuzlainfo.ba\/wp-content\/uploads\/2021\/09\/0909_plenum.jpg","keywords":["negiranje genocida","radovan kova\u010devi\u0107"],"articleSection":["Bosna i Hercegovina"],"inLanguage":"bs-BA"},{"@type":"WebPage","@id":"https:\/\/tuzlainfo.ba\/index.php\/bosna-i-hercegovina\/item\/147457-krsio-zakon-u-tv-emisiji-dodikov-savjetnik-prijavljen-zbog-negiranja-genocida\/","url":"https:\/\/tuzlainfo.ba\/index.php\/bosna-i-hercegovina\/item\/147457-krsio-zakon-u-tv-emisiji-dodikov-savjetnik-prijavljen-zbog-negiranja-genocida\/","name":"Kr\u0161io zakon u TV emisiji: Dodikov savjetnik prijavljen zbog negiranja genocida - TuzlaInfo.ba","isPartOf":{"@id":"https:\/\/tuzlainfo.ba\/#website"},"primaryImageOfPage":{"@id":"https:\/\/tuzlainfo.ba\/index.php\/bosna-i-hercegovina\/item\/147457-krsio-zakon-u-tv-emisiji-dodikov-savjetnik-prijavljen-zbog-negiranja-genocida\/#primaryimage"},"image":{"@id":"https:\/\/tuzlainfo.ba\/index.php\/bosna-i-hercegovina\/item\/147457-krsio-zakon-u-tv-emisiji-dodikov-savjetnik-prijavljen-zbog-negiranja-genocida\/#primaryimage"},"thumbnailUrl":"https:\/\/tuzlainfo.ba\/wp-content\/uploads\/2021\/09\/0909_plenum.jpg","datePublished":"2021-09-09T20:19:05+00:00","dateModified":"2021-09-09T20:19:05+00:00","breadcrumb":{"@id":"https:\/\/tuzlainfo.ba\/index.php\/bosna-i-hercegovina\/item\/147457-krsio-zakon-u-tv-emisiji-dodikov-savjetnik-prijavljen-zbog-negiranja-genocida\/#breadcrumb"},"inLanguage":"bs-BA","potentialAction":[{"@type":"ReadAction","target":["https:\/\/tuzlainfo.ba\/index.php\/bosna-i-hercegovina\/item\/147457-krsio-zakon-u-tv-emisiji-dodikov-savjetnik-prijavljen-zbog-negiranja-genocida\/"]}]},{"@type":"ImageObject","inLanguage":"bs-BA","@id":"https:\/\/tuzlainfo.ba\/index.php\/bosna-i-hercegovina\/item\/147457-krsio-zakon-u-tv-emisiji-dodikov-savjetnik-prijavljen-zbog-negiranja-genocida\/#primaryimage","url":"https:\/\/tuzlainfo.ba\/wp-content\/uploads\/2021\/09\/0909_plenum.jpg","contentUrl":"https:\/\/tuzlainfo.ba\/wp-content\/uploads\/2021\/09\/0909_plenum.jpg","width":1783,"height":959,"caption":"Screenshoot - Emisija Plenum FTV - 06.09.2021."},{"@type":"BreadcrumbList","@id":"https:\/\/tuzlainfo.ba\/index.php\/bosna-i-hercegovina\/item\/147457-krsio-zakon-u-tv-emisiji-dodikov-savjetnik-prijavljen-zbog-negiranja-genocida\/#breadcrumb","itemListElement":[{"@type":"ListItem","position":1,"name":"Home","item":"https:\/\/tuzlainfo.ba\/"},{"@type":"ListItem","position":2,"name":"Kr\u0161io zakon u TV emisiji: Dodikov savjetnik prijavljen zbog negiranja genocida"}]},{"@type":"WebSite","@id":"https:\/\/tuzlainfo.ba\/#website","url":"https:\/\/tuzlainfo.ba\/","name":"TuzlaInfo.ba","description":"Tuzla info, gradski informator - Tuzla na dlanu","publisher":{"@id":"https:\/\/tuzlainfo.ba\/#organization"},"potentialAction":[{"@type":"SearchAction","target":{"@type":"EntryPoint","urlTemplate":"https:\/\/tuzlainfo.ba\/?s={search_term_string}"},"query-input":{"@type":"PropertyValueSpecification","valueRequired":true,"valueName":"search_term_string"}}],"inLanguage":"bs-BA"},{"@type":"Organization","@id":"https:\/\/tuzlainfo.ba\/#organization","name":"TuzlaInfo.ba","url":"https:\/\/tuzlainfo.ba\/","logo":{"@type":"ImageObject","inLanguage":"bs-BA","@id":"https:\/\/tuzlainfo.ba\/#\/schema\/logo\/image\/","url":"https:\/\/tuzlainfo.ba\/wp-content\/uploads\/2021\/03\/logo-ver-3-1.png","contentUrl":"https:\/\/tuzlainfo.ba\/wp-content\/uploads\/2021\/03\/logo-ver-3-1.png","width":350,"height":95,"caption":"TuzlaInfo.ba"},"image":{"@id":"https:\/\/tuzlainfo.ba\/#\/schema\/logo\/image\/"},"sameAs":["https:\/\/www.facebook.com\/tuzlainfo.ba\/"]},{"@type":"Person","@id":"https:\/\/tuzlainfo.ba\/#\/schema\/person\/f434e20dc27ea133923aab08451b7f7f","name":"nedim","image":{"@type":"ImageObject","inLanguage":"bs-BA","@id":"https:\/\/tuzlainfo.ba\/#\/schema\/person\/image\/","url":"https:\/\/tuzlainfo.ba\/wp-content\/litespeed\/avatar\/aabad687af24844af817603ac1cbdc4f.jpg?ver=1777306975","contentUrl":"https:\/\/tuzlainfo.ba\/wp-content\/litespeed\/avatar\/aabad687af24844af817603ac1cbdc4f.jpg?ver=1777306975","caption":"nedim"},"description":"Tuzlainfo.ba pratite na dru\u0161tvenim mre\u017eama: Facebook, Instagram i Youtube. Svoje pri\u010de, upite i fotografije \u0161aljite na na\u0161u e-mail adresu."}]}},"_links":{"self":[{"href":"https:\/\/tuzlainfo.ba\/index.php\/wp-json\/wp\/v2\/posts\/147457"}],"collection":[{"href":"https:\/\/tuzlainfo.ba\/index.php\/wp-json\/wp\/v2\/posts"}],"about":[{"href":"https:\/\/tuzlainfo.ba\/index.php\/wp-json\/wp\/v2\/types\/post"}],"author":[{"embeddable":true,"href":"https:\/\/tuzlainfo.ba\/index.php\/wp-json\/wp\/v2\/users\/2"}],"replies":[{"embeddable":true,"href":"https:\/\/tuzlainfo.ba\/index.php\/wp-json\/wp\/v2\/comments?post=147457"}],"version-history":[{"count":0,"href":"https:\/\/tuzlainfo.ba\/index.php\/wp-json\/wp\/v2\/posts\/147457\/revisions"}],"wp:featuredmedia":[{"embeddable":true,"href":"https:\/\/tuzlainfo.ba\/index.php\/wp-json\/wp\/v2\/media\/147458"}],"wp:attachment":[{"href":"https:\/\/tuzlainfo.ba\/index.php\/wp-json\/wp\/v2\/media?parent=147457"}],"wp:term":[{"taxonomy":"category","embeddable":true,"href":"https:\/\/tuzlainfo.ba\/index.php\/wp-json\/wp\/v2\/categories?post=147457"},{"taxonomy":"post_tag","embeddable":true,"href":"https:\/\/tuzlainfo.ba\/index.php\/wp-json\/wp\/v2\/tags?post=147457"}],"curies":[{"name":"wp","href":"https:\/\/api.w.org\/{rel}","templated":true}]}}