{"id":147303,"date":"2021-09-08T17:13:07","date_gmt":"2021-09-08T15:13:07","guid":{"rendered":"https:\/\/tuzlainfo.ba\/?p=147303"},"modified":"2021-09-08T15:13:59","modified_gmt":"2021-09-08T13:13:59","slug":"grlic-radman-porucio-komsicu-ako-ti-se-ne-svidja-konstitutivnost-daj-ostavku","status":"publish","type":"post","link":"https:\/\/tuzlainfo.ba\/index.php\/clanci\/sa-svih-strana\/item\/147303-grlic-radman-porucio-komsicu-ako-ti-se-ne-svidja-konstitutivnost-daj-ostavku\/","title":{"rendered":"Grli\u0107 Radman poru\u010dio Kom\u0161i\u0107u: Ako ti se ne svi\u0111a konstitutivnost, daj ostavku"},"content":{"rendered":"<div id=\"excerpt\" class=\"mt-5 md:mt-2 xl:mt-3 mb-5 font-sans font-semibold text-lg lg:text-xl leading-6 md:leading-7\">\n<p class=\"lead\">Ministar vanjskih i evropskih poslova Republike Hrvatske Gordan Grli\u0107 Radman pozvao je \u017deljka Kom\u0161i\u0107a da podnese ostavku ako se protivi konstitutivnosti naroda, poru\u010div\u0161i da on ne predstavlja Hrvate u Predsjedni\u0161tvu BiH niti ga je briga za njih.<\/p>\n<\/div>\n<div id=\"text\" class=\"break-words mt-3 prose prose-md prose-indigo text-lg lg:text-xl space-y-4 mb-3 leading-6 md:leading-7\">\n<p>\u0160to se ti\u010de Kom\u0161i\u0107eve izjave, Grli\u0107 Radman ka\u017ee da je i on bio na Bledskom forumu i da nije mogao vjerovati kada je \u010duo da Kom\u0161i\u0107 govori da je konstitutivnost uvezena iz SSSR-a, odnosno da ju je Tito uvezao.<\/p>\n<p>&#8220;Ono \u0161to me jako za\u010du\u0111uje i \u0161to ne mogu vjerovati je kako gospodinu Kom\u0161i\u0107u nije neugodno da se predstavlja kao predstavnik hrvatskog naroda, a da uop\u0107e nije izabran glasovima hrvatskog, nego bo\u0161nja\u010dkog naroda. Uostalom, ako je protiv konstitutivnosti, onda bi vjerovatno ve\u0107 sada trebao dati ostavku&#8221;, istakao je hrvatski \u0161ef diplomatije.<\/p>\n<p>Podsje\u0107amo, Kom\u0161i\u0107 je pro\u0161le sedmice, govore\u0107i na Bledskom forumu u Sloveniji, rekao da s politi\u010dkog stanovi\u0161ta gledano, konstitutivnost je etni\u010dki koncept koji svoje ishodi\u0161te pronalazi u politi\u010dko-pravnim odnosima biv\u0161eg SSSR-a, prenosi Klix.<\/p>\n<p>&#8220;U tzv. &#8216;narodnoj demokratiji&#8217;, i taj koncept je bio zastupljen i u biv\u0161oj dr\u017eavi, koja je kao i socijalizam i njegova ideologija, propala&#8221;, naveo je tada Kom\u0161i\u0107.<\/p>\n<\/div>\n","protected":false},"excerpt":{"rendered":"<p>Ministar vanjskih i evropskih poslova Republike Hrvatske Gordan Grli\u0107 Radman pozvao je \u017deljka Kom\u0161i\u0107a da&hellip;<\/p>\n","protected":false},"author":4,"featured_media":142749,"comment_status":"open","ping_status":"closed","sticky":false,"template":"","format":"standard","meta":{"_acf_changed":false,"footnotes":""},"categories":[16],"tags":[2043,863],"acf":[],"yoast_head":"<!-- This site is optimized with the Yoast SEO plugin v23.5 - https:\/\/yoast.com\/wordpress\/plugins\/seo\/ -->\n<title>Grli\u0107 Radman poru\u010dio Kom\u0161i\u0107u: Ako ti se ne svi\u0111a konstitutivnost, daj ostavku - TuzlaInfo.ba<\/title>\n<meta name=\"robots\" content=\"index, follow, max-snippet:-1, max-image-preview:large, max-video-preview:-1\" \/>\n<link rel=\"canonical\" href=\"https:\/\/tuzlainfo.ba\/index.php\/clanci\/sa-svih-strana\/item\/147303-grlic-radman-porucio-komsicu-ako-ti-se-ne-svidja-konstitutivnost-daj-ostavku\/\" \/>\n<meta property=\"og:locale\" content=\"bs_BA\" \/>\n<meta property=\"og:type\" content=\"article\" \/>\n<meta property=\"og:title\" content=\"Grli\u0107 Radman poru\u010dio Kom\u0161i\u0107u: Ako ti se ne svi\u0111a konstitutivnost, daj ostavku - TuzlaInfo.ba\" \/>\n<meta property=\"og:description\" content=\"Ministar vanjskih i evropskih poslova Republike Hrvatske Gordan Grli\u0107 Radman pozvao je \u017deljka Kom\u0161i\u0107a da&hellip;\" \/>\n<meta property=\"og:url\" content=\"https:\/\/tuzlainfo.ba\/index.php\/clanci\/sa-svih-strana\/item\/147303-grlic-radman-porucio-komsicu-ako-ti-se-ne-svidja-konstitutivnost-daj-ostavku\/\" \/>\n<meta property=\"og:site_name\" content=\"TuzlaInfo.ba\" \/>\n<meta property=\"article:publisher\" content=\"https:\/\/www.facebook.com\/tuzlainfo.ba\/\" \/>\n<meta property=\"article:published_time\" content=\"2021-09-08T15:13:07+00:00\" \/>\n<meta property=\"article:modified_time\" content=\"2021-09-08T13:13:59+00:00\" \/>\n<meta property=\"og:image\" content=\"https:\/\/tuzlainfo.ba\/wp-content\/uploads\/2021\/07\/2307_grlic-radman.jpg\" \/>\n\t<meta property=\"og:image:width\" content=\"864\" \/>\n\t<meta property=\"og:image:height\" content=\"486\" \/>\n\t<meta property=\"og:image:type\" content=\"image\/jpeg\" \/>\n<meta name=\"author\" content=\"Tuzla Info\" \/>\n<meta name=\"twitter:card\" content=\"summary_large_image\" \/>\n<meta name=\"twitter:label1\" content=\"Written by\" \/>\n\t<meta name=\"twitter:data1\" content=\"Tuzla Info\" \/>\n\t<meta name=\"twitter:label2\" content=\"Est. reading time\" \/>\n\t<meta name=\"twitter:data2\" content=\"1 minuta\" \/>\n<script type=\"application\/ld+json\" class=\"yoast-schema-graph\">{\"@context\":\"https:\/\/schema.org\",\"@graph\":[{\"@type\":\"Article\",\"@id\":\"https:\/\/tuzlainfo.ba\/index.php\/clanci\/sa-svih-strana\/item\/147303-grlic-radman-porucio-komsicu-ako-ti-se-ne-svidja-konstitutivnost-daj-ostavku\/#article\",\"isPartOf\":{\"@id\":\"https:\/\/tuzlainfo.ba\/index.php\/clanci\/sa-svih-strana\/item\/147303-grlic-radman-porucio-komsicu-ako-ti-se-ne-svidja-konstitutivnost-daj-ostavku\/\"},\"author\":{\"name\":\"Tuzla Info\",\"@id\":\"https:\/\/tuzlainfo.ba\/#\/schema\/person\/46cad4c57790cbc50781edd14870825a\"},\"headline\":\"Grli\u0107 Radman poru\u010dio Kom\u0161i\u0107u: Ako ti se ne svi\u0111a konstitutivnost, daj ostavku\",\"datePublished\":\"2021-09-08T15:13:07+00:00\",\"dateModified\":\"2021-09-08T13:13:59+00:00\",\"mainEntityOfPage\":{\"@id\":\"https:\/\/tuzlainfo.ba\/index.php\/clanci\/sa-svih-strana\/item\/147303-grlic-radman-porucio-komsicu-ako-ti-se-ne-svidja-konstitutivnost-daj-ostavku\/\"},\"wordCount\":232,\"commentCount\":0,\"publisher\":{\"@id\":\"https:\/\/tuzlainfo.ba\/#organization\"},\"image\":{\"@id\":\"https:\/\/tuzlainfo.ba\/index.php\/clanci\/sa-svih-strana\/item\/147303-grlic-radman-porucio-komsicu-ako-ti-se-ne-svidja-konstitutivnost-daj-ostavku\/#primaryimage\"},\"thumbnailUrl\":\"https:\/\/tuzlainfo.ba\/wp-content\/uploads\/2021\/07\/2307_grlic-radman.jpg\",\"keywords\":[\"grli\u0107-radman\",\"\u017eeljko kom\u0161i\u0107\"],\"articleSection\":[\"Sa svih strana\"],\"inLanguage\":\"bs-BA\"},{\"@type\":\"WebPage\",\"@id\":\"https:\/\/tuzlainfo.ba\/index.php\/clanci\/sa-svih-strana\/item\/147303-grlic-radman-porucio-komsicu-ako-ti-se-ne-svidja-konstitutivnost-daj-ostavku\/\",\"url\":\"https:\/\/tuzlainfo.ba\/index.php\/clanci\/sa-svih-strana\/item\/147303-grlic-radman-porucio-komsicu-ako-ti-se-ne-svidja-konstitutivnost-daj-ostavku\/\",\"name\":\"Grli\u0107 Radman poru\u010dio Kom\u0161i\u0107u: Ako ti se ne svi\u0111a konstitutivnost, daj ostavku - TuzlaInfo.ba\",\"isPartOf\":{\"@id\":\"https:\/\/tuzlainfo.ba\/#website\"},\"primaryImageOfPage\":{\"@id\":\"https:\/\/tuzlainfo.ba\/index.php\/clanci\/sa-svih-strana\/item\/147303-grlic-radman-porucio-komsicu-ako-ti-se-ne-svidja-konstitutivnost-daj-ostavku\/#primaryimage\"},\"image\":{\"@id\":\"https:\/\/tuzlainfo.ba\/index.php\/clanci\/sa-svih-strana\/item\/147303-grlic-radman-porucio-komsicu-ako-ti-se-ne-svidja-konstitutivnost-daj-ostavku\/#primaryimage\"},\"thumbnailUrl\":\"https:\/\/tuzlainfo.ba\/wp-content\/uploads\/2021\/07\/2307_grlic-radman.jpg\",\"datePublished\":\"2021-09-08T15:13:07+00:00\",\"dateModified\":\"2021-09-08T13:13:59+00:00\",\"breadcrumb\":{\"@id\":\"https:\/\/tuzlainfo.ba\/index.php\/clanci\/sa-svih-strana\/item\/147303-grlic-radman-porucio-komsicu-ako-ti-se-ne-svidja-konstitutivnost-daj-ostavku\/#breadcrumb\"},\"inLanguage\":\"bs-BA\",\"potentialAction\":[{\"@type\":\"ReadAction\",\"target\":[\"https:\/\/tuzlainfo.ba\/index.php\/clanci\/sa-svih-strana\/item\/147303-grlic-radman-porucio-komsicu-ako-ti-se-ne-svidja-konstitutivnost-daj-ostavku\/\"]}]},{\"@type\":\"ImageObject\",\"inLanguage\":\"bs-BA\",\"@id\":\"https:\/\/tuzlainfo.ba\/index.php\/clanci\/sa-svih-strana\/item\/147303-grlic-radman-porucio-komsicu-ako-ti-se-ne-svidja-konstitutivnost-daj-ostavku\/#primaryimage\",\"url\":\"https:\/\/tuzlainfo.ba\/wp-content\/uploads\/2021\/07\/2307_grlic-radman.jpg\",\"contentUrl\":\"https:\/\/tuzlainfo.ba\/wp-content\/uploads\/2021\/07\/2307_grlic-radman.jpg\",\"width\":864,\"height\":486},{\"@type\":\"BreadcrumbList\",\"@id\":\"https:\/\/tuzlainfo.ba\/index.php\/clanci\/sa-svih-strana\/item\/147303-grlic-radman-porucio-komsicu-ako-ti-se-ne-svidja-konstitutivnost-daj-ostavku\/#breadcrumb\",\"itemListElement\":[{\"@type\":\"ListItem\",\"position\":1,\"name\":\"Home\",\"item\":\"https:\/\/tuzlainfo.ba\/\"},{\"@type\":\"ListItem\",\"position\":2,\"name\":\"Grli\u0107 Radman poru\u010dio Kom\u0161i\u0107u: Ako ti se ne svi\u0111a konstitutivnost, daj ostavku\"}]},{\"@type\":\"WebSite\",\"@id\":\"https:\/\/tuzlainfo.ba\/#website\",\"url\":\"https:\/\/tuzlainfo.ba\/\",\"name\":\"TuzlaInfo.ba\",\"description\":\"Tuzla info, gradski informator - Tuzla na dlanu\",\"publisher\":{\"@id\":\"https:\/\/tuzlainfo.ba\/#organization\"},\"potentialAction\":[{\"@type\":\"SearchAction\",\"target\":{\"@type\":\"EntryPoint\",\"urlTemplate\":\"https:\/\/tuzlainfo.ba\/?s={search_term_string}\"},\"query-input\":{\"@type\":\"PropertyValueSpecification\",\"valueRequired\":true,\"valueName\":\"search_term_string\"}}],\"inLanguage\":\"bs-BA\"},{\"@type\":\"Organization\",\"@id\":\"https:\/\/tuzlainfo.ba\/#organization\",\"name\":\"TuzlaInfo.ba\",\"url\":\"https:\/\/tuzlainfo.ba\/\",\"logo\":{\"@type\":\"ImageObject\",\"inLanguage\":\"bs-BA\",\"@id\":\"https:\/\/tuzlainfo.ba\/#\/schema\/logo\/image\/\",\"url\":\"https:\/\/tuzlainfo.ba\/wp-content\/uploads\/2021\/03\/logo-ver-3-1.png\",\"contentUrl\":\"https:\/\/tuzlainfo.ba\/wp-content\/uploads\/2021\/03\/logo-ver-3-1.png\",\"width\":350,\"height\":95,\"caption\":\"TuzlaInfo.ba\"},\"image\":{\"@id\":\"https:\/\/tuzlainfo.ba\/#\/schema\/logo\/image\/\"},\"sameAs\":[\"https:\/\/www.facebook.com\/tuzlainfo.ba\/\"]},{\"@type\":\"Person\",\"@id\":\"https:\/\/tuzlainfo.ba\/#\/schema\/person\/46cad4c57790cbc50781edd14870825a\",\"name\":\"Tuzla Info\",\"image\":{\"@type\":\"ImageObject\",\"inLanguage\":\"bs-BA\",\"@id\":\"https:\/\/tuzlainfo.ba\/#\/schema\/person\/image\/\",\"url\":\"https:\/\/tuzlainfo.ba\/wp-content\/litespeed\/avatar\/b6c453a6c38e3654f2e4416c643fc25c.jpg?ver=1777051911\",\"contentUrl\":\"https:\/\/tuzlainfo.ba\/wp-content\/litespeed\/avatar\/b6c453a6c38e3654f2e4416c643fc25c.jpg?ver=1777051911\",\"caption\":\"Tuzla Info\"}}]}<\/script>\n<!-- \/ Yoast SEO plugin. -->","yoast_head_json":{"title":"Grli\u0107 Radman poru\u010dio Kom\u0161i\u0107u: Ako ti se ne svi\u0111a konstitutivnost, daj ostavku - TuzlaInfo.ba","robots":{"index":"index","follow":"follow","max-snippet":"max-snippet:-1","max-image-preview":"max-image-preview:large","max-video-preview":"max-video-preview:-1"},"canonical":"https:\/\/tuzlainfo.ba\/index.php\/clanci\/sa-svih-strana\/item\/147303-grlic-radman-porucio-komsicu-ako-ti-se-ne-svidja-konstitutivnost-daj-ostavku\/","og_locale":"bs_BA","og_type":"article","og_title":"Grli\u0107 Radman poru\u010dio Kom\u0161i\u0107u: Ako ti se ne svi\u0111a konstitutivnost, daj ostavku - TuzlaInfo.ba","og_description":"Ministar vanjskih i evropskih poslova Republike Hrvatske Gordan Grli\u0107 Radman pozvao je \u017deljka Kom\u0161i\u0107a da&hellip;","og_url":"https:\/\/tuzlainfo.ba\/index.php\/clanci\/sa-svih-strana\/item\/147303-grlic-radman-porucio-komsicu-ako-ti-se-ne-svidja-konstitutivnost-daj-ostavku\/","og_site_name":"TuzlaInfo.ba","article_publisher":"https:\/\/www.facebook.com\/tuzlainfo.ba\/","article_published_time":"2021-09-08T15:13:07+00:00","article_modified_time":"2021-09-08T13:13:59+00:00","og_image":[{"width":864,"height":486,"url":"https:\/\/tuzlainfo.ba\/wp-content\/uploads\/2021\/07\/2307_grlic-radman.jpg","type":"image\/jpeg"}],"author":"Tuzla Info","twitter_card":"summary_large_image","twitter_misc":{"Written by":"Tuzla Info","Est. reading time":"1 minuta"},"schema":{"@context":"https:\/\/schema.org","@graph":[{"@type":"Article","@id":"https:\/\/tuzlainfo.ba\/index.php\/clanci\/sa-svih-strana\/item\/147303-grlic-radman-porucio-komsicu-ako-ti-se-ne-svidja-konstitutivnost-daj-ostavku\/#article","isPartOf":{"@id":"https:\/\/tuzlainfo.ba\/index.php\/clanci\/sa-svih-strana\/item\/147303-grlic-radman-porucio-komsicu-ako-ti-se-ne-svidja-konstitutivnost-daj-ostavku\/"},"author":{"name":"Tuzla Info","@id":"https:\/\/tuzlainfo.ba\/#\/schema\/person\/46cad4c57790cbc50781edd14870825a"},"headline":"Grli\u0107 Radman poru\u010dio Kom\u0161i\u0107u: Ako ti se ne svi\u0111a konstitutivnost, daj ostavku","datePublished":"2021-09-08T15:13:07+00:00","dateModified":"2021-09-08T13:13:59+00:00","mainEntityOfPage":{"@id":"https:\/\/tuzlainfo.ba\/index.php\/clanci\/sa-svih-strana\/item\/147303-grlic-radman-porucio-komsicu-ako-ti-se-ne-svidja-konstitutivnost-daj-ostavku\/"},"wordCount":232,"commentCount":0,"publisher":{"@id":"https:\/\/tuzlainfo.ba\/#organization"},"image":{"@id":"https:\/\/tuzlainfo.ba\/index.php\/clanci\/sa-svih-strana\/item\/147303-grlic-radman-porucio-komsicu-ako-ti-se-ne-svidja-konstitutivnost-daj-ostavku\/#primaryimage"},"thumbnailUrl":"https:\/\/tuzlainfo.ba\/wp-content\/uploads\/2021\/07\/2307_grlic-radman.jpg","keywords":["grli\u0107-radman","\u017eeljko kom\u0161i\u0107"],"articleSection":["Sa svih strana"],"inLanguage":"bs-BA"},{"@type":"WebPage","@id":"https:\/\/tuzlainfo.ba\/index.php\/clanci\/sa-svih-strana\/item\/147303-grlic-radman-porucio-komsicu-ako-ti-se-ne-svidja-konstitutivnost-daj-ostavku\/","url":"https:\/\/tuzlainfo.ba\/index.php\/clanci\/sa-svih-strana\/item\/147303-grlic-radman-porucio-komsicu-ako-ti-se-ne-svidja-konstitutivnost-daj-ostavku\/","name":"Grli\u0107 Radman poru\u010dio Kom\u0161i\u0107u: Ako ti se ne svi\u0111a konstitutivnost, daj ostavku - TuzlaInfo.ba","isPartOf":{"@id":"https:\/\/tuzlainfo.ba\/#website"},"primaryImageOfPage":{"@id":"https:\/\/tuzlainfo.ba\/index.php\/clanci\/sa-svih-strana\/item\/147303-grlic-radman-porucio-komsicu-ako-ti-se-ne-svidja-konstitutivnost-daj-ostavku\/#primaryimage"},"image":{"@id":"https:\/\/tuzlainfo.ba\/index.php\/clanci\/sa-svih-strana\/item\/147303-grlic-radman-porucio-komsicu-ako-ti-se-ne-svidja-konstitutivnost-daj-ostavku\/#primaryimage"},"thumbnailUrl":"https:\/\/tuzlainfo.ba\/wp-content\/uploads\/2021\/07\/2307_grlic-radman.jpg","datePublished":"2021-09-08T15:13:07+00:00","dateModified":"2021-09-08T13:13:59+00:00","breadcrumb":{"@id":"https:\/\/tuzlainfo.ba\/index.php\/clanci\/sa-svih-strana\/item\/147303-grlic-radman-porucio-komsicu-ako-ti-se-ne-svidja-konstitutivnost-daj-ostavku\/#breadcrumb"},"inLanguage":"bs-BA","potentialAction":[{"@type":"ReadAction","target":["https:\/\/tuzlainfo.ba\/index.php\/clanci\/sa-svih-strana\/item\/147303-grlic-radman-porucio-komsicu-ako-ti-se-ne-svidja-konstitutivnost-daj-ostavku\/"]}]},{"@type":"ImageObject","inLanguage":"bs-BA","@id":"https:\/\/tuzlainfo.ba\/index.php\/clanci\/sa-svih-strana\/item\/147303-grlic-radman-porucio-komsicu-ako-ti-se-ne-svidja-konstitutivnost-daj-ostavku\/#primaryimage","url":"https:\/\/tuzlainfo.ba\/wp-content\/uploads\/2021\/07\/2307_grlic-radman.jpg","contentUrl":"https:\/\/tuzlainfo.ba\/wp-content\/uploads\/2021\/07\/2307_grlic-radman.jpg","width":864,"height":486},{"@type":"BreadcrumbList","@id":"https:\/\/tuzlainfo.ba\/index.php\/clanci\/sa-svih-strana\/item\/147303-grlic-radman-porucio-komsicu-ako-ti-se-ne-svidja-konstitutivnost-daj-ostavku\/#breadcrumb","itemListElement":[{"@type":"ListItem","position":1,"name":"Home","item":"https:\/\/tuzlainfo.ba\/"},{"@type":"ListItem","position":2,"name":"Grli\u0107 Radman poru\u010dio Kom\u0161i\u0107u: Ako ti se ne svi\u0111a konstitutivnost, daj ostavku"}]},{"@type":"WebSite","@id":"https:\/\/tuzlainfo.ba\/#website","url":"https:\/\/tuzlainfo.ba\/","name":"TuzlaInfo.ba","description":"Tuzla info, gradski informator - Tuzla na dlanu","publisher":{"@id":"https:\/\/tuzlainfo.ba\/#organization"},"potentialAction":[{"@type":"SearchAction","target":{"@type":"EntryPoint","urlTemplate":"https:\/\/tuzlainfo.ba\/?s={search_term_string}"},"query-input":{"@type":"PropertyValueSpecification","valueRequired":true,"valueName":"search_term_string"}}],"inLanguage":"bs-BA"},{"@type":"Organization","@id":"https:\/\/tuzlainfo.ba\/#organization","name":"TuzlaInfo.ba","url":"https:\/\/tuzlainfo.ba\/","logo":{"@type":"ImageObject","inLanguage":"bs-BA","@id":"https:\/\/tuzlainfo.ba\/#\/schema\/logo\/image\/","url":"https:\/\/tuzlainfo.ba\/wp-content\/uploads\/2021\/03\/logo-ver-3-1.png","contentUrl":"https:\/\/tuzlainfo.ba\/wp-content\/uploads\/2021\/03\/logo-ver-3-1.png","width":350,"height":95,"caption":"TuzlaInfo.ba"},"image":{"@id":"https:\/\/tuzlainfo.ba\/#\/schema\/logo\/image\/"},"sameAs":["https:\/\/www.facebook.com\/tuzlainfo.ba\/"]},{"@type":"Person","@id":"https:\/\/tuzlainfo.ba\/#\/schema\/person\/46cad4c57790cbc50781edd14870825a","name":"Tuzla Info","image":{"@type":"ImageObject","inLanguage":"bs-BA","@id":"https:\/\/tuzlainfo.ba\/#\/schema\/person\/image\/","url":"https:\/\/tuzlainfo.ba\/wp-content\/litespeed\/avatar\/b6c453a6c38e3654f2e4416c643fc25c.jpg?ver=1777051911","contentUrl":"https:\/\/tuzlainfo.ba\/wp-content\/litespeed\/avatar\/b6c453a6c38e3654f2e4416c643fc25c.jpg?ver=1777051911","caption":"Tuzla Info"}}]}},"_links":{"self":[{"href":"https:\/\/tuzlainfo.ba\/index.php\/wp-json\/wp\/v2\/posts\/147303"}],"collection":[{"href":"https:\/\/tuzlainfo.ba\/index.php\/wp-json\/wp\/v2\/posts"}],"about":[{"href":"https:\/\/tuzlainfo.ba\/index.php\/wp-json\/wp\/v2\/types\/post"}],"author":[{"embeddable":true,"href":"https:\/\/tuzlainfo.ba\/index.php\/wp-json\/wp\/v2\/users\/4"}],"replies":[{"embeddable":true,"href":"https:\/\/tuzlainfo.ba\/index.php\/wp-json\/wp\/v2\/comments?post=147303"}],"version-history":[{"count":0,"href":"https:\/\/tuzlainfo.ba\/index.php\/wp-json\/wp\/v2\/posts\/147303\/revisions"}],"wp:featuredmedia":[{"embeddable":true,"href":"https:\/\/tuzlainfo.ba\/index.php\/wp-json\/wp\/v2\/media\/142749"}],"wp:attachment":[{"href":"https:\/\/tuzlainfo.ba\/index.php\/wp-json\/wp\/v2\/media?parent=147303"}],"wp:term":[{"taxonomy":"category","embeddable":true,"href":"https:\/\/tuzlainfo.ba\/index.php\/wp-json\/wp\/v2\/categories?post=147303"},{"taxonomy":"post_tag","embeddable":true,"href":"https:\/\/tuzlainfo.ba\/index.php\/wp-json\/wp\/v2\/tags?post=147303"}],"curies":[{"name":"wp","href":"https:\/\/api.w.org\/{rel}","templated":true}]}}