{"id":147233,"date":"2021-09-07T22:58:10","date_gmt":"2021-09-07T20:58:10","guid":{"rendered":"https:\/\/tuzlainfo.ba\/?p=147233"},"modified":"2021-09-07T22:58:10","modified_gmt":"2021-09-07T20:58:10","slug":"pjanic-razocaran-kazahstan-smo-kuci-morali-dobiti","status":"publish","type":"post","link":"https:\/\/tuzlainfo.ba\/index.php\/bosna-i-hercegovina\/item\/147233-pjanic-razocaran-kazahstan-smo-kuci-morali-dobiti\/","title":{"rendered":"Pjani\u0107 razo\u010daran: Kazahstan smo ku\u0107i morali dobiti!"},"content":{"rendered":"<div id=\"excerpt\" class=\"mt-5 md:mt-2 xl:mt-3 mb-5 font-sans font-semibold text-lg lg:text-xl leading-6 md:leading-7\">\n<p class=\"lead\">Reprezentativac BiH Miralem Pjani\u0107, nakon remija protiv Kazahstana rezultatom 2:2 nije mogao sakriti nezadovoljstvo.<\/p>\n<\/div>\n<div class=\"bg-gray-100\">Zmajevi se vratili nakon 0:1, a onda\u00a0 u sudisjkoj nadoknadi vremena ostali bez vrlo bitna dva boda.<\/div>\n<div id=\"text\" class=\"break-words mt-3 prose prose-md prose-indigo text-lg lg:text-xl space-y-4 mb-3 leading-6 md:leading-7\">\n<p>Te\u0161ko je bilo strijelcu i asistentu u ovoj utakmici, Miralemu Pjani\u0107u, koji ka\u017ee da su ovo dva boda koja \u0107e biti te\u0161ko nadoknaditi.<\/p>\n<p>&#8220;Velika je gre\u0161ka, izgubili smo dva boda ku\u0107i \u0161to nismo trebali. Na kraju, pogotovo, mislim da smo imali dosta prilika i nismo ih iskoristili. Ka\u017enjava se minimalna \u0161ansa, vratili smo se i poveli. Te\u0161ko nam pada, dva izgubljena boda&#8221;, rekao je Pjani\u0107 u izjavi za Novu BH.<\/p>\n<p>Bh. veznjak je poru\u010dio da se Kazahstan mora savladati ukoliko se \u017eeli na Svjetsko prvenstvo.<\/p>\n<p>&#8220;Ekipa protiv koje nije jednostavno igrati i to su vidjeli i drugi rivali. Ako ho\u0107e\u0161 biti me\u0111u prva dva, mora\u0161 dobiti Kazahstan ku\u0107i. Moramo skupiti snagu, posebno poslije Francuske smo se nadali druga\u010dijem rezultatu. Nismo igrali lo\u0161e, ali nismo koristili \u0161anse i to se danas ka\u017enjava u nogometu. O\u010dekuju nas dvije te\u0161ke utakmice ve\u0107 za mjesec. Moramo uzeti tamo bodove jer smo ove izgubili&#8221;, dodao je Pjani\u0107.<\/p>\n<p>Zmajenvi imaju tri boda i pretposljednji su tabeli. Ukrajina i Finska koje su ispred nas imaju po dva boda prednosti.<\/p>\n<\/div>\n","protected":false},"excerpt":{"rendered":"<p>Reprezentativac BiH Miralem Pjani\u0107, nakon remija protiv Kazahstana rezultatom 2:2 nije mogao sakriti nezadovoljstvo. Zmajevi&hellip;<\/p>\n","protected":false},"author":2,"featured_media":147234,"comment_status":"open","ping_status":"closed","sticky":false,"template":"","format":"standard","meta":{"_acf_changed":false,"footnotes":""},"categories":[291],"tags":[2444,1306,915],"acf":[],"yoast_head":"<!-- This site is optimized with the Yoast SEO plugin v23.5 - https:\/\/yoast.com\/wordpress\/plugins\/seo\/ -->\n<title>Pjani\u0107 razo\u010daran: Kazahstan smo ku\u0107i morali dobiti! - TuzlaInfo.ba<\/title>\n<meta name=\"robots\" content=\"index, follow, max-snippet:-1, max-image-preview:large, max-video-preview:-1\" \/>\n<link rel=\"canonical\" href=\"https:\/\/tuzlainfo.ba\/index.php\/bosna-i-hercegovina\/item\/147233-pjanic-razocaran-kazahstan-smo-kuci-morali-dobiti\/\" \/>\n<meta property=\"og:locale\" content=\"bs_BA\" \/>\n<meta property=\"og:type\" content=\"article\" \/>\n<meta property=\"og:title\" content=\"Pjani\u0107 razo\u010daran: Kazahstan smo ku\u0107i morali dobiti! - TuzlaInfo.ba\" \/>\n<meta property=\"og:description\" content=\"Reprezentativac BiH Miralem Pjani\u0107, nakon remija protiv Kazahstana rezultatom 2:2 nije mogao sakriti nezadovoljstvo. Zmajevi&hellip;\" \/>\n<meta property=\"og:url\" content=\"https:\/\/tuzlainfo.ba\/index.php\/bosna-i-hercegovina\/item\/147233-pjanic-razocaran-kazahstan-smo-kuci-morali-dobiti\/\" \/>\n<meta property=\"og:site_name\" content=\"TuzlaInfo.ba\" \/>\n<meta property=\"article:publisher\" content=\"https:\/\/www.facebook.com\/tuzlainfo.ba\/\" \/>\n<meta property=\"article:published_time\" content=\"2021-09-07T20:58:10+00:00\" \/>\n<meta property=\"og:image\" content=\"https:\/\/tuzlainfo.ba\/wp-content\/uploads\/2021\/09\/0709_pjanic.jpg\" \/>\n\t<meta property=\"og:image:width\" content=\"1024\" \/>\n\t<meta property=\"og:image:height\" content=\"682\" \/>\n\t<meta property=\"og:image:type\" content=\"image\/jpeg\" \/>\n<meta name=\"author\" content=\"nedim\" \/>\n<meta name=\"twitter:card\" content=\"summary_large_image\" \/>\n<meta name=\"twitter:label1\" content=\"Written by\" \/>\n\t<meta name=\"twitter:data1\" content=\"nedim\" \/>\n\t<meta name=\"twitter:label2\" content=\"Est. reading time\" \/>\n\t<meta name=\"twitter:data2\" content=\"1 minuta\" \/>\n<script type=\"application\/ld+json\" class=\"yoast-schema-graph\">{\"@context\":\"https:\/\/schema.org\",\"@graph\":[{\"@type\":\"Article\",\"@id\":\"https:\/\/tuzlainfo.ba\/index.php\/bosna-i-hercegovina\/item\/147233-pjanic-razocaran-kazahstan-smo-kuci-morali-dobiti\/#article\",\"isPartOf\":{\"@id\":\"https:\/\/tuzlainfo.ba\/index.php\/bosna-i-hercegovina\/item\/147233-pjanic-razocaran-kazahstan-smo-kuci-morali-dobiti\/\"},\"author\":{\"name\":\"nedim\",\"@id\":\"https:\/\/tuzlainfo.ba\/#\/schema\/person\/f434e20dc27ea133923aab08451b7f7f\"},\"headline\":\"Pjani\u0107 razo\u010daran: Kazahstan smo ku\u0107i morali dobiti!\",\"datePublished\":\"2021-09-07T20:58:10+00:00\",\"dateModified\":\"2021-09-07T20:58:10+00:00\",\"mainEntityOfPage\":{\"@id\":\"https:\/\/tuzlainfo.ba\/index.php\/bosna-i-hercegovina\/item\/147233-pjanic-razocaran-kazahstan-smo-kuci-morali-dobiti\/\"},\"wordCount\":227,\"commentCount\":0,\"publisher\":{\"@id\":\"https:\/\/tuzlainfo.ba\/#organization\"},\"image\":{\"@id\":\"https:\/\/tuzlainfo.ba\/index.php\/bosna-i-hercegovina\/item\/147233-pjanic-razocaran-kazahstan-smo-kuci-morali-dobiti\/#primaryimage\"},\"thumbnailUrl\":\"https:\/\/tuzlainfo.ba\/wp-content\/uploads\/2021\/09\/0709_pjanic.jpg\",\"keywords\":[\"fudbalska reprezentacija\",\"miralem pjani\u0107\",\"sport\"],\"articleSection\":[\"Bosna i Hercegovina\"],\"inLanguage\":\"bs-BA\"},{\"@type\":\"WebPage\",\"@id\":\"https:\/\/tuzlainfo.ba\/index.php\/bosna-i-hercegovina\/item\/147233-pjanic-razocaran-kazahstan-smo-kuci-morali-dobiti\/\",\"url\":\"https:\/\/tuzlainfo.ba\/index.php\/bosna-i-hercegovina\/item\/147233-pjanic-razocaran-kazahstan-smo-kuci-morali-dobiti\/\",\"name\":\"Pjani\u0107 razo\u010daran: Kazahstan smo ku\u0107i morali dobiti! - TuzlaInfo.ba\",\"isPartOf\":{\"@id\":\"https:\/\/tuzlainfo.ba\/#website\"},\"primaryImageOfPage\":{\"@id\":\"https:\/\/tuzlainfo.ba\/index.php\/bosna-i-hercegovina\/item\/147233-pjanic-razocaran-kazahstan-smo-kuci-morali-dobiti\/#primaryimage\"},\"image\":{\"@id\":\"https:\/\/tuzlainfo.ba\/index.php\/bosna-i-hercegovina\/item\/147233-pjanic-razocaran-kazahstan-smo-kuci-morali-dobiti\/#primaryimage\"},\"thumbnailUrl\":\"https:\/\/tuzlainfo.ba\/wp-content\/uploads\/2021\/09\/0709_pjanic.jpg\",\"datePublished\":\"2021-09-07T20:58:10+00:00\",\"dateModified\":\"2021-09-07T20:58:10+00:00\",\"breadcrumb\":{\"@id\":\"https:\/\/tuzlainfo.ba\/index.php\/bosna-i-hercegovina\/item\/147233-pjanic-razocaran-kazahstan-smo-kuci-morali-dobiti\/#breadcrumb\"},\"inLanguage\":\"bs-BA\",\"potentialAction\":[{\"@type\":\"ReadAction\",\"target\":[\"https:\/\/tuzlainfo.ba\/index.php\/bosna-i-hercegovina\/item\/147233-pjanic-razocaran-kazahstan-smo-kuci-morali-dobiti\/\"]}]},{\"@type\":\"ImageObject\",\"inLanguage\":\"bs-BA\",\"@id\":\"https:\/\/tuzlainfo.ba\/index.php\/bosna-i-hercegovina\/item\/147233-pjanic-razocaran-kazahstan-smo-kuci-morali-dobiti\/#primaryimage\",\"url\":\"https:\/\/tuzlainfo.ba\/wp-content\/uploads\/2021\/09\/0709_pjanic.jpg\",\"contentUrl\":\"https:\/\/tuzlainfo.ba\/wp-content\/uploads\/2021\/09\/0709_pjanic.jpg\",\"width\":1024,\"height\":682},{\"@type\":\"BreadcrumbList\",\"@id\":\"https:\/\/tuzlainfo.ba\/index.php\/bosna-i-hercegovina\/item\/147233-pjanic-razocaran-kazahstan-smo-kuci-morali-dobiti\/#breadcrumb\",\"itemListElement\":[{\"@type\":\"ListItem\",\"position\":1,\"name\":\"Home\",\"item\":\"https:\/\/tuzlainfo.ba\/\"},{\"@type\":\"ListItem\",\"position\":2,\"name\":\"Pjani\u0107 razo\u010daran: Kazahstan smo ku\u0107i morali dobiti!\"}]},{\"@type\":\"WebSite\",\"@id\":\"https:\/\/tuzlainfo.ba\/#website\",\"url\":\"https:\/\/tuzlainfo.ba\/\",\"name\":\"TuzlaInfo.ba\",\"description\":\"Tuzla info, gradski informator - Tuzla na dlanu\",\"publisher\":{\"@id\":\"https:\/\/tuzlainfo.ba\/#organization\"},\"potentialAction\":[{\"@type\":\"SearchAction\",\"target\":{\"@type\":\"EntryPoint\",\"urlTemplate\":\"https:\/\/tuzlainfo.ba\/?s={search_term_string}\"},\"query-input\":{\"@type\":\"PropertyValueSpecification\",\"valueRequired\":true,\"valueName\":\"search_term_string\"}}],\"inLanguage\":\"bs-BA\"},{\"@type\":\"Organization\",\"@id\":\"https:\/\/tuzlainfo.ba\/#organization\",\"name\":\"TuzlaInfo.ba\",\"url\":\"https:\/\/tuzlainfo.ba\/\",\"logo\":{\"@type\":\"ImageObject\",\"inLanguage\":\"bs-BA\",\"@id\":\"https:\/\/tuzlainfo.ba\/#\/schema\/logo\/image\/\",\"url\":\"https:\/\/tuzlainfo.ba\/wp-content\/uploads\/2021\/03\/logo-ver-3-1.png\",\"contentUrl\":\"https:\/\/tuzlainfo.ba\/wp-content\/uploads\/2021\/03\/logo-ver-3-1.png\",\"width\":350,\"height\":95,\"caption\":\"TuzlaInfo.ba\"},\"image\":{\"@id\":\"https:\/\/tuzlainfo.ba\/#\/schema\/logo\/image\/\"},\"sameAs\":[\"https:\/\/www.facebook.com\/tuzlainfo.ba\/\"]},{\"@type\":\"Person\",\"@id\":\"https:\/\/tuzlainfo.ba\/#\/schema\/person\/f434e20dc27ea133923aab08451b7f7f\",\"name\":\"nedim\",\"image\":{\"@type\":\"ImageObject\",\"inLanguage\":\"bs-BA\",\"@id\":\"https:\/\/tuzlainfo.ba\/#\/schema\/person\/image\/\",\"url\":\"https:\/\/tuzlainfo.ba\/wp-content\/litespeed\/avatar\/aabad687af24844af817603ac1cbdc4f.jpg?ver=1777306975\",\"contentUrl\":\"https:\/\/tuzlainfo.ba\/wp-content\/litespeed\/avatar\/aabad687af24844af817603ac1cbdc4f.jpg?ver=1777306975\",\"caption\":\"nedim\"},\"description\":\"Tuzlainfo.ba pratite na dru\u0161tvenim mre\u017eama: Facebook, Instagram i Youtube. Svoje pri\u010de, upite i fotografije \u0161aljite na na\u0161u e-mail adresu.\"}]}<\/script>\n<!-- \/ Yoast SEO plugin. -->","yoast_head_json":{"title":"Pjani\u0107 razo\u010daran: Kazahstan smo ku\u0107i morali dobiti! - TuzlaInfo.ba","robots":{"index":"index","follow":"follow","max-snippet":"max-snippet:-1","max-image-preview":"max-image-preview:large","max-video-preview":"max-video-preview:-1"},"canonical":"https:\/\/tuzlainfo.ba\/index.php\/bosna-i-hercegovina\/item\/147233-pjanic-razocaran-kazahstan-smo-kuci-morali-dobiti\/","og_locale":"bs_BA","og_type":"article","og_title":"Pjani\u0107 razo\u010daran: Kazahstan smo ku\u0107i morali dobiti! - TuzlaInfo.ba","og_description":"Reprezentativac BiH Miralem Pjani\u0107, nakon remija protiv Kazahstana rezultatom 2:2 nije mogao sakriti nezadovoljstvo. Zmajevi&hellip;","og_url":"https:\/\/tuzlainfo.ba\/index.php\/bosna-i-hercegovina\/item\/147233-pjanic-razocaran-kazahstan-smo-kuci-morali-dobiti\/","og_site_name":"TuzlaInfo.ba","article_publisher":"https:\/\/www.facebook.com\/tuzlainfo.ba\/","article_published_time":"2021-09-07T20:58:10+00:00","og_image":[{"width":1024,"height":682,"url":"https:\/\/tuzlainfo.ba\/wp-content\/uploads\/2021\/09\/0709_pjanic.jpg","type":"image\/jpeg"}],"author":"nedim","twitter_card":"summary_large_image","twitter_misc":{"Written by":"nedim","Est. reading time":"1 minuta"},"schema":{"@context":"https:\/\/schema.org","@graph":[{"@type":"Article","@id":"https:\/\/tuzlainfo.ba\/index.php\/bosna-i-hercegovina\/item\/147233-pjanic-razocaran-kazahstan-smo-kuci-morali-dobiti\/#article","isPartOf":{"@id":"https:\/\/tuzlainfo.ba\/index.php\/bosna-i-hercegovina\/item\/147233-pjanic-razocaran-kazahstan-smo-kuci-morali-dobiti\/"},"author":{"name":"nedim","@id":"https:\/\/tuzlainfo.ba\/#\/schema\/person\/f434e20dc27ea133923aab08451b7f7f"},"headline":"Pjani\u0107 razo\u010daran: Kazahstan smo ku\u0107i morali dobiti!","datePublished":"2021-09-07T20:58:10+00:00","dateModified":"2021-09-07T20:58:10+00:00","mainEntityOfPage":{"@id":"https:\/\/tuzlainfo.ba\/index.php\/bosna-i-hercegovina\/item\/147233-pjanic-razocaran-kazahstan-smo-kuci-morali-dobiti\/"},"wordCount":227,"commentCount":0,"publisher":{"@id":"https:\/\/tuzlainfo.ba\/#organization"},"image":{"@id":"https:\/\/tuzlainfo.ba\/index.php\/bosna-i-hercegovina\/item\/147233-pjanic-razocaran-kazahstan-smo-kuci-morali-dobiti\/#primaryimage"},"thumbnailUrl":"https:\/\/tuzlainfo.ba\/wp-content\/uploads\/2021\/09\/0709_pjanic.jpg","keywords":["fudbalska reprezentacija","miralem pjani\u0107","sport"],"articleSection":["Bosna i Hercegovina"],"inLanguage":"bs-BA"},{"@type":"WebPage","@id":"https:\/\/tuzlainfo.ba\/index.php\/bosna-i-hercegovina\/item\/147233-pjanic-razocaran-kazahstan-smo-kuci-morali-dobiti\/","url":"https:\/\/tuzlainfo.ba\/index.php\/bosna-i-hercegovina\/item\/147233-pjanic-razocaran-kazahstan-smo-kuci-morali-dobiti\/","name":"Pjani\u0107 razo\u010daran: Kazahstan smo ku\u0107i morali dobiti! - TuzlaInfo.ba","isPartOf":{"@id":"https:\/\/tuzlainfo.ba\/#website"},"primaryImageOfPage":{"@id":"https:\/\/tuzlainfo.ba\/index.php\/bosna-i-hercegovina\/item\/147233-pjanic-razocaran-kazahstan-smo-kuci-morali-dobiti\/#primaryimage"},"image":{"@id":"https:\/\/tuzlainfo.ba\/index.php\/bosna-i-hercegovina\/item\/147233-pjanic-razocaran-kazahstan-smo-kuci-morali-dobiti\/#primaryimage"},"thumbnailUrl":"https:\/\/tuzlainfo.ba\/wp-content\/uploads\/2021\/09\/0709_pjanic.jpg","datePublished":"2021-09-07T20:58:10+00:00","dateModified":"2021-09-07T20:58:10+00:00","breadcrumb":{"@id":"https:\/\/tuzlainfo.ba\/index.php\/bosna-i-hercegovina\/item\/147233-pjanic-razocaran-kazahstan-smo-kuci-morali-dobiti\/#breadcrumb"},"inLanguage":"bs-BA","potentialAction":[{"@type":"ReadAction","target":["https:\/\/tuzlainfo.ba\/index.php\/bosna-i-hercegovina\/item\/147233-pjanic-razocaran-kazahstan-smo-kuci-morali-dobiti\/"]}]},{"@type":"ImageObject","inLanguage":"bs-BA","@id":"https:\/\/tuzlainfo.ba\/index.php\/bosna-i-hercegovina\/item\/147233-pjanic-razocaran-kazahstan-smo-kuci-morali-dobiti\/#primaryimage","url":"https:\/\/tuzlainfo.ba\/wp-content\/uploads\/2021\/09\/0709_pjanic.jpg","contentUrl":"https:\/\/tuzlainfo.ba\/wp-content\/uploads\/2021\/09\/0709_pjanic.jpg","width":1024,"height":682},{"@type":"BreadcrumbList","@id":"https:\/\/tuzlainfo.ba\/index.php\/bosna-i-hercegovina\/item\/147233-pjanic-razocaran-kazahstan-smo-kuci-morali-dobiti\/#breadcrumb","itemListElement":[{"@type":"ListItem","position":1,"name":"Home","item":"https:\/\/tuzlainfo.ba\/"},{"@type":"ListItem","position":2,"name":"Pjani\u0107 razo\u010daran: Kazahstan smo ku\u0107i morali dobiti!"}]},{"@type":"WebSite","@id":"https:\/\/tuzlainfo.ba\/#website","url":"https:\/\/tuzlainfo.ba\/","name":"TuzlaInfo.ba","description":"Tuzla info, gradski informator - Tuzla na dlanu","publisher":{"@id":"https:\/\/tuzlainfo.ba\/#organization"},"potentialAction":[{"@type":"SearchAction","target":{"@type":"EntryPoint","urlTemplate":"https:\/\/tuzlainfo.ba\/?s={search_term_string}"},"query-input":{"@type":"PropertyValueSpecification","valueRequired":true,"valueName":"search_term_string"}}],"inLanguage":"bs-BA"},{"@type":"Organization","@id":"https:\/\/tuzlainfo.ba\/#organization","name":"TuzlaInfo.ba","url":"https:\/\/tuzlainfo.ba\/","logo":{"@type":"ImageObject","inLanguage":"bs-BA","@id":"https:\/\/tuzlainfo.ba\/#\/schema\/logo\/image\/","url":"https:\/\/tuzlainfo.ba\/wp-content\/uploads\/2021\/03\/logo-ver-3-1.png","contentUrl":"https:\/\/tuzlainfo.ba\/wp-content\/uploads\/2021\/03\/logo-ver-3-1.png","width":350,"height":95,"caption":"TuzlaInfo.ba"},"image":{"@id":"https:\/\/tuzlainfo.ba\/#\/schema\/logo\/image\/"},"sameAs":["https:\/\/www.facebook.com\/tuzlainfo.ba\/"]},{"@type":"Person","@id":"https:\/\/tuzlainfo.ba\/#\/schema\/person\/f434e20dc27ea133923aab08451b7f7f","name":"nedim","image":{"@type":"ImageObject","inLanguage":"bs-BA","@id":"https:\/\/tuzlainfo.ba\/#\/schema\/person\/image\/","url":"https:\/\/tuzlainfo.ba\/wp-content\/litespeed\/avatar\/aabad687af24844af817603ac1cbdc4f.jpg?ver=1777306975","contentUrl":"https:\/\/tuzlainfo.ba\/wp-content\/litespeed\/avatar\/aabad687af24844af817603ac1cbdc4f.jpg?ver=1777306975","caption":"nedim"},"description":"Tuzlainfo.ba pratite na dru\u0161tvenim mre\u017eama: Facebook, Instagram i Youtube. Svoje pri\u010de, upite i fotografije \u0161aljite na na\u0161u e-mail adresu."}]}},"_links":{"self":[{"href":"https:\/\/tuzlainfo.ba\/index.php\/wp-json\/wp\/v2\/posts\/147233"}],"collection":[{"href":"https:\/\/tuzlainfo.ba\/index.php\/wp-json\/wp\/v2\/posts"}],"about":[{"href":"https:\/\/tuzlainfo.ba\/index.php\/wp-json\/wp\/v2\/types\/post"}],"author":[{"embeddable":true,"href":"https:\/\/tuzlainfo.ba\/index.php\/wp-json\/wp\/v2\/users\/2"}],"replies":[{"embeddable":true,"href":"https:\/\/tuzlainfo.ba\/index.php\/wp-json\/wp\/v2\/comments?post=147233"}],"version-history":[{"count":0,"href":"https:\/\/tuzlainfo.ba\/index.php\/wp-json\/wp\/v2\/posts\/147233\/revisions"}],"wp:featuredmedia":[{"embeddable":true,"href":"https:\/\/tuzlainfo.ba\/index.php\/wp-json\/wp\/v2\/media\/147234"}],"wp:attachment":[{"href":"https:\/\/tuzlainfo.ba\/index.php\/wp-json\/wp\/v2\/media?parent=147233"}],"wp:term":[{"taxonomy":"category","embeddable":true,"href":"https:\/\/tuzlainfo.ba\/index.php\/wp-json\/wp\/v2\/categories?post=147233"},{"taxonomy":"post_tag","embeddable":true,"href":"https:\/\/tuzlainfo.ba\/index.php\/wp-json\/wp\/v2\/tags?post=147233"}],"curies":[{"name":"wp","href":"https:\/\/api.w.org\/{rel}","templated":true}]}}