{"id":147137,"date":"2021-09-07T10:26:46","date_gmt":"2021-09-07T08:26:46","guid":{"rendered":"https:\/\/tuzlainfo.ba\/?p=147137"},"modified":"2021-09-07T10:26:46","modified_gmt":"2021-09-07T08:26:46","slug":"novalic-o-poskupljenjima-100-km-ima-istu-vrijednost-zavisi-sta-kupujete","status":"publish","type":"post","link":"https:\/\/tuzlainfo.ba\/index.php\/bosna-i-hercegovina\/item\/147137-novalic-o-poskupljenjima-100-km-ima-istu-vrijednost-zavisi-sta-kupujete\/","title":{"rendered":"Novali\u0107 o poskupljenjima: &#8220;100 KM ima istu vrijednost, zavisi \u0161ta kupujete&#8221;"},"content":{"rendered":"<div id=\"excerpt\" class=\"mt-5 md:mt-2 xl:mt-3 mb-5 font-sans font-semibold text-lg lg:text-xl leading-6 md:leading-7\">\n<p class=\"lead\">Premijer Federacije BiH Fadil Novali\u0107 komentirao je sino\u0107 rast cijena u ovom entitetu. Osvrnuo se na rast cijena ulja i piletine, kao i pojeftinjenje goriva i krompira.<\/p>\n<\/div>\n<div class=\"bg-gray-100\">\n<div id=\"ads_intext\" class=\"mx-auto my-2 text-center\" data-google-query-id=\"CPuGrZm07PICFfzuuwgdLk8OJA\">\n<p>Novali\u0107 je, gostuju\u0107i u programu javnog radiotelevizijskog servisa Federacije BiH, rekao da potro\u0161a\u010dka korpa ne postoji ni u EUROSTAT-u ni u na\u0161oj statistici, prenosi Klix.<\/p>\n<p>&#8220;Ona je proizvoljna, mislim da ju je sindikat lansirao. To se u svijetu uop\u0107e ne koristi. Koristi se indeks potro\u0161a\u010dkih cijena i po tome, ta\u010dno je, deformaciju u posljednje vrijeme u javnom diskursu proizvodi poskupljenje ulja od 37 posto i piletine. Me\u0111utim, za isto vrijeme postoji krompir koji je jeftiniji 40 posto, gorivo je jeftinije za 10 feninga nego 2019.&#8221;, ka\u017ee Novali\u0107.<\/p>\n<div class=\"embed-container\">\n<p><iframe title=\"Premijer FBiH Fadil Novali\u0107 o poskupljenjima\" width=\"1170\" height=\"658\" src=\"https:\/\/www.youtube.com\/embed\/EzLKojJw_Bo?feature=oembed\" frameborder=\"0\" allow=\"accelerometer; autoplay; clipboard-write; encrypted-media; gyroscope; picture-in-picture\" allowfullscreen><\/iframe><\/p>\n<\/div>\n<p>Na konstataciju da 100 KM ove i 100 KM 2018. godine nemaju istu vrijednost Novali\u0107 je odgovorio da to zavisi od toga \u0161ta kupujete.<\/p>\n<p>&#8220;Ako kupujete ulje, kupit \u0107ete ga 37 posto manje. Ako kupujete gorivo, dobit \u0107ete ga 10 posto vi\u0161e&#8221;, obja\u0161njava Novali\u0107.<\/p>\n<p>Nagla\u0161ava da je u posljednjih \u0161est godina indeks potro\u0161a\u010dkih cijena narastao 3,5 posto te da je to ono \u0161to se \u0161alje u me\u0111unarodne tokove.<\/p>\n<p>&#8220;Pla\u0107e su, za vrijeme nas, narasle 20 posto, 165 KM. Od 2019. kad je plata bila 919 KM, do sada, rast je 88 KM. Ali ukupno od 2015. 165 maraka. To je najve\u0107i rast pla\u0107a u poslijeratnom periodu. Za privrednike najvi\u0161e zna\u010de dva zakona koja sam prethodno spomenuo kao neuspjehe vlade.To je od 2019. na parlamentu i ja sam poslao urgencije i nadam se da \u0107e krajem septembra kona\u010dno do\u0107i na red ta dva klju\u010dna, kultna zakona&#8221;, zaklju\u010duje Novali\u0107.<\/p>\n<\/div>\n<\/div>\n","protected":false},"excerpt":{"rendered":"<p>Premijer Federacije BiH Fadil Novali\u0107 komentirao je sino\u0107 rast cijena u ovom entitetu. Osvrnuo se&hellip;<\/p>\n","protected":false},"author":4,"featured_media":74963,"comment_status":"open","ping_status":"closed","sticky":false,"template":"","format":"standard","meta":{"_acf_changed":false,"footnotes":""},"categories":[291],"tags":[492,1866],"acf":[],"yoast_head":"<!-- This site is optimized with the Yoast SEO plugin v23.5 - https:\/\/yoast.com\/wordpress\/plugins\/seo\/ -->\n<title>Novali\u0107 o poskupljenjima: &quot;100 KM ima istu vrijednost, zavisi \u0161ta kupujete&quot; - TuzlaInfo.ba<\/title>\n<meta name=\"robots\" content=\"index, follow, max-snippet:-1, max-image-preview:large, max-video-preview:-1\" \/>\n<link rel=\"canonical\" href=\"https:\/\/tuzlainfo.ba\/index.php\/bosna-i-hercegovina\/item\/147137-novalic-o-poskupljenjima-100-km-ima-istu-vrijednost-zavisi-sta-kupujete\/\" \/>\n<meta property=\"og:locale\" content=\"bs_BA\" \/>\n<meta property=\"og:type\" content=\"article\" \/>\n<meta property=\"og:title\" content=\"Novali\u0107 o poskupljenjima: &quot;100 KM ima istu vrijednost, zavisi \u0161ta kupujete&quot; - TuzlaInfo.ba\" \/>\n<meta property=\"og:description\" content=\"Premijer Federacije BiH Fadil Novali\u0107 komentirao je sino\u0107 rast cijena u ovom entitetu. Osvrnuo se&hellip;\" \/>\n<meta property=\"og:url\" content=\"https:\/\/tuzlainfo.ba\/index.php\/bosna-i-hercegovina\/item\/147137-novalic-o-poskupljenjima-100-km-ima-istu-vrijednost-zavisi-sta-kupujete\/\" \/>\n<meta property=\"og:site_name\" content=\"TuzlaInfo.ba\" \/>\n<meta property=\"article:publisher\" content=\"https:\/\/www.facebook.com\/tuzlainfo.ba\/\" \/>\n<meta property=\"article:published_time\" content=\"2021-09-07T08:26:46+00:00\" \/>\n<meta property=\"og:image\" content=\"https:\/\/tuzlainfo.ba\/wp-content\/uploads\/2019\/11\/sadrzaj_2019_20191101_2111_novalic.jpg\" \/>\n\t<meta property=\"og:image:width\" content=\"770\" \/>\n\t<meta property=\"og:image:height\" content=\"469\" \/>\n\t<meta property=\"og:image:type\" content=\"image\/jpeg\" \/>\n<meta name=\"author\" content=\"Tuzla Info\" \/>\n<meta name=\"twitter:card\" content=\"summary_large_image\" \/>\n<meta name=\"twitter:label1\" content=\"Written by\" \/>\n\t<meta name=\"twitter:data1\" content=\"Tuzla Info\" \/>\n\t<meta name=\"twitter:label2\" content=\"Est. reading time\" \/>\n\t<meta name=\"twitter:data2\" content=\"1 minuta\" \/>\n<script type=\"application\/ld+json\" class=\"yoast-schema-graph\">{\"@context\":\"https:\/\/schema.org\",\"@graph\":[{\"@type\":\"Article\",\"@id\":\"https:\/\/tuzlainfo.ba\/index.php\/bosna-i-hercegovina\/item\/147137-novalic-o-poskupljenjima-100-km-ima-istu-vrijednost-zavisi-sta-kupujete\/#article\",\"isPartOf\":{\"@id\":\"https:\/\/tuzlainfo.ba\/index.php\/bosna-i-hercegovina\/item\/147137-novalic-o-poskupljenjima-100-km-ima-istu-vrijednost-zavisi-sta-kupujete\/\"},\"author\":{\"name\":\"Tuzla Info\",\"@id\":\"https:\/\/tuzlainfo.ba\/#\/schema\/person\/46cad4c57790cbc50781edd14870825a\"},\"headline\":\"Novali\u0107 o poskupljenjima: &#8220;100 KM ima istu vrijednost, zavisi \u0161ta kupujete&#8221;\",\"datePublished\":\"2021-09-07T08:26:46+00:00\",\"dateModified\":\"2021-09-07T08:26:46+00:00\",\"mainEntityOfPage\":{\"@id\":\"https:\/\/tuzlainfo.ba\/index.php\/bosna-i-hercegovina\/item\/147137-novalic-o-poskupljenjima-100-km-ima-istu-vrijednost-zavisi-sta-kupujete\/\"},\"wordCount\":293,\"commentCount\":0,\"publisher\":{\"@id\":\"https:\/\/tuzlainfo.ba\/#organization\"},\"image\":{\"@id\":\"https:\/\/tuzlainfo.ba\/index.php\/bosna-i-hercegovina\/item\/147137-novalic-o-poskupljenjima-100-km-ima-istu-vrijednost-zavisi-sta-kupujete\/#primaryimage\"},\"thumbnailUrl\":\"https:\/\/tuzlainfo.ba\/wp-content\/uploads\/2019\/11\/sadrzaj_2019_20191101_2111_novalic.jpg\",\"keywords\":[\"fadil novali\u0107\",\"poskupljenje\"],\"articleSection\":[\"Bosna i Hercegovina\"],\"inLanguage\":\"bs-BA\"},{\"@type\":\"WebPage\",\"@id\":\"https:\/\/tuzlainfo.ba\/index.php\/bosna-i-hercegovina\/item\/147137-novalic-o-poskupljenjima-100-km-ima-istu-vrijednost-zavisi-sta-kupujete\/\",\"url\":\"https:\/\/tuzlainfo.ba\/index.php\/bosna-i-hercegovina\/item\/147137-novalic-o-poskupljenjima-100-km-ima-istu-vrijednost-zavisi-sta-kupujete\/\",\"name\":\"Novali\u0107 o poskupljenjima: \\\"100 KM ima istu vrijednost, zavisi \u0161ta kupujete\\\" - TuzlaInfo.ba\",\"isPartOf\":{\"@id\":\"https:\/\/tuzlainfo.ba\/#website\"},\"primaryImageOfPage\":{\"@id\":\"https:\/\/tuzlainfo.ba\/index.php\/bosna-i-hercegovina\/item\/147137-novalic-o-poskupljenjima-100-km-ima-istu-vrijednost-zavisi-sta-kupujete\/#primaryimage\"},\"image\":{\"@id\":\"https:\/\/tuzlainfo.ba\/index.php\/bosna-i-hercegovina\/item\/147137-novalic-o-poskupljenjima-100-km-ima-istu-vrijednost-zavisi-sta-kupujete\/#primaryimage\"},\"thumbnailUrl\":\"https:\/\/tuzlainfo.ba\/wp-content\/uploads\/2019\/11\/sadrzaj_2019_20191101_2111_novalic.jpg\",\"datePublished\":\"2021-09-07T08:26:46+00:00\",\"dateModified\":\"2021-09-07T08:26:46+00:00\",\"breadcrumb\":{\"@id\":\"https:\/\/tuzlainfo.ba\/index.php\/bosna-i-hercegovina\/item\/147137-novalic-o-poskupljenjima-100-km-ima-istu-vrijednost-zavisi-sta-kupujete\/#breadcrumb\"},\"inLanguage\":\"bs-BA\",\"potentialAction\":[{\"@type\":\"ReadAction\",\"target\":[\"https:\/\/tuzlainfo.ba\/index.php\/bosna-i-hercegovina\/item\/147137-novalic-o-poskupljenjima-100-km-ima-istu-vrijednost-zavisi-sta-kupujete\/\"]}]},{\"@type\":\"ImageObject\",\"inLanguage\":\"bs-BA\",\"@id\":\"https:\/\/tuzlainfo.ba\/index.php\/bosna-i-hercegovina\/item\/147137-novalic-o-poskupljenjima-100-km-ima-istu-vrijednost-zavisi-sta-kupujete\/#primaryimage\",\"url\":\"https:\/\/tuzlainfo.ba\/wp-content\/uploads\/2019\/11\/sadrzaj_2019_20191101_2111_novalic.jpg\",\"contentUrl\":\"https:\/\/tuzlainfo.ba\/wp-content\/uploads\/2019\/11\/sadrzaj_2019_20191101_2111_novalic.jpg\",\"width\":770,\"height\":469,\"caption\":\"2111 novalic\"},{\"@type\":\"BreadcrumbList\",\"@id\":\"https:\/\/tuzlainfo.ba\/index.php\/bosna-i-hercegovina\/item\/147137-novalic-o-poskupljenjima-100-km-ima-istu-vrijednost-zavisi-sta-kupujete\/#breadcrumb\",\"itemListElement\":[{\"@type\":\"ListItem\",\"position\":1,\"name\":\"Home\",\"item\":\"https:\/\/tuzlainfo.ba\/\"},{\"@type\":\"ListItem\",\"position\":2,\"name\":\"Novali\u0107 o poskupljenjima: &#8220;100 KM ima istu vrijednost, zavisi \u0161ta kupujete&#8221;\"}]},{\"@type\":\"WebSite\",\"@id\":\"https:\/\/tuzlainfo.ba\/#website\",\"url\":\"https:\/\/tuzlainfo.ba\/\",\"name\":\"TuzlaInfo.ba\",\"description\":\"Tuzla info, gradski informator - Tuzla na dlanu\",\"publisher\":{\"@id\":\"https:\/\/tuzlainfo.ba\/#organization\"},\"potentialAction\":[{\"@type\":\"SearchAction\",\"target\":{\"@type\":\"EntryPoint\",\"urlTemplate\":\"https:\/\/tuzlainfo.ba\/?s={search_term_string}\"},\"query-input\":{\"@type\":\"PropertyValueSpecification\",\"valueRequired\":true,\"valueName\":\"search_term_string\"}}],\"inLanguage\":\"bs-BA\"},{\"@type\":\"Organization\",\"@id\":\"https:\/\/tuzlainfo.ba\/#organization\",\"name\":\"TuzlaInfo.ba\",\"url\":\"https:\/\/tuzlainfo.ba\/\",\"logo\":{\"@type\":\"ImageObject\",\"inLanguage\":\"bs-BA\",\"@id\":\"https:\/\/tuzlainfo.ba\/#\/schema\/logo\/image\/\",\"url\":\"https:\/\/tuzlainfo.ba\/wp-content\/uploads\/2021\/03\/logo-ver-3-1.png\",\"contentUrl\":\"https:\/\/tuzlainfo.ba\/wp-content\/uploads\/2021\/03\/logo-ver-3-1.png\",\"width\":350,\"height\":95,\"caption\":\"TuzlaInfo.ba\"},\"image\":{\"@id\":\"https:\/\/tuzlainfo.ba\/#\/schema\/logo\/image\/\"},\"sameAs\":[\"https:\/\/www.facebook.com\/tuzlainfo.ba\/\"]},{\"@type\":\"Person\",\"@id\":\"https:\/\/tuzlainfo.ba\/#\/schema\/person\/46cad4c57790cbc50781edd14870825a\",\"name\":\"Tuzla Info\",\"image\":{\"@type\":\"ImageObject\",\"inLanguage\":\"bs-BA\",\"@id\":\"https:\/\/tuzlainfo.ba\/#\/schema\/person\/image\/\",\"url\":\"https:\/\/tuzlainfo.ba\/wp-content\/litespeed\/avatar\/b6c453a6c38e3654f2e4416c643fc25c.jpg?ver=1777051911\",\"contentUrl\":\"https:\/\/tuzlainfo.ba\/wp-content\/litespeed\/avatar\/b6c453a6c38e3654f2e4416c643fc25c.jpg?ver=1777051911\",\"caption\":\"Tuzla Info\"}}]}<\/script>\n<!-- \/ Yoast SEO plugin. -->","yoast_head_json":{"title":"Novali\u0107 o poskupljenjima: \"100 KM ima istu vrijednost, zavisi \u0161ta kupujete\" - TuzlaInfo.ba","robots":{"index":"index","follow":"follow","max-snippet":"max-snippet:-1","max-image-preview":"max-image-preview:large","max-video-preview":"max-video-preview:-1"},"canonical":"https:\/\/tuzlainfo.ba\/index.php\/bosna-i-hercegovina\/item\/147137-novalic-o-poskupljenjima-100-km-ima-istu-vrijednost-zavisi-sta-kupujete\/","og_locale":"bs_BA","og_type":"article","og_title":"Novali\u0107 o poskupljenjima: \"100 KM ima istu vrijednost, zavisi \u0161ta kupujete\" - TuzlaInfo.ba","og_description":"Premijer Federacije BiH Fadil Novali\u0107 komentirao je sino\u0107 rast cijena u ovom entitetu. Osvrnuo se&hellip;","og_url":"https:\/\/tuzlainfo.ba\/index.php\/bosna-i-hercegovina\/item\/147137-novalic-o-poskupljenjima-100-km-ima-istu-vrijednost-zavisi-sta-kupujete\/","og_site_name":"TuzlaInfo.ba","article_publisher":"https:\/\/www.facebook.com\/tuzlainfo.ba\/","article_published_time":"2021-09-07T08:26:46+00:00","og_image":[{"width":770,"height":469,"url":"https:\/\/tuzlainfo.ba\/wp-content\/uploads\/2019\/11\/sadrzaj_2019_20191101_2111_novalic.jpg","type":"image\/jpeg"}],"author":"Tuzla Info","twitter_card":"summary_large_image","twitter_misc":{"Written by":"Tuzla Info","Est. reading time":"1 minuta"},"schema":{"@context":"https:\/\/schema.org","@graph":[{"@type":"Article","@id":"https:\/\/tuzlainfo.ba\/index.php\/bosna-i-hercegovina\/item\/147137-novalic-o-poskupljenjima-100-km-ima-istu-vrijednost-zavisi-sta-kupujete\/#article","isPartOf":{"@id":"https:\/\/tuzlainfo.ba\/index.php\/bosna-i-hercegovina\/item\/147137-novalic-o-poskupljenjima-100-km-ima-istu-vrijednost-zavisi-sta-kupujete\/"},"author":{"name":"Tuzla Info","@id":"https:\/\/tuzlainfo.ba\/#\/schema\/person\/46cad4c57790cbc50781edd14870825a"},"headline":"Novali\u0107 o poskupljenjima: &#8220;100 KM ima istu vrijednost, zavisi \u0161ta kupujete&#8221;","datePublished":"2021-09-07T08:26:46+00:00","dateModified":"2021-09-07T08:26:46+00:00","mainEntityOfPage":{"@id":"https:\/\/tuzlainfo.ba\/index.php\/bosna-i-hercegovina\/item\/147137-novalic-o-poskupljenjima-100-km-ima-istu-vrijednost-zavisi-sta-kupujete\/"},"wordCount":293,"commentCount":0,"publisher":{"@id":"https:\/\/tuzlainfo.ba\/#organization"},"image":{"@id":"https:\/\/tuzlainfo.ba\/index.php\/bosna-i-hercegovina\/item\/147137-novalic-o-poskupljenjima-100-km-ima-istu-vrijednost-zavisi-sta-kupujete\/#primaryimage"},"thumbnailUrl":"https:\/\/tuzlainfo.ba\/wp-content\/uploads\/2019\/11\/sadrzaj_2019_20191101_2111_novalic.jpg","keywords":["fadil novali\u0107","poskupljenje"],"articleSection":["Bosna i Hercegovina"],"inLanguage":"bs-BA"},{"@type":"WebPage","@id":"https:\/\/tuzlainfo.ba\/index.php\/bosna-i-hercegovina\/item\/147137-novalic-o-poskupljenjima-100-km-ima-istu-vrijednost-zavisi-sta-kupujete\/","url":"https:\/\/tuzlainfo.ba\/index.php\/bosna-i-hercegovina\/item\/147137-novalic-o-poskupljenjima-100-km-ima-istu-vrijednost-zavisi-sta-kupujete\/","name":"Novali\u0107 o poskupljenjima: \"100 KM ima istu vrijednost, zavisi \u0161ta kupujete\" - TuzlaInfo.ba","isPartOf":{"@id":"https:\/\/tuzlainfo.ba\/#website"},"primaryImageOfPage":{"@id":"https:\/\/tuzlainfo.ba\/index.php\/bosna-i-hercegovina\/item\/147137-novalic-o-poskupljenjima-100-km-ima-istu-vrijednost-zavisi-sta-kupujete\/#primaryimage"},"image":{"@id":"https:\/\/tuzlainfo.ba\/index.php\/bosna-i-hercegovina\/item\/147137-novalic-o-poskupljenjima-100-km-ima-istu-vrijednost-zavisi-sta-kupujete\/#primaryimage"},"thumbnailUrl":"https:\/\/tuzlainfo.ba\/wp-content\/uploads\/2019\/11\/sadrzaj_2019_20191101_2111_novalic.jpg","datePublished":"2021-09-07T08:26:46+00:00","dateModified":"2021-09-07T08:26:46+00:00","breadcrumb":{"@id":"https:\/\/tuzlainfo.ba\/index.php\/bosna-i-hercegovina\/item\/147137-novalic-o-poskupljenjima-100-km-ima-istu-vrijednost-zavisi-sta-kupujete\/#breadcrumb"},"inLanguage":"bs-BA","potentialAction":[{"@type":"ReadAction","target":["https:\/\/tuzlainfo.ba\/index.php\/bosna-i-hercegovina\/item\/147137-novalic-o-poskupljenjima-100-km-ima-istu-vrijednost-zavisi-sta-kupujete\/"]}]},{"@type":"ImageObject","inLanguage":"bs-BA","@id":"https:\/\/tuzlainfo.ba\/index.php\/bosna-i-hercegovina\/item\/147137-novalic-o-poskupljenjima-100-km-ima-istu-vrijednost-zavisi-sta-kupujete\/#primaryimage","url":"https:\/\/tuzlainfo.ba\/wp-content\/uploads\/2019\/11\/sadrzaj_2019_20191101_2111_novalic.jpg","contentUrl":"https:\/\/tuzlainfo.ba\/wp-content\/uploads\/2019\/11\/sadrzaj_2019_20191101_2111_novalic.jpg","width":770,"height":469,"caption":"2111 novalic"},{"@type":"BreadcrumbList","@id":"https:\/\/tuzlainfo.ba\/index.php\/bosna-i-hercegovina\/item\/147137-novalic-o-poskupljenjima-100-km-ima-istu-vrijednost-zavisi-sta-kupujete\/#breadcrumb","itemListElement":[{"@type":"ListItem","position":1,"name":"Home","item":"https:\/\/tuzlainfo.ba\/"},{"@type":"ListItem","position":2,"name":"Novali\u0107 o poskupljenjima: &#8220;100 KM ima istu vrijednost, zavisi \u0161ta kupujete&#8221;"}]},{"@type":"WebSite","@id":"https:\/\/tuzlainfo.ba\/#website","url":"https:\/\/tuzlainfo.ba\/","name":"TuzlaInfo.ba","description":"Tuzla info, gradski informator - Tuzla na dlanu","publisher":{"@id":"https:\/\/tuzlainfo.ba\/#organization"},"potentialAction":[{"@type":"SearchAction","target":{"@type":"EntryPoint","urlTemplate":"https:\/\/tuzlainfo.ba\/?s={search_term_string}"},"query-input":{"@type":"PropertyValueSpecification","valueRequired":true,"valueName":"search_term_string"}}],"inLanguage":"bs-BA"},{"@type":"Organization","@id":"https:\/\/tuzlainfo.ba\/#organization","name":"TuzlaInfo.ba","url":"https:\/\/tuzlainfo.ba\/","logo":{"@type":"ImageObject","inLanguage":"bs-BA","@id":"https:\/\/tuzlainfo.ba\/#\/schema\/logo\/image\/","url":"https:\/\/tuzlainfo.ba\/wp-content\/uploads\/2021\/03\/logo-ver-3-1.png","contentUrl":"https:\/\/tuzlainfo.ba\/wp-content\/uploads\/2021\/03\/logo-ver-3-1.png","width":350,"height":95,"caption":"TuzlaInfo.ba"},"image":{"@id":"https:\/\/tuzlainfo.ba\/#\/schema\/logo\/image\/"},"sameAs":["https:\/\/www.facebook.com\/tuzlainfo.ba\/"]},{"@type":"Person","@id":"https:\/\/tuzlainfo.ba\/#\/schema\/person\/46cad4c57790cbc50781edd14870825a","name":"Tuzla Info","image":{"@type":"ImageObject","inLanguage":"bs-BA","@id":"https:\/\/tuzlainfo.ba\/#\/schema\/person\/image\/","url":"https:\/\/tuzlainfo.ba\/wp-content\/litespeed\/avatar\/b6c453a6c38e3654f2e4416c643fc25c.jpg?ver=1777051911","contentUrl":"https:\/\/tuzlainfo.ba\/wp-content\/litespeed\/avatar\/b6c453a6c38e3654f2e4416c643fc25c.jpg?ver=1777051911","caption":"Tuzla Info"}}]}},"_links":{"self":[{"href":"https:\/\/tuzlainfo.ba\/index.php\/wp-json\/wp\/v2\/posts\/147137"}],"collection":[{"href":"https:\/\/tuzlainfo.ba\/index.php\/wp-json\/wp\/v2\/posts"}],"about":[{"href":"https:\/\/tuzlainfo.ba\/index.php\/wp-json\/wp\/v2\/types\/post"}],"author":[{"embeddable":true,"href":"https:\/\/tuzlainfo.ba\/index.php\/wp-json\/wp\/v2\/users\/4"}],"replies":[{"embeddable":true,"href":"https:\/\/tuzlainfo.ba\/index.php\/wp-json\/wp\/v2\/comments?post=147137"}],"version-history":[{"count":0,"href":"https:\/\/tuzlainfo.ba\/index.php\/wp-json\/wp\/v2\/posts\/147137\/revisions"}],"wp:featuredmedia":[{"embeddable":true,"href":"https:\/\/tuzlainfo.ba\/index.php\/wp-json\/wp\/v2\/media\/74963"}],"wp:attachment":[{"href":"https:\/\/tuzlainfo.ba\/index.php\/wp-json\/wp\/v2\/media?parent=147137"}],"wp:term":[{"taxonomy":"category","embeddable":true,"href":"https:\/\/tuzlainfo.ba\/index.php\/wp-json\/wp\/v2\/categories?post=147137"},{"taxonomy":"post_tag","embeddable":true,"href":"https:\/\/tuzlainfo.ba\/index.php\/wp-json\/wp\/v2\/tags?post=147137"}],"curies":[{"name":"wp","href":"https:\/\/api.w.org\/{rel}","templated":true}]}}