{"id":147092,"date":"2021-09-06T19:21:36","date_gmt":"2021-09-06T17:21:36","guid":{"rendered":"https:\/\/tuzlainfo.ba\/?p=147092"},"modified":"2021-09-06T19:21:36","modified_gmt":"2021-09-06T17:21:36","slug":"novi-skandal-potresa-nfsbih-zeljkovic-kupovinu-mjesta-u-reprezentaciji-nazvao-hajkom","status":"publish","type":"post","link":"https:\/\/tuzlainfo.ba\/index.php\/bosna-i-hercegovina\/item\/147092-novi-skandal-potresa-nfsbih-zeljkovic-kupovinu-mjesta-u-reprezentaciji-nazvao-hajkom\/","title":{"rendered":"Novi skandal potresa NFSBiH: Zeljkovi\u0107 &#8220;kupovinu mjesta&#8221; u reprezentaciji nazvao hajkom"},"content":{"rendered":"<p>Tema o kojoj se u bh. fudbalskoj javnosti iza kulisa konstantno govori je utjecaj menad\u017eera na sastave igra\u010da i pozive raznih selektora reprezentacije Bosne i Hercegovine u nacionalni dres.<\/p>\n<p>Pojedini igra\u010di reprezentacije Bosne i Hercegovine pozivani su na reprezentativna okupljanja i pored toga \u0161to u svojim klubovima uop\u0161te ne bilje\u017ee nastupe.<\/p>\n<p><a href=\"https:\/\/ba.n1info.com\/sport-klub\/nogomet\/novi-skandal-u-bh-fudbalu-menadzer-igracu-kupiomjesto-medju-zmajevima\/\">N1 televizija<\/a>\u00a0do\u0161la je u posjed prepiske u kojoj se jedan poznati fudbalski menad\u017eer hvali kako je zavr\u0161io posao za svog klijenta, koji \u0107e, prema onome \u0161to stoji u prepisci, dobiti priliku igrati u utakmici Bosna i Hercegovina \u2013 Kostarika, me\u010du koji je odigran 27. marta ove godine.<\/p>\n<p>Fudbalski agent unaprijed je znao kada i kako \u0107e njegov klijent zaigrati u dr\u017eavnom dresu, a za to je, ka\u017ee, i platio nekome u N\/FSBiH.<\/p>\n<p>\u201cMoj mora bit\u2019 pozvan i mora branit\u2019 prijateljsku 27.3. protiv Kostarike! Tako sam dogovorio i kaparu dao\u201c, stoji u dijelu prepiske.<\/p>\n<p><img fetchpriority=\"high\" decoding=\"async\" class=\"aligncenter wp-image-147093 size-full\" src=\"https:\/\/tuzlainfo.ba\/wp-content\/uploads\/2021\/09\/0609_prepiska.jpg\" alt=\"\" width=\"600\" height=\"338\" srcset=\"https:\/\/tuzlainfo.ba\/wp-content\/uploads\/2021\/09\/0609_prepiska.jpg 600w, https:\/\/tuzlainfo.ba\/wp-content\/uploads\/2021\/09\/0609_prepiska-300x169.jpg 300w, https:\/\/tuzlainfo.ba\/wp-content\/uploads\/2021\/09\/0609_prepiska-585x330.jpg 585w, https:\/\/tuzlainfo.ba\/wp-content\/uploads\/2021\/09\/0609_prepiska-150x85.jpg 150w, https:\/\/tuzlainfo.ba\/wp-content\/uploads\/2021\/09\/0609_prepiska-500x282.jpg 500w\" sizes=\"(max-width: 600px) 100vw, 600px\" \/><\/p>\n<p>Sve \u0161to je menad\u017eer napisao na kraju se i obistinilo. Njegov klijent zaista jeste zaigrao u prijateljskom susretu protiv Kostarike, \u0161to predstavlja \u010dvrst dokaz da je barem jedan igra\u010d u reprezentaciji \u201ckupio\u201d svoje mjesto u nacionalnoj selekciji.<\/p>\n<p>Pregledaju\u0107i dalje dopisivanje, jasno se mo\u017ee uo\u010diti kako je fudbalski agent prije vremena tako\u0111er upoznat i sa pozivima drugih reprezentativaca, koji nisu njegovi klijenti, \u0161to ukazuje na uvezanost sa ljudima koji vladaju bh. fudbalom.<\/p>\n<p>Na okupljanju reprezentacije danas je odr\u017eana i posljednja press konferencija uo\u010di kvalifikacione utakmice sa reprezentacijom Kazahstana. Ivaylo Petev osvrnuo se kratko na optu\u017ebe Asmira Begovi\u0107a, sada ve\u0107 sigurno biv\u0161eg reprezentativnog golmana, koji je selektora, predsjednika saveza Vicu Zeljkovi\u0107a i Zvjezdana Misimovi\u0107a nazvao kriminalcima.<\/p>\n<p>Na pitanje kako komentari\u0161e optu\u017ebe Asmira Begovi\u0107a, Petev je kratko odgovorio \u201cNikako.\u201d<\/p>\n<p>Novi skandal na pomolu je u bh. fudbalu, a ukoliko se poka\u017ee da ovo nije jedini slu\u010daj u kojem je mjesto u reprezentaciji fakti\u010dki kupljeno bit \u0107e to udarac od kojeg se vjera u Nogometni\/Fudbalski Savez Bosne i Hercegovine te\u0161ko mo\u017ee vratiti.<\/p>\n<h6><strong>Zeljkovi\u0107: Smi\u0161ljena hajka kako bi se naru\u0161ila odli\u010dna atmosfera u reprezentaciji<\/strong><\/h6>\n<p>Predsjednik Nogometnog saveza BiH Vico Zeljkovi\u0107 izdao je saop\u0161tenje u vezi s dana\u0161njim navodima o kupovini mjesta u timu Zmajeva.<\/p>\n<p>Njegovo saop\u0161tenje prenosimo u cjelosti:<\/p>\n<p>Nakon nerije\u0161enog rezultata koji je reprezentacija BiH ostvarila u Francuskoj, te prve pobjede nakon dugo vremena, pa\u017enja javnosti se, izgleda planski i namjerno usmjerava na druge stvari a danas i na navodnu prepisku pojedinih menad\u017eera koji \u201ekupuju\u201c mjesto u nacionalnom timu.<\/p>\n<p>Tim povodom predsjednik NS\/FS BiH Vico Zeljkovi\u0107 je izjavio:<\/p>\n<p>\u201eSvjesni smo da se ni\u0161ta ne mo\u017ee preko no\u0107i uraditi, a istovremeno i tu\u017eni \u0161to se harmonija, povjerenje i zajedni\u0161tvo, koji se najzad osjete me\u0111u igra\u010dima, poku\u0161avaju naru\u0161iti i fokus prebaciti na drugu stranu. Ne mogu svaki dan komentarisati razne gluposti koje se serviraju. Umjesto da se svi bavimo i posvetimo sutra\u0161njoj utakmici protiv Kazakhstana, nekome je o\u010digledno u interesu ne\u0161to drugo, spinovanje i podmetanje.<\/p>\n<p>Mi nikada ne\u0107emo sav teret poraza pripisati samo selektoru i igra\u010dima, niti pobjedu shvatiti kao na\u0161u zaslugu. Kao rukovodstvo Saveza, mi smo tu za igra\u010de i sve njihove potrebe.<\/p>\n<p>Na\u0161 zadatak je da im obezbijedimo najbolje mogu\u0107e uslove za rad i ostvarivanje najboljih rezultata ali smo tu i da sagledamo i rije\u0161imo sve probleme.<\/p>\n<p>Reprezentacija je dugoro\u010dan projekat na kojem svi zajedni\u010dkim snagama trebamo raditi da bi se do\u0161lo do uspjeha.<\/p>\n<p>Kad je rije\u010d o navodima, koji su se pojavili danas a odnose se na insinuacije da je neko \u201ekupio svoje mjesto u nacionalnoj selekciji\u201c mi smo kao Savez spremni da se razotkrije svaka eventualna nepravilnost, ali je po svemu sude\u0107i, proteklih dana na sceni smi\u0161ljena hajka s ciljem da se naru\u0161i odli\u010dna atmosfera u reprezentaciji.<\/p>\n<p>Svako mo\u017ee da napi\u0161e bilo kakvu poruku ili prepisku predstavi kako mu odgovara. Ako ve\u0107 postoji neki dokaz onda se javnosti prezentuju i imena autora i ko stoji iza cijele pri\u010de.<\/p>\n<p>Ovako sve izgleda kao dio nekog plana sa potpuno drugom namjerom, o\u010digledno lo\u0161om po interese bh. fudbala.\u201c<\/p>\n","protected":false},"excerpt":{"rendered":"<p>Tema o kojoj se u bh. fudbalskoj javnosti iza kulisa konstantno govori je utjecaj menad\u017eera&hellip;<\/p>\n","protected":false},"author":2,"featured_media":147094,"comment_status":"open","ping_status":"closed","sticky":false,"template":"","format":"standard","meta":{"_acf_changed":false,"footnotes":""},"categories":[291],"tags":[2530,2531],"acf":[],"yoast_head":"<!-- This site is optimized with the Yoast SEO plugin v23.5 - https:\/\/yoast.com\/wordpress\/plugins\/seo\/ -->\n<title>Novi skandal potresa NFSBiH: Zeljkovi\u0107 &quot;kupovinu mjesta&quot; u reprezentaciji nazvao hajkom - TuzlaInfo.ba<\/title>\n<meta name=\"robots\" content=\"index, follow, max-snippet:-1, max-image-preview:large, max-video-preview:-1\" \/>\n<link rel=\"canonical\" href=\"https:\/\/tuzlainfo.ba\/index.php\/bosna-i-hercegovina\/item\/147092-novi-skandal-potresa-nfsbih-zeljkovic-kupovinu-mjesta-u-reprezentaciji-nazvao-hajkom\/\" \/>\n<meta property=\"og:locale\" content=\"bs_BA\" \/>\n<meta property=\"og:type\" content=\"article\" \/>\n<meta property=\"og:title\" content=\"Novi skandal potresa NFSBiH: Zeljkovi\u0107 &quot;kupovinu mjesta&quot; u reprezentaciji nazvao hajkom - TuzlaInfo.ba\" \/>\n<meta property=\"og:description\" content=\"Tema o kojoj se u bh. fudbalskoj javnosti iza kulisa konstantno govori je utjecaj menad\u017eera&hellip;\" \/>\n<meta property=\"og:url\" content=\"https:\/\/tuzlainfo.ba\/index.php\/bosna-i-hercegovina\/item\/147092-novi-skandal-potresa-nfsbih-zeljkovic-kupovinu-mjesta-u-reprezentaciji-nazvao-hajkom\/\" \/>\n<meta property=\"og:site_name\" content=\"TuzlaInfo.ba\" \/>\n<meta property=\"article:publisher\" content=\"https:\/\/www.facebook.com\/tuzlainfo.ba\/\" \/>\n<meta property=\"article:published_time\" content=\"2021-09-06T17:21:36+00:00\" \/>\n<meta property=\"og:image\" content=\"https:\/\/tuzlainfo.ba\/wp-content\/uploads\/2021\/09\/0609_nogometni_fudbalski_savez.jpg\" \/>\n\t<meta property=\"og:image:width\" content=\"800\" \/>\n\t<meta property=\"og:image:height\" content=\"533\" \/>\n\t<meta property=\"og:image:type\" content=\"image\/jpeg\" \/>\n<meta name=\"author\" content=\"nedim\" \/>\n<meta name=\"twitter:card\" content=\"summary_large_image\" \/>\n<meta name=\"twitter:label1\" content=\"Written by\" \/>\n\t<meta name=\"twitter:data1\" content=\"nedim\" \/>\n\t<meta name=\"twitter:label2\" content=\"Est. reading time\" \/>\n\t<meta name=\"twitter:data2\" content=\"4 minute\" \/>\n<script type=\"application\/ld+json\" class=\"yoast-schema-graph\">{\"@context\":\"https:\/\/schema.org\",\"@graph\":[{\"@type\":\"Article\",\"@id\":\"https:\/\/tuzlainfo.ba\/index.php\/bosna-i-hercegovina\/item\/147092-novi-skandal-potresa-nfsbih-zeljkovic-kupovinu-mjesta-u-reprezentaciji-nazvao-hajkom\/#article\",\"isPartOf\":{\"@id\":\"https:\/\/tuzlainfo.ba\/index.php\/bosna-i-hercegovina\/item\/147092-novi-skandal-potresa-nfsbih-zeljkovic-kupovinu-mjesta-u-reprezentaciji-nazvao-hajkom\/\"},\"author\":{\"name\":\"nedim\",\"@id\":\"https:\/\/tuzlainfo.ba\/#\/schema\/person\/f434e20dc27ea133923aab08451b7f7f\"},\"headline\":\"Novi skandal potresa NFSBiH: Zeljkovi\u0107 &#8220;kupovinu mjesta&#8221; u reprezentaciji nazvao hajkom\",\"datePublished\":\"2021-09-06T17:21:36+00:00\",\"dateModified\":\"2021-09-06T17:21:36+00:00\",\"mainEntityOfPage\":{\"@id\":\"https:\/\/tuzlainfo.ba\/index.php\/bosna-i-hercegovina\/item\/147092-novi-skandal-potresa-nfsbih-zeljkovic-kupovinu-mjesta-u-reprezentaciji-nazvao-hajkom\/\"},\"wordCount\":719,\"commentCount\":0,\"publisher\":{\"@id\":\"https:\/\/tuzlainfo.ba\/#organization\"},\"image\":{\"@id\":\"https:\/\/tuzlainfo.ba\/index.php\/bosna-i-hercegovina\/item\/147092-novi-skandal-potresa-nfsbih-zeljkovic-kupovinu-mjesta-u-reprezentaciji-nazvao-hajkom\/#primaryimage\"},\"thumbnailUrl\":\"https:\/\/tuzlainfo.ba\/wp-content\/uploads\/2021\/09\/0609_nogometni_fudbalski_savez.jpg\",\"keywords\":[\"NFSBiH\",\"Vico Zeljkovi\u0107\"],\"articleSection\":[\"Bosna i Hercegovina\"],\"inLanguage\":\"bs-BA\"},{\"@type\":\"WebPage\",\"@id\":\"https:\/\/tuzlainfo.ba\/index.php\/bosna-i-hercegovina\/item\/147092-novi-skandal-potresa-nfsbih-zeljkovic-kupovinu-mjesta-u-reprezentaciji-nazvao-hajkom\/\",\"url\":\"https:\/\/tuzlainfo.ba\/index.php\/bosna-i-hercegovina\/item\/147092-novi-skandal-potresa-nfsbih-zeljkovic-kupovinu-mjesta-u-reprezentaciji-nazvao-hajkom\/\",\"name\":\"Novi skandal potresa NFSBiH: Zeljkovi\u0107 \\\"kupovinu mjesta\\\" u reprezentaciji nazvao hajkom - TuzlaInfo.ba\",\"isPartOf\":{\"@id\":\"https:\/\/tuzlainfo.ba\/#website\"},\"primaryImageOfPage\":{\"@id\":\"https:\/\/tuzlainfo.ba\/index.php\/bosna-i-hercegovina\/item\/147092-novi-skandal-potresa-nfsbih-zeljkovic-kupovinu-mjesta-u-reprezentaciji-nazvao-hajkom\/#primaryimage\"},\"image\":{\"@id\":\"https:\/\/tuzlainfo.ba\/index.php\/bosna-i-hercegovina\/item\/147092-novi-skandal-potresa-nfsbih-zeljkovic-kupovinu-mjesta-u-reprezentaciji-nazvao-hajkom\/#primaryimage\"},\"thumbnailUrl\":\"https:\/\/tuzlainfo.ba\/wp-content\/uploads\/2021\/09\/0609_nogometni_fudbalski_savez.jpg\",\"datePublished\":\"2021-09-06T17:21:36+00:00\",\"dateModified\":\"2021-09-06T17:21:36+00:00\",\"breadcrumb\":{\"@id\":\"https:\/\/tuzlainfo.ba\/index.php\/bosna-i-hercegovina\/item\/147092-novi-skandal-potresa-nfsbih-zeljkovic-kupovinu-mjesta-u-reprezentaciji-nazvao-hajkom\/#breadcrumb\"},\"inLanguage\":\"bs-BA\",\"potentialAction\":[{\"@type\":\"ReadAction\",\"target\":[\"https:\/\/tuzlainfo.ba\/index.php\/bosna-i-hercegovina\/item\/147092-novi-skandal-potresa-nfsbih-zeljkovic-kupovinu-mjesta-u-reprezentaciji-nazvao-hajkom\/\"]}]},{\"@type\":\"ImageObject\",\"inLanguage\":\"bs-BA\",\"@id\":\"https:\/\/tuzlainfo.ba\/index.php\/bosna-i-hercegovina\/item\/147092-novi-skandal-potresa-nfsbih-zeljkovic-kupovinu-mjesta-u-reprezentaciji-nazvao-hajkom\/#primaryimage\",\"url\":\"https:\/\/tuzlainfo.ba\/wp-content\/uploads\/2021\/09\/0609_nogometni_fudbalski_savez.jpg\",\"contentUrl\":\"https:\/\/tuzlainfo.ba\/wp-content\/uploads\/2021\/09\/0609_nogometni_fudbalski_savez.jpg\",\"width\":800,\"height\":533},{\"@type\":\"BreadcrumbList\",\"@id\":\"https:\/\/tuzlainfo.ba\/index.php\/bosna-i-hercegovina\/item\/147092-novi-skandal-potresa-nfsbih-zeljkovic-kupovinu-mjesta-u-reprezentaciji-nazvao-hajkom\/#breadcrumb\",\"itemListElement\":[{\"@type\":\"ListItem\",\"position\":1,\"name\":\"Home\",\"item\":\"https:\/\/tuzlainfo.ba\/\"},{\"@type\":\"ListItem\",\"position\":2,\"name\":\"Novi skandal potresa NFSBiH: Zeljkovi\u0107 &#8220;kupovinu mjesta&#8221; u reprezentaciji nazvao hajkom\"}]},{\"@type\":\"WebSite\",\"@id\":\"https:\/\/tuzlainfo.ba\/#website\",\"url\":\"https:\/\/tuzlainfo.ba\/\",\"name\":\"TuzlaInfo.ba\",\"description\":\"Tuzla info, gradski informator - Tuzla na dlanu\",\"publisher\":{\"@id\":\"https:\/\/tuzlainfo.ba\/#organization\"},\"potentialAction\":[{\"@type\":\"SearchAction\",\"target\":{\"@type\":\"EntryPoint\",\"urlTemplate\":\"https:\/\/tuzlainfo.ba\/?s={search_term_string}\"},\"query-input\":{\"@type\":\"PropertyValueSpecification\",\"valueRequired\":true,\"valueName\":\"search_term_string\"}}],\"inLanguage\":\"bs-BA\"},{\"@type\":\"Organization\",\"@id\":\"https:\/\/tuzlainfo.ba\/#organization\",\"name\":\"TuzlaInfo.ba\",\"url\":\"https:\/\/tuzlainfo.ba\/\",\"logo\":{\"@type\":\"ImageObject\",\"inLanguage\":\"bs-BA\",\"@id\":\"https:\/\/tuzlainfo.ba\/#\/schema\/logo\/image\/\",\"url\":\"https:\/\/tuzlainfo.ba\/wp-content\/uploads\/2021\/03\/logo-ver-3-1.png\",\"contentUrl\":\"https:\/\/tuzlainfo.ba\/wp-content\/uploads\/2021\/03\/logo-ver-3-1.png\",\"width\":350,\"height\":95,\"caption\":\"TuzlaInfo.ba\"},\"image\":{\"@id\":\"https:\/\/tuzlainfo.ba\/#\/schema\/logo\/image\/\"},\"sameAs\":[\"https:\/\/www.facebook.com\/tuzlainfo.ba\/\"]},{\"@type\":\"Person\",\"@id\":\"https:\/\/tuzlainfo.ba\/#\/schema\/person\/f434e20dc27ea133923aab08451b7f7f\",\"name\":\"nedim\",\"image\":{\"@type\":\"ImageObject\",\"inLanguage\":\"bs-BA\",\"@id\":\"https:\/\/tuzlainfo.ba\/#\/schema\/person\/image\/\",\"url\":\"https:\/\/tuzlainfo.ba\/wp-content\/litespeed\/avatar\/aabad687af24844af817603ac1cbdc4f.jpg?ver=1776702173\",\"contentUrl\":\"https:\/\/tuzlainfo.ba\/wp-content\/litespeed\/avatar\/aabad687af24844af817603ac1cbdc4f.jpg?ver=1776702173\",\"caption\":\"nedim\"},\"description\":\"Tuzlainfo.ba pratite na dru\u0161tvenim mre\u017eama: Facebook, Instagram i Youtube. Svoje pri\u010de, upite i fotografije \u0161aljite na na\u0161u e-mail adresu.\"}]}<\/script>\n<!-- \/ Yoast SEO plugin. -->","yoast_head_json":{"title":"Novi skandal potresa NFSBiH: Zeljkovi\u0107 \"kupovinu mjesta\" u reprezentaciji nazvao hajkom - TuzlaInfo.ba","robots":{"index":"index","follow":"follow","max-snippet":"max-snippet:-1","max-image-preview":"max-image-preview:large","max-video-preview":"max-video-preview:-1"},"canonical":"https:\/\/tuzlainfo.ba\/index.php\/bosna-i-hercegovina\/item\/147092-novi-skandal-potresa-nfsbih-zeljkovic-kupovinu-mjesta-u-reprezentaciji-nazvao-hajkom\/","og_locale":"bs_BA","og_type":"article","og_title":"Novi skandal potresa NFSBiH: Zeljkovi\u0107 \"kupovinu mjesta\" u reprezentaciji nazvao hajkom - TuzlaInfo.ba","og_description":"Tema o kojoj se u bh. fudbalskoj javnosti iza kulisa konstantno govori je utjecaj menad\u017eera&hellip;","og_url":"https:\/\/tuzlainfo.ba\/index.php\/bosna-i-hercegovina\/item\/147092-novi-skandal-potresa-nfsbih-zeljkovic-kupovinu-mjesta-u-reprezentaciji-nazvao-hajkom\/","og_site_name":"TuzlaInfo.ba","article_publisher":"https:\/\/www.facebook.com\/tuzlainfo.ba\/","article_published_time":"2021-09-06T17:21:36+00:00","og_image":[{"width":800,"height":533,"url":"https:\/\/tuzlainfo.ba\/wp-content\/uploads\/2021\/09\/0609_nogometni_fudbalski_savez.jpg","type":"image\/jpeg"}],"author":"nedim","twitter_card":"summary_large_image","twitter_misc":{"Written by":"nedim","Est. reading time":"4 minute"},"schema":{"@context":"https:\/\/schema.org","@graph":[{"@type":"Article","@id":"https:\/\/tuzlainfo.ba\/index.php\/bosna-i-hercegovina\/item\/147092-novi-skandal-potresa-nfsbih-zeljkovic-kupovinu-mjesta-u-reprezentaciji-nazvao-hajkom\/#article","isPartOf":{"@id":"https:\/\/tuzlainfo.ba\/index.php\/bosna-i-hercegovina\/item\/147092-novi-skandal-potresa-nfsbih-zeljkovic-kupovinu-mjesta-u-reprezentaciji-nazvao-hajkom\/"},"author":{"name":"nedim","@id":"https:\/\/tuzlainfo.ba\/#\/schema\/person\/f434e20dc27ea133923aab08451b7f7f"},"headline":"Novi skandal potresa NFSBiH: Zeljkovi\u0107 &#8220;kupovinu mjesta&#8221; u reprezentaciji nazvao hajkom","datePublished":"2021-09-06T17:21:36+00:00","dateModified":"2021-09-06T17:21:36+00:00","mainEntityOfPage":{"@id":"https:\/\/tuzlainfo.ba\/index.php\/bosna-i-hercegovina\/item\/147092-novi-skandal-potresa-nfsbih-zeljkovic-kupovinu-mjesta-u-reprezentaciji-nazvao-hajkom\/"},"wordCount":719,"commentCount":0,"publisher":{"@id":"https:\/\/tuzlainfo.ba\/#organization"},"image":{"@id":"https:\/\/tuzlainfo.ba\/index.php\/bosna-i-hercegovina\/item\/147092-novi-skandal-potresa-nfsbih-zeljkovic-kupovinu-mjesta-u-reprezentaciji-nazvao-hajkom\/#primaryimage"},"thumbnailUrl":"https:\/\/tuzlainfo.ba\/wp-content\/uploads\/2021\/09\/0609_nogometni_fudbalski_savez.jpg","keywords":["NFSBiH","Vico Zeljkovi\u0107"],"articleSection":["Bosna i Hercegovina"],"inLanguage":"bs-BA"},{"@type":"WebPage","@id":"https:\/\/tuzlainfo.ba\/index.php\/bosna-i-hercegovina\/item\/147092-novi-skandal-potresa-nfsbih-zeljkovic-kupovinu-mjesta-u-reprezentaciji-nazvao-hajkom\/","url":"https:\/\/tuzlainfo.ba\/index.php\/bosna-i-hercegovina\/item\/147092-novi-skandal-potresa-nfsbih-zeljkovic-kupovinu-mjesta-u-reprezentaciji-nazvao-hajkom\/","name":"Novi skandal potresa NFSBiH: Zeljkovi\u0107 \"kupovinu mjesta\" u reprezentaciji nazvao hajkom - TuzlaInfo.ba","isPartOf":{"@id":"https:\/\/tuzlainfo.ba\/#website"},"primaryImageOfPage":{"@id":"https:\/\/tuzlainfo.ba\/index.php\/bosna-i-hercegovina\/item\/147092-novi-skandal-potresa-nfsbih-zeljkovic-kupovinu-mjesta-u-reprezentaciji-nazvao-hajkom\/#primaryimage"},"image":{"@id":"https:\/\/tuzlainfo.ba\/index.php\/bosna-i-hercegovina\/item\/147092-novi-skandal-potresa-nfsbih-zeljkovic-kupovinu-mjesta-u-reprezentaciji-nazvao-hajkom\/#primaryimage"},"thumbnailUrl":"https:\/\/tuzlainfo.ba\/wp-content\/uploads\/2021\/09\/0609_nogometni_fudbalski_savez.jpg","datePublished":"2021-09-06T17:21:36+00:00","dateModified":"2021-09-06T17:21:36+00:00","breadcrumb":{"@id":"https:\/\/tuzlainfo.ba\/index.php\/bosna-i-hercegovina\/item\/147092-novi-skandal-potresa-nfsbih-zeljkovic-kupovinu-mjesta-u-reprezentaciji-nazvao-hajkom\/#breadcrumb"},"inLanguage":"bs-BA","potentialAction":[{"@type":"ReadAction","target":["https:\/\/tuzlainfo.ba\/index.php\/bosna-i-hercegovina\/item\/147092-novi-skandal-potresa-nfsbih-zeljkovic-kupovinu-mjesta-u-reprezentaciji-nazvao-hajkom\/"]}]},{"@type":"ImageObject","inLanguage":"bs-BA","@id":"https:\/\/tuzlainfo.ba\/index.php\/bosna-i-hercegovina\/item\/147092-novi-skandal-potresa-nfsbih-zeljkovic-kupovinu-mjesta-u-reprezentaciji-nazvao-hajkom\/#primaryimage","url":"https:\/\/tuzlainfo.ba\/wp-content\/uploads\/2021\/09\/0609_nogometni_fudbalski_savez.jpg","contentUrl":"https:\/\/tuzlainfo.ba\/wp-content\/uploads\/2021\/09\/0609_nogometni_fudbalski_savez.jpg","width":800,"height":533},{"@type":"BreadcrumbList","@id":"https:\/\/tuzlainfo.ba\/index.php\/bosna-i-hercegovina\/item\/147092-novi-skandal-potresa-nfsbih-zeljkovic-kupovinu-mjesta-u-reprezentaciji-nazvao-hajkom\/#breadcrumb","itemListElement":[{"@type":"ListItem","position":1,"name":"Home","item":"https:\/\/tuzlainfo.ba\/"},{"@type":"ListItem","position":2,"name":"Novi skandal potresa NFSBiH: Zeljkovi\u0107 &#8220;kupovinu mjesta&#8221; u reprezentaciji nazvao hajkom"}]},{"@type":"WebSite","@id":"https:\/\/tuzlainfo.ba\/#website","url":"https:\/\/tuzlainfo.ba\/","name":"TuzlaInfo.ba","description":"Tuzla info, gradski informator - Tuzla na dlanu","publisher":{"@id":"https:\/\/tuzlainfo.ba\/#organization"},"potentialAction":[{"@type":"SearchAction","target":{"@type":"EntryPoint","urlTemplate":"https:\/\/tuzlainfo.ba\/?s={search_term_string}"},"query-input":{"@type":"PropertyValueSpecification","valueRequired":true,"valueName":"search_term_string"}}],"inLanguage":"bs-BA"},{"@type":"Organization","@id":"https:\/\/tuzlainfo.ba\/#organization","name":"TuzlaInfo.ba","url":"https:\/\/tuzlainfo.ba\/","logo":{"@type":"ImageObject","inLanguage":"bs-BA","@id":"https:\/\/tuzlainfo.ba\/#\/schema\/logo\/image\/","url":"https:\/\/tuzlainfo.ba\/wp-content\/uploads\/2021\/03\/logo-ver-3-1.png","contentUrl":"https:\/\/tuzlainfo.ba\/wp-content\/uploads\/2021\/03\/logo-ver-3-1.png","width":350,"height":95,"caption":"TuzlaInfo.ba"},"image":{"@id":"https:\/\/tuzlainfo.ba\/#\/schema\/logo\/image\/"},"sameAs":["https:\/\/www.facebook.com\/tuzlainfo.ba\/"]},{"@type":"Person","@id":"https:\/\/tuzlainfo.ba\/#\/schema\/person\/f434e20dc27ea133923aab08451b7f7f","name":"nedim","image":{"@type":"ImageObject","inLanguage":"bs-BA","@id":"https:\/\/tuzlainfo.ba\/#\/schema\/person\/image\/","url":"https:\/\/tuzlainfo.ba\/wp-content\/litespeed\/avatar\/aabad687af24844af817603ac1cbdc4f.jpg?ver=1776702173","contentUrl":"https:\/\/tuzlainfo.ba\/wp-content\/litespeed\/avatar\/aabad687af24844af817603ac1cbdc4f.jpg?ver=1776702173","caption":"nedim"},"description":"Tuzlainfo.ba pratite na dru\u0161tvenim mre\u017eama: Facebook, Instagram i Youtube. Svoje pri\u010de, upite i fotografije \u0161aljite na na\u0161u e-mail adresu."}]}},"_links":{"self":[{"href":"https:\/\/tuzlainfo.ba\/index.php\/wp-json\/wp\/v2\/posts\/147092"}],"collection":[{"href":"https:\/\/tuzlainfo.ba\/index.php\/wp-json\/wp\/v2\/posts"}],"about":[{"href":"https:\/\/tuzlainfo.ba\/index.php\/wp-json\/wp\/v2\/types\/post"}],"author":[{"embeddable":true,"href":"https:\/\/tuzlainfo.ba\/index.php\/wp-json\/wp\/v2\/users\/2"}],"replies":[{"embeddable":true,"href":"https:\/\/tuzlainfo.ba\/index.php\/wp-json\/wp\/v2\/comments?post=147092"}],"version-history":[{"count":0,"href":"https:\/\/tuzlainfo.ba\/index.php\/wp-json\/wp\/v2\/posts\/147092\/revisions"}],"wp:featuredmedia":[{"embeddable":true,"href":"https:\/\/tuzlainfo.ba\/index.php\/wp-json\/wp\/v2\/media\/147094"}],"wp:attachment":[{"href":"https:\/\/tuzlainfo.ba\/index.php\/wp-json\/wp\/v2\/media?parent=147092"}],"wp:term":[{"taxonomy":"category","embeddable":true,"href":"https:\/\/tuzlainfo.ba\/index.php\/wp-json\/wp\/v2\/categories?post=147092"},{"taxonomy":"post_tag","embeddable":true,"href":"https:\/\/tuzlainfo.ba\/index.php\/wp-json\/wp\/v2\/tags?post=147092"}],"curies":[{"name":"wp","href":"https:\/\/api.w.org\/{rel}","templated":true}]}}