{"id":146997,"date":"2021-09-06T18:00:29","date_gmt":"2021-09-06T16:00:29","guid":{"rendered":"https:\/\/tuzlainfo.ba\/?p=146997"},"modified":"2021-09-06T21:13:56","modified_gmt":"2021-09-06T19:13:56","slug":"karatisti-tuzlanskog-winnera-osvojili-11-medalja-u-zenici","status":"publish","type":"post","link":"https:\/\/tuzlainfo.ba\/index.php\/novosti\/item\/146997-karatisti-tuzlanskog-winnera-osvojili-11-medalja-u-zenici\/","title":{"rendered":"Karatisti tuzlanskog &#8220;Winnera&#8221; osvojili 11 medalja u Zenici"},"content":{"rendered":"<p>Ovog vikenda je u Zenici je odr\u017ean karate turnir pod nazivom PERFEKT OPEN ZENICA 2021 na kojem je u\u010de\u0161\u0107e uzelo 321 takmi\u010dar iz 30 kubova i 2 dr\u017eave.<br \/>\nTakmi\u010dari Karate klub &#8220;Winner&#8221; Tuzla na pomenutom takmi\u010denju osvojili su 11 medalja od kojih 6 zlatnih, 2 srebrene i 3 bronzane.<\/p>\n<p>Zlatne medalje osvojili su:<\/p>\n<p>ARMELA BE\u0160I\u0106 kate djevoj\u010dice 7 godina i mla\u0111e \u017euti pojas<br \/>\nIMAN \u010cAU\u0160EVI\u0106 kate djevoj\u010dice 8 godina \u017euti pojas<br \/>\nKENAN KOVA\u010cEVI\u0106 kate dje\u010daci 8 godina oran\u017e pojas<br \/>\nBERINA BRKOVI\u0106 borbe djevoj\u010dice 10 godina +40 kg<br \/>\nALEN MUJI\u0106 borbe kadeti -52 kg<br \/>\nDINKA SOFTI\u0106 borbe kadetkinje +54 kg<\/p>\n<p>Srebrene medalje osvojili su:<\/p>\n<p>BAKIR BEHADEROVI\u0106 borbe kadeti -52 kg<br \/>\nARZA GERMI\u0106 borbe djevoj\u010dice 13 godina +54 kg<\/p>\n<p>Bronzane medalje osvojili su:<\/p>\n<p>LAMIJA DEMIROVI\u0106 kate djevoj\u010dice 8 godina \u017euti poja<br \/>\nALDIN DJEDOVI\u0106 kate dje\u010daci 8 godina oran\u017e pojas<br \/>\nEMINA HURI\u0106 borbe kadetkinje -54 kg<\/p>\n","protected":false},"excerpt":{"rendered":"<p>Ovog vikenda je u Zenici je odr\u017ean karate turnir pod nazivom PERFEKT OPEN ZENICA 2021&hellip;<\/p>\n","protected":false},"author":4,"featured_media":146999,"comment_status":"open","ping_status":"closed","sticky":false,"template":"","format":"standard","meta":{"_acf_changed":false,"footnotes":""},"categories":[12],"tags":[2518,857],"acf":[],"yoast_head":"<!-- This site is optimized with the Yoast SEO plugin v23.5 - https:\/\/yoast.com\/wordpress\/plugins\/seo\/ -->\n<title>Karatisti tuzlanskog &quot;Winnera&quot; osvojili 11 medalja u Zenici - TuzlaInfo.ba<\/title>\n<meta name=\"robots\" content=\"index, follow, max-snippet:-1, max-image-preview:large, max-video-preview:-1\" \/>\n<link rel=\"canonical\" href=\"https:\/\/tuzlainfo.ba\/index.php\/novosti\/item\/146997-karatisti-tuzlanskog-winnera-osvojili-11-medalja-u-zenici\/\" \/>\n<meta property=\"og:locale\" content=\"bs_BA\" \/>\n<meta property=\"og:type\" content=\"article\" \/>\n<meta property=\"og:title\" content=\"Karatisti tuzlanskog &quot;Winnera&quot; osvojili 11 medalja u Zenici - TuzlaInfo.ba\" \/>\n<meta property=\"og:description\" content=\"Ovog vikenda je u Zenici je odr\u017ean karate turnir pod nazivom PERFEKT OPEN ZENICA 2021&hellip;\" \/>\n<meta property=\"og:url\" content=\"https:\/\/tuzlainfo.ba\/index.php\/novosti\/item\/146997-karatisti-tuzlanskog-winnera-osvojili-11-medalja-u-zenici\/\" \/>\n<meta property=\"og:site_name\" content=\"TuzlaInfo.ba\" \/>\n<meta property=\"article:publisher\" content=\"https:\/\/www.facebook.com\/tuzlainfo.ba\/\" \/>\n<meta property=\"article:published_time\" content=\"2021-09-06T16:00:29+00:00\" \/>\n<meta property=\"article:modified_time\" content=\"2021-09-06T19:13:56+00:00\" \/>\n<meta property=\"og:image\" content=\"https:\/\/tuzlainfo.ba\/wp-content\/uploads\/2021\/09\/0609_winner-karate.jpg\" \/>\n\t<meta property=\"og:image:width\" content=\"800\" \/>\n\t<meta property=\"og:image:height\" content=\"631\" \/>\n\t<meta property=\"og:image:type\" content=\"image\/jpeg\" \/>\n<meta name=\"author\" content=\"Tuzla Info\" \/>\n<meta name=\"twitter:card\" content=\"summary_large_image\" \/>\n<meta name=\"twitter:label1\" content=\"Written by\" \/>\n\t<meta name=\"twitter:data1\" content=\"Tuzla Info\" \/>\n\t<meta name=\"twitter:label2\" content=\"Est. reading time\" \/>\n\t<meta name=\"twitter:data2\" content=\"1 minuta\" \/>\n<script type=\"application\/ld+json\" class=\"yoast-schema-graph\">{\"@context\":\"https:\/\/schema.org\",\"@graph\":[{\"@type\":\"Article\",\"@id\":\"https:\/\/tuzlainfo.ba\/index.php\/novosti\/item\/146997-karatisti-tuzlanskog-winnera-osvojili-11-medalja-u-zenici\/#article\",\"isPartOf\":{\"@id\":\"https:\/\/tuzlainfo.ba\/index.php\/novosti\/item\/146997-karatisti-tuzlanskog-winnera-osvojili-11-medalja-u-zenici\/\"},\"author\":{\"name\":\"Tuzla Info\",\"@id\":\"https:\/\/tuzlainfo.ba\/#\/schema\/person\/46cad4c57790cbc50781edd14870825a\"},\"headline\":\"Karatisti tuzlanskog &#8220;Winnera&#8221; osvojili 11 medalja u Zenici\",\"datePublished\":\"2021-09-06T16:00:29+00:00\",\"dateModified\":\"2021-09-06T19:13:56+00:00\",\"mainEntityOfPage\":{\"@id\":\"https:\/\/tuzlainfo.ba\/index.php\/novosti\/item\/146997-karatisti-tuzlanskog-winnera-osvojili-11-medalja-u-zenici\/\"},\"wordCount\":150,\"commentCount\":0,\"publisher\":{\"@id\":\"https:\/\/tuzlainfo.ba\/#organization\"},\"image\":{\"@id\":\"https:\/\/tuzlainfo.ba\/index.php\/novosti\/item\/146997-karatisti-tuzlanskog-winnera-osvojili-11-medalja-u-zenici\/#primaryimage\"},\"thumbnailUrl\":\"https:\/\/tuzlainfo.ba\/wp-content\/uploads\/2021\/09\/0609_winner-karate.jpg\",\"keywords\":[\"karate\",\"karate klub winner\"],\"articleSection\":[\"Novosti\"],\"inLanguage\":\"bs-BA\"},{\"@type\":\"WebPage\",\"@id\":\"https:\/\/tuzlainfo.ba\/index.php\/novosti\/item\/146997-karatisti-tuzlanskog-winnera-osvojili-11-medalja-u-zenici\/\",\"url\":\"https:\/\/tuzlainfo.ba\/index.php\/novosti\/item\/146997-karatisti-tuzlanskog-winnera-osvojili-11-medalja-u-zenici\/\",\"name\":\"Karatisti tuzlanskog \\\"Winnera\\\" osvojili 11 medalja u Zenici - TuzlaInfo.ba\",\"isPartOf\":{\"@id\":\"https:\/\/tuzlainfo.ba\/#website\"},\"primaryImageOfPage\":{\"@id\":\"https:\/\/tuzlainfo.ba\/index.php\/novosti\/item\/146997-karatisti-tuzlanskog-winnera-osvojili-11-medalja-u-zenici\/#primaryimage\"},\"image\":{\"@id\":\"https:\/\/tuzlainfo.ba\/index.php\/novosti\/item\/146997-karatisti-tuzlanskog-winnera-osvojili-11-medalja-u-zenici\/#primaryimage\"},\"thumbnailUrl\":\"https:\/\/tuzlainfo.ba\/wp-content\/uploads\/2021\/09\/0609_winner-karate.jpg\",\"datePublished\":\"2021-09-06T16:00:29+00:00\",\"dateModified\":\"2021-09-06T19:13:56+00:00\",\"breadcrumb\":{\"@id\":\"https:\/\/tuzlainfo.ba\/index.php\/novosti\/item\/146997-karatisti-tuzlanskog-winnera-osvojili-11-medalja-u-zenici\/#breadcrumb\"},\"inLanguage\":\"bs-BA\",\"potentialAction\":[{\"@type\":\"ReadAction\",\"target\":[\"https:\/\/tuzlainfo.ba\/index.php\/novosti\/item\/146997-karatisti-tuzlanskog-winnera-osvojili-11-medalja-u-zenici\/\"]}]},{\"@type\":\"ImageObject\",\"inLanguage\":\"bs-BA\",\"@id\":\"https:\/\/tuzlainfo.ba\/index.php\/novosti\/item\/146997-karatisti-tuzlanskog-winnera-osvojili-11-medalja-u-zenici\/#primaryimage\",\"url\":\"https:\/\/tuzlainfo.ba\/wp-content\/uploads\/2021\/09\/0609_winner-karate.jpg\",\"contentUrl\":\"https:\/\/tuzlainfo.ba\/wp-content\/uploads\/2021\/09\/0609_winner-karate.jpg\",\"width\":800,\"height\":631},{\"@type\":\"BreadcrumbList\",\"@id\":\"https:\/\/tuzlainfo.ba\/index.php\/novosti\/item\/146997-karatisti-tuzlanskog-winnera-osvojili-11-medalja-u-zenici\/#breadcrumb\",\"itemListElement\":[{\"@type\":\"ListItem\",\"position\":1,\"name\":\"Home\",\"item\":\"https:\/\/tuzlainfo.ba\/\"},{\"@type\":\"ListItem\",\"position\":2,\"name\":\"Karatisti tuzlanskog &#8220;Winnera&#8221; osvojili 11 medalja u Zenici\"}]},{\"@type\":\"WebSite\",\"@id\":\"https:\/\/tuzlainfo.ba\/#website\",\"url\":\"https:\/\/tuzlainfo.ba\/\",\"name\":\"TuzlaInfo.ba\",\"description\":\"Tuzla info, gradski informator - Tuzla na dlanu\",\"publisher\":{\"@id\":\"https:\/\/tuzlainfo.ba\/#organization\"},\"potentialAction\":[{\"@type\":\"SearchAction\",\"target\":{\"@type\":\"EntryPoint\",\"urlTemplate\":\"https:\/\/tuzlainfo.ba\/?s={search_term_string}\"},\"query-input\":{\"@type\":\"PropertyValueSpecification\",\"valueRequired\":true,\"valueName\":\"search_term_string\"}}],\"inLanguage\":\"bs-BA\"},{\"@type\":\"Organization\",\"@id\":\"https:\/\/tuzlainfo.ba\/#organization\",\"name\":\"TuzlaInfo.ba\",\"url\":\"https:\/\/tuzlainfo.ba\/\",\"logo\":{\"@type\":\"ImageObject\",\"inLanguage\":\"bs-BA\",\"@id\":\"https:\/\/tuzlainfo.ba\/#\/schema\/logo\/image\/\",\"url\":\"https:\/\/tuzlainfo.ba\/wp-content\/uploads\/2021\/03\/logo-ver-3-1.png\",\"contentUrl\":\"https:\/\/tuzlainfo.ba\/wp-content\/uploads\/2021\/03\/logo-ver-3-1.png\",\"width\":350,\"height\":95,\"caption\":\"TuzlaInfo.ba\"},\"image\":{\"@id\":\"https:\/\/tuzlainfo.ba\/#\/schema\/logo\/image\/\"},\"sameAs\":[\"https:\/\/www.facebook.com\/tuzlainfo.ba\/\"]},{\"@type\":\"Person\",\"@id\":\"https:\/\/tuzlainfo.ba\/#\/schema\/person\/46cad4c57790cbc50781edd14870825a\",\"name\":\"Tuzla Info\",\"image\":{\"@type\":\"ImageObject\",\"inLanguage\":\"bs-BA\",\"@id\":\"https:\/\/tuzlainfo.ba\/#\/schema\/person\/image\/\",\"url\":\"https:\/\/tuzlainfo.ba\/wp-content\/litespeed\/avatar\/b6c453a6c38e3654f2e4416c643fc25c.jpg?ver=1777051911\",\"contentUrl\":\"https:\/\/tuzlainfo.ba\/wp-content\/litespeed\/avatar\/b6c453a6c38e3654f2e4416c643fc25c.jpg?ver=1777051911\",\"caption\":\"Tuzla Info\"}}]}<\/script>\n<!-- \/ Yoast SEO plugin. -->","yoast_head_json":{"title":"Karatisti tuzlanskog \"Winnera\" osvojili 11 medalja u Zenici - TuzlaInfo.ba","robots":{"index":"index","follow":"follow","max-snippet":"max-snippet:-1","max-image-preview":"max-image-preview:large","max-video-preview":"max-video-preview:-1"},"canonical":"https:\/\/tuzlainfo.ba\/index.php\/novosti\/item\/146997-karatisti-tuzlanskog-winnera-osvojili-11-medalja-u-zenici\/","og_locale":"bs_BA","og_type":"article","og_title":"Karatisti tuzlanskog \"Winnera\" osvojili 11 medalja u Zenici - TuzlaInfo.ba","og_description":"Ovog vikenda je u Zenici je odr\u017ean karate turnir pod nazivom PERFEKT OPEN ZENICA 2021&hellip;","og_url":"https:\/\/tuzlainfo.ba\/index.php\/novosti\/item\/146997-karatisti-tuzlanskog-winnera-osvojili-11-medalja-u-zenici\/","og_site_name":"TuzlaInfo.ba","article_publisher":"https:\/\/www.facebook.com\/tuzlainfo.ba\/","article_published_time":"2021-09-06T16:00:29+00:00","article_modified_time":"2021-09-06T19:13:56+00:00","og_image":[{"width":800,"height":631,"url":"https:\/\/tuzlainfo.ba\/wp-content\/uploads\/2021\/09\/0609_winner-karate.jpg","type":"image\/jpeg"}],"author":"Tuzla Info","twitter_card":"summary_large_image","twitter_misc":{"Written by":"Tuzla Info","Est. reading time":"1 minuta"},"schema":{"@context":"https:\/\/schema.org","@graph":[{"@type":"Article","@id":"https:\/\/tuzlainfo.ba\/index.php\/novosti\/item\/146997-karatisti-tuzlanskog-winnera-osvojili-11-medalja-u-zenici\/#article","isPartOf":{"@id":"https:\/\/tuzlainfo.ba\/index.php\/novosti\/item\/146997-karatisti-tuzlanskog-winnera-osvojili-11-medalja-u-zenici\/"},"author":{"name":"Tuzla Info","@id":"https:\/\/tuzlainfo.ba\/#\/schema\/person\/46cad4c57790cbc50781edd14870825a"},"headline":"Karatisti tuzlanskog &#8220;Winnera&#8221; osvojili 11 medalja u Zenici","datePublished":"2021-09-06T16:00:29+00:00","dateModified":"2021-09-06T19:13:56+00:00","mainEntityOfPage":{"@id":"https:\/\/tuzlainfo.ba\/index.php\/novosti\/item\/146997-karatisti-tuzlanskog-winnera-osvojili-11-medalja-u-zenici\/"},"wordCount":150,"commentCount":0,"publisher":{"@id":"https:\/\/tuzlainfo.ba\/#organization"},"image":{"@id":"https:\/\/tuzlainfo.ba\/index.php\/novosti\/item\/146997-karatisti-tuzlanskog-winnera-osvojili-11-medalja-u-zenici\/#primaryimage"},"thumbnailUrl":"https:\/\/tuzlainfo.ba\/wp-content\/uploads\/2021\/09\/0609_winner-karate.jpg","keywords":["karate","karate klub winner"],"articleSection":["Novosti"],"inLanguage":"bs-BA"},{"@type":"WebPage","@id":"https:\/\/tuzlainfo.ba\/index.php\/novosti\/item\/146997-karatisti-tuzlanskog-winnera-osvojili-11-medalja-u-zenici\/","url":"https:\/\/tuzlainfo.ba\/index.php\/novosti\/item\/146997-karatisti-tuzlanskog-winnera-osvojili-11-medalja-u-zenici\/","name":"Karatisti tuzlanskog \"Winnera\" osvojili 11 medalja u Zenici - TuzlaInfo.ba","isPartOf":{"@id":"https:\/\/tuzlainfo.ba\/#website"},"primaryImageOfPage":{"@id":"https:\/\/tuzlainfo.ba\/index.php\/novosti\/item\/146997-karatisti-tuzlanskog-winnera-osvojili-11-medalja-u-zenici\/#primaryimage"},"image":{"@id":"https:\/\/tuzlainfo.ba\/index.php\/novosti\/item\/146997-karatisti-tuzlanskog-winnera-osvojili-11-medalja-u-zenici\/#primaryimage"},"thumbnailUrl":"https:\/\/tuzlainfo.ba\/wp-content\/uploads\/2021\/09\/0609_winner-karate.jpg","datePublished":"2021-09-06T16:00:29+00:00","dateModified":"2021-09-06T19:13:56+00:00","breadcrumb":{"@id":"https:\/\/tuzlainfo.ba\/index.php\/novosti\/item\/146997-karatisti-tuzlanskog-winnera-osvojili-11-medalja-u-zenici\/#breadcrumb"},"inLanguage":"bs-BA","potentialAction":[{"@type":"ReadAction","target":["https:\/\/tuzlainfo.ba\/index.php\/novosti\/item\/146997-karatisti-tuzlanskog-winnera-osvojili-11-medalja-u-zenici\/"]}]},{"@type":"ImageObject","inLanguage":"bs-BA","@id":"https:\/\/tuzlainfo.ba\/index.php\/novosti\/item\/146997-karatisti-tuzlanskog-winnera-osvojili-11-medalja-u-zenici\/#primaryimage","url":"https:\/\/tuzlainfo.ba\/wp-content\/uploads\/2021\/09\/0609_winner-karate.jpg","contentUrl":"https:\/\/tuzlainfo.ba\/wp-content\/uploads\/2021\/09\/0609_winner-karate.jpg","width":800,"height":631},{"@type":"BreadcrumbList","@id":"https:\/\/tuzlainfo.ba\/index.php\/novosti\/item\/146997-karatisti-tuzlanskog-winnera-osvojili-11-medalja-u-zenici\/#breadcrumb","itemListElement":[{"@type":"ListItem","position":1,"name":"Home","item":"https:\/\/tuzlainfo.ba\/"},{"@type":"ListItem","position":2,"name":"Karatisti tuzlanskog &#8220;Winnera&#8221; osvojili 11 medalja u Zenici"}]},{"@type":"WebSite","@id":"https:\/\/tuzlainfo.ba\/#website","url":"https:\/\/tuzlainfo.ba\/","name":"TuzlaInfo.ba","description":"Tuzla info, gradski informator - Tuzla na dlanu","publisher":{"@id":"https:\/\/tuzlainfo.ba\/#organization"},"potentialAction":[{"@type":"SearchAction","target":{"@type":"EntryPoint","urlTemplate":"https:\/\/tuzlainfo.ba\/?s={search_term_string}"},"query-input":{"@type":"PropertyValueSpecification","valueRequired":true,"valueName":"search_term_string"}}],"inLanguage":"bs-BA"},{"@type":"Organization","@id":"https:\/\/tuzlainfo.ba\/#organization","name":"TuzlaInfo.ba","url":"https:\/\/tuzlainfo.ba\/","logo":{"@type":"ImageObject","inLanguage":"bs-BA","@id":"https:\/\/tuzlainfo.ba\/#\/schema\/logo\/image\/","url":"https:\/\/tuzlainfo.ba\/wp-content\/uploads\/2021\/03\/logo-ver-3-1.png","contentUrl":"https:\/\/tuzlainfo.ba\/wp-content\/uploads\/2021\/03\/logo-ver-3-1.png","width":350,"height":95,"caption":"TuzlaInfo.ba"},"image":{"@id":"https:\/\/tuzlainfo.ba\/#\/schema\/logo\/image\/"},"sameAs":["https:\/\/www.facebook.com\/tuzlainfo.ba\/"]},{"@type":"Person","@id":"https:\/\/tuzlainfo.ba\/#\/schema\/person\/46cad4c57790cbc50781edd14870825a","name":"Tuzla Info","image":{"@type":"ImageObject","inLanguage":"bs-BA","@id":"https:\/\/tuzlainfo.ba\/#\/schema\/person\/image\/","url":"https:\/\/tuzlainfo.ba\/wp-content\/litespeed\/avatar\/b6c453a6c38e3654f2e4416c643fc25c.jpg?ver=1777051911","contentUrl":"https:\/\/tuzlainfo.ba\/wp-content\/litespeed\/avatar\/b6c453a6c38e3654f2e4416c643fc25c.jpg?ver=1777051911","caption":"Tuzla Info"}}]}},"_links":{"self":[{"href":"https:\/\/tuzlainfo.ba\/index.php\/wp-json\/wp\/v2\/posts\/146997"}],"collection":[{"href":"https:\/\/tuzlainfo.ba\/index.php\/wp-json\/wp\/v2\/posts"}],"about":[{"href":"https:\/\/tuzlainfo.ba\/index.php\/wp-json\/wp\/v2\/types\/post"}],"author":[{"embeddable":true,"href":"https:\/\/tuzlainfo.ba\/index.php\/wp-json\/wp\/v2\/users\/4"}],"replies":[{"embeddable":true,"href":"https:\/\/tuzlainfo.ba\/index.php\/wp-json\/wp\/v2\/comments?post=146997"}],"version-history":[{"count":0,"href":"https:\/\/tuzlainfo.ba\/index.php\/wp-json\/wp\/v2\/posts\/146997\/revisions"}],"wp:featuredmedia":[{"embeddable":true,"href":"https:\/\/tuzlainfo.ba\/index.php\/wp-json\/wp\/v2\/media\/146999"}],"wp:attachment":[{"href":"https:\/\/tuzlainfo.ba\/index.php\/wp-json\/wp\/v2\/media?parent=146997"}],"wp:term":[{"taxonomy":"category","embeddable":true,"href":"https:\/\/tuzlainfo.ba\/index.php\/wp-json\/wp\/v2\/categories?post=146997"},{"taxonomy":"post_tag","embeddable":true,"href":"https:\/\/tuzlainfo.ba\/index.php\/wp-json\/wp\/v2\/tags?post=146997"}],"curies":[{"name":"wp","href":"https:\/\/api.w.org\/{rel}","templated":true}]}}