{"id":146893,"date":"2021-09-05T13:00:55","date_gmt":"2021-09-05T11:00:55","guid":{"rendered":"https:\/\/tuzlainfo.ba\/?p=146893"},"modified":"2021-09-05T13:00:55","modified_gmt":"2021-09-05T11:00:55","slug":"jedan-od-razloga-iseljavanje-u-tk-manje-novorodjenih-beba-nego-u-ratnom-periodu","status":"publish","type":"post","link":"https:\/\/tuzlainfo.ba\/index.php\/novosti\/item\/146893-jedan-od-razloga-iseljavanje-u-tk-manje-novorodjenih-beba-nego-u-ratnom-periodu\/","title":{"rendered":"Jedan od razloga iseljavanje: U TK manje novoro\u0111enih beba nego u ratnom periodu"},"content":{"rendered":"<p>Tuzlanski kanton suo\u010dava se sa padom nataliteta posljednjih deset godina, odnosno sve manje je ro\u0111enih beba.<\/p>\n<p>Prema rije\u010dima na\u010delnika Klinike za ginekologiju i aku\u0161erstvo UKC-a Tuzla doc.dr. Igora Hudi\u0107a u najmnogoljudnijem kantonu statistike govore da se posljednjih godina ra\u0111a manje beba, nego je to bilo u ratnom periodu.<\/p>\n<p>U pro\u0161loj godini smo imali najmanji broj poro\u0111aja i novoro\u0111enih beba od kada postoji statistika na na\u0161oj klinici, a mi imamo podatke u zadnje \u010detiri decenije o broju poro\u0111aja \u2013 izjavio je za dr. Hudi\u0107.<\/p>\n<p>Na\u010delnik Klinike za ginekologiju i aku\u0161erstvo UKC-a Tuzla smatra da je jedan od razloga pada nataliteta iseljavanje mladih parova koji su u reproduktivnom dobu.<\/p>\n<p>Nije rijetka situacija kada se \u017eene odlu\u010duju na prekid trudno\u0107e u ranim sedmicama, a njihovi razlozi su individualni. Do desete sedmice trudno\u0107e je mogu\u0107e izvr\u0161iti abortus, a od desete do dvanaeste uz odobrenje prvostepene komisije.<\/p>\n<p>\u2013 Mi sa svakom \u017eenom obavimo razgovor, ali nikada ne ulazimo u detalje zbog \u010dega neko se odlu\u010duje za prekid trudno\u0107e, to nije na\u0161a ni moralna, a ni zakonska obaveza \u2013 izjavio je Hudi\u0107 za Fenu.<\/p>\n<p>Ta\u010dne statistike o prekidima trudno\u0107a nema zbog mogu\u0107nosti da se ti zahvati obavljaju i u privatnim ustanovama.<\/p>\n<p>Oko 10 posto trudnica \u010dine maloljetnice u Tuzlanskom kantonu.<\/p>\n<p>\u2013 Najve\u0107i problem po meni kod te dobne skupine je malo poznavanje i kori\u0161tenje kontracepcije. To je godinama prisutno kod nas \u2013 izjavio je dr. Hudi\u0107.<\/p>\n<p>Va\u017eno je napomenuti da postoje starije i mla\u0111e maloljetnice u ginekolo\u0161koj terminologiji, te da mi nemamo veliki broj mla\u0111ih maloljetnica koje ostaju u drugom stanju. Ono \u0161to su statistike pokazale jeste da se kod nas ranije stupa u intimne odnose za razliku od drugih zemalja u Evropi.<\/p>\n<p>Kada je rije\u010d o bolestima koje uzrokuju neplodnost kod parova, dijagnostika tih problema je zna\u010dajno napredovala te se, prema podacima koje je iznio dr. Hudi\u0107, kroz program vantjelesne oplodnje u ulozi roditelja ostvari devet od deset parova. Najve\u0107a barijera je da su ti procesi u na\u0161oj dr\u017eavi jo\u0161 uvijek u samom za\u010detku, te iziskuju velike finansijske izdatke.<\/p>\n<p>Mi jo\u0161 nemamo javne zdravstvene ustanove koja se bavi postupcima vantjelesne oplodnje, tako da je to ne\u0161to \u0161to je vi\u0161e problem finansijske prirode, nego \u0161to se ti parovi nisu javili pravovremeno ljekaru. Mi moramo uklju\u010diti fondove koji finansiraju te postupke. Imamo jedan dobar zakon o biomedicinski potpomognutoj oplodnji ve\u0107 tri godine koji u na\u0161im kantonima nije implementiran \u2013 izjavio je dr. Hudi\u0107.<\/p>\n<p>Jedan postupak u prosjeku ko\u0161ta od 5 do 7 hiljada KM. Stvari bi se uskoro morale pomjeriti sa mrtve ta\u010dke, ipak nedovoljno brzo za parove kojima je svaki mjesec u utrci za roditeljstvo dragocjen, a mo\u017eda i presudan.<\/p>\n","protected":false},"excerpt":{"rendered":"<p>Tuzlanski kanton suo\u010dava se sa padom nataliteta posljednjih deset godina, odnosno sve manje je ro\u0111enih&hellip;<\/p>\n","protected":false},"author":4,"featured_media":143179,"comment_status":"open","ping_status":"closed","sticky":false,"template":"","format":"standard","meta":{"_acf_changed":false,"footnotes":""},"categories":[304,12],"tags":[1851,2511,1708],"acf":[],"yoast_head":"<!-- This site is optimized with the Yoast SEO plugin v23.5 - https:\/\/yoast.com\/wordpress\/plugins\/seo\/ -->\n<title>Jedan od razloga iseljavanje: U TK manje novoro\u0111enih beba nego u ratnom periodu - TuzlaInfo.ba<\/title>\n<meta name=\"robots\" content=\"index, follow, max-snippet:-1, max-image-preview:large, max-video-preview:-1\" \/>\n<link rel=\"canonical\" href=\"https:\/\/tuzlainfo.ba\/index.php\/novosti\/item\/146893-jedan-od-razloga-iseljavanje-u-tk-manje-novorodjenih-beba-nego-u-ratnom-periodu\/\" \/>\n<meta property=\"og:locale\" content=\"bs_BA\" \/>\n<meta property=\"og:type\" content=\"article\" \/>\n<meta property=\"og:title\" content=\"Jedan od razloga iseljavanje: U TK manje novoro\u0111enih beba nego u ratnom periodu - TuzlaInfo.ba\" \/>\n<meta property=\"og:description\" content=\"Tuzlanski kanton suo\u010dava se sa padom nataliteta posljednjih deset godina, odnosno sve manje je ro\u0111enih&hellip;\" \/>\n<meta property=\"og:url\" content=\"https:\/\/tuzlainfo.ba\/index.php\/novosti\/item\/146893-jedan-od-razloga-iseljavanje-u-tk-manje-novorodjenih-beba-nego-u-ratnom-periodu\/\" \/>\n<meta property=\"og:site_name\" content=\"TuzlaInfo.ba\" \/>\n<meta property=\"article:publisher\" content=\"https:\/\/www.facebook.com\/tuzlainfo.ba\/\" \/>\n<meta property=\"article:published_time\" content=\"2021-09-05T11:00:55+00:00\" \/>\n<meta property=\"og:image\" content=\"https:\/\/tuzlainfo.ba\/wp-content\/uploads\/2021\/07\/2807_bebe.jpg\" \/>\n\t<meta property=\"og:image:width\" content=\"753\" \/>\n\t<meta property=\"og:image:height\" content=\"424\" \/>\n\t<meta property=\"og:image:type\" content=\"image\/jpeg\" \/>\n<meta name=\"author\" content=\"Tuzla Info\" \/>\n<meta name=\"twitter:card\" content=\"summary_large_image\" \/>\n<meta name=\"twitter:label1\" content=\"Written by\" \/>\n\t<meta name=\"twitter:data1\" content=\"Tuzla Info\" \/>\n\t<meta name=\"twitter:label2\" content=\"Est. reading time\" \/>\n\t<meta name=\"twitter:data2\" content=\"2 minute\" \/>\n<script type=\"application\/ld+json\" class=\"yoast-schema-graph\">{\"@context\":\"https:\/\/schema.org\",\"@graph\":[{\"@type\":\"Article\",\"@id\":\"https:\/\/tuzlainfo.ba\/index.php\/novosti\/item\/146893-jedan-od-razloga-iseljavanje-u-tk-manje-novorodjenih-beba-nego-u-ratnom-periodu\/#article\",\"isPartOf\":{\"@id\":\"https:\/\/tuzlainfo.ba\/index.php\/novosti\/item\/146893-jedan-od-razloga-iseljavanje-u-tk-manje-novorodjenih-beba-nego-u-ratnom-periodu\/\"},\"author\":{\"name\":\"Tuzla Info\",\"@id\":\"https:\/\/tuzlainfo.ba\/#\/schema\/person\/46cad4c57790cbc50781edd14870825a\"},\"headline\":\"Jedan od razloga iseljavanje: U TK manje novoro\u0111enih beba nego u ratnom periodu\",\"datePublished\":\"2021-09-05T11:00:55+00:00\",\"dateModified\":\"2021-09-05T11:00:55+00:00\",\"mainEntityOfPage\":{\"@id\":\"https:\/\/tuzlainfo.ba\/index.php\/novosti\/item\/146893-jedan-od-razloga-iseljavanje-u-tk-manje-novorodjenih-beba-nego-u-ratnom-periodu\/\"},\"wordCount\":483,\"commentCount\":0,\"publisher\":{\"@id\":\"https:\/\/tuzlainfo.ba\/#organization\"},\"image\":{\"@id\":\"https:\/\/tuzlainfo.ba\/index.php\/novosti\/item\/146893-jedan-od-razloga-iseljavanje-u-tk-manje-novorodjenih-beba-nego-u-ratnom-periodu\/#primaryimage\"},\"thumbnailUrl\":\"https:\/\/tuzlainfo.ba\/wp-content\/uploads\/2021\/07\/2807_bebe.jpg\",\"keywords\":[\"bebe\",\"natalitet\",\"tuzlanski inovatori\"],\"articleSection\":[\"Istaknuto\",\"Novosti\"],\"inLanguage\":\"bs-BA\"},{\"@type\":\"WebPage\",\"@id\":\"https:\/\/tuzlainfo.ba\/index.php\/novosti\/item\/146893-jedan-od-razloga-iseljavanje-u-tk-manje-novorodjenih-beba-nego-u-ratnom-periodu\/\",\"url\":\"https:\/\/tuzlainfo.ba\/index.php\/novosti\/item\/146893-jedan-od-razloga-iseljavanje-u-tk-manje-novorodjenih-beba-nego-u-ratnom-periodu\/\",\"name\":\"Jedan od razloga iseljavanje: U TK manje novoro\u0111enih beba nego u ratnom periodu - TuzlaInfo.ba\",\"isPartOf\":{\"@id\":\"https:\/\/tuzlainfo.ba\/#website\"},\"primaryImageOfPage\":{\"@id\":\"https:\/\/tuzlainfo.ba\/index.php\/novosti\/item\/146893-jedan-od-razloga-iseljavanje-u-tk-manje-novorodjenih-beba-nego-u-ratnom-periodu\/#primaryimage\"},\"image\":{\"@id\":\"https:\/\/tuzlainfo.ba\/index.php\/novosti\/item\/146893-jedan-od-razloga-iseljavanje-u-tk-manje-novorodjenih-beba-nego-u-ratnom-periodu\/#primaryimage\"},\"thumbnailUrl\":\"https:\/\/tuzlainfo.ba\/wp-content\/uploads\/2021\/07\/2807_bebe.jpg\",\"datePublished\":\"2021-09-05T11:00:55+00:00\",\"dateModified\":\"2021-09-05T11:00:55+00:00\",\"breadcrumb\":{\"@id\":\"https:\/\/tuzlainfo.ba\/index.php\/novosti\/item\/146893-jedan-od-razloga-iseljavanje-u-tk-manje-novorodjenih-beba-nego-u-ratnom-periodu\/#breadcrumb\"},\"inLanguage\":\"bs-BA\",\"potentialAction\":[{\"@type\":\"ReadAction\",\"target\":[\"https:\/\/tuzlainfo.ba\/index.php\/novosti\/item\/146893-jedan-od-razloga-iseljavanje-u-tk-manje-novorodjenih-beba-nego-u-ratnom-periodu\/\"]}]},{\"@type\":\"ImageObject\",\"inLanguage\":\"bs-BA\",\"@id\":\"https:\/\/tuzlainfo.ba\/index.php\/novosti\/item\/146893-jedan-od-razloga-iseljavanje-u-tk-manje-novorodjenih-beba-nego-u-ratnom-periodu\/#primaryimage\",\"url\":\"https:\/\/tuzlainfo.ba\/wp-content\/uploads\/2021\/07\/2807_bebe.jpg\",\"contentUrl\":\"https:\/\/tuzlainfo.ba\/wp-content\/uploads\/2021\/07\/2807_bebe.jpg\",\"width\":753,\"height\":424},{\"@type\":\"BreadcrumbList\",\"@id\":\"https:\/\/tuzlainfo.ba\/index.php\/novosti\/item\/146893-jedan-od-razloga-iseljavanje-u-tk-manje-novorodjenih-beba-nego-u-ratnom-periodu\/#breadcrumb\",\"itemListElement\":[{\"@type\":\"ListItem\",\"position\":1,\"name\":\"Home\",\"item\":\"https:\/\/tuzlainfo.ba\/\"},{\"@type\":\"ListItem\",\"position\":2,\"name\":\"Jedan od razloga iseljavanje: U TK manje novoro\u0111enih beba nego u ratnom periodu\"}]},{\"@type\":\"WebSite\",\"@id\":\"https:\/\/tuzlainfo.ba\/#website\",\"url\":\"https:\/\/tuzlainfo.ba\/\",\"name\":\"TuzlaInfo.ba\",\"description\":\"Tuzla info, gradski informator - Tuzla na dlanu\",\"publisher\":{\"@id\":\"https:\/\/tuzlainfo.ba\/#organization\"},\"potentialAction\":[{\"@type\":\"SearchAction\",\"target\":{\"@type\":\"EntryPoint\",\"urlTemplate\":\"https:\/\/tuzlainfo.ba\/?s={search_term_string}\"},\"query-input\":{\"@type\":\"PropertyValueSpecification\",\"valueRequired\":true,\"valueName\":\"search_term_string\"}}],\"inLanguage\":\"bs-BA\"},{\"@type\":\"Organization\",\"@id\":\"https:\/\/tuzlainfo.ba\/#organization\",\"name\":\"TuzlaInfo.ba\",\"url\":\"https:\/\/tuzlainfo.ba\/\",\"logo\":{\"@type\":\"ImageObject\",\"inLanguage\":\"bs-BA\",\"@id\":\"https:\/\/tuzlainfo.ba\/#\/schema\/logo\/image\/\",\"url\":\"https:\/\/tuzlainfo.ba\/wp-content\/uploads\/2021\/03\/logo-ver-3-1.png\",\"contentUrl\":\"https:\/\/tuzlainfo.ba\/wp-content\/uploads\/2021\/03\/logo-ver-3-1.png\",\"width\":350,\"height\":95,\"caption\":\"TuzlaInfo.ba\"},\"image\":{\"@id\":\"https:\/\/tuzlainfo.ba\/#\/schema\/logo\/image\/\"},\"sameAs\":[\"https:\/\/www.facebook.com\/tuzlainfo.ba\/\"]},{\"@type\":\"Person\",\"@id\":\"https:\/\/tuzlainfo.ba\/#\/schema\/person\/46cad4c57790cbc50781edd14870825a\",\"name\":\"Tuzla Info\",\"image\":{\"@type\":\"ImageObject\",\"inLanguage\":\"bs-BA\",\"@id\":\"https:\/\/tuzlainfo.ba\/#\/schema\/person\/image\/\",\"url\":\"https:\/\/tuzlainfo.ba\/wp-content\/litespeed\/avatar\/b6c453a6c38e3654f2e4416c643fc25c.jpg?ver=1777051911\",\"contentUrl\":\"https:\/\/tuzlainfo.ba\/wp-content\/litespeed\/avatar\/b6c453a6c38e3654f2e4416c643fc25c.jpg?ver=1777051911\",\"caption\":\"Tuzla Info\"}}]}<\/script>\n<!-- \/ Yoast SEO plugin. -->","yoast_head_json":{"title":"Jedan od razloga iseljavanje: U TK manje novoro\u0111enih beba nego u ratnom periodu - TuzlaInfo.ba","robots":{"index":"index","follow":"follow","max-snippet":"max-snippet:-1","max-image-preview":"max-image-preview:large","max-video-preview":"max-video-preview:-1"},"canonical":"https:\/\/tuzlainfo.ba\/index.php\/novosti\/item\/146893-jedan-od-razloga-iseljavanje-u-tk-manje-novorodjenih-beba-nego-u-ratnom-periodu\/","og_locale":"bs_BA","og_type":"article","og_title":"Jedan od razloga iseljavanje: U TK manje novoro\u0111enih beba nego u ratnom periodu - TuzlaInfo.ba","og_description":"Tuzlanski kanton suo\u010dava se sa padom nataliteta posljednjih deset godina, odnosno sve manje je ro\u0111enih&hellip;","og_url":"https:\/\/tuzlainfo.ba\/index.php\/novosti\/item\/146893-jedan-od-razloga-iseljavanje-u-tk-manje-novorodjenih-beba-nego-u-ratnom-periodu\/","og_site_name":"TuzlaInfo.ba","article_publisher":"https:\/\/www.facebook.com\/tuzlainfo.ba\/","article_published_time":"2021-09-05T11:00:55+00:00","og_image":[{"width":753,"height":424,"url":"https:\/\/tuzlainfo.ba\/wp-content\/uploads\/2021\/07\/2807_bebe.jpg","type":"image\/jpeg"}],"author":"Tuzla Info","twitter_card":"summary_large_image","twitter_misc":{"Written by":"Tuzla Info","Est. reading time":"2 minute"},"schema":{"@context":"https:\/\/schema.org","@graph":[{"@type":"Article","@id":"https:\/\/tuzlainfo.ba\/index.php\/novosti\/item\/146893-jedan-od-razloga-iseljavanje-u-tk-manje-novorodjenih-beba-nego-u-ratnom-periodu\/#article","isPartOf":{"@id":"https:\/\/tuzlainfo.ba\/index.php\/novosti\/item\/146893-jedan-od-razloga-iseljavanje-u-tk-manje-novorodjenih-beba-nego-u-ratnom-periodu\/"},"author":{"name":"Tuzla Info","@id":"https:\/\/tuzlainfo.ba\/#\/schema\/person\/46cad4c57790cbc50781edd14870825a"},"headline":"Jedan od razloga iseljavanje: U TK manje novoro\u0111enih beba nego u ratnom periodu","datePublished":"2021-09-05T11:00:55+00:00","dateModified":"2021-09-05T11:00:55+00:00","mainEntityOfPage":{"@id":"https:\/\/tuzlainfo.ba\/index.php\/novosti\/item\/146893-jedan-od-razloga-iseljavanje-u-tk-manje-novorodjenih-beba-nego-u-ratnom-periodu\/"},"wordCount":483,"commentCount":0,"publisher":{"@id":"https:\/\/tuzlainfo.ba\/#organization"},"image":{"@id":"https:\/\/tuzlainfo.ba\/index.php\/novosti\/item\/146893-jedan-od-razloga-iseljavanje-u-tk-manje-novorodjenih-beba-nego-u-ratnom-periodu\/#primaryimage"},"thumbnailUrl":"https:\/\/tuzlainfo.ba\/wp-content\/uploads\/2021\/07\/2807_bebe.jpg","keywords":["bebe","natalitet","tuzlanski inovatori"],"articleSection":["Istaknuto","Novosti"],"inLanguage":"bs-BA"},{"@type":"WebPage","@id":"https:\/\/tuzlainfo.ba\/index.php\/novosti\/item\/146893-jedan-od-razloga-iseljavanje-u-tk-manje-novorodjenih-beba-nego-u-ratnom-periodu\/","url":"https:\/\/tuzlainfo.ba\/index.php\/novosti\/item\/146893-jedan-od-razloga-iseljavanje-u-tk-manje-novorodjenih-beba-nego-u-ratnom-periodu\/","name":"Jedan od razloga iseljavanje: U TK manje novoro\u0111enih beba nego u ratnom periodu - TuzlaInfo.ba","isPartOf":{"@id":"https:\/\/tuzlainfo.ba\/#website"},"primaryImageOfPage":{"@id":"https:\/\/tuzlainfo.ba\/index.php\/novosti\/item\/146893-jedan-od-razloga-iseljavanje-u-tk-manje-novorodjenih-beba-nego-u-ratnom-periodu\/#primaryimage"},"image":{"@id":"https:\/\/tuzlainfo.ba\/index.php\/novosti\/item\/146893-jedan-od-razloga-iseljavanje-u-tk-manje-novorodjenih-beba-nego-u-ratnom-periodu\/#primaryimage"},"thumbnailUrl":"https:\/\/tuzlainfo.ba\/wp-content\/uploads\/2021\/07\/2807_bebe.jpg","datePublished":"2021-09-05T11:00:55+00:00","dateModified":"2021-09-05T11:00:55+00:00","breadcrumb":{"@id":"https:\/\/tuzlainfo.ba\/index.php\/novosti\/item\/146893-jedan-od-razloga-iseljavanje-u-tk-manje-novorodjenih-beba-nego-u-ratnom-periodu\/#breadcrumb"},"inLanguage":"bs-BA","potentialAction":[{"@type":"ReadAction","target":["https:\/\/tuzlainfo.ba\/index.php\/novosti\/item\/146893-jedan-od-razloga-iseljavanje-u-tk-manje-novorodjenih-beba-nego-u-ratnom-periodu\/"]}]},{"@type":"ImageObject","inLanguage":"bs-BA","@id":"https:\/\/tuzlainfo.ba\/index.php\/novosti\/item\/146893-jedan-od-razloga-iseljavanje-u-tk-manje-novorodjenih-beba-nego-u-ratnom-periodu\/#primaryimage","url":"https:\/\/tuzlainfo.ba\/wp-content\/uploads\/2021\/07\/2807_bebe.jpg","contentUrl":"https:\/\/tuzlainfo.ba\/wp-content\/uploads\/2021\/07\/2807_bebe.jpg","width":753,"height":424},{"@type":"BreadcrumbList","@id":"https:\/\/tuzlainfo.ba\/index.php\/novosti\/item\/146893-jedan-od-razloga-iseljavanje-u-tk-manje-novorodjenih-beba-nego-u-ratnom-periodu\/#breadcrumb","itemListElement":[{"@type":"ListItem","position":1,"name":"Home","item":"https:\/\/tuzlainfo.ba\/"},{"@type":"ListItem","position":2,"name":"Jedan od razloga iseljavanje: U TK manje novoro\u0111enih beba nego u ratnom periodu"}]},{"@type":"WebSite","@id":"https:\/\/tuzlainfo.ba\/#website","url":"https:\/\/tuzlainfo.ba\/","name":"TuzlaInfo.ba","description":"Tuzla info, gradski informator - Tuzla na dlanu","publisher":{"@id":"https:\/\/tuzlainfo.ba\/#organization"},"potentialAction":[{"@type":"SearchAction","target":{"@type":"EntryPoint","urlTemplate":"https:\/\/tuzlainfo.ba\/?s={search_term_string}"},"query-input":{"@type":"PropertyValueSpecification","valueRequired":true,"valueName":"search_term_string"}}],"inLanguage":"bs-BA"},{"@type":"Organization","@id":"https:\/\/tuzlainfo.ba\/#organization","name":"TuzlaInfo.ba","url":"https:\/\/tuzlainfo.ba\/","logo":{"@type":"ImageObject","inLanguage":"bs-BA","@id":"https:\/\/tuzlainfo.ba\/#\/schema\/logo\/image\/","url":"https:\/\/tuzlainfo.ba\/wp-content\/uploads\/2021\/03\/logo-ver-3-1.png","contentUrl":"https:\/\/tuzlainfo.ba\/wp-content\/uploads\/2021\/03\/logo-ver-3-1.png","width":350,"height":95,"caption":"TuzlaInfo.ba"},"image":{"@id":"https:\/\/tuzlainfo.ba\/#\/schema\/logo\/image\/"},"sameAs":["https:\/\/www.facebook.com\/tuzlainfo.ba\/"]},{"@type":"Person","@id":"https:\/\/tuzlainfo.ba\/#\/schema\/person\/46cad4c57790cbc50781edd14870825a","name":"Tuzla Info","image":{"@type":"ImageObject","inLanguage":"bs-BA","@id":"https:\/\/tuzlainfo.ba\/#\/schema\/person\/image\/","url":"https:\/\/tuzlainfo.ba\/wp-content\/litespeed\/avatar\/b6c453a6c38e3654f2e4416c643fc25c.jpg?ver=1777051911","contentUrl":"https:\/\/tuzlainfo.ba\/wp-content\/litespeed\/avatar\/b6c453a6c38e3654f2e4416c643fc25c.jpg?ver=1777051911","caption":"Tuzla Info"}}]}},"_links":{"self":[{"href":"https:\/\/tuzlainfo.ba\/index.php\/wp-json\/wp\/v2\/posts\/146893"}],"collection":[{"href":"https:\/\/tuzlainfo.ba\/index.php\/wp-json\/wp\/v2\/posts"}],"about":[{"href":"https:\/\/tuzlainfo.ba\/index.php\/wp-json\/wp\/v2\/types\/post"}],"author":[{"embeddable":true,"href":"https:\/\/tuzlainfo.ba\/index.php\/wp-json\/wp\/v2\/users\/4"}],"replies":[{"embeddable":true,"href":"https:\/\/tuzlainfo.ba\/index.php\/wp-json\/wp\/v2\/comments?post=146893"}],"version-history":[{"count":0,"href":"https:\/\/tuzlainfo.ba\/index.php\/wp-json\/wp\/v2\/posts\/146893\/revisions"}],"wp:featuredmedia":[{"embeddable":true,"href":"https:\/\/tuzlainfo.ba\/index.php\/wp-json\/wp\/v2\/media\/143179"}],"wp:attachment":[{"href":"https:\/\/tuzlainfo.ba\/index.php\/wp-json\/wp\/v2\/media?parent=146893"}],"wp:term":[{"taxonomy":"category","embeddable":true,"href":"https:\/\/tuzlainfo.ba\/index.php\/wp-json\/wp\/v2\/categories?post=146893"},{"taxonomy":"post_tag","embeddable":true,"href":"https:\/\/tuzlainfo.ba\/index.php\/wp-json\/wp\/v2\/tags?post=146893"}],"curies":[{"name":"wp","href":"https:\/\/api.w.org\/{rel}","templated":true}]}}