{"id":146756,"date":"2021-09-03T14:58:08","date_gmt":"2021-09-03T12:58:08","guid":{"rendered":"https:\/\/tuzlainfo.ba\/?p=146756"},"modified":"2021-09-03T13:57:36","modified_gmt":"2021-09-03T11:57:36","slug":"srecko-acimovic-osudjen-na-sedam-godina-zatvora-zbog-pomaganja-u-genocidu-u-srebrenici","status":"publish","type":"post","link":"https:\/\/tuzlainfo.ba\/index.php\/bosna-i-hercegovina\/item\/146756-srecko-acimovic-osudjen-na-sedam-godina-zatvora-zbog-pomaganja-u-genocidu-u-srebrenici\/","title":{"rendered":"Sre\u0107ko A\u0107imovi\u0107 osu\u0111en na sedam godina zatvora zbog pomaganja u genocidu u Srebrenici"},"content":{"rendered":"<div id=\"excerpt\" class=\"mt-5 md:mt-2 xl:mt-3 mb-5 font-sans font-semibold text-lg lg:text-xl leading-6 md:leading-7\">\n<p class=\"lead\">Sud Bosne i Hercegovine je donio drugostepenu, pravosna\u017enu presudu biv\u0161em komandantu tzv. Vojske Republike Srpske Sre\u0107ku A\u0107imovi\u0107u koji je osu\u0111en na sedam godina zatvora zbog pomaganja u genocidu po\u010dinjenom nad Bo\u0161njacima u Srebrenici.<\/p>\n<\/div>\n<div id=\"text\" class=\"break-words mt-3 prose prose-md prose-indigo text-lg lg:text-xl space-y-4 mb-3 leading-6 md:leading-7\">\n<p>Prvostepena presuda u ovom predmetu je donesena u oktobru pro\u0161le godine, a A\u0107imovi\u0107u je tada izre\u010dena kazna zatvora u trajanju od devet godina.<\/p>\n<p>Progla\u0161en je krivim zbog toga \u0161to je pomagao u zatvaranju bo\u0161nja\u010dkih mu\u0161karaca, dovezenih s podru\u010dja Srebrenice, u \u0161kolu u selu Ro\u0107evi\u0107, nedaleko od Zvornika, te u njihovim ubistvima na obali Drine kod Kozluka.<\/p>\n<p>I Tu\u017eila\u0161tvo i odbrana su ulo\u017eili \u017ealbu na ovu presudu, a Sud BiH je 16. augusta donio presudu kojom je \u017ealbu Tu\u017eila\u0161tva BiH ocijenio kao neosnovanu, a uva\u017eio \u017ealbu branioca Sre\u0107ka A\u0107imovi\u0107 u pogledu odluke o kazni.<\/p>\n<p>&#8220;Prvostepena presuda Suda Bosne i Hercegovine je u tom dijelu preina\u010dena, tako \u0161to je optu\u017eeni Sre\u0107ko A\u0107imovi\u0107 za krivi\u010dno djelo &#8216;genocid&#8217;, za koje je tom presudom ogla\u0161en krivim, osu\u0111en na kaznu zatvora u trajanju od sedam godina, dok je u ostalom dijelu \u017ealba branioca odbijena i prvostepena presuda potvr\u0111ena&#8221;, navodi se u saop\u0107enju Suda BiH.<\/p>\n<p>A\u0107imovi\u0107u \u0107e u presudu biti ura\u010dunato i vrijeme koje je proveo u pritvoru tokom proces, prenosi Klix.<\/p>\n<\/div>\n","protected":false},"excerpt":{"rendered":"<p>Sud Bosne i Hercegovine je donio drugostepenu, pravosna\u017enu presudu biv\u0161em komandantu tzv. Vojske Republike Srpske&hellip;<\/p>\n","protected":false},"author":4,"featured_media":146757,"comment_status":"open","ping_status":"closed","sticky":false,"template":"","format":"standard","meta":{"_acf_changed":false,"footnotes":""},"categories":[291],"tags":[369,352,2492],"acf":[],"yoast_head":"<!-- This site is optimized with the Yoast SEO plugin v23.5 - https:\/\/yoast.com\/wordpress\/plugins\/seo\/ -->\n<title>Sre\u0107ko A\u0107imovi\u0107 osu\u0111en na sedam godina zatvora zbog pomaganja u genocidu u Srebrenici - TuzlaInfo.ba<\/title>\n<meta name=\"robots\" content=\"index, follow, max-snippet:-1, max-image-preview:large, max-video-preview:-1\" \/>\n<link rel=\"canonical\" href=\"https:\/\/tuzlainfo.ba\/index.php\/bosna-i-hercegovina\/item\/146756-srecko-acimovic-osudjen-na-sedam-godina-zatvora-zbog-pomaganja-u-genocidu-u-srebrenici\/\" \/>\n<meta property=\"og:locale\" content=\"bs_BA\" \/>\n<meta property=\"og:type\" content=\"article\" \/>\n<meta property=\"og:title\" content=\"Sre\u0107ko A\u0107imovi\u0107 osu\u0111en na sedam godina zatvora zbog pomaganja u genocidu u Srebrenici - TuzlaInfo.ba\" \/>\n<meta property=\"og:description\" content=\"Sud Bosne i Hercegovine je donio drugostepenu, pravosna\u017enu presudu biv\u0161em komandantu tzv. Vojske Republike Srpske&hellip;\" \/>\n<meta property=\"og:url\" content=\"https:\/\/tuzlainfo.ba\/index.php\/bosna-i-hercegovina\/item\/146756-srecko-acimovic-osudjen-na-sedam-godina-zatvora-zbog-pomaganja-u-genocidu-u-srebrenici\/\" \/>\n<meta property=\"og:site_name\" content=\"TuzlaInfo.ba\" \/>\n<meta property=\"article:publisher\" content=\"https:\/\/www.facebook.com\/tuzlainfo.ba\/\" \/>\n<meta property=\"article:published_time\" content=\"2021-09-03T12:58:08+00:00\" \/>\n<meta property=\"article:modified_time\" content=\"2021-09-03T11:57:36+00:00\" \/>\n<meta property=\"og:image\" content=\"https:\/\/tuzlainfo.ba\/wp-content\/uploads\/2021\/09\/0309_srecko-ACIMOVIC-8-e1591795338977-1280x720-1.jpg\" \/>\n\t<meta property=\"og:image:width\" content=\"1280\" \/>\n\t<meta property=\"og:image:height\" content=\"720\" \/>\n\t<meta property=\"og:image:type\" content=\"image\/jpeg\" \/>\n<meta name=\"author\" content=\"Tuzla Info\" \/>\n<meta name=\"twitter:card\" content=\"summary_large_image\" \/>\n<meta name=\"twitter:label1\" content=\"Written by\" \/>\n\t<meta name=\"twitter:data1\" content=\"Tuzla Info\" \/>\n\t<meta name=\"twitter:label2\" content=\"Est. reading time\" \/>\n\t<meta name=\"twitter:data2\" content=\"1 minuta\" \/>\n<script type=\"application\/ld+json\" class=\"yoast-schema-graph\">{\"@context\":\"https:\/\/schema.org\",\"@graph\":[{\"@type\":\"Article\",\"@id\":\"https:\/\/tuzlainfo.ba\/index.php\/bosna-i-hercegovina\/item\/146756-srecko-acimovic-osudjen-na-sedam-godina-zatvora-zbog-pomaganja-u-genocidu-u-srebrenici\/#article\",\"isPartOf\":{\"@id\":\"https:\/\/tuzlainfo.ba\/index.php\/bosna-i-hercegovina\/item\/146756-srecko-acimovic-osudjen-na-sedam-godina-zatvora-zbog-pomaganja-u-genocidu-u-srebrenici\/\"},\"author\":{\"name\":\"Tuzla Info\",\"@id\":\"https:\/\/tuzlainfo.ba\/#\/schema\/person\/46cad4c57790cbc50781edd14870825a\"},\"headline\":\"Sre\u0107ko A\u0107imovi\u0107 osu\u0111en na sedam godina zatvora zbog pomaganja u genocidu u Srebrenici\",\"datePublished\":\"2021-09-03T12:58:08+00:00\",\"dateModified\":\"2021-09-03T11:57:36+00:00\",\"mainEntityOfPage\":{\"@id\":\"https:\/\/tuzlainfo.ba\/index.php\/bosna-i-hercegovina\/item\/146756-srecko-acimovic-osudjen-na-sedam-godina-zatvora-zbog-pomaganja-u-genocidu-u-srebrenici\/\"},\"wordCount\":251,\"commentCount\":0,\"publisher\":{\"@id\":\"https:\/\/tuzlainfo.ba\/#organization\"},\"image\":{\"@id\":\"https:\/\/tuzlainfo.ba\/index.php\/bosna-i-hercegovina\/item\/146756-srecko-acimovic-osudjen-na-sedam-godina-zatvora-zbog-pomaganja-u-genocidu-u-srebrenici\/#primaryimage\"},\"thumbnailUrl\":\"https:\/\/tuzlainfo.ba\/wp-content\/uploads\/2021\/09\/0309_srecko-ACIMOVIC-8-e1591795338977-1280x720-1.jpg\",\"keywords\":[\"genocid\",\"srebrenica\",\"sre\u0107ko a\u0107imovi\u0107\"],\"articleSection\":[\"Bosna i Hercegovina\"],\"inLanguage\":\"bs-BA\"},{\"@type\":\"WebPage\",\"@id\":\"https:\/\/tuzlainfo.ba\/index.php\/bosna-i-hercegovina\/item\/146756-srecko-acimovic-osudjen-na-sedam-godina-zatvora-zbog-pomaganja-u-genocidu-u-srebrenici\/\",\"url\":\"https:\/\/tuzlainfo.ba\/index.php\/bosna-i-hercegovina\/item\/146756-srecko-acimovic-osudjen-na-sedam-godina-zatvora-zbog-pomaganja-u-genocidu-u-srebrenici\/\",\"name\":\"Sre\u0107ko A\u0107imovi\u0107 osu\u0111en na sedam godina zatvora zbog pomaganja u genocidu u Srebrenici - TuzlaInfo.ba\",\"isPartOf\":{\"@id\":\"https:\/\/tuzlainfo.ba\/#website\"},\"primaryImageOfPage\":{\"@id\":\"https:\/\/tuzlainfo.ba\/index.php\/bosna-i-hercegovina\/item\/146756-srecko-acimovic-osudjen-na-sedam-godina-zatvora-zbog-pomaganja-u-genocidu-u-srebrenici\/#primaryimage\"},\"image\":{\"@id\":\"https:\/\/tuzlainfo.ba\/index.php\/bosna-i-hercegovina\/item\/146756-srecko-acimovic-osudjen-na-sedam-godina-zatvora-zbog-pomaganja-u-genocidu-u-srebrenici\/#primaryimage\"},\"thumbnailUrl\":\"https:\/\/tuzlainfo.ba\/wp-content\/uploads\/2021\/09\/0309_srecko-ACIMOVIC-8-e1591795338977-1280x720-1.jpg\",\"datePublished\":\"2021-09-03T12:58:08+00:00\",\"dateModified\":\"2021-09-03T11:57:36+00:00\",\"breadcrumb\":{\"@id\":\"https:\/\/tuzlainfo.ba\/index.php\/bosna-i-hercegovina\/item\/146756-srecko-acimovic-osudjen-na-sedam-godina-zatvora-zbog-pomaganja-u-genocidu-u-srebrenici\/#breadcrumb\"},\"inLanguage\":\"bs-BA\",\"potentialAction\":[{\"@type\":\"ReadAction\",\"target\":[\"https:\/\/tuzlainfo.ba\/index.php\/bosna-i-hercegovina\/item\/146756-srecko-acimovic-osudjen-na-sedam-godina-zatvora-zbog-pomaganja-u-genocidu-u-srebrenici\/\"]}]},{\"@type\":\"ImageObject\",\"inLanguage\":\"bs-BA\",\"@id\":\"https:\/\/tuzlainfo.ba\/index.php\/bosna-i-hercegovina\/item\/146756-srecko-acimovic-osudjen-na-sedam-godina-zatvora-zbog-pomaganja-u-genocidu-u-srebrenici\/#primaryimage\",\"url\":\"https:\/\/tuzlainfo.ba\/wp-content\/uploads\/2021\/09\/0309_srecko-ACIMOVIC-8-e1591795338977-1280x720-1.jpg\",\"contentUrl\":\"https:\/\/tuzlainfo.ba\/wp-content\/uploads\/2021\/09\/0309_srecko-ACIMOVIC-8-e1591795338977-1280x720-1.jpg\",\"width\":1280,\"height\":720},{\"@type\":\"BreadcrumbList\",\"@id\":\"https:\/\/tuzlainfo.ba\/index.php\/bosna-i-hercegovina\/item\/146756-srecko-acimovic-osudjen-na-sedam-godina-zatvora-zbog-pomaganja-u-genocidu-u-srebrenici\/#breadcrumb\",\"itemListElement\":[{\"@type\":\"ListItem\",\"position\":1,\"name\":\"Home\",\"item\":\"https:\/\/tuzlainfo.ba\/\"},{\"@type\":\"ListItem\",\"position\":2,\"name\":\"Sre\u0107ko A\u0107imovi\u0107 osu\u0111en na sedam godina zatvora zbog pomaganja u genocidu u Srebrenici\"}]},{\"@type\":\"WebSite\",\"@id\":\"https:\/\/tuzlainfo.ba\/#website\",\"url\":\"https:\/\/tuzlainfo.ba\/\",\"name\":\"TuzlaInfo.ba\",\"description\":\"Tuzla info, gradski informator - Tuzla na dlanu\",\"publisher\":{\"@id\":\"https:\/\/tuzlainfo.ba\/#organization\"},\"potentialAction\":[{\"@type\":\"SearchAction\",\"target\":{\"@type\":\"EntryPoint\",\"urlTemplate\":\"https:\/\/tuzlainfo.ba\/?s={search_term_string}\"},\"query-input\":{\"@type\":\"PropertyValueSpecification\",\"valueRequired\":true,\"valueName\":\"search_term_string\"}}],\"inLanguage\":\"bs-BA\"},{\"@type\":\"Organization\",\"@id\":\"https:\/\/tuzlainfo.ba\/#organization\",\"name\":\"TuzlaInfo.ba\",\"url\":\"https:\/\/tuzlainfo.ba\/\",\"logo\":{\"@type\":\"ImageObject\",\"inLanguage\":\"bs-BA\",\"@id\":\"https:\/\/tuzlainfo.ba\/#\/schema\/logo\/image\/\",\"url\":\"https:\/\/tuzlainfo.ba\/wp-content\/uploads\/2021\/03\/logo-ver-3-1.png\",\"contentUrl\":\"https:\/\/tuzlainfo.ba\/wp-content\/uploads\/2021\/03\/logo-ver-3-1.png\",\"width\":350,\"height\":95,\"caption\":\"TuzlaInfo.ba\"},\"image\":{\"@id\":\"https:\/\/tuzlainfo.ba\/#\/schema\/logo\/image\/\"},\"sameAs\":[\"https:\/\/www.facebook.com\/tuzlainfo.ba\/\"]},{\"@type\":\"Person\",\"@id\":\"https:\/\/tuzlainfo.ba\/#\/schema\/person\/46cad4c57790cbc50781edd14870825a\",\"name\":\"Tuzla Info\",\"image\":{\"@type\":\"ImageObject\",\"inLanguage\":\"bs-BA\",\"@id\":\"https:\/\/tuzlainfo.ba\/#\/schema\/person\/image\/\",\"url\":\"https:\/\/tuzlainfo.ba\/wp-content\/litespeed\/avatar\/b6c453a6c38e3654f2e4416c643fc25c.jpg?ver=1777656712\",\"contentUrl\":\"https:\/\/tuzlainfo.ba\/wp-content\/litespeed\/avatar\/b6c453a6c38e3654f2e4416c643fc25c.jpg?ver=1777656712\",\"caption\":\"Tuzla Info\"}}]}<\/script>\n<!-- \/ Yoast SEO plugin. -->","yoast_head_json":{"title":"Sre\u0107ko A\u0107imovi\u0107 osu\u0111en na sedam godina zatvora zbog pomaganja u genocidu u Srebrenici - TuzlaInfo.ba","robots":{"index":"index","follow":"follow","max-snippet":"max-snippet:-1","max-image-preview":"max-image-preview:large","max-video-preview":"max-video-preview:-1"},"canonical":"https:\/\/tuzlainfo.ba\/index.php\/bosna-i-hercegovina\/item\/146756-srecko-acimovic-osudjen-na-sedam-godina-zatvora-zbog-pomaganja-u-genocidu-u-srebrenici\/","og_locale":"bs_BA","og_type":"article","og_title":"Sre\u0107ko A\u0107imovi\u0107 osu\u0111en na sedam godina zatvora zbog pomaganja u genocidu u Srebrenici - TuzlaInfo.ba","og_description":"Sud Bosne i Hercegovine je donio drugostepenu, pravosna\u017enu presudu biv\u0161em komandantu tzv. Vojske Republike Srpske&hellip;","og_url":"https:\/\/tuzlainfo.ba\/index.php\/bosna-i-hercegovina\/item\/146756-srecko-acimovic-osudjen-na-sedam-godina-zatvora-zbog-pomaganja-u-genocidu-u-srebrenici\/","og_site_name":"TuzlaInfo.ba","article_publisher":"https:\/\/www.facebook.com\/tuzlainfo.ba\/","article_published_time":"2021-09-03T12:58:08+00:00","article_modified_time":"2021-09-03T11:57:36+00:00","og_image":[{"width":1280,"height":720,"url":"https:\/\/tuzlainfo.ba\/wp-content\/uploads\/2021\/09\/0309_srecko-ACIMOVIC-8-e1591795338977-1280x720-1.jpg","type":"image\/jpeg"}],"author":"Tuzla Info","twitter_card":"summary_large_image","twitter_misc":{"Written by":"Tuzla Info","Est. reading time":"1 minuta"},"schema":{"@context":"https:\/\/schema.org","@graph":[{"@type":"Article","@id":"https:\/\/tuzlainfo.ba\/index.php\/bosna-i-hercegovina\/item\/146756-srecko-acimovic-osudjen-na-sedam-godina-zatvora-zbog-pomaganja-u-genocidu-u-srebrenici\/#article","isPartOf":{"@id":"https:\/\/tuzlainfo.ba\/index.php\/bosna-i-hercegovina\/item\/146756-srecko-acimovic-osudjen-na-sedam-godina-zatvora-zbog-pomaganja-u-genocidu-u-srebrenici\/"},"author":{"name":"Tuzla Info","@id":"https:\/\/tuzlainfo.ba\/#\/schema\/person\/46cad4c57790cbc50781edd14870825a"},"headline":"Sre\u0107ko A\u0107imovi\u0107 osu\u0111en na sedam godina zatvora zbog pomaganja u genocidu u Srebrenici","datePublished":"2021-09-03T12:58:08+00:00","dateModified":"2021-09-03T11:57:36+00:00","mainEntityOfPage":{"@id":"https:\/\/tuzlainfo.ba\/index.php\/bosna-i-hercegovina\/item\/146756-srecko-acimovic-osudjen-na-sedam-godina-zatvora-zbog-pomaganja-u-genocidu-u-srebrenici\/"},"wordCount":251,"commentCount":0,"publisher":{"@id":"https:\/\/tuzlainfo.ba\/#organization"},"image":{"@id":"https:\/\/tuzlainfo.ba\/index.php\/bosna-i-hercegovina\/item\/146756-srecko-acimovic-osudjen-na-sedam-godina-zatvora-zbog-pomaganja-u-genocidu-u-srebrenici\/#primaryimage"},"thumbnailUrl":"https:\/\/tuzlainfo.ba\/wp-content\/uploads\/2021\/09\/0309_srecko-ACIMOVIC-8-e1591795338977-1280x720-1.jpg","keywords":["genocid","srebrenica","sre\u0107ko a\u0107imovi\u0107"],"articleSection":["Bosna i Hercegovina"],"inLanguage":"bs-BA"},{"@type":"WebPage","@id":"https:\/\/tuzlainfo.ba\/index.php\/bosna-i-hercegovina\/item\/146756-srecko-acimovic-osudjen-na-sedam-godina-zatvora-zbog-pomaganja-u-genocidu-u-srebrenici\/","url":"https:\/\/tuzlainfo.ba\/index.php\/bosna-i-hercegovina\/item\/146756-srecko-acimovic-osudjen-na-sedam-godina-zatvora-zbog-pomaganja-u-genocidu-u-srebrenici\/","name":"Sre\u0107ko A\u0107imovi\u0107 osu\u0111en na sedam godina zatvora zbog pomaganja u genocidu u Srebrenici - TuzlaInfo.ba","isPartOf":{"@id":"https:\/\/tuzlainfo.ba\/#website"},"primaryImageOfPage":{"@id":"https:\/\/tuzlainfo.ba\/index.php\/bosna-i-hercegovina\/item\/146756-srecko-acimovic-osudjen-na-sedam-godina-zatvora-zbog-pomaganja-u-genocidu-u-srebrenici\/#primaryimage"},"image":{"@id":"https:\/\/tuzlainfo.ba\/index.php\/bosna-i-hercegovina\/item\/146756-srecko-acimovic-osudjen-na-sedam-godina-zatvora-zbog-pomaganja-u-genocidu-u-srebrenici\/#primaryimage"},"thumbnailUrl":"https:\/\/tuzlainfo.ba\/wp-content\/uploads\/2021\/09\/0309_srecko-ACIMOVIC-8-e1591795338977-1280x720-1.jpg","datePublished":"2021-09-03T12:58:08+00:00","dateModified":"2021-09-03T11:57:36+00:00","breadcrumb":{"@id":"https:\/\/tuzlainfo.ba\/index.php\/bosna-i-hercegovina\/item\/146756-srecko-acimovic-osudjen-na-sedam-godina-zatvora-zbog-pomaganja-u-genocidu-u-srebrenici\/#breadcrumb"},"inLanguage":"bs-BA","potentialAction":[{"@type":"ReadAction","target":["https:\/\/tuzlainfo.ba\/index.php\/bosna-i-hercegovina\/item\/146756-srecko-acimovic-osudjen-na-sedam-godina-zatvora-zbog-pomaganja-u-genocidu-u-srebrenici\/"]}]},{"@type":"ImageObject","inLanguage":"bs-BA","@id":"https:\/\/tuzlainfo.ba\/index.php\/bosna-i-hercegovina\/item\/146756-srecko-acimovic-osudjen-na-sedam-godina-zatvora-zbog-pomaganja-u-genocidu-u-srebrenici\/#primaryimage","url":"https:\/\/tuzlainfo.ba\/wp-content\/uploads\/2021\/09\/0309_srecko-ACIMOVIC-8-e1591795338977-1280x720-1.jpg","contentUrl":"https:\/\/tuzlainfo.ba\/wp-content\/uploads\/2021\/09\/0309_srecko-ACIMOVIC-8-e1591795338977-1280x720-1.jpg","width":1280,"height":720},{"@type":"BreadcrumbList","@id":"https:\/\/tuzlainfo.ba\/index.php\/bosna-i-hercegovina\/item\/146756-srecko-acimovic-osudjen-na-sedam-godina-zatvora-zbog-pomaganja-u-genocidu-u-srebrenici\/#breadcrumb","itemListElement":[{"@type":"ListItem","position":1,"name":"Home","item":"https:\/\/tuzlainfo.ba\/"},{"@type":"ListItem","position":2,"name":"Sre\u0107ko A\u0107imovi\u0107 osu\u0111en na sedam godina zatvora zbog pomaganja u genocidu u Srebrenici"}]},{"@type":"WebSite","@id":"https:\/\/tuzlainfo.ba\/#website","url":"https:\/\/tuzlainfo.ba\/","name":"TuzlaInfo.ba","description":"Tuzla info, gradski informator - Tuzla na dlanu","publisher":{"@id":"https:\/\/tuzlainfo.ba\/#organization"},"potentialAction":[{"@type":"SearchAction","target":{"@type":"EntryPoint","urlTemplate":"https:\/\/tuzlainfo.ba\/?s={search_term_string}"},"query-input":{"@type":"PropertyValueSpecification","valueRequired":true,"valueName":"search_term_string"}}],"inLanguage":"bs-BA"},{"@type":"Organization","@id":"https:\/\/tuzlainfo.ba\/#organization","name":"TuzlaInfo.ba","url":"https:\/\/tuzlainfo.ba\/","logo":{"@type":"ImageObject","inLanguage":"bs-BA","@id":"https:\/\/tuzlainfo.ba\/#\/schema\/logo\/image\/","url":"https:\/\/tuzlainfo.ba\/wp-content\/uploads\/2021\/03\/logo-ver-3-1.png","contentUrl":"https:\/\/tuzlainfo.ba\/wp-content\/uploads\/2021\/03\/logo-ver-3-1.png","width":350,"height":95,"caption":"TuzlaInfo.ba"},"image":{"@id":"https:\/\/tuzlainfo.ba\/#\/schema\/logo\/image\/"},"sameAs":["https:\/\/www.facebook.com\/tuzlainfo.ba\/"]},{"@type":"Person","@id":"https:\/\/tuzlainfo.ba\/#\/schema\/person\/46cad4c57790cbc50781edd14870825a","name":"Tuzla Info","image":{"@type":"ImageObject","inLanguage":"bs-BA","@id":"https:\/\/tuzlainfo.ba\/#\/schema\/person\/image\/","url":"https:\/\/tuzlainfo.ba\/wp-content\/litespeed\/avatar\/b6c453a6c38e3654f2e4416c643fc25c.jpg?ver=1777656712","contentUrl":"https:\/\/tuzlainfo.ba\/wp-content\/litespeed\/avatar\/b6c453a6c38e3654f2e4416c643fc25c.jpg?ver=1777656712","caption":"Tuzla Info"}}]}},"_links":{"self":[{"href":"https:\/\/tuzlainfo.ba\/index.php\/wp-json\/wp\/v2\/posts\/146756"}],"collection":[{"href":"https:\/\/tuzlainfo.ba\/index.php\/wp-json\/wp\/v2\/posts"}],"about":[{"href":"https:\/\/tuzlainfo.ba\/index.php\/wp-json\/wp\/v2\/types\/post"}],"author":[{"embeddable":true,"href":"https:\/\/tuzlainfo.ba\/index.php\/wp-json\/wp\/v2\/users\/4"}],"replies":[{"embeddable":true,"href":"https:\/\/tuzlainfo.ba\/index.php\/wp-json\/wp\/v2\/comments?post=146756"}],"version-history":[{"count":0,"href":"https:\/\/tuzlainfo.ba\/index.php\/wp-json\/wp\/v2\/posts\/146756\/revisions"}],"wp:featuredmedia":[{"embeddable":true,"href":"https:\/\/tuzlainfo.ba\/index.php\/wp-json\/wp\/v2\/media\/146757"}],"wp:attachment":[{"href":"https:\/\/tuzlainfo.ba\/index.php\/wp-json\/wp\/v2\/media?parent=146756"}],"wp:term":[{"taxonomy":"category","embeddable":true,"href":"https:\/\/tuzlainfo.ba\/index.php\/wp-json\/wp\/v2\/categories?post=146756"},{"taxonomy":"post_tag","embeddable":true,"href":"https:\/\/tuzlainfo.ba\/index.php\/wp-json\/wp\/v2\/tags?post=146756"}],"curies":[{"name":"wp","href":"https:\/\/api.w.org\/{rel}","templated":true}]}}