{"id":146690,"date":"2021-09-02T21:38:13","date_gmt":"2021-09-02T19:38:13","guid":{"rendered":"https:\/\/tuzlainfo.ba\/?p=146690"},"modified":"2021-09-02T21:39:07","modified_gmt":"2021-09-02T19:39:07","slug":"bih-vec-u-cetvrtom-valu-pandemije-medju-vakcinisanim-najmanje-mladih-od-19-do-25-godina","status":"publish","type":"post","link":"https:\/\/tuzlainfo.ba\/index.php\/uncategorized\/item\/146690-bih-vec-u-cetvrtom-valu-pandemije-medju-vakcinisanim-najmanje-mladih-od-19-do-25-godina\/","title":{"rendered":"BIH ve\u0107 u \u010detvrtom valu pandemije: Me\u0111u vakcinisanim najmanje mladih od 19 do 25 godina"},"content":{"rendered":"<p>Sve slo\u017eenija epidemiolo\u0161ka situacija u BiH. Danas 554 novozara\u017eenie osobe i 26 smrtnih slu\u010dajeva. S porastom broja zara\u017eenih, gra\u0111ani se sve lak\u0161e odlu\u010duju na vakcinaciju. Ipak, od kolektivnog imuniteta jo\u0161 uvijek smo daleko, <a href=\"https:\/\/tuzlainfo.ba\/index.php\/bosna-i-hercegovina\/item\/146688-dodik-o-svom-negiranju-genocida-i-kad-bi-dobio-poziv-tuzilastva-ne-bi-se-odazvao\/\"><strong>pi\u0161e N1<\/strong><\/a>.<\/p>\n<p>Skoro 10 hiljada umrlih, veliki ekonomski gubici \u2013 sve je to rezultat epidemije korona virusa. Kako bi sprije\u010dili smrtne ishode i te\u017ee klini\u010dke slike, ka\u017eu epidemiolozi, rje\u0161enje je imunizacija. Na nju se odlu\u010dila i Senija Dupovac.<\/p>\n<p>\u201dPa brine me porast broja zara\u017eenih, jer sam pre\u017eivjela te\u0161ki oblik korone, pravo me brine\u2026 Sigurnije se osje\u0107am, normalno\u201d, kazala je Dupovac.<\/p>\n<p>U entitetu RS u potpunosti vakcinisano vi\u0161e od 200 hiljada ljudi, u Federaciji 20% stanovni\u0161tva. Kanton Sarajevo prednja\u010di po broju vakcinisanih.<\/p>\n<p>\u201dImali smo Pfizer vakcinu u utorak na Zetri gdje je potro\u0161eno svih 2.100 vakcina. Imamo i najavu da \u0107e idu\u0107e sedmice do\u0107i nove doze Pfizer vakcina. Tako da mo\u017ee se re\u0107i da je broj vakcinisanih u porastu, gra\u0111ani su svjesni situacije i da smo ve\u0107 u \u010detvrtom valu\u201d, istaknula je Mirna Pecikoza, glasnogovornica Ministarstva zdravstva KS.<\/p>\n<p>Za imunizaciju se najlak\u0161e odlu\u010duje, to pokazuju podaci, radno sposobno stanovni\u0161tvo. Najmanji interes za vakcinaciju pokazuju mladi od 19 do 25 godina. U Kantonu Sarajevo evidentirano je i 72 vakcinisanih maloljetnika iako u Federaciji to jo\u0161 nije odobreno.<\/p>\n<p>\u201dTih 72 je najvjerovatnije vakcinisano van kantona, obzirom da u KS nema preporuke da se djeca u KS vakcini\u0161u. Tako da ako do toga do\u0111e, do sada je potvr\u0111eno da se mogu vakcinisati Pfizerom i Modernom, za sada nemamo preporuke da ih vakcini\u0161emo\u201d,\u00a0istaknula je Mirna Pecikoza, glasnogovornica Ministarstva zdravstva KS.<\/p>\n<p>Zbog toga je ogor\u010den Sadet Pa\u010do. On se prije mjesec dana vakcinisao. Njegov maloljetni sin koji je rizi\u010dna skupina, jo\u0161 uvijek nije.<\/p>\n<p>\u201dNiko im ne mo\u017ee garantovati da mogu biti za\u0161ti\u0107eni, da ne\u0107e biti zara\u017eeni u \u0161koli \u2013 to je najgore. Pla\u0161im se normalno da se pla\u0161im\u2026 Njegov kolega koji ide u isti internet je iz Amerike i on je tamo vakcinisan jo\u0161 u prolje\u0107e\u201d,\u00a0kazao je roditelj Sadet Pa\u010do.<\/p>\n<p>U entitetu Republika Srpska vakcinacija djece je ve\u0107 odobrena. Nadle\u017ene u ovom entitetu u ovom trenutku najvi\u0161e brine \u0161irenje delta soja virusa.<\/p>\n<p>\u201dUpravo tamo gdje je najve\u0107i broj nevakcinisanih osoba virus se lak\u0161e prilago\u0111ava jer kod njih virus lak\u0161e izvr\u0161i svoje mutacije i na taj na\u010din se prave sojevi koji su otporniji jer on sebe tako trenira da bude ja\u010di i bolji i onda nastaje soj koji stvara veliki broj oboljelih. Vakcinisane osobe su uveliko za\u0161ti\u0107ene protiv svih sojeva koji trenutno postoje\u201d,\u00a0navela je Nina Rodi\u0107 Vukmir iz Instituta za javno zdravstvo RS.<\/p>\n<p>Sa druge strane uveliko proti\u010de i vakcinacija radnika u kompanijama, dok su sada vakcinisani i radnici na koridoru 5C.<\/p>\n<p>\u201dMa super, nema nikakvih problema. Pozivam gra\u0111ane da se vakcini\u0161u osje\u0107am se super, nije ni\u0161ta stra\u0161no, pozivam gra\u0111ane da izvr\u0161e imunizaciju, radi svog zdravlja, radi zdravlja svoje djece. Nije ni\u0161ta stra\u0161no\u201d,\u00a0kazao nam je jedan vakcinisani radnik.<\/p>\n<p>Dok se pove\u0107ava broj vakcinisanih, brojevi novozara\u017eenih drasti\u010dno rastu.<\/p>\n<p>\u201dBiH je uveliko u\u0161la u \u010detvrti val epidemije korona virusa, stoga je vakcinacija izuzetno va\u017ena, poru\u010duju epidemiolozi. Od po\u010detak usljed zaraze preminulo je vi\u0161e od devet hiljada osoba. Obzirom da vakcinacija, kako ka\u017eu epidemiolozi, spre\u010dava te\u017ee klini\u010dke slike ona je jedini put kojim treba da idu gra\u0111ani BiH\u201d, pi\u0161e N1.<\/p>\n","protected":false},"excerpt":{"rendered":"<p>Sve slo\u017eenija epidemiolo\u0161ka situacija u BiH. Danas 554 novozara\u017eenie osobe i 26 smrtnih slu\u010dajeva. S&hellip;<\/p>\n","protected":false},"author":2,"featured_media":87497,"comment_status":"open","ping_status":"closed","sticky":false,"template":"","format":"standard","meta":{"_acf_changed":false,"footnotes":""},"categories":[291,1],"tags":[946,366],"acf":[],"yoast_head":"<!-- This site is optimized with the Yoast SEO plugin v23.5 - https:\/\/yoast.com\/wordpress\/plugins\/seo\/ -->\n<title>BIH ve\u0107 u \u010detvrtom valu pandemije: Me\u0111u vakcinisanim najmanje mladih od 19 do 25 godina - TuzlaInfo.ba<\/title>\n<meta name=\"robots\" content=\"index, follow, max-snippet:-1, max-image-preview:large, max-video-preview:-1\" \/>\n<link rel=\"canonical\" href=\"https:\/\/tuzlainfo.ba\/index.php\/uncategorized\/item\/146690-bih-vec-u-cetvrtom-valu-pandemije-medju-vakcinisanim-najmanje-mladih-od-19-do-25-godina\/\" \/>\n<meta property=\"og:locale\" content=\"bs_BA\" \/>\n<meta property=\"og:type\" content=\"article\" \/>\n<meta property=\"og:title\" content=\"BIH ve\u0107 u \u010detvrtom valu pandemije: Me\u0111u vakcinisanim najmanje mladih od 19 do 25 godina - TuzlaInfo.ba\" \/>\n<meta property=\"og:description\" content=\"Sve slo\u017eenija epidemiolo\u0161ka situacija u BiH. Danas 554 novozara\u017eenie osobe i 26 smrtnih slu\u010dajeva. S&hellip;\" \/>\n<meta property=\"og:url\" content=\"https:\/\/tuzlainfo.ba\/index.php\/uncategorized\/item\/146690-bih-vec-u-cetvrtom-valu-pandemije-medju-vakcinisanim-najmanje-mladih-od-19-do-25-godina\/\" \/>\n<meta property=\"og:site_name\" content=\"TuzlaInfo.ba\" \/>\n<meta property=\"article:publisher\" content=\"https:\/\/www.facebook.com\/tuzlainfo.ba\/\" \/>\n<meta property=\"article:published_time\" content=\"2021-09-02T19:38:13+00:00\" \/>\n<meta property=\"article:modified_time\" content=\"2021-09-02T19:39:07+00:00\" \/>\n<meta property=\"og:image\" content=\"https:\/\/tuzlainfo.ba\/wp-content\/uploads\/2021\/03\/sadrzaj_2021_20210301_1903_vakcina2.jpg\" \/>\n\t<meta property=\"og:image:width\" content=\"770\" \/>\n\t<meta property=\"og:image:height\" content=\"495\" \/>\n\t<meta property=\"og:image:type\" content=\"image\/jpeg\" \/>\n<meta name=\"author\" content=\"nedim\" \/>\n<meta name=\"twitter:card\" content=\"summary_large_image\" \/>\n<meta name=\"twitter:label1\" content=\"Written by\" \/>\n\t<meta name=\"twitter:data1\" content=\"nedim\" \/>\n\t<meta name=\"twitter:label2\" content=\"Est. reading time\" \/>\n\t<meta name=\"twitter:data2\" content=\"3 minute\" \/>\n<script type=\"application\/ld+json\" class=\"yoast-schema-graph\">{\"@context\":\"https:\/\/schema.org\",\"@graph\":[{\"@type\":\"Article\",\"@id\":\"https:\/\/tuzlainfo.ba\/index.php\/uncategorized\/item\/146690-bih-vec-u-cetvrtom-valu-pandemije-medju-vakcinisanim-najmanje-mladih-od-19-do-25-godina\/#article\",\"isPartOf\":{\"@id\":\"https:\/\/tuzlainfo.ba\/index.php\/uncategorized\/item\/146690-bih-vec-u-cetvrtom-valu-pandemije-medju-vakcinisanim-najmanje-mladih-od-19-do-25-godina\/\"},\"author\":{\"name\":\"nedim\",\"@id\":\"https:\/\/tuzlainfo.ba\/#\/schema\/person\/f434e20dc27ea133923aab08451b7f7f\"},\"headline\":\"BIH ve\u0107 u \u010detvrtom valu pandemije: Me\u0111u vakcinisanim najmanje mladih od 19 do 25 godina\",\"datePublished\":\"2021-09-02T19:38:13+00:00\",\"dateModified\":\"2021-09-02T19:39:07+00:00\",\"mainEntityOfPage\":{\"@id\":\"https:\/\/tuzlainfo.ba\/index.php\/uncategorized\/item\/146690-bih-vec-u-cetvrtom-valu-pandemije-medju-vakcinisanim-najmanje-mladih-od-19-do-25-godina\/\"},\"wordCount\":621,\"commentCount\":0,\"publisher\":{\"@id\":\"https:\/\/tuzlainfo.ba\/#organization\"},\"image\":{\"@id\":\"https:\/\/tuzlainfo.ba\/index.php\/uncategorized\/item\/146690-bih-vec-u-cetvrtom-valu-pandemije-medju-vakcinisanim-najmanje-mladih-od-19-do-25-godina\/#primaryimage\"},\"thumbnailUrl\":\"https:\/\/tuzlainfo.ba\/wp-content\/uploads\/2021\/03\/sadrzaj_2021_20210301_1903_vakcina2.jpg\",\"keywords\":[\"covid 19\",\"vakcinacija\"],\"articleSection\":[\"Bosna i Hercegovina\",\"Uncategorized\"],\"inLanguage\":\"bs-BA\"},{\"@type\":\"WebPage\",\"@id\":\"https:\/\/tuzlainfo.ba\/index.php\/uncategorized\/item\/146690-bih-vec-u-cetvrtom-valu-pandemije-medju-vakcinisanim-najmanje-mladih-od-19-do-25-godina\/\",\"url\":\"https:\/\/tuzlainfo.ba\/index.php\/uncategorized\/item\/146690-bih-vec-u-cetvrtom-valu-pandemije-medju-vakcinisanim-najmanje-mladih-od-19-do-25-godina\/\",\"name\":\"BIH ve\u0107 u \u010detvrtom valu pandemije: Me\u0111u vakcinisanim najmanje mladih od 19 do 25 godina - TuzlaInfo.ba\",\"isPartOf\":{\"@id\":\"https:\/\/tuzlainfo.ba\/#website\"},\"primaryImageOfPage\":{\"@id\":\"https:\/\/tuzlainfo.ba\/index.php\/uncategorized\/item\/146690-bih-vec-u-cetvrtom-valu-pandemije-medju-vakcinisanim-najmanje-mladih-od-19-do-25-godina\/#primaryimage\"},\"image\":{\"@id\":\"https:\/\/tuzlainfo.ba\/index.php\/uncategorized\/item\/146690-bih-vec-u-cetvrtom-valu-pandemije-medju-vakcinisanim-najmanje-mladih-od-19-do-25-godina\/#primaryimage\"},\"thumbnailUrl\":\"https:\/\/tuzlainfo.ba\/wp-content\/uploads\/2021\/03\/sadrzaj_2021_20210301_1903_vakcina2.jpg\",\"datePublished\":\"2021-09-02T19:38:13+00:00\",\"dateModified\":\"2021-09-02T19:39:07+00:00\",\"breadcrumb\":{\"@id\":\"https:\/\/tuzlainfo.ba\/index.php\/uncategorized\/item\/146690-bih-vec-u-cetvrtom-valu-pandemije-medju-vakcinisanim-najmanje-mladih-od-19-do-25-godina\/#breadcrumb\"},\"inLanguage\":\"bs-BA\",\"potentialAction\":[{\"@type\":\"ReadAction\",\"target\":[\"https:\/\/tuzlainfo.ba\/index.php\/uncategorized\/item\/146690-bih-vec-u-cetvrtom-valu-pandemije-medju-vakcinisanim-najmanje-mladih-od-19-do-25-godina\/\"]}]},{\"@type\":\"ImageObject\",\"inLanguage\":\"bs-BA\",\"@id\":\"https:\/\/tuzlainfo.ba\/index.php\/uncategorized\/item\/146690-bih-vec-u-cetvrtom-valu-pandemije-medju-vakcinisanim-najmanje-mladih-od-19-do-25-godina\/#primaryimage\",\"url\":\"https:\/\/tuzlainfo.ba\/wp-content\/uploads\/2021\/03\/sadrzaj_2021_20210301_1903_vakcina2.jpg\",\"contentUrl\":\"https:\/\/tuzlainfo.ba\/wp-content\/uploads\/2021\/03\/sadrzaj_2021_20210301_1903_vakcina2.jpg\",\"width\":770,\"height\":495,\"caption\":\"1903 vakcina2\"},{\"@type\":\"BreadcrumbList\",\"@id\":\"https:\/\/tuzlainfo.ba\/index.php\/uncategorized\/item\/146690-bih-vec-u-cetvrtom-valu-pandemije-medju-vakcinisanim-najmanje-mladih-od-19-do-25-godina\/#breadcrumb\",\"itemListElement\":[{\"@type\":\"ListItem\",\"position\":1,\"name\":\"Home\",\"item\":\"https:\/\/tuzlainfo.ba\/\"},{\"@type\":\"ListItem\",\"position\":2,\"name\":\"BIH ve\u0107 u \u010detvrtom valu pandemije: Me\u0111u vakcinisanim najmanje mladih od 19 do 25 godina\"}]},{\"@type\":\"WebSite\",\"@id\":\"https:\/\/tuzlainfo.ba\/#website\",\"url\":\"https:\/\/tuzlainfo.ba\/\",\"name\":\"TuzlaInfo.ba\",\"description\":\"Tuzla info, gradski informator - Tuzla na dlanu\",\"publisher\":{\"@id\":\"https:\/\/tuzlainfo.ba\/#organization\"},\"potentialAction\":[{\"@type\":\"SearchAction\",\"target\":{\"@type\":\"EntryPoint\",\"urlTemplate\":\"https:\/\/tuzlainfo.ba\/?s={search_term_string}\"},\"query-input\":{\"@type\":\"PropertyValueSpecification\",\"valueRequired\":true,\"valueName\":\"search_term_string\"}}],\"inLanguage\":\"bs-BA\"},{\"@type\":\"Organization\",\"@id\":\"https:\/\/tuzlainfo.ba\/#organization\",\"name\":\"TuzlaInfo.ba\",\"url\":\"https:\/\/tuzlainfo.ba\/\",\"logo\":{\"@type\":\"ImageObject\",\"inLanguage\":\"bs-BA\",\"@id\":\"https:\/\/tuzlainfo.ba\/#\/schema\/logo\/image\/\",\"url\":\"https:\/\/tuzlainfo.ba\/wp-content\/uploads\/2021\/03\/logo-ver-3-1.png\",\"contentUrl\":\"https:\/\/tuzlainfo.ba\/wp-content\/uploads\/2021\/03\/logo-ver-3-1.png\",\"width\":350,\"height\":95,\"caption\":\"TuzlaInfo.ba\"},\"image\":{\"@id\":\"https:\/\/tuzlainfo.ba\/#\/schema\/logo\/image\/\"},\"sameAs\":[\"https:\/\/www.facebook.com\/tuzlainfo.ba\/\"]},{\"@type\":\"Person\",\"@id\":\"https:\/\/tuzlainfo.ba\/#\/schema\/person\/f434e20dc27ea133923aab08451b7f7f\",\"name\":\"nedim\",\"image\":{\"@type\":\"ImageObject\",\"inLanguage\":\"bs-BA\",\"@id\":\"https:\/\/tuzlainfo.ba\/#\/schema\/person\/image\/\",\"url\":\"https:\/\/tuzlainfo.ba\/wp-content\/litespeed\/avatar\/aabad687af24844af817603ac1cbdc4f.jpg?ver=1777306975\",\"contentUrl\":\"https:\/\/tuzlainfo.ba\/wp-content\/litespeed\/avatar\/aabad687af24844af817603ac1cbdc4f.jpg?ver=1777306975\",\"caption\":\"nedim\"},\"description\":\"Tuzlainfo.ba pratite na dru\u0161tvenim mre\u017eama: Facebook, Instagram i Youtube. Svoje pri\u010de, upite i fotografije \u0161aljite na na\u0161u e-mail adresu.\"}]}<\/script>\n<!-- \/ Yoast SEO plugin. -->","yoast_head_json":{"title":"BIH ve\u0107 u \u010detvrtom valu pandemije: Me\u0111u vakcinisanim najmanje mladih od 19 do 25 godina - TuzlaInfo.ba","robots":{"index":"index","follow":"follow","max-snippet":"max-snippet:-1","max-image-preview":"max-image-preview:large","max-video-preview":"max-video-preview:-1"},"canonical":"https:\/\/tuzlainfo.ba\/index.php\/uncategorized\/item\/146690-bih-vec-u-cetvrtom-valu-pandemije-medju-vakcinisanim-najmanje-mladih-od-19-do-25-godina\/","og_locale":"bs_BA","og_type":"article","og_title":"BIH ve\u0107 u \u010detvrtom valu pandemije: Me\u0111u vakcinisanim najmanje mladih od 19 do 25 godina - TuzlaInfo.ba","og_description":"Sve slo\u017eenija epidemiolo\u0161ka situacija u BiH. Danas 554 novozara\u017eenie osobe i 26 smrtnih slu\u010dajeva. S&hellip;","og_url":"https:\/\/tuzlainfo.ba\/index.php\/uncategorized\/item\/146690-bih-vec-u-cetvrtom-valu-pandemije-medju-vakcinisanim-najmanje-mladih-od-19-do-25-godina\/","og_site_name":"TuzlaInfo.ba","article_publisher":"https:\/\/www.facebook.com\/tuzlainfo.ba\/","article_published_time":"2021-09-02T19:38:13+00:00","article_modified_time":"2021-09-02T19:39:07+00:00","og_image":[{"width":770,"height":495,"url":"https:\/\/tuzlainfo.ba\/wp-content\/uploads\/2021\/03\/sadrzaj_2021_20210301_1903_vakcina2.jpg","type":"image\/jpeg"}],"author":"nedim","twitter_card":"summary_large_image","twitter_misc":{"Written by":"nedim","Est. reading time":"3 minute"},"schema":{"@context":"https:\/\/schema.org","@graph":[{"@type":"Article","@id":"https:\/\/tuzlainfo.ba\/index.php\/uncategorized\/item\/146690-bih-vec-u-cetvrtom-valu-pandemije-medju-vakcinisanim-najmanje-mladih-od-19-do-25-godina\/#article","isPartOf":{"@id":"https:\/\/tuzlainfo.ba\/index.php\/uncategorized\/item\/146690-bih-vec-u-cetvrtom-valu-pandemije-medju-vakcinisanim-najmanje-mladih-od-19-do-25-godina\/"},"author":{"name":"nedim","@id":"https:\/\/tuzlainfo.ba\/#\/schema\/person\/f434e20dc27ea133923aab08451b7f7f"},"headline":"BIH ve\u0107 u \u010detvrtom valu pandemije: Me\u0111u vakcinisanim najmanje mladih od 19 do 25 godina","datePublished":"2021-09-02T19:38:13+00:00","dateModified":"2021-09-02T19:39:07+00:00","mainEntityOfPage":{"@id":"https:\/\/tuzlainfo.ba\/index.php\/uncategorized\/item\/146690-bih-vec-u-cetvrtom-valu-pandemije-medju-vakcinisanim-najmanje-mladih-od-19-do-25-godina\/"},"wordCount":621,"commentCount":0,"publisher":{"@id":"https:\/\/tuzlainfo.ba\/#organization"},"image":{"@id":"https:\/\/tuzlainfo.ba\/index.php\/uncategorized\/item\/146690-bih-vec-u-cetvrtom-valu-pandemije-medju-vakcinisanim-najmanje-mladih-od-19-do-25-godina\/#primaryimage"},"thumbnailUrl":"https:\/\/tuzlainfo.ba\/wp-content\/uploads\/2021\/03\/sadrzaj_2021_20210301_1903_vakcina2.jpg","keywords":["covid 19","vakcinacija"],"articleSection":["Bosna i Hercegovina","Uncategorized"],"inLanguage":"bs-BA"},{"@type":"WebPage","@id":"https:\/\/tuzlainfo.ba\/index.php\/uncategorized\/item\/146690-bih-vec-u-cetvrtom-valu-pandemije-medju-vakcinisanim-najmanje-mladih-od-19-do-25-godina\/","url":"https:\/\/tuzlainfo.ba\/index.php\/uncategorized\/item\/146690-bih-vec-u-cetvrtom-valu-pandemije-medju-vakcinisanim-najmanje-mladih-od-19-do-25-godina\/","name":"BIH ve\u0107 u \u010detvrtom valu pandemije: Me\u0111u vakcinisanim najmanje mladih od 19 do 25 godina - TuzlaInfo.ba","isPartOf":{"@id":"https:\/\/tuzlainfo.ba\/#website"},"primaryImageOfPage":{"@id":"https:\/\/tuzlainfo.ba\/index.php\/uncategorized\/item\/146690-bih-vec-u-cetvrtom-valu-pandemije-medju-vakcinisanim-najmanje-mladih-od-19-do-25-godina\/#primaryimage"},"image":{"@id":"https:\/\/tuzlainfo.ba\/index.php\/uncategorized\/item\/146690-bih-vec-u-cetvrtom-valu-pandemije-medju-vakcinisanim-najmanje-mladih-od-19-do-25-godina\/#primaryimage"},"thumbnailUrl":"https:\/\/tuzlainfo.ba\/wp-content\/uploads\/2021\/03\/sadrzaj_2021_20210301_1903_vakcina2.jpg","datePublished":"2021-09-02T19:38:13+00:00","dateModified":"2021-09-02T19:39:07+00:00","breadcrumb":{"@id":"https:\/\/tuzlainfo.ba\/index.php\/uncategorized\/item\/146690-bih-vec-u-cetvrtom-valu-pandemije-medju-vakcinisanim-najmanje-mladih-od-19-do-25-godina\/#breadcrumb"},"inLanguage":"bs-BA","potentialAction":[{"@type":"ReadAction","target":["https:\/\/tuzlainfo.ba\/index.php\/uncategorized\/item\/146690-bih-vec-u-cetvrtom-valu-pandemije-medju-vakcinisanim-najmanje-mladih-od-19-do-25-godina\/"]}]},{"@type":"ImageObject","inLanguage":"bs-BA","@id":"https:\/\/tuzlainfo.ba\/index.php\/uncategorized\/item\/146690-bih-vec-u-cetvrtom-valu-pandemije-medju-vakcinisanim-najmanje-mladih-od-19-do-25-godina\/#primaryimage","url":"https:\/\/tuzlainfo.ba\/wp-content\/uploads\/2021\/03\/sadrzaj_2021_20210301_1903_vakcina2.jpg","contentUrl":"https:\/\/tuzlainfo.ba\/wp-content\/uploads\/2021\/03\/sadrzaj_2021_20210301_1903_vakcina2.jpg","width":770,"height":495,"caption":"1903 vakcina2"},{"@type":"BreadcrumbList","@id":"https:\/\/tuzlainfo.ba\/index.php\/uncategorized\/item\/146690-bih-vec-u-cetvrtom-valu-pandemije-medju-vakcinisanim-najmanje-mladih-od-19-do-25-godina\/#breadcrumb","itemListElement":[{"@type":"ListItem","position":1,"name":"Home","item":"https:\/\/tuzlainfo.ba\/"},{"@type":"ListItem","position":2,"name":"BIH ve\u0107 u \u010detvrtom valu pandemije: Me\u0111u vakcinisanim najmanje mladih od 19 do 25 godina"}]},{"@type":"WebSite","@id":"https:\/\/tuzlainfo.ba\/#website","url":"https:\/\/tuzlainfo.ba\/","name":"TuzlaInfo.ba","description":"Tuzla info, gradski informator - Tuzla na dlanu","publisher":{"@id":"https:\/\/tuzlainfo.ba\/#organization"},"potentialAction":[{"@type":"SearchAction","target":{"@type":"EntryPoint","urlTemplate":"https:\/\/tuzlainfo.ba\/?s={search_term_string}"},"query-input":{"@type":"PropertyValueSpecification","valueRequired":true,"valueName":"search_term_string"}}],"inLanguage":"bs-BA"},{"@type":"Organization","@id":"https:\/\/tuzlainfo.ba\/#organization","name":"TuzlaInfo.ba","url":"https:\/\/tuzlainfo.ba\/","logo":{"@type":"ImageObject","inLanguage":"bs-BA","@id":"https:\/\/tuzlainfo.ba\/#\/schema\/logo\/image\/","url":"https:\/\/tuzlainfo.ba\/wp-content\/uploads\/2021\/03\/logo-ver-3-1.png","contentUrl":"https:\/\/tuzlainfo.ba\/wp-content\/uploads\/2021\/03\/logo-ver-3-1.png","width":350,"height":95,"caption":"TuzlaInfo.ba"},"image":{"@id":"https:\/\/tuzlainfo.ba\/#\/schema\/logo\/image\/"},"sameAs":["https:\/\/www.facebook.com\/tuzlainfo.ba\/"]},{"@type":"Person","@id":"https:\/\/tuzlainfo.ba\/#\/schema\/person\/f434e20dc27ea133923aab08451b7f7f","name":"nedim","image":{"@type":"ImageObject","inLanguage":"bs-BA","@id":"https:\/\/tuzlainfo.ba\/#\/schema\/person\/image\/","url":"https:\/\/tuzlainfo.ba\/wp-content\/litespeed\/avatar\/aabad687af24844af817603ac1cbdc4f.jpg?ver=1777306975","contentUrl":"https:\/\/tuzlainfo.ba\/wp-content\/litespeed\/avatar\/aabad687af24844af817603ac1cbdc4f.jpg?ver=1777306975","caption":"nedim"},"description":"Tuzlainfo.ba pratite na dru\u0161tvenim mre\u017eama: Facebook, Instagram i Youtube. Svoje pri\u010de, upite i fotografije \u0161aljite na na\u0161u e-mail adresu."}]}},"_links":{"self":[{"href":"https:\/\/tuzlainfo.ba\/index.php\/wp-json\/wp\/v2\/posts\/146690"}],"collection":[{"href":"https:\/\/tuzlainfo.ba\/index.php\/wp-json\/wp\/v2\/posts"}],"about":[{"href":"https:\/\/tuzlainfo.ba\/index.php\/wp-json\/wp\/v2\/types\/post"}],"author":[{"embeddable":true,"href":"https:\/\/tuzlainfo.ba\/index.php\/wp-json\/wp\/v2\/users\/2"}],"replies":[{"embeddable":true,"href":"https:\/\/tuzlainfo.ba\/index.php\/wp-json\/wp\/v2\/comments?post=146690"}],"version-history":[{"count":0,"href":"https:\/\/tuzlainfo.ba\/index.php\/wp-json\/wp\/v2\/posts\/146690\/revisions"}],"wp:featuredmedia":[{"embeddable":true,"href":"https:\/\/tuzlainfo.ba\/index.php\/wp-json\/wp\/v2\/media\/87497"}],"wp:attachment":[{"href":"https:\/\/tuzlainfo.ba\/index.php\/wp-json\/wp\/v2\/media?parent=146690"}],"wp:term":[{"taxonomy":"category","embeddable":true,"href":"https:\/\/tuzlainfo.ba\/index.php\/wp-json\/wp\/v2\/categories?post=146690"},{"taxonomy":"post_tag","embeddable":true,"href":"https:\/\/tuzlainfo.ba\/index.php\/wp-json\/wp\/v2\/tags?post=146690"}],"curies":[{"name":"wp","href":"https:\/\/api.w.org\/{rel}","templated":true}]}}