{"id":146536,"date":"2021-09-01T14:45:54","date_gmt":"2021-09-01T12:45:54","guid":{"rendered":"https:\/\/tuzlainfo.ba\/?p=146536"},"modified":"2021-09-01T18:54:58","modified_gmt":"2021-09-01T16:54:58","slug":"bez-odluke-o-privremenom-finansiranju-hiljade-bh-gradjana-nece-primiti-platu","status":"publish","type":"post","link":"https:\/\/tuzlainfo.ba\/index.php\/bosna-i-hercegovina\/item\/146536-bez-odluke-o-privremenom-finansiranju-hiljade-bh-gradjana-nece-primiti-platu\/","title":{"rendered":"Bez odluke o privremenom finansiranju, hiljade bh. gra\u0111ana ne\u0107e primiti platu"},"content":{"rendered":"<div id=\"excerpt\" class=\"mt-5 md:mt-2 xl:mt-3 mb-5 font-sans font-semibold text-lg lg:text-xl leading-6 md:leading-7\">\n<p class=\"lead\">Na dana\u0161njem konsultativnom sastanku predsjedavaju\u0107eg Predstavni\u010dkog doma Denisa Zvizdi\u0107a s \u010dlanovima Kolegijuma Predstavni\u010dkog doma PSBiH i predsjedavaju\u0107im klubova poslanika nisu do\u0161li predstavnici srpskih nacionalnih stranaka.<\/p>\n<\/div>\n<div id=\"text\" class=\"break-words mt-3 prose prose-md prose-indigo text-lg lg:text-xl space-y-4 mb-3 leading-6 md:leading-7\">\n<p>&#8220;Sastanku na\u017ealost nisu prisustvovali predsjednici klubova stranaka koji dolaze iz bh. entiteta Republika Srpska, iako smo svi o\u010dekivali njihovo prisustvo, imaju\u0107i u vidu da je gospodin Dodik kao \u010dlan Predsjedni\u0161tva BiH ju\u010der prisustvovao sjednici Predsjedni\u0161tva BiH. Smatram, da su danas trebali prisustvovati sastanku, kako bi se dogovorili o dinamici daljeg rade najve\u0107eg zakonodavnog organa u BiH&#8221;, rekao je Denis Zvizdi\u0107 zamjenik predsjedavaju\u0107eg Predstavni\u010dkom doma PS BiH.<\/p>\n<p>Dodao je da je sjednica trebala biti odr\u017eana krajem juna pa su je prolongirali u poku\u0161aju da na\u0111u rje\u0161enje i otklone zastoj u radu. Podsjetio je na odredbu pravilnika da zastupnici imaju pravo i obavezu prisustvovanja sjednicama parlamenta i sjednicama nadle\u017enih institucija.<\/p>\n<p>&#8220;Mi smo se naravno danas dogovorili da \u0107emo sredinom septembra ogranizovati odr\u017eavanje sjednice zastupni\u010dkog doma PS BiH jer na dnevnom redu imamo nekoliko va\u017enih zakona. Posebno bi istakao pitanje bud\u017eeta institucija BiH. To je drugi krug glasanja, amandmanska faza je zavr\u0161ena i svi smatramo da bud\u017eet institucija mora biti i treba biti usvojen. On je trebao davno biti usvojen&#8221;, naglasio je Zvizdi\u0107.<\/p>\n<p>Zvizdi\u0107 je dodao da ovakvim pona\u0161anjem trpe svi gra\u0111ani te ako do kraja septembra ne bude donijeta odluka o privremenom finansiranju preko 7000 zaposlenih u institucija Bosne i Hercegovine iz Republike Srpske ne\u0107e primiti plate. Zapitao se ko je taj koji \u0107e ponijeti taj dio odgovornosti.<\/p>\n<p>Nakon toga javnosti se obratio \u010dlan Demokratske fronte D\u017eenan \u0110onlagi\u0107 i zastupnik u Predstavni\u010dkom domu PS BiH.<\/p>\n<p>&#8220;Bud\u017eet za 2021. godinu nije jo\u0161 uvijek usvojen \u0161to zna\u010di da \u0107e za isplatu svih sredstava za period oktobar\/decembar 2021. biti potrebna nova odluka Vije\u0107a ministara&#8221;, rekao je \u0110onlagi\u0107.<\/p>\n<p>Dodao je da jedino ministar finansija i trezora mo\u017ee na osnovu nove odluke Vije\u0107a ministara o privremenom finansiranju za posljednji kvartal isplatiti obaveze prema zaposlenim na dr\u017eavnom nivou.<\/p>\n<p>&#8220;Ovo nedono\u0161enje bud\u017eeta se pokrivalo odlukama o privremenom finansiranju za cijelu 2021 godinu i bila je pokrivena odlukama Vije\u0107a ministara za period od 01.01 do 30.09. Ozbiljna finansijska implikacija se mo\u017ee desiti za posljednji kvartal teku\u0107e godine ukoliko se nastavi bojkot funksionisanja Vije\u0107a ministara ali i PS BiH. Dakle ukoliko Vije\u0107e ministara ne odr\u017ei sjednicu do 30. 9 do 01.10 bit \u0107e problem isplate svih nov\u010danih sredstava onih koji su zaposleni u institucijama BiH.&#8221;, zaklju\u010dio je \u0110onlagi\u0107.<\/p>\n<\/div>\n<p>Tuzlainfo\/Klix.ba<\/p>\n","protected":false},"excerpt":{"rendered":"<p>Na dana\u0161njem konsultativnom sastanku predsjedavaju\u0107eg Predstavni\u010dkog doma Denisa Zvizdi\u0107a s \u010dlanovima Kolegijuma Predstavni\u010dkog doma PSBiH&hellip;<\/p>\n","protected":false},"author":4,"featured_media":143106,"comment_status":"open","ping_status":"closed","sticky":false,"template":"","format":"standard","meta":{"_acf_changed":false,"footnotes":""},"categories":[291,304],"tags":[2456,2455],"acf":[],"yoast_head":"<!-- This site is optimized with the Yoast SEO plugin v23.5 - https:\/\/yoast.com\/wordpress\/plugins\/seo\/ -->\n<title>Bez odluke o privremenom finansiranju, hiljade bh. gra\u0111ana ne\u0107e primiti platu - TuzlaInfo.ba<\/title>\n<meta name=\"robots\" content=\"index, follow, max-snippet:-1, max-image-preview:large, max-video-preview:-1\" \/>\n<link rel=\"canonical\" href=\"https:\/\/tuzlainfo.ba\/index.php\/bosna-i-hercegovina\/item\/146536-bez-odluke-o-privremenom-finansiranju-hiljade-bh-gradjana-nece-primiti-platu\/\" \/>\n<meta property=\"og:locale\" content=\"bs_BA\" \/>\n<meta property=\"og:type\" content=\"article\" \/>\n<meta property=\"og:title\" content=\"Bez odluke o privremenom finansiranju, hiljade bh. gra\u0111ana ne\u0107e primiti platu - TuzlaInfo.ba\" \/>\n<meta property=\"og:description\" content=\"Na dana\u0161njem konsultativnom sastanku predsjedavaju\u0107eg Predstavni\u010dkog doma Denisa Zvizdi\u0107a s \u010dlanovima Kolegijuma Predstavni\u010dkog doma PSBiH&hellip;\" \/>\n<meta property=\"og:url\" content=\"https:\/\/tuzlainfo.ba\/index.php\/bosna-i-hercegovina\/item\/146536-bez-odluke-o-privremenom-finansiranju-hiljade-bh-gradjana-nece-primiti-platu\/\" \/>\n<meta property=\"og:site_name\" content=\"TuzlaInfo.ba\" \/>\n<meta property=\"article:publisher\" content=\"https:\/\/www.facebook.com\/tuzlainfo.ba\/\" \/>\n<meta property=\"article:published_time\" content=\"2021-09-01T12:45:54+00:00\" \/>\n<meta property=\"article:modified_time\" content=\"2021-09-01T16:54:58+00:00\" \/>\n<meta property=\"og:image\" content=\"https:\/\/tuzlainfo.ba\/wp-content\/uploads\/2021\/07\/2707_parlament-bih.jpg\" \/>\n\t<meta property=\"og:image:width\" content=\"800\" \/>\n\t<meta property=\"og:image:height\" content=\"533\" \/>\n\t<meta property=\"og:image:type\" content=\"image\/jpeg\" \/>\n<meta name=\"author\" content=\"Tuzla Info\" \/>\n<meta name=\"twitter:card\" content=\"summary_large_image\" \/>\n<meta name=\"twitter:label1\" content=\"Written by\" \/>\n\t<meta name=\"twitter:data1\" content=\"Tuzla Info\" \/>\n\t<meta name=\"twitter:label2\" content=\"Est. reading time\" \/>\n\t<meta name=\"twitter:data2\" content=\"2 minute\" \/>\n<script type=\"application\/ld+json\" class=\"yoast-schema-graph\">{\"@context\":\"https:\/\/schema.org\",\"@graph\":[{\"@type\":\"Article\",\"@id\":\"https:\/\/tuzlainfo.ba\/index.php\/bosna-i-hercegovina\/item\/146536-bez-odluke-o-privremenom-finansiranju-hiljade-bh-gradjana-nece-primiti-platu\/#article\",\"isPartOf\":{\"@id\":\"https:\/\/tuzlainfo.ba\/index.php\/bosna-i-hercegovina\/item\/146536-bez-odluke-o-privremenom-finansiranju-hiljade-bh-gradjana-nece-primiti-platu\/\"},\"author\":{\"name\":\"Tuzla Info\",\"@id\":\"https:\/\/tuzlainfo.ba\/#\/schema\/person\/46cad4c57790cbc50781edd14870825a\"},\"headline\":\"Bez odluke o privremenom finansiranju, hiljade bh. gra\u0111ana ne\u0107e primiti platu\",\"datePublished\":\"2021-09-01T12:45:54+00:00\",\"dateModified\":\"2021-09-01T16:54:58+00:00\",\"mainEntityOfPage\":{\"@id\":\"https:\/\/tuzlainfo.ba\/index.php\/bosna-i-hercegovina\/item\/146536-bez-odluke-o-privremenom-finansiranju-hiljade-bh-gradjana-nece-primiti-platu\/\"},\"wordCount\":448,\"commentCount\":0,\"publisher\":{\"@id\":\"https:\/\/tuzlainfo.ba\/#organization\"},\"image\":{\"@id\":\"https:\/\/tuzlainfo.ba\/index.php\/bosna-i-hercegovina\/item\/146536-bez-odluke-o-privremenom-finansiranju-hiljade-bh-gradjana-nece-primiti-platu\/#primaryimage\"},\"thumbnailUrl\":\"https:\/\/tuzlainfo.ba\/wp-content\/uploads\/2021\/07\/2707_parlament-bih.jpg\",\"keywords\":[\"blokada institucija\",\"privremeno finansiranje\"],\"articleSection\":[\"Bosna i Hercegovina\",\"Istaknuto\"],\"inLanguage\":\"bs-BA\"},{\"@type\":\"WebPage\",\"@id\":\"https:\/\/tuzlainfo.ba\/index.php\/bosna-i-hercegovina\/item\/146536-bez-odluke-o-privremenom-finansiranju-hiljade-bh-gradjana-nece-primiti-platu\/\",\"url\":\"https:\/\/tuzlainfo.ba\/index.php\/bosna-i-hercegovina\/item\/146536-bez-odluke-o-privremenom-finansiranju-hiljade-bh-gradjana-nece-primiti-platu\/\",\"name\":\"Bez odluke o privremenom finansiranju, hiljade bh. gra\u0111ana ne\u0107e primiti platu - TuzlaInfo.ba\",\"isPartOf\":{\"@id\":\"https:\/\/tuzlainfo.ba\/#website\"},\"primaryImageOfPage\":{\"@id\":\"https:\/\/tuzlainfo.ba\/index.php\/bosna-i-hercegovina\/item\/146536-bez-odluke-o-privremenom-finansiranju-hiljade-bh-gradjana-nece-primiti-platu\/#primaryimage\"},\"image\":{\"@id\":\"https:\/\/tuzlainfo.ba\/index.php\/bosna-i-hercegovina\/item\/146536-bez-odluke-o-privremenom-finansiranju-hiljade-bh-gradjana-nece-primiti-platu\/#primaryimage\"},\"thumbnailUrl\":\"https:\/\/tuzlainfo.ba\/wp-content\/uploads\/2021\/07\/2707_parlament-bih.jpg\",\"datePublished\":\"2021-09-01T12:45:54+00:00\",\"dateModified\":\"2021-09-01T16:54:58+00:00\",\"breadcrumb\":{\"@id\":\"https:\/\/tuzlainfo.ba\/index.php\/bosna-i-hercegovina\/item\/146536-bez-odluke-o-privremenom-finansiranju-hiljade-bh-gradjana-nece-primiti-platu\/#breadcrumb\"},\"inLanguage\":\"bs-BA\",\"potentialAction\":[{\"@type\":\"ReadAction\",\"target\":[\"https:\/\/tuzlainfo.ba\/index.php\/bosna-i-hercegovina\/item\/146536-bez-odluke-o-privremenom-finansiranju-hiljade-bh-gradjana-nece-primiti-platu\/\"]}]},{\"@type\":\"ImageObject\",\"inLanguage\":\"bs-BA\",\"@id\":\"https:\/\/tuzlainfo.ba\/index.php\/bosna-i-hercegovina\/item\/146536-bez-odluke-o-privremenom-finansiranju-hiljade-bh-gradjana-nece-primiti-platu\/#primaryimage\",\"url\":\"https:\/\/tuzlainfo.ba\/wp-content\/uploads\/2021\/07\/2707_parlament-bih.jpg\",\"contentUrl\":\"https:\/\/tuzlainfo.ba\/wp-content\/uploads\/2021\/07\/2707_parlament-bih.jpg\",\"width\":800,\"height\":533},{\"@type\":\"BreadcrumbList\",\"@id\":\"https:\/\/tuzlainfo.ba\/index.php\/bosna-i-hercegovina\/item\/146536-bez-odluke-o-privremenom-finansiranju-hiljade-bh-gradjana-nece-primiti-platu\/#breadcrumb\",\"itemListElement\":[{\"@type\":\"ListItem\",\"position\":1,\"name\":\"Home\",\"item\":\"https:\/\/tuzlainfo.ba\/\"},{\"@type\":\"ListItem\",\"position\":2,\"name\":\"Bez odluke o privremenom finansiranju, hiljade bh. gra\u0111ana ne\u0107e primiti platu\"}]},{\"@type\":\"WebSite\",\"@id\":\"https:\/\/tuzlainfo.ba\/#website\",\"url\":\"https:\/\/tuzlainfo.ba\/\",\"name\":\"TuzlaInfo.ba\",\"description\":\"Tuzla info, gradski informator - Tuzla na dlanu\",\"publisher\":{\"@id\":\"https:\/\/tuzlainfo.ba\/#organization\"},\"potentialAction\":[{\"@type\":\"SearchAction\",\"target\":{\"@type\":\"EntryPoint\",\"urlTemplate\":\"https:\/\/tuzlainfo.ba\/?s={search_term_string}\"},\"query-input\":{\"@type\":\"PropertyValueSpecification\",\"valueRequired\":true,\"valueName\":\"search_term_string\"}}],\"inLanguage\":\"bs-BA\"},{\"@type\":\"Organization\",\"@id\":\"https:\/\/tuzlainfo.ba\/#organization\",\"name\":\"TuzlaInfo.ba\",\"url\":\"https:\/\/tuzlainfo.ba\/\",\"logo\":{\"@type\":\"ImageObject\",\"inLanguage\":\"bs-BA\",\"@id\":\"https:\/\/tuzlainfo.ba\/#\/schema\/logo\/image\/\",\"url\":\"https:\/\/tuzlainfo.ba\/wp-content\/uploads\/2021\/03\/logo-ver-3-1.png\",\"contentUrl\":\"https:\/\/tuzlainfo.ba\/wp-content\/uploads\/2021\/03\/logo-ver-3-1.png\",\"width\":350,\"height\":95,\"caption\":\"TuzlaInfo.ba\"},\"image\":{\"@id\":\"https:\/\/tuzlainfo.ba\/#\/schema\/logo\/image\/\"},\"sameAs\":[\"https:\/\/www.facebook.com\/tuzlainfo.ba\/\"]},{\"@type\":\"Person\",\"@id\":\"https:\/\/tuzlainfo.ba\/#\/schema\/person\/46cad4c57790cbc50781edd14870825a\",\"name\":\"Tuzla Info\",\"image\":{\"@type\":\"ImageObject\",\"inLanguage\":\"bs-BA\",\"@id\":\"https:\/\/tuzlainfo.ba\/#\/schema\/person\/image\/\",\"url\":\"https:\/\/tuzlainfo.ba\/wp-content\/litespeed\/avatar\/b6c453a6c38e3654f2e4416c643fc25c.jpg?ver=1777656712\",\"contentUrl\":\"https:\/\/tuzlainfo.ba\/wp-content\/litespeed\/avatar\/b6c453a6c38e3654f2e4416c643fc25c.jpg?ver=1777656712\",\"caption\":\"Tuzla Info\"}}]}<\/script>\n<!-- \/ Yoast SEO plugin. -->","yoast_head_json":{"title":"Bez odluke o privremenom finansiranju, hiljade bh. gra\u0111ana ne\u0107e primiti platu - TuzlaInfo.ba","robots":{"index":"index","follow":"follow","max-snippet":"max-snippet:-1","max-image-preview":"max-image-preview:large","max-video-preview":"max-video-preview:-1"},"canonical":"https:\/\/tuzlainfo.ba\/index.php\/bosna-i-hercegovina\/item\/146536-bez-odluke-o-privremenom-finansiranju-hiljade-bh-gradjana-nece-primiti-platu\/","og_locale":"bs_BA","og_type":"article","og_title":"Bez odluke o privremenom finansiranju, hiljade bh. gra\u0111ana ne\u0107e primiti platu - TuzlaInfo.ba","og_description":"Na dana\u0161njem konsultativnom sastanku predsjedavaju\u0107eg Predstavni\u010dkog doma Denisa Zvizdi\u0107a s \u010dlanovima Kolegijuma Predstavni\u010dkog doma PSBiH&hellip;","og_url":"https:\/\/tuzlainfo.ba\/index.php\/bosna-i-hercegovina\/item\/146536-bez-odluke-o-privremenom-finansiranju-hiljade-bh-gradjana-nece-primiti-platu\/","og_site_name":"TuzlaInfo.ba","article_publisher":"https:\/\/www.facebook.com\/tuzlainfo.ba\/","article_published_time":"2021-09-01T12:45:54+00:00","article_modified_time":"2021-09-01T16:54:58+00:00","og_image":[{"width":800,"height":533,"url":"https:\/\/tuzlainfo.ba\/wp-content\/uploads\/2021\/07\/2707_parlament-bih.jpg","type":"image\/jpeg"}],"author":"Tuzla Info","twitter_card":"summary_large_image","twitter_misc":{"Written by":"Tuzla Info","Est. reading time":"2 minute"},"schema":{"@context":"https:\/\/schema.org","@graph":[{"@type":"Article","@id":"https:\/\/tuzlainfo.ba\/index.php\/bosna-i-hercegovina\/item\/146536-bez-odluke-o-privremenom-finansiranju-hiljade-bh-gradjana-nece-primiti-platu\/#article","isPartOf":{"@id":"https:\/\/tuzlainfo.ba\/index.php\/bosna-i-hercegovina\/item\/146536-bez-odluke-o-privremenom-finansiranju-hiljade-bh-gradjana-nece-primiti-platu\/"},"author":{"name":"Tuzla Info","@id":"https:\/\/tuzlainfo.ba\/#\/schema\/person\/46cad4c57790cbc50781edd14870825a"},"headline":"Bez odluke o privremenom finansiranju, hiljade bh. gra\u0111ana ne\u0107e primiti platu","datePublished":"2021-09-01T12:45:54+00:00","dateModified":"2021-09-01T16:54:58+00:00","mainEntityOfPage":{"@id":"https:\/\/tuzlainfo.ba\/index.php\/bosna-i-hercegovina\/item\/146536-bez-odluke-o-privremenom-finansiranju-hiljade-bh-gradjana-nece-primiti-platu\/"},"wordCount":448,"commentCount":0,"publisher":{"@id":"https:\/\/tuzlainfo.ba\/#organization"},"image":{"@id":"https:\/\/tuzlainfo.ba\/index.php\/bosna-i-hercegovina\/item\/146536-bez-odluke-o-privremenom-finansiranju-hiljade-bh-gradjana-nece-primiti-platu\/#primaryimage"},"thumbnailUrl":"https:\/\/tuzlainfo.ba\/wp-content\/uploads\/2021\/07\/2707_parlament-bih.jpg","keywords":["blokada institucija","privremeno finansiranje"],"articleSection":["Bosna i Hercegovina","Istaknuto"],"inLanguage":"bs-BA"},{"@type":"WebPage","@id":"https:\/\/tuzlainfo.ba\/index.php\/bosna-i-hercegovina\/item\/146536-bez-odluke-o-privremenom-finansiranju-hiljade-bh-gradjana-nece-primiti-platu\/","url":"https:\/\/tuzlainfo.ba\/index.php\/bosna-i-hercegovina\/item\/146536-bez-odluke-o-privremenom-finansiranju-hiljade-bh-gradjana-nece-primiti-platu\/","name":"Bez odluke o privremenom finansiranju, hiljade bh. gra\u0111ana ne\u0107e primiti platu - TuzlaInfo.ba","isPartOf":{"@id":"https:\/\/tuzlainfo.ba\/#website"},"primaryImageOfPage":{"@id":"https:\/\/tuzlainfo.ba\/index.php\/bosna-i-hercegovina\/item\/146536-bez-odluke-o-privremenom-finansiranju-hiljade-bh-gradjana-nece-primiti-platu\/#primaryimage"},"image":{"@id":"https:\/\/tuzlainfo.ba\/index.php\/bosna-i-hercegovina\/item\/146536-bez-odluke-o-privremenom-finansiranju-hiljade-bh-gradjana-nece-primiti-platu\/#primaryimage"},"thumbnailUrl":"https:\/\/tuzlainfo.ba\/wp-content\/uploads\/2021\/07\/2707_parlament-bih.jpg","datePublished":"2021-09-01T12:45:54+00:00","dateModified":"2021-09-01T16:54:58+00:00","breadcrumb":{"@id":"https:\/\/tuzlainfo.ba\/index.php\/bosna-i-hercegovina\/item\/146536-bez-odluke-o-privremenom-finansiranju-hiljade-bh-gradjana-nece-primiti-platu\/#breadcrumb"},"inLanguage":"bs-BA","potentialAction":[{"@type":"ReadAction","target":["https:\/\/tuzlainfo.ba\/index.php\/bosna-i-hercegovina\/item\/146536-bez-odluke-o-privremenom-finansiranju-hiljade-bh-gradjana-nece-primiti-platu\/"]}]},{"@type":"ImageObject","inLanguage":"bs-BA","@id":"https:\/\/tuzlainfo.ba\/index.php\/bosna-i-hercegovina\/item\/146536-bez-odluke-o-privremenom-finansiranju-hiljade-bh-gradjana-nece-primiti-platu\/#primaryimage","url":"https:\/\/tuzlainfo.ba\/wp-content\/uploads\/2021\/07\/2707_parlament-bih.jpg","contentUrl":"https:\/\/tuzlainfo.ba\/wp-content\/uploads\/2021\/07\/2707_parlament-bih.jpg","width":800,"height":533},{"@type":"BreadcrumbList","@id":"https:\/\/tuzlainfo.ba\/index.php\/bosna-i-hercegovina\/item\/146536-bez-odluke-o-privremenom-finansiranju-hiljade-bh-gradjana-nece-primiti-platu\/#breadcrumb","itemListElement":[{"@type":"ListItem","position":1,"name":"Home","item":"https:\/\/tuzlainfo.ba\/"},{"@type":"ListItem","position":2,"name":"Bez odluke o privremenom finansiranju, hiljade bh. gra\u0111ana ne\u0107e primiti platu"}]},{"@type":"WebSite","@id":"https:\/\/tuzlainfo.ba\/#website","url":"https:\/\/tuzlainfo.ba\/","name":"TuzlaInfo.ba","description":"Tuzla info, gradski informator - Tuzla na dlanu","publisher":{"@id":"https:\/\/tuzlainfo.ba\/#organization"},"potentialAction":[{"@type":"SearchAction","target":{"@type":"EntryPoint","urlTemplate":"https:\/\/tuzlainfo.ba\/?s={search_term_string}"},"query-input":{"@type":"PropertyValueSpecification","valueRequired":true,"valueName":"search_term_string"}}],"inLanguage":"bs-BA"},{"@type":"Organization","@id":"https:\/\/tuzlainfo.ba\/#organization","name":"TuzlaInfo.ba","url":"https:\/\/tuzlainfo.ba\/","logo":{"@type":"ImageObject","inLanguage":"bs-BA","@id":"https:\/\/tuzlainfo.ba\/#\/schema\/logo\/image\/","url":"https:\/\/tuzlainfo.ba\/wp-content\/uploads\/2021\/03\/logo-ver-3-1.png","contentUrl":"https:\/\/tuzlainfo.ba\/wp-content\/uploads\/2021\/03\/logo-ver-3-1.png","width":350,"height":95,"caption":"TuzlaInfo.ba"},"image":{"@id":"https:\/\/tuzlainfo.ba\/#\/schema\/logo\/image\/"},"sameAs":["https:\/\/www.facebook.com\/tuzlainfo.ba\/"]},{"@type":"Person","@id":"https:\/\/tuzlainfo.ba\/#\/schema\/person\/46cad4c57790cbc50781edd14870825a","name":"Tuzla Info","image":{"@type":"ImageObject","inLanguage":"bs-BA","@id":"https:\/\/tuzlainfo.ba\/#\/schema\/person\/image\/","url":"https:\/\/tuzlainfo.ba\/wp-content\/litespeed\/avatar\/b6c453a6c38e3654f2e4416c643fc25c.jpg?ver=1777656712","contentUrl":"https:\/\/tuzlainfo.ba\/wp-content\/litespeed\/avatar\/b6c453a6c38e3654f2e4416c643fc25c.jpg?ver=1777656712","caption":"Tuzla Info"}}]}},"_links":{"self":[{"href":"https:\/\/tuzlainfo.ba\/index.php\/wp-json\/wp\/v2\/posts\/146536"}],"collection":[{"href":"https:\/\/tuzlainfo.ba\/index.php\/wp-json\/wp\/v2\/posts"}],"about":[{"href":"https:\/\/tuzlainfo.ba\/index.php\/wp-json\/wp\/v2\/types\/post"}],"author":[{"embeddable":true,"href":"https:\/\/tuzlainfo.ba\/index.php\/wp-json\/wp\/v2\/users\/4"}],"replies":[{"embeddable":true,"href":"https:\/\/tuzlainfo.ba\/index.php\/wp-json\/wp\/v2\/comments?post=146536"}],"version-history":[{"count":0,"href":"https:\/\/tuzlainfo.ba\/index.php\/wp-json\/wp\/v2\/posts\/146536\/revisions"}],"wp:featuredmedia":[{"embeddable":true,"href":"https:\/\/tuzlainfo.ba\/index.php\/wp-json\/wp\/v2\/media\/143106"}],"wp:attachment":[{"href":"https:\/\/tuzlainfo.ba\/index.php\/wp-json\/wp\/v2\/media?parent=146536"}],"wp:term":[{"taxonomy":"category","embeddable":true,"href":"https:\/\/tuzlainfo.ba\/index.php\/wp-json\/wp\/v2\/categories?post=146536"},{"taxonomy":"post_tag","embeddable":true,"href":"https:\/\/tuzlainfo.ba\/index.php\/wp-json\/wp\/v2\/tags?post=146536"}],"curies":[{"name":"wp","href":"https:\/\/api.w.org\/{rel}","templated":true}]}}